{"id":13055,"date":"2019-05-27T15:19:27","date_gmt":"2019-05-27T20:19:27","guid":{"rendered":"http:\/\/www.manabi.gob.ec\/?p=13055"},"modified":"2019-05-27T15:19:27","modified_gmt":"2019-05-27T20:19:27","slug":"vengo-arrimar-el-hombro-para-impulsar-el-desarrollo-de-nuestra-provincia-prefecto","status":"publish","type":"post","link":"https:\/\/www.manabi.gob.ec\/index.php\/vengo-arrimar-el-hombro-para-impulsar-el-desarrollo-de-nuestra-provincia-prefecto\/","title":{"rendered":"\u201cVENGO ARRIMAR EL HOMBRO  PARA IMPULSAR EL DESARROLLO DE NUESTRA PROVINCIA\u201d: PREFECTO"},"content":{"rendered":"<p style=\"font-weight: 400;\">\u201cEste es nuestro primer d\u00eda de\u00a0\u00a0trabajo en esta noble\u00a0\u00a0instituci\u00f3n, donde ser\u00e9 un compa\u00f1ero m\u00e1s de ustedes. Vengo arrimar el hombro\u00a0\u00a0para impulsar\u00a0\u00a0desarrollo de nuestra provincia\u201d, dijo el Prefecto de Manab\u00ed\u00a0\u00a0Leonardo Orlando, en su\u00a0\u00a0primer d\u00eda de gesti\u00f3n\u00a0\u00a0y\u00a0\u00a0la primera reuni\u00f3n con los funcionarios del GAD-Manab\u00ed.<\/p>\n<p style=\"font-weight: 400;\">No eran las 8h00 del mi\u00e9rcoles 15 de mayo,\u00a0\u00a0cuando el prefecto lleg\u00f3 al Gobierno Provincial de Manab\u00ed,\u00a0\u00a0donde fue\u00a0\u00a0recibido por los funcionarios\u00a0\u00a0de la entidad con quienes posteriormente se reuni\u00f3 y les dio un mensaje\u00a0de optimismo, a la vez que los invit\u00f3 a\u00a0\u00a0unirse a este proyecto de trabajo, que dijo,\u00a0\u00a0tiene como visi\u00f3n\u00a0\u00a0dar nuevas oportunidades para los manabitas.\u00a0\u00a0\u201cLes invito a ser parte de esta nueva \u00e9poca\u201d, expres\u00f3 la autoridad provincial.<\/p>\n<p style=\"font-weight: 400;\">Dijo que llega con el compromiso e inter\u00e9s de\u00a0\u00a0servir a la provincia\u00a0\u00a0y que su visi\u00f3n es trabajar con equidad, igualdad\u00a0\u00a0y justicia para los manabitas, y\u00a0\u00a0destac\u00f3 que los funcionarios\u00a0\u00a0del Gobierno Provincial son parte importante de esta estructura de servicio provincial.\u00a0\u00a0\u201cVamos a trabajar por una sociedad\u00a0\u00a0m\u00e1s equitativa, m\u00e1s justa, m\u00e1s digna\u00a0\u00a0y con mayores oportunidades para todos\u201d, dijo.<\/p>\n<p style=\"font-weight: 400;\">Tambi\u00e9n habl\u00f3 de elevar el nivel y calidad de servicio de la entidad provincial, para lo cual dijo\u00a0\u00a0dar\u00e1n las herramientas que se necesitan y\u00a0\u00a0fortalecer\u00e1 en los funcionarios el\u00a0\u00a0dominio tecnol\u00f3gico, mediante capacitaciones para hacer m\u00e1s eficiente servicio a favor de\u00a0\u00a0los manabitas,\u00a0\u00a0\u201cvamos hacer\u00a0\u00a0del Gobierno Provincial de Manab\u00ed\u00a0\u00a0un referente nacional\u00a0\u00a0de trabajo, de servicio\u00a0\u00a0eficiente con\u00a0\u00a0equidad\u00a0\u00a0e igualdad \u201d.<\/p>\n<p style=\"font-weight: 400;\">Hizo una breve presentaci\u00f3n de su carrera profesional,\u00a0\u00a0de la cual\u00a0\u00a0m\u00e1s de 17 a\u00f1os han sido en el Servicio de Rentas Internas, manifest\u00f3 el Prefecto, y que todo lo que ha logrado es producto de sus a\u00f1os de trabajo.\u00a0\u201cTengo mis manos limpias, voy con mi frene en alto, porque\u00a0\u00a0todo lo que tengo es producto de mi trabajo\u201d dijo el Prefecto de Manab\u00ed,\u00a0\u00a0\u00a0en tono sencillo y\u00a0\u00a0amigable.<\/p>\n<p><img loading=\"lazy\" decoding=\"async\" class=\"alignnone size-large wp-image-13058\" src=\"http:\/\/www.manabi.gob.ec\/images2010\/2019\/05\/Orlando-4-1024x682.jpeg\" alt=\"\" width=\"1024\" height=\"682\" \/>\u00a0<img loading=\"lazy\" decoding=\"async\" class=\"alignnone size-large wp-image-13057\" src=\"http:\/\/www.manabi.gob.ec\/images2010\/2019\/05\/Orlando-2-1024x682.jpeg\" alt=\"\" width=\"1024\" height=\"682\" \/><\/p>\n","protected":false},"excerpt":{"rendered":"<p>\u201cEste es nuestro primer d\u00eda de\u00a0\u00a0trabajo en esta noble\u00a0\u00a0instituci\u00f3n, donde ser\u00e9 un compa\u00f1ero m\u00e1s de ustedes. Vengo arrimar el hombro\u00a0\u00a0para impulsar\u00a0\u00a0desarrollo de nuestra provincia\u201d, dijo el Prefecto de Manab\u00ed\u00a0\u00a0Leonardo Orlando, en su\u00a0\u00a0primer d\u00eda de gesti\u00f3n\u00a0\u00a0y\u00a0\u00a0la primera reuni\u00f3n con los funcionarios del GAD-Manab\u00ed. No eran las 8h00 del mi\u00e9rcoles 15 de mayo,\u00a0\u00a0cuando el prefecto lleg\u00f3 al [&hellip;]<\/p>\n","protected":false},"author":1,"featured_media":13059,"comment_status":"open","ping_status":"open","sticky":false,"template":"","format":"standard","meta":{"_joinchat":[],"footnotes":""},"categories":[92,91],"tags":[],"class_list":["post-13055","post","type-post","status-publish","format-standard","has-post-thumbnail","hentry","category-noticias-manabi","category-todas"],"yoast_head":"<!-- This site is optimized with the Yoast SEO plugin v27.4 - https:\/\/yoast.com\/product\/yoast-seo-wordpress\/ -->\n<title>\u201cVENGO ARRIMAR EL HOMBRO PARA IMPULSAR EL DESARROLLO DE NUESTRA PROVINCIA\u201d: PREFECTO - Prefectura de Manab\u00ed<\/title>\n<meta name=\"robots\" content=\"index, follow, max-snippet:-1, max-image-preview:large, max-video-preview:-1\" \/>\n<link rel=\"canonical\" href=\"https:\/\/www.manabi.gob.ec\/index.php\/vengo-arrimar-el-hombro-para-impulsar-el-desarrollo-de-nuestra-provincia-prefecto\/\" \/>\n<meta property=\"og:locale\" content=\"es_ES\" \/>\n<meta property=\"og:type\" content=\"article\" \/>\n<meta property=\"og:title\" content=\"\u201cVENGO ARRIMAR EL HOMBRO PARA IMPULSAR EL DESARROLLO DE NUESTRA PROVINCIA\u201d: PREFECTO - Prefectura de Manab\u00ed\" \/>\n<meta property=\"og:description\" content=\"\u201cEste es nuestro primer d\u00eda de\u00a0\u00a0trabajo en esta noble\u00a0\u00a0instituci\u00f3n, donde ser\u00e9 un compa\u00f1ero m\u00e1s de ustedes. Vengo arrimar el hombro\u00a0\u00a0para impulsar\u00a0\u00a0desarrollo de nuestra provincia\u201d, dijo el Prefecto de Manab\u00ed\u00a0\u00a0Leonardo Orlando, en su\u00a0\u00a0primer d\u00eda de gesti\u00f3n\u00a0\u00a0y\u00a0\u00a0la primera reuni\u00f3n con los funcionarios del GAD-Manab\u00ed. No eran las 8h00 del mi\u00e9rcoles 15 de mayo,\u00a0\u00a0cuando el prefecto lleg\u00f3 al [&hellip;]\" \/>\n<meta property=\"og:url\" content=\"https:\/\/www.manabi.gob.ec\/index.php\/vengo-arrimar-el-hombro-para-impulsar-el-desarrollo-de-nuestra-provincia-prefecto\/\" \/>\n<meta property=\"og:site_name\" content=\"Prefectura de Manab\u00ed\" \/>\n<meta property=\"article:published_time\" content=\"2019-05-27T20:19:27+00:00\" \/>\n<meta name=\"author\" content=\"admin\" \/>\n<meta name=\"twitter:card\" content=\"summary_large_image\" \/>\n<meta name=\"twitter:label1\" content=\"Escrito por\" \/>\n\t<meta name=\"twitter:data1\" content=\"admin\" \/>\n\t<meta name=\"twitter:label2\" content=\"Tiempo de lectura\" \/>\n\t<meta name=\"twitter:data2\" content=\"2 minutos\" \/>\n<script type=\"application\/ld+json\" class=\"yoast-schema-graph\">{\"@context\":\"https:\\\/\\\/schema.org\",\"@graph\":[{\"@type\":\"Article\",\"@id\":\"https:\\\/\\\/www.manabi.gob.ec\\\/index.php\\\/vengo-arrimar-el-hombro-para-impulsar-el-desarrollo-de-nuestra-provincia-prefecto\\\/#article\",\"isPartOf\":{\"@id\":\"https:\\\/\\\/www.manabi.gob.ec\\\/index.php\\\/vengo-arrimar-el-hombro-para-impulsar-el-desarrollo-de-nuestra-provincia-prefecto\\\/\"},\"author\":{\"name\":\"admin\",\"@id\":\"https:\\\/\\\/www.manabi.gob.ec\\\/#\\\/schema\\\/person\\\/cfc71bd68fe2703b779edcc292a49722\"},\"headline\":\"\u201cVENGO ARRIMAR EL HOMBRO PARA IMPULSAR EL DESARROLLO DE NUESTRA PROVINCIA\u201d: PREFECTO\",\"datePublished\":\"2019-05-27T20:19:27+00:00\",\"mainEntityOfPage\":{\"@id\":\"https:\\\/\\\/www.manabi.gob.ec\\\/index.php\\\/vengo-arrimar-el-hombro-para-impulsar-el-desarrollo-de-nuestra-provincia-prefecto\\\/\"},\"wordCount\":354,\"commentCount\":0,\"image\":{\"@id\":\"https:\\\/\\\/www.manabi.gob.ec\\\/index.php\\\/vengo-arrimar-el-hombro-para-impulsar-el-desarrollo-de-nuestra-provincia-prefecto\\\/#primaryimage\"},\"thumbnailUrl\":\"\",\"articleSection\":[\"Noticias\",\"Todas\"],\"inLanguage\":\"es\",\"potentialAction\":[{\"@type\":\"CommentAction\",\"name\":\"Comment\",\"target\":[\"https:\\\/\\\/www.manabi.gob.ec\\\/index.php\\\/vengo-arrimar-el-hombro-para-impulsar-el-desarrollo-de-nuestra-provincia-prefecto\\\/#respond\"]}]},{\"@type\":\"WebPage\",\"@id\":\"https:\\\/\\\/www.manabi.gob.ec\\\/index.php\\\/vengo-arrimar-el-hombro-para-impulsar-el-desarrollo-de-nuestra-provincia-prefecto\\\/\",\"url\":\"https:\\\/\\\/www.manabi.gob.ec\\\/index.php\\\/vengo-arrimar-el-hombro-para-impulsar-el-desarrollo-de-nuestra-provincia-prefecto\\\/\",\"name\":\"\u201cVENGO ARRIMAR EL HOMBRO PARA IMPULSAR EL DESARROLLO DE NUESTRA PROVINCIA\u201d: PREFECTO - Prefectura de Manab\u00ed\",\"isPartOf\":{\"@id\":\"https:\\\/\\\/www.manabi.gob.ec\\\/#website\"},\"primaryImageOfPage\":{\"@id\":\"https:\\\/\\\/www.manabi.gob.ec\\\/index.php\\\/vengo-arrimar-el-hombro-para-impulsar-el-desarrollo-de-nuestra-provincia-prefecto\\\/#primaryimage\"},\"image\":{\"@id\":\"https:\\\/\\\/www.manabi.gob.ec\\\/index.php\\\/vengo-arrimar-el-hombro-para-impulsar-el-desarrollo-de-nuestra-provincia-prefecto\\\/#primaryimage\"},\"thumbnailUrl\":\"\",\"datePublished\":\"2019-05-27T20:19:27+00:00\",\"author\":{\"@id\":\"https:\\\/\\\/www.manabi.gob.ec\\\/#\\\/schema\\\/person\\\/cfc71bd68fe2703b779edcc292a49722\"},\"breadcrumb\":{\"@id\":\"https:\\\/\\\/www.manabi.gob.ec\\\/index.php\\\/vengo-arrimar-el-hombro-para-impulsar-el-desarrollo-de-nuestra-provincia-prefecto\\\/#breadcrumb\"},\"inLanguage\":\"es\",\"potentialAction\":[{\"@type\":\"ReadAction\",\"target\":[\"https:\\\/\\\/www.manabi.gob.ec\\\/index.php\\\/vengo-arrimar-el-hombro-para-impulsar-el-desarrollo-de-nuestra-provincia-prefecto\\\/\"]}]},{\"@type\":\"ImageObject\",\"inLanguage\":\"es\",\"@id\":\"https:\\\/\\\/www.manabi.gob.ec\\\/index.php\\\/vengo-arrimar-el-hombro-para-impulsar-el-desarrollo-de-nuestra-provincia-prefecto\\\/#primaryimage\",\"url\":\"\",\"contentUrl\":\"\"},{\"@type\":\"BreadcrumbList\",\"@id\":\"https:\\\/\\\/www.manabi.gob.ec\\\/index.php\\\/vengo-arrimar-el-hombro-para-impulsar-el-desarrollo-de-nuestra-provincia-prefecto\\\/#breadcrumb\",\"itemListElement\":[{\"@type\":\"ListItem\",\"position\":1,\"name\":\"Portada\",\"item\":\"https:\\\/\\\/www.manabi.gob.ec\\\/\"},{\"@type\":\"ListItem\",\"position\":2,\"name\":\"\u201cVENGO ARRIMAR EL HOMBRO PARA IMPULSAR EL DESARROLLO DE NUESTRA PROVINCIA\u201d: PREFECTO\"}]},{\"@type\":\"WebSite\",\"@id\":\"https:\\\/\\\/www.manabi.gob.ec\\\/#website\",\"url\":\"https:\\\/\\\/www.manabi.gob.ec\\\/\",\"name\":\"Prefectura de Manab\u00ed\",\"description\":\"P\u00e1gina web de la prefectura\",\"potentialAction\":[{\"@type\":\"SearchAction\",\"target\":{\"@type\":\"EntryPoint\",\"urlTemplate\":\"https:\\\/\\\/www.manabi.gob.ec\\\/?s={search_term_string}\"},\"query-input\":{\"@type\":\"PropertyValueSpecification\",\"valueRequired\":true,\"valueName\":\"search_term_string\"}}],\"inLanguage\":\"es\"},{\"@type\":\"Person\",\"@id\":\"https:\\\/\\\/www.manabi.gob.ec\\\/#\\\/schema\\\/person\\\/cfc71bd68fe2703b779edcc292a49722\",\"name\":\"admin\",\"image\":{\"@type\":\"ImageObject\",\"inLanguage\":\"es\",\"@id\":\"https:\\\/\\\/secure.gravatar.com\\\/avatar\\\/23e9f919492b0a2f65aa168e0d8c5c867ea853b61deffbadf08c7031e15b8d78?s=96&d=mm&r=g\",\"url\":\"https:\\\/\\\/secure.gravatar.com\\\/avatar\\\/23e9f919492b0a2f65aa168e0d8c5c867ea853b61deffbadf08c7031e15b8d78?s=96&d=mm&r=g\",\"contentUrl\":\"https:\\\/\\\/secure.gravatar.com\\\/avatar\\\/23e9f919492b0a2f65aa168e0d8c5c867ea853b61deffbadf08c7031e15b8d78?s=96&d=mm&r=g\",\"caption\":\"admin\"},\"sameAs\":[\"http:\\\/\\\/www.manabi.gob.ec\"],\"url\":\"https:\\\/\\\/www.manabi.gob.ec\\\/index.php\\\/author\\\/admin\\\/\"}]}<\/script>\n<!-- \/ Yoast SEO plugin. -->","yoast_head_json":{"title":"\u201cVENGO ARRIMAR EL HOMBRO PARA IMPULSAR EL DESARROLLO DE NUESTRA PROVINCIA\u201d: PREFECTO - Prefectura de Manab\u00ed","robots":{"index":"index","follow":"follow","max-snippet":"max-snippet:-1","max-image-preview":"max-image-preview:large","max-video-preview":"max-video-preview:-1"},"canonical":"https:\/\/www.manabi.gob.ec\/index.php\/vengo-arrimar-el-hombro-para-impulsar-el-desarrollo-de-nuestra-provincia-prefecto\/","og_locale":"es_ES","og_type":"article","og_title":"\u201cVENGO ARRIMAR EL HOMBRO PARA IMPULSAR EL DESARROLLO DE NUESTRA PROVINCIA\u201d: PREFECTO - Prefectura de Manab\u00ed","og_description":"\u201cEste es nuestro primer d\u00eda de\u00a0\u00a0trabajo en esta noble\u00a0\u00a0instituci\u00f3n, donde ser\u00e9 un compa\u00f1ero m\u00e1s de ustedes. Vengo arrimar el hombro\u00a0\u00a0para impulsar\u00a0\u00a0desarrollo de nuestra provincia\u201d, dijo el Prefecto de Manab\u00ed\u00a0\u00a0Leonardo Orlando, en su\u00a0\u00a0primer d\u00eda de gesti\u00f3n\u00a0\u00a0y\u00a0\u00a0la primera reuni\u00f3n con los funcionarios del GAD-Manab\u00ed. No eran las 8h00 del mi\u00e9rcoles 15 de mayo,\u00a0\u00a0cuando el prefecto lleg\u00f3 al [&hellip;]","og_url":"https:\/\/www.manabi.gob.ec\/index.php\/vengo-arrimar-el-hombro-para-impulsar-el-desarrollo-de-nuestra-provincia-prefecto\/","og_site_name":"Prefectura de Manab\u00ed","article_published_time":"2019-05-27T20:19:27+00:00","author":"admin","twitter_card":"summary_large_image","twitter_misc":{"Escrito por":"admin","Tiempo de lectura":"2 minutos"},"schema":{"@context":"https:\/\/schema.org","@graph":[{"@type":"Article","@id":"https:\/\/www.manabi.gob.ec\/index.php\/vengo-arrimar-el-hombro-para-impulsar-el-desarrollo-de-nuestra-provincia-prefecto\/#article","isPartOf":{"@id":"https:\/\/www.manabi.gob.ec\/index.php\/vengo-arrimar-el-hombro-para-impulsar-el-desarrollo-de-nuestra-provincia-prefecto\/"},"author":{"name":"admin","@id":"https:\/\/www.manabi.gob.ec\/#\/schema\/person\/cfc71bd68fe2703b779edcc292a49722"},"headline":"\u201cVENGO ARRIMAR EL HOMBRO PARA IMPULSAR EL DESARROLLO DE NUESTRA PROVINCIA\u201d: PREFECTO","datePublished":"2019-05-27T20:19:27+00:00","mainEntityOfPage":{"@id":"https:\/\/www.manabi.gob.ec\/index.php\/vengo-arrimar-el-hombro-para-impulsar-el-desarrollo-de-nuestra-provincia-prefecto\/"},"wordCount":354,"commentCount":0,"image":{"@id":"https:\/\/www.manabi.gob.ec\/index.php\/vengo-arrimar-el-hombro-para-impulsar-el-desarrollo-de-nuestra-provincia-prefecto\/#primaryimage"},"thumbnailUrl":"","articleSection":["Noticias","Todas"],"inLanguage":"es","potentialAction":[{"@type":"CommentAction","name":"Comment","target":["https:\/\/www.manabi.gob.ec\/index.php\/vengo-arrimar-el-hombro-para-impulsar-el-desarrollo-de-nuestra-provincia-prefecto\/#respond"]}]},{"@type":"WebPage","@id":"https:\/\/www.manabi.gob.ec\/index.php\/vengo-arrimar-el-hombro-para-impulsar-el-desarrollo-de-nuestra-provincia-prefecto\/","url":"https:\/\/www.manabi.gob.ec\/index.php\/vengo-arrimar-el-hombro-para-impulsar-el-desarrollo-de-nuestra-provincia-prefecto\/","name":"\u201cVENGO ARRIMAR EL HOMBRO PARA IMPULSAR EL DESARROLLO DE NUESTRA PROVINCIA\u201d: PREFECTO - Prefectura de Manab\u00ed","isPartOf":{"@id":"https:\/\/www.manabi.gob.ec\/#website"},"primaryImageOfPage":{"@id":"https:\/\/www.manabi.gob.ec\/index.php\/vengo-arrimar-el-hombro-para-impulsar-el-desarrollo-de-nuestra-provincia-prefecto\/#primaryimage"},"image":{"@id":"https:\/\/www.manabi.gob.ec\/index.php\/vengo-arrimar-el-hombro-para-impulsar-el-desarrollo-de-nuestra-provincia-prefecto\/#primaryimage"},"thumbnailUrl":"","datePublished":"2019-05-27T20:19:27+00:00","author":{"@id":"https:\/\/www.manabi.gob.ec\/#\/schema\/person\/cfc71bd68fe2703b779edcc292a49722"},"breadcrumb":{"@id":"https:\/\/www.manabi.gob.ec\/index.php\/vengo-arrimar-el-hombro-para-impulsar-el-desarrollo-de-nuestra-provincia-prefecto\/#breadcrumb"},"inLanguage":"es","potentialAction":[{"@type":"ReadAction","target":["https:\/\/www.manabi.gob.ec\/index.php\/vengo-arrimar-el-hombro-para-impulsar-el-desarrollo-de-nuestra-provincia-prefecto\/"]}]},{"@type":"ImageObject","inLanguage":"es","@id":"https:\/\/www.manabi.gob.ec\/index.php\/vengo-arrimar-el-hombro-para-impulsar-el-desarrollo-de-nuestra-provincia-prefecto\/#primaryimage","url":"","contentUrl":""},{"@type":"BreadcrumbList","@id":"https:\/\/www.manabi.gob.ec\/index.php\/vengo-arrimar-el-hombro-para-impulsar-el-desarrollo-de-nuestra-provincia-prefecto\/#breadcrumb","itemListElement":[{"@type":"ListItem","position":1,"name":"Portada","item":"https:\/\/www.manabi.gob.ec\/"},{"@type":"ListItem","position":2,"name":"\u201cVENGO ARRIMAR EL HOMBRO PARA IMPULSAR EL DESARROLLO DE NUESTRA PROVINCIA\u201d: PREFECTO"}]},{"@type":"WebSite","@id":"https:\/\/www.manabi.gob.ec\/#website","url":"https:\/\/www.manabi.gob.ec\/","name":"Prefectura de Manab\u00ed","description":"P\u00e1gina web de la prefectura","potentialAction":[{"@type":"SearchAction","target":{"@type":"EntryPoint","urlTemplate":"https:\/\/www.manabi.gob.ec\/?s={search_term_string}"},"query-input":{"@type":"PropertyValueSpecification","valueRequired":true,"valueName":"search_term_string"}}],"inLanguage":"es"},{"@type":"Person","@id":"https:\/\/www.manabi.gob.ec\/#\/schema\/person\/cfc71bd68fe2703b779edcc292a49722","name":"admin","image":{"@type":"ImageObject","inLanguage":"es","@id":"https:\/\/secure.gravatar.com\/avatar\/23e9f919492b0a2f65aa168e0d8c5c867ea853b61deffbadf08c7031e15b8d78?s=96&d=mm&r=g","url":"https:\/\/secure.gravatar.com\/avatar\/23e9f919492b0a2f65aa168e0d8c5c867ea853b61deffbadf08c7031e15b8d78?s=96&d=mm&r=g","contentUrl":"https:\/\/secure.gravatar.com\/avatar\/23e9f919492b0a2f65aa168e0d8c5c867ea853b61deffbadf08c7031e15b8d78?s=96&d=mm&r=g","caption":"admin"},"sameAs":["http:\/\/www.manabi.gob.ec"],"url":"https:\/\/www.manabi.gob.ec\/index.php\/author\/admin\/"}]}},"jetpack_featured_media_url":"","_links":{"self":[{"href":"https:\/\/www.manabi.gob.ec\/index.php\/wp-json\/wp\/v2\/posts\/13055","targetHints":{"allow":["GET"]}}],"collection":[{"href":"https:\/\/www.manabi.gob.ec\/index.php\/wp-json\/wp\/v2\/posts"}],"about":[{"href":"https:\/\/www.manabi.gob.ec\/index.php\/wp-json\/wp\/v2\/types\/post"}],"author":[{"embeddable":true,"href":"https:\/\/www.manabi.gob.ec\/index.php\/wp-json\/wp\/v2\/users\/1"}],"replies":[{"embeddable":true,"href":"https:\/\/www.manabi.gob.ec\/index.php\/wp-json\/wp\/v2\/comments?post=13055"}],"version-history":[{"count":0,"href":"https:\/\/www.manabi.gob.ec\/index.php\/wp-json\/wp\/v2\/posts\/13055\/revisions"}],"wp:featuredmedia":[{"embeddable":true,"href":"https:\/\/www.manabi.gob.ec\/index.php\/wp-json\/"}],"wp:attachment":[{"href":"https:\/\/www.manabi.gob.ec\/index.php\/wp-json\/wp\/v2\/media?parent=13055"}],"wp:term":[{"taxonomy":"category","embeddable":true,"href":"https:\/\/www.manabi.gob.ec\/index.php\/wp-json\/wp\/v2\/categories?post=13055"},{"taxonomy":"post_tag","embeddable":true,"href":"https:\/\/www.manabi.gob.ec\/index.php\/wp-json\/wp\/v2\/tags?post=13055"}],"curies":[{"name":"wp","href":"https:\/\/api.w.org\/{rel}","templated":true}]}}