{"id":13065,"date":"2019-05-27T15:55:55","date_gmt":"2019-05-27T20:55:55","guid":{"rendered":"http:\/\/www.manabi.gob.ec\/?p=13065"},"modified":"2019-05-27T15:55:55","modified_gmt":"2019-05-27T20:55:55","slug":"viceprefecta-kelly-en-su-primer-dia-de-labores","status":"publish","type":"post","link":"https:\/\/www.manabi.gob.ec\/index.php\/viceprefecta-kelly-en-su-primer-dia-de-labores\/","title":{"rendered":"VICEPREFECTA KELLY EN SU PRIMER D\u00cdA DE LABORES"},"content":{"rendered":"<p>Con mensajes de paz y unidad, la viceprefecta de Manab\u00ed, Kelly Buenaventura, recorri\u00f3 el\u00a0 Gobierno Provincial, Provincial y salud\u00f3 con cada uno de los funcionarios que integran las diferentes direcciones de la instituci\u00f3n.<br \/>\n&nbsp;<br \/>\nLa viceprefecta, durante su recorrido,\u00a0 estuvo\u00a0 acompa\u00f1ada de su equipo de trabajo y amigos. L luego asumi\u00f3 su despacho donde dio declaraciones a la prensa,\u00a0 a quienes dijo\u00a0 que junto al Prefecto\u00a0 trabajar\u00e1n por darle mejores d\u00edas a la provincia.<br \/>\n&nbsp;<br \/>\n\u00abOrlando y Kelly no pueden hacerlo solos, necesitamos la colaboraci\u00f3n de todos ustedes porque son la columna vertebral de esta noble instituci\u00f3n\u00bb, expres\u00f3 la Viceprefecta a los funcionarios del\u00a0 GAD-Manab\u00ed.<br \/>\n&nbsp;<br \/>\nHoras m\u00e1s tarde, la Viceprefecta se reuni\u00f3 con su equipo de trabajo para delinear sus primeras acciones,\u00a0 las mismas que ir\u00e1n enfocadas hacia el \u00e1rea social.<br \/>\n&nbsp;<br \/>\n\u00abMe identific\u00f3 con el trabajo de generar bienestar a los manabitas me comprometo en servirles a cada uno de ustedes y entregar lo mejor de m\u00ed\u00bb, expres\u00f3 la viceprefecta.<br \/>\n&nbsp;<\/p>\n","protected":false},"excerpt":{"rendered":"<p>Con mensajes de paz y unidad, la viceprefecta de Manab\u00ed, Kelly Buenaventura, recorri\u00f3 el\u00a0 Gobierno Provincial, Provincial y salud\u00f3 con cada uno de los funcionarios que integran las diferentes direcciones de la instituci\u00f3n. &nbsp; La viceprefecta, durante su recorrido,\u00a0 estuvo\u00a0 acompa\u00f1ada de su equipo de trabajo y amigos. L luego asumi\u00f3 su despacho donde dio [&hellip;]<\/p>\n","protected":false},"author":1,"featured_media":13066,"comment_status":"open","ping_status":"open","sticky":false,"template":"","format":"standard","meta":{"_joinchat":[],"footnotes":""},"categories":[92,91],"tags":[],"class_list":["post-13065","post","type-post","status-publish","format-standard","has-post-thumbnail","hentry","category-noticias-manabi","category-todas"],"yoast_head":"<!-- This site is optimized with the Yoast SEO plugin v27.4 - https:\/\/yoast.com\/product\/yoast-seo-wordpress\/ -->\n<title>VICEPREFECTA KELLY EN SU PRIMER D\u00cdA DE LABORES - Prefectura de Manab\u00ed<\/title>\n<meta name=\"robots\" content=\"index, follow, max-snippet:-1, max-image-preview:large, max-video-preview:-1\" \/>\n<link rel=\"canonical\" href=\"https:\/\/www.manabi.gob.ec\/index.php\/viceprefecta-kelly-en-su-primer-dia-de-labores\/\" \/>\n<meta property=\"og:locale\" content=\"es_ES\" \/>\n<meta property=\"og:type\" content=\"article\" \/>\n<meta property=\"og:title\" content=\"VICEPREFECTA KELLY EN SU PRIMER D\u00cdA DE LABORES - Prefectura de Manab\u00ed\" \/>\n<meta property=\"og:description\" content=\"Con mensajes de paz y unidad, la viceprefecta de Manab\u00ed, Kelly Buenaventura, recorri\u00f3 el\u00a0 Gobierno Provincial, Provincial y salud\u00f3 con cada uno de los funcionarios que integran las diferentes direcciones de la instituci\u00f3n. &nbsp; La viceprefecta, durante su recorrido,\u00a0 estuvo\u00a0 acompa\u00f1ada de su equipo de trabajo y amigos. L luego asumi\u00f3 su despacho donde dio [&hellip;]\" \/>\n<meta property=\"og:url\" content=\"https:\/\/www.manabi.gob.ec\/index.php\/viceprefecta-kelly-en-su-primer-dia-de-labores\/\" \/>\n<meta property=\"og:site_name\" content=\"Prefectura de Manab\u00ed\" \/>\n<meta property=\"article:published_time\" content=\"2019-05-27T20:55:55+00:00\" \/>\n<meta name=\"author\" content=\"admin\" \/>\n<meta name=\"twitter:card\" content=\"summary_large_image\" \/>\n<meta name=\"twitter:label1\" content=\"Escrito por\" \/>\n\t<meta name=\"twitter:data1\" content=\"admin\" \/>\n\t<meta name=\"twitter:label2\" content=\"Tiempo de lectura\" \/>\n\t<meta name=\"twitter:data2\" content=\"1 minuto\" \/>\n<script type=\"application\/ld+json\" class=\"yoast-schema-graph\">{\"@context\":\"https:\\\/\\\/schema.org\",\"@graph\":[{\"@type\":\"Article\",\"@id\":\"https:\\\/\\\/www.manabi.gob.ec\\\/index.php\\\/viceprefecta-kelly-en-su-primer-dia-de-labores\\\/#article\",\"isPartOf\":{\"@id\":\"https:\\\/\\\/www.manabi.gob.ec\\\/index.php\\\/viceprefecta-kelly-en-su-primer-dia-de-labores\\\/\"},\"author\":{\"name\":\"admin\",\"@id\":\"https:\\\/\\\/www.manabi.gob.ec\\\/#\\\/schema\\\/person\\\/cfc71bd68fe2703b779edcc292a49722\"},\"headline\":\"VICEPREFECTA KELLY EN SU PRIMER D\u00cdA DE LABORES\",\"datePublished\":\"2019-05-27T20:55:55+00:00\",\"mainEntityOfPage\":{\"@id\":\"https:\\\/\\\/www.manabi.gob.ec\\\/index.php\\\/viceprefecta-kelly-en-su-primer-dia-de-labores\\\/\"},\"wordCount\":180,\"commentCount\":0,\"image\":{\"@id\":\"https:\\\/\\\/www.manabi.gob.ec\\\/index.php\\\/viceprefecta-kelly-en-su-primer-dia-de-labores\\\/#primaryimage\"},\"thumbnailUrl\":\"\",\"articleSection\":[\"Noticias\",\"Todas\"],\"inLanguage\":\"es\",\"potentialAction\":[{\"@type\":\"CommentAction\",\"name\":\"Comment\",\"target\":[\"https:\\\/\\\/www.manabi.gob.ec\\\/index.php\\\/viceprefecta-kelly-en-su-primer-dia-de-labores\\\/#respond\"]}]},{\"@type\":\"WebPage\",\"@id\":\"https:\\\/\\\/www.manabi.gob.ec\\\/index.php\\\/viceprefecta-kelly-en-su-primer-dia-de-labores\\\/\",\"url\":\"https:\\\/\\\/www.manabi.gob.ec\\\/index.php\\\/viceprefecta-kelly-en-su-primer-dia-de-labores\\\/\",\"name\":\"VICEPREFECTA KELLY EN SU PRIMER D\u00cdA DE LABORES - Prefectura de Manab\u00ed\",\"isPartOf\":{\"@id\":\"https:\\\/\\\/www.manabi.gob.ec\\\/#website\"},\"primaryImageOfPage\":{\"@id\":\"https:\\\/\\\/www.manabi.gob.ec\\\/index.php\\\/viceprefecta-kelly-en-su-primer-dia-de-labores\\\/#primaryimage\"},\"image\":{\"@id\":\"https:\\\/\\\/www.manabi.gob.ec\\\/index.php\\\/viceprefecta-kelly-en-su-primer-dia-de-labores\\\/#primaryimage\"},\"thumbnailUrl\":\"\",\"datePublished\":\"2019-05-27T20:55:55+00:00\",\"author\":{\"@id\":\"https:\\\/\\\/www.manabi.gob.ec\\\/#\\\/schema\\\/person\\\/cfc71bd68fe2703b779edcc292a49722\"},\"breadcrumb\":{\"@id\":\"https:\\\/\\\/www.manabi.gob.ec\\\/index.php\\\/viceprefecta-kelly-en-su-primer-dia-de-labores\\\/#breadcrumb\"},\"inLanguage\":\"es\",\"potentialAction\":[{\"@type\":\"ReadAction\",\"target\":[\"https:\\\/\\\/www.manabi.gob.ec\\\/index.php\\\/viceprefecta-kelly-en-su-primer-dia-de-labores\\\/\"]}]},{\"@type\":\"ImageObject\",\"inLanguage\":\"es\",\"@id\":\"https:\\\/\\\/www.manabi.gob.ec\\\/index.php\\\/viceprefecta-kelly-en-su-primer-dia-de-labores\\\/#primaryimage\",\"url\":\"\",\"contentUrl\":\"\"},{\"@type\":\"BreadcrumbList\",\"@id\":\"https:\\\/\\\/www.manabi.gob.ec\\\/index.php\\\/viceprefecta-kelly-en-su-primer-dia-de-labores\\\/#breadcrumb\",\"itemListElement\":[{\"@type\":\"ListItem\",\"position\":1,\"name\":\"Portada\",\"item\":\"https:\\\/\\\/www.manabi.gob.ec\\\/\"},{\"@type\":\"ListItem\",\"position\":2,\"name\":\"VICEPREFECTA KELLY EN SU PRIMER D\u00cdA DE LABORES\"}]},{\"@type\":\"WebSite\",\"@id\":\"https:\\\/\\\/www.manabi.gob.ec\\\/#website\",\"url\":\"https:\\\/\\\/www.manabi.gob.ec\\\/\",\"name\":\"Prefectura de Manab\u00ed\",\"description\":\"P\u00e1gina web de la prefectura\",\"potentialAction\":[{\"@type\":\"SearchAction\",\"target\":{\"@type\":\"EntryPoint\",\"urlTemplate\":\"https:\\\/\\\/www.manabi.gob.ec\\\/?s={search_term_string}\"},\"query-input\":{\"@type\":\"PropertyValueSpecification\",\"valueRequired\":true,\"valueName\":\"search_term_string\"}}],\"inLanguage\":\"es\"},{\"@type\":\"Person\",\"@id\":\"https:\\\/\\\/www.manabi.gob.ec\\\/#\\\/schema\\\/person\\\/cfc71bd68fe2703b779edcc292a49722\",\"name\":\"admin\",\"image\":{\"@type\":\"ImageObject\",\"inLanguage\":\"es\",\"@id\":\"https:\\\/\\\/secure.gravatar.com\\\/avatar\\\/23e9f919492b0a2f65aa168e0d8c5c867ea853b61deffbadf08c7031e15b8d78?s=96&d=mm&r=g\",\"url\":\"https:\\\/\\\/secure.gravatar.com\\\/avatar\\\/23e9f919492b0a2f65aa168e0d8c5c867ea853b61deffbadf08c7031e15b8d78?s=96&d=mm&r=g\",\"contentUrl\":\"https:\\\/\\\/secure.gravatar.com\\\/avatar\\\/23e9f919492b0a2f65aa168e0d8c5c867ea853b61deffbadf08c7031e15b8d78?s=96&d=mm&r=g\",\"caption\":\"admin\"},\"sameAs\":[\"http:\\\/\\\/www.manabi.gob.ec\"],\"url\":\"https:\\\/\\\/www.manabi.gob.ec\\\/index.php\\\/author\\\/admin\\\/\"}]}<\/script>\n<!-- \/ Yoast SEO plugin. -->","yoast_head_json":{"title":"VICEPREFECTA KELLY EN SU PRIMER D\u00cdA DE LABORES - Prefectura de Manab\u00ed","robots":{"index":"index","follow":"follow","max-snippet":"max-snippet:-1","max-image-preview":"max-image-preview:large","max-video-preview":"max-video-preview:-1"},"canonical":"https:\/\/www.manabi.gob.ec\/index.php\/viceprefecta-kelly-en-su-primer-dia-de-labores\/","og_locale":"es_ES","og_type":"article","og_title":"VICEPREFECTA KELLY EN SU PRIMER D\u00cdA DE LABORES - Prefectura de Manab\u00ed","og_description":"Con mensajes de paz y unidad, la viceprefecta de Manab\u00ed, Kelly Buenaventura, recorri\u00f3 el\u00a0 Gobierno Provincial, Provincial y salud\u00f3 con cada uno de los funcionarios que integran las diferentes direcciones de la instituci\u00f3n. &nbsp; La viceprefecta, durante su recorrido,\u00a0 estuvo\u00a0 acompa\u00f1ada de su equipo de trabajo y amigos. L luego asumi\u00f3 su despacho donde dio [&hellip;]","og_url":"https:\/\/www.manabi.gob.ec\/index.php\/viceprefecta-kelly-en-su-primer-dia-de-labores\/","og_site_name":"Prefectura de Manab\u00ed","article_published_time":"2019-05-27T20:55:55+00:00","author":"admin","twitter_card":"summary_large_image","twitter_misc":{"Escrito por":"admin","Tiempo de lectura":"1 minuto"},"schema":{"@context":"https:\/\/schema.org","@graph":[{"@type":"Article","@id":"https:\/\/www.manabi.gob.ec\/index.php\/viceprefecta-kelly-en-su-primer-dia-de-labores\/#article","isPartOf":{"@id":"https:\/\/www.manabi.gob.ec\/index.php\/viceprefecta-kelly-en-su-primer-dia-de-labores\/"},"author":{"name":"admin","@id":"https:\/\/www.manabi.gob.ec\/#\/schema\/person\/cfc71bd68fe2703b779edcc292a49722"},"headline":"VICEPREFECTA KELLY EN SU PRIMER D\u00cdA DE LABORES","datePublished":"2019-05-27T20:55:55+00:00","mainEntityOfPage":{"@id":"https:\/\/www.manabi.gob.ec\/index.php\/viceprefecta-kelly-en-su-primer-dia-de-labores\/"},"wordCount":180,"commentCount":0,"image":{"@id":"https:\/\/www.manabi.gob.ec\/index.php\/viceprefecta-kelly-en-su-primer-dia-de-labores\/#primaryimage"},"thumbnailUrl":"","articleSection":["Noticias","Todas"],"inLanguage":"es","potentialAction":[{"@type":"CommentAction","name":"Comment","target":["https:\/\/www.manabi.gob.ec\/index.php\/viceprefecta-kelly-en-su-primer-dia-de-labores\/#respond"]}]},{"@type":"WebPage","@id":"https:\/\/www.manabi.gob.ec\/index.php\/viceprefecta-kelly-en-su-primer-dia-de-labores\/","url":"https:\/\/www.manabi.gob.ec\/index.php\/viceprefecta-kelly-en-su-primer-dia-de-labores\/","name":"VICEPREFECTA KELLY EN SU PRIMER D\u00cdA DE LABORES - Prefectura de Manab\u00ed","isPartOf":{"@id":"https:\/\/www.manabi.gob.ec\/#website"},"primaryImageOfPage":{"@id":"https:\/\/www.manabi.gob.ec\/index.php\/viceprefecta-kelly-en-su-primer-dia-de-labores\/#primaryimage"},"image":{"@id":"https:\/\/www.manabi.gob.ec\/index.php\/viceprefecta-kelly-en-su-primer-dia-de-labores\/#primaryimage"},"thumbnailUrl":"","datePublished":"2019-05-27T20:55:55+00:00","author":{"@id":"https:\/\/www.manabi.gob.ec\/#\/schema\/person\/cfc71bd68fe2703b779edcc292a49722"},"breadcrumb":{"@id":"https:\/\/www.manabi.gob.ec\/index.php\/viceprefecta-kelly-en-su-primer-dia-de-labores\/#breadcrumb"},"inLanguage":"es","potentialAction":[{"@type":"ReadAction","target":["https:\/\/www.manabi.gob.ec\/index.php\/viceprefecta-kelly-en-su-primer-dia-de-labores\/"]}]},{"@type":"ImageObject","inLanguage":"es","@id":"https:\/\/www.manabi.gob.ec\/index.php\/viceprefecta-kelly-en-su-primer-dia-de-labores\/#primaryimage","url":"","contentUrl":""},{"@type":"BreadcrumbList","@id":"https:\/\/www.manabi.gob.ec\/index.php\/viceprefecta-kelly-en-su-primer-dia-de-labores\/#breadcrumb","itemListElement":[{"@type":"ListItem","position":1,"name":"Portada","item":"https:\/\/www.manabi.gob.ec\/"},{"@type":"ListItem","position":2,"name":"VICEPREFECTA KELLY EN SU PRIMER D\u00cdA DE LABORES"}]},{"@type":"WebSite","@id":"https:\/\/www.manabi.gob.ec\/#website","url":"https:\/\/www.manabi.gob.ec\/","name":"Prefectura de Manab\u00ed","description":"P\u00e1gina web de la prefectura","potentialAction":[{"@type":"SearchAction","target":{"@type":"EntryPoint","urlTemplate":"https:\/\/www.manabi.gob.ec\/?s={search_term_string}"},"query-input":{"@type":"PropertyValueSpecification","valueRequired":true,"valueName":"search_term_string"}}],"inLanguage":"es"},{"@type":"Person","@id":"https:\/\/www.manabi.gob.ec\/#\/schema\/person\/cfc71bd68fe2703b779edcc292a49722","name":"admin","image":{"@type":"ImageObject","inLanguage":"es","@id":"https:\/\/secure.gravatar.com\/avatar\/23e9f919492b0a2f65aa168e0d8c5c867ea853b61deffbadf08c7031e15b8d78?s=96&d=mm&r=g","url":"https:\/\/secure.gravatar.com\/avatar\/23e9f919492b0a2f65aa168e0d8c5c867ea853b61deffbadf08c7031e15b8d78?s=96&d=mm&r=g","contentUrl":"https:\/\/secure.gravatar.com\/avatar\/23e9f919492b0a2f65aa168e0d8c5c867ea853b61deffbadf08c7031e15b8d78?s=96&d=mm&r=g","caption":"admin"},"sameAs":["http:\/\/www.manabi.gob.ec"],"url":"https:\/\/www.manabi.gob.ec\/index.php\/author\/admin\/"}]}},"jetpack_featured_media_url":"","_links":{"self":[{"href":"https:\/\/www.manabi.gob.ec\/index.php\/wp-json\/wp\/v2\/posts\/13065","targetHints":{"allow":["GET"]}}],"collection":[{"href":"https:\/\/www.manabi.gob.ec\/index.php\/wp-json\/wp\/v2\/posts"}],"about":[{"href":"https:\/\/www.manabi.gob.ec\/index.php\/wp-json\/wp\/v2\/types\/post"}],"author":[{"embeddable":true,"href":"https:\/\/www.manabi.gob.ec\/index.php\/wp-json\/wp\/v2\/users\/1"}],"replies":[{"embeddable":true,"href":"https:\/\/www.manabi.gob.ec\/index.php\/wp-json\/wp\/v2\/comments?post=13065"}],"version-history":[{"count":0,"href":"https:\/\/www.manabi.gob.ec\/index.php\/wp-json\/wp\/v2\/posts\/13065\/revisions"}],"wp:featuredmedia":[{"embeddable":true,"href":"https:\/\/www.manabi.gob.ec\/index.php\/wp-json\/"}],"wp:attachment":[{"href":"https:\/\/www.manabi.gob.ec\/index.php\/wp-json\/wp\/v2\/media?parent=13065"}],"wp:term":[{"taxonomy":"category","embeddable":true,"href":"https:\/\/www.manabi.gob.ec\/index.php\/wp-json\/wp\/v2\/categories?post=13065"},{"taxonomy":"post_tag","embeddable":true,"href":"https:\/\/www.manabi.gob.ec\/index.php\/wp-json\/wp\/v2\/tags?post=13065"}],"curies":[{"name":"wp","href":"https:\/\/api.w.org\/{rel}","templated":true}]}}