{"id":13071,"date":"2019-05-29T10:25:59","date_gmt":"2019-05-29T15:25:59","guid":{"rendered":"http:\/\/www.manabi.gob.ec\/?p=13071"},"modified":"2019-05-29T10:25:59","modified_gmt":"2019-05-29T15:25:59","slug":"prefecto-y-alcaldes-definen-acciones-de-trabajo","status":"publish","type":"post","link":"https:\/\/www.manabi.gob.ec\/index.php\/prefecto-y-alcaldes-definen-acciones-de-trabajo\/","title":{"rendered":"PREFECTO Y ALCALDES DEFINEN ACCIONES DE TRABAJO"},"content":{"rendered":"<p>Alcaldes y delegados de los diferentes cantones de Manab\u00ed participaron de una reuni\u00f3n de<br \/>\ntrabajo, convocada por el prefecto provincial, Leonardo Orlando, este jueves 23 de mayo.<br \/>\nDelinearon acciones y analizaron la realidad de los territorios.<br \/>\nEl Prefecto present\u00f3 a los ediles el plan de trabajo que tiene para la provincia, basado en ejes<br \/>\nque est\u00e1n dirigidos a fomentar la producci\u00f3n y el turismo, riego, gesti\u00f3n ambiental, vialidad<br \/>\nrural e infraestructuras.<br \/>\nSe explic\u00f3 que el modelo de gesti\u00f3n se basa en un concepto de equidad, porque los recursos<br \/>\necon\u00f3micos ser\u00e1n distribuidos con igualdad de inversi\u00f3n por habitante.<br \/>\nDurante la jornada se presentaron cifras de la realidad social y econ\u00f3mica de la provincia, e<br \/>\n\u00edndices de pobreza. Esta realidad debe ser superada en un trabajo coordinado y en conjunto<br \/>\ncon todos los niveles de Gobierno, manifest\u00f3 el Prefecto.<br \/>\nSe dijo que la proyecci\u00f3n de trabajo, contempla la intervenci\u00f3n de 4 mil kil\u00f3metros de v\u00edas, en<br \/>\nestos cuatro a\u00f1os, de esos 1.000 km asfaltados, y 1000 km m\u00e1s en condiciones t\u00e9cnicas que<br \/>\npermitan la movilidad permanente de la poblaci\u00f3n.<br \/>\nEl Prefecto invit\u00f3 a los alcaldes hacer un inventario de los recursos naturales que tienen en sus<br \/>\nterritorios, para juntos desarrollar proyectos integrales que ayuden a impulsar y fomentar el<br \/>\nturismo, para lo que buscar\u00e1 el apoyo de la cooperaci\u00f3n internacional, adem\u00e1s para otras \u00e1reas<br \/>\npara rescatar el ambiente y proyectos de prevenci\u00f3n de riesgo.<br \/>\nTambi\u00e9n les propuso unirse a la organizaci\u00f3n del Mes del Manabitismo, que tiene como fecha<br \/>\nprincipal el aniversario de la provincializaci\u00f3n. Dijo que organizan actividades para todos los<br \/>\ncantones.<br \/>\nLos alcaldes tambi\u00e9n expresaron puntos de vistas. La mayor\u00eda coincidieron en la necesidad de<br \/>\nun Plan de Desarrollo que tenga una visi\u00f3n provincial clara, con metas definidas, y considere el<br \/>\ndesarrollo en las diversas potencialidades que tiene la provincia.<br \/>\nAl final de la reuni\u00f3n el Prefecto Leonardo Orlando llam\u00f3 a la unidad a los alcaldes, alrededor<br \/>\nde los grandes proyectos provinciales en temas de riego, vialidad y transporte.<\/p>\n","protected":false},"excerpt":{"rendered":"<p>Alcaldes y delegados de los diferentes cantones de Manab\u00ed participaron de una reuni\u00f3n de trabajo, convocada por el prefecto provincial, Leonardo Orlando, este jueves 23 de mayo. Delinearon acciones y analizaron la realidad de los territorios. El Prefecto present\u00f3 a los ediles el plan de trabajo que tiene para la provincia, basado en ejes que [&hellip;]<\/p>\n","protected":false},"author":1,"featured_media":13072,"comment_status":"open","ping_status":"open","sticky":false,"template":"","format":"standard","meta":{"_joinchat":[],"footnotes":""},"categories":[92,91],"tags":[],"class_list":["post-13071","post","type-post","status-publish","format-standard","has-post-thumbnail","hentry","category-noticias-manabi","category-todas"],"yoast_head":"<!-- This site is optimized with the Yoast SEO plugin v27.4 - https:\/\/yoast.com\/product\/yoast-seo-wordpress\/ -->\n<title>PREFECTO Y ALCALDES DEFINEN ACCIONES DE TRABAJO - Prefectura de Manab\u00ed<\/title>\n<meta name=\"robots\" content=\"index, follow, max-snippet:-1, max-image-preview:large, max-video-preview:-1\" \/>\n<link rel=\"canonical\" href=\"https:\/\/www.manabi.gob.ec\/index.php\/prefecto-y-alcaldes-definen-acciones-de-trabajo\/\" \/>\n<meta property=\"og:locale\" content=\"es_ES\" \/>\n<meta property=\"og:type\" content=\"article\" \/>\n<meta property=\"og:title\" content=\"PREFECTO Y ALCALDES DEFINEN ACCIONES DE TRABAJO - Prefectura de Manab\u00ed\" \/>\n<meta property=\"og:description\" content=\"Alcaldes y delegados de los diferentes cantones de Manab\u00ed participaron de una reuni\u00f3n de trabajo, convocada por el prefecto provincial, Leonardo Orlando, este jueves 23 de mayo. Delinearon acciones y analizaron la realidad de los territorios. El Prefecto present\u00f3 a los ediles el plan de trabajo que tiene para la provincia, basado en ejes que [&hellip;]\" \/>\n<meta property=\"og:url\" content=\"https:\/\/www.manabi.gob.ec\/index.php\/prefecto-y-alcaldes-definen-acciones-de-trabajo\/\" \/>\n<meta property=\"og:site_name\" content=\"Prefectura de Manab\u00ed\" \/>\n<meta property=\"article:published_time\" content=\"2019-05-29T15:25:59+00:00\" \/>\n<meta name=\"author\" content=\"admin\" \/>\n<meta name=\"twitter:card\" content=\"summary_large_image\" \/>\n<meta name=\"twitter:label1\" content=\"Escrito por\" \/>\n\t<meta name=\"twitter:data1\" content=\"admin\" \/>\n\t<meta name=\"twitter:label2\" content=\"Tiempo de lectura\" \/>\n\t<meta name=\"twitter:data2\" content=\"2 minutos\" \/>\n<script type=\"application\/ld+json\" class=\"yoast-schema-graph\">{\"@context\":\"https:\\\/\\\/schema.org\",\"@graph\":[{\"@type\":\"Article\",\"@id\":\"https:\\\/\\\/www.manabi.gob.ec\\\/index.php\\\/prefecto-y-alcaldes-definen-acciones-de-trabajo\\\/#article\",\"isPartOf\":{\"@id\":\"https:\\\/\\\/www.manabi.gob.ec\\\/index.php\\\/prefecto-y-alcaldes-definen-acciones-de-trabajo\\\/\"},\"author\":{\"name\":\"admin\",\"@id\":\"https:\\\/\\\/www.manabi.gob.ec\\\/#\\\/schema\\\/person\\\/cfc71bd68fe2703b779edcc292a49722\"},\"headline\":\"PREFECTO Y ALCALDES DEFINEN ACCIONES DE TRABAJO\",\"datePublished\":\"2019-05-29T15:25:59+00:00\",\"mainEntityOfPage\":{\"@id\":\"https:\\\/\\\/www.manabi.gob.ec\\\/index.php\\\/prefecto-y-alcaldes-definen-acciones-de-trabajo\\\/\"},\"wordCount\":359,\"commentCount\":0,\"image\":{\"@id\":\"https:\\\/\\\/www.manabi.gob.ec\\\/index.php\\\/prefecto-y-alcaldes-definen-acciones-de-trabajo\\\/#primaryimage\"},\"thumbnailUrl\":\"\",\"articleSection\":[\"Noticias\",\"Todas\"],\"inLanguage\":\"es\",\"potentialAction\":[{\"@type\":\"CommentAction\",\"name\":\"Comment\",\"target\":[\"https:\\\/\\\/www.manabi.gob.ec\\\/index.php\\\/prefecto-y-alcaldes-definen-acciones-de-trabajo\\\/#respond\"]}]},{\"@type\":\"WebPage\",\"@id\":\"https:\\\/\\\/www.manabi.gob.ec\\\/index.php\\\/prefecto-y-alcaldes-definen-acciones-de-trabajo\\\/\",\"url\":\"https:\\\/\\\/www.manabi.gob.ec\\\/index.php\\\/prefecto-y-alcaldes-definen-acciones-de-trabajo\\\/\",\"name\":\"PREFECTO Y ALCALDES DEFINEN ACCIONES DE TRABAJO - Prefectura de Manab\u00ed\",\"isPartOf\":{\"@id\":\"https:\\\/\\\/www.manabi.gob.ec\\\/#website\"},\"primaryImageOfPage\":{\"@id\":\"https:\\\/\\\/www.manabi.gob.ec\\\/index.php\\\/prefecto-y-alcaldes-definen-acciones-de-trabajo\\\/#primaryimage\"},\"image\":{\"@id\":\"https:\\\/\\\/www.manabi.gob.ec\\\/index.php\\\/prefecto-y-alcaldes-definen-acciones-de-trabajo\\\/#primaryimage\"},\"thumbnailUrl\":\"\",\"datePublished\":\"2019-05-29T15:25:59+00:00\",\"author\":{\"@id\":\"https:\\\/\\\/www.manabi.gob.ec\\\/#\\\/schema\\\/person\\\/cfc71bd68fe2703b779edcc292a49722\"},\"breadcrumb\":{\"@id\":\"https:\\\/\\\/www.manabi.gob.ec\\\/index.php\\\/prefecto-y-alcaldes-definen-acciones-de-trabajo\\\/#breadcrumb\"},\"inLanguage\":\"es\",\"potentialAction\":[{\"@type\":\"ReadAction\",\"target\":[\"https:\\\/\\\/www.manabi.gob.ec\\\/index.php\\\/prefecto-y-alcaldes-definen-acciones-de-trabajo\\\/\"]}]},{\"@type\":\"ImageObject\",\"inLanguage\":\"es\",\"@id\":\"https:\\\/\\\/www.manabi.gob.ec\\\/index.php\\\/prefecto-y-alcaldes-definen-acciones-de-trabajo\\\/#primaryimage\",\"url\":\"\",\"contentUrl\":\"\"},{\"@type\":\"BreadcrumbList\",\"@id\":\"https:\\\/\\\/www.manabi.gob.ec\\\/index.php\\\/prefecto-y-alcaldes-definen-acciones-de-trabajo\\\/#breadcrumb\",\"itemListElement\":[{\"@type\":\"ListItem\",\"position\":1,\"name\":\"Portada\",\"item\":\"https:\\\/\\\/www.manabi.gob.ec\\\/\"},{\"@type\":\"ListItem\",\"position\":2,\"name\":\"PREFECTO Y ALCALDES DEFINEN ACCIONES DE TRABAJO\"}]},{\"@type\":\"WebSite\",\"@id\":\"https:\\\/\\\/www.manabi.gob.ec\\\/#website\",\"url\":\"https:\\\/\\\/www.manabi.gob.ec\\\/\",\"name\":\"Prefectura de Manab\u00ed\",\"description\":\"P\u00e1gina web de la prefectura\",\"potentialAction\":[{\"@type\":\"SearchAction\",\"target\":{\"@type\":\"EntryPoint\",\"urlTemplate\":\"https:\\\/\\\/www.manabi.gob.ec\\\/?s={search_term_string}\"},\"query-input\":{\"@type\":\"PropertyValueSpecification\",\"valueRequired\":true,\"valueName\":\"search_term_string\"}}],\"inLanguage\":\"es\"},{\"@type\":\"Person\",\"@id\":\"https:\\\/\\\/www.manabi.gob.ec\\\/#\\\/schema\\\/person\\\/cfc71bd68fe2703b779edcc292a49722\",\"name\":\"admin\",\"image\":{\"@type\":\"ImageObject\",\"inLanguage\":\"es\",\"@id\":\"https:\\\/\\\/secure.gravatar.com\\\/avatar\\\/23e9f919492b0a2f65aa168e0d8c5c867ea853b61deffbadf08c7031e15b8d78?s=96&d=mm&r=g\",\"url\":\"https:\\\/\\\/secure.gravatar.com\\\/avatar\\\/23e9f919492b0a2f65aa168e0d8c5c867ea853b61deffbadf08c7031e15b8d78?s=96&d=mm&r=g\",\"contentUrl\":\"https:\\\/\\\/secure.gravatar.com\\\/avatar\\\/23e9f919492b0a2f65aa168e0d8c5c867ea853b61deffbadf08c7031e15b8d78?s=96&d=mm&r=g\",\"caption\":\"admin\"},\"sameAs\":[\"http:\\\/\\\/www.manabi.gob.ec\"],\"url\":\"https:\\\/\\\/www.manabi.gob.ec\\\/index.php\\\/author\\\/admin\\\/\"}]}<\/script>\n<!-- \/ Yoast SEO plugin. -->","yoast_head_json":{"title":"PREFECTO Y ALCALDES DEFINEN ACCIONES DE TRABAJO - Prefectura de Manab\u00ed","robots":{"index":"index","follow":"follow","max-snippet":"max-snippet:-1","max-image-preview":"max-image-preview:large","max-video-preview":"max-video-preview:-1"},"canonical":"https:\/\/www.manabi.gob.ec\/index.php\/prefecto-y-alcaldes-definen-acciones-de-trabajo\/","og_locale":"es_ES","og_type":"article","og_title":"PREFECTO Y ALCALDES DEFINEN ACCIONES DE TRABAJO - Prefectura de Manab\u00ed","og_description":"Alcaldes y delegados de los diferentes cantones de Manab\u00ed participaron de una reuni\u00f3n de trabajo, convocada por el prefecto provincial, Leonardo Orlando, este jueves 23 de mayo. Delinearon acciones y analizaron la realidad de los territorios. El Prefecto present\u00f3 a los ediles el plan de trabajo que tiene para la provincia, basado en ejes que [&hellip;]","og_url":"https:\/\/www.manabi.gob.ec\/index.php\/prefecto-y-alcaldes-definen-acciones-de-trabajo\/","og_site_name":"Prefectura de Manab\u00ed","article_published_time":"2019-05-29T15:25:59+00:00","author":"admin","twitter_card":"summary_large_image","twitter_misc":{"Escrito por":"admin","Tiempo de lectura":"2 minutos"},"schema":{"@context":"https:\/\/schema.org","@graph":[{"@type":"Article","@id":"https:\/\/www.manabi.gob.ec\/index.php\/prefecto-y-alcaldes-definen-acciones-de-trabajo\/#article","isPartOf":{"@id":"https:\/\/www.manabi.gob.ec\/index.php\/prefecto-y-alcaldes-definen-acciones-de-trabajo\/"},"author":{"name":"admin","@id":"https:\/\/www.manabi.gob.ec\/#\/schema\/person\/cfc71bd68fe2703b779edcc292a49722"},"headline":"PREFECTO Y ALCALDES DEFINEN ACCIONES DE TRABAJO","datePublished":"2019-05-29T15:25:59+00:00","mainEntityOfPage":{"@id":"https:\/\/www.manabi.gob.ec\/index.php\/prefecto-y-alcaldes-definen-acciones-de-trabajo\/"},"wordCount":359,"commentCount":0,"image":{"@id":"https:\/\/www.manabi.gob.ec\/index.php\/prefecto-y-alcaldes-definen-acciones-de-trabajo\/#primaryimage"},"thumbnailUrl":"","articleSection":["Noticias","Todas"],"inLanguage":"es","potentialAction":[{"@type":"CommentAction","name":"Comment","target":["https:\/\/www.manabi.gob.ec\/index.php\/prefecto-y-alcaldes-definen-acciones-de-trabajo\/#respond"]}]},{"@type":"WebPage","@id":"https:\/\/www.manabi.gob.ec\/index.php\/prefecto-y-alcaldes-definen-acciones-de-trabajo\/","url":"https:\/\/www.manabi.gob.ec\/index.php\/prefecto-y-alcaldes-definen-acciones-de-trabajo\/","name":"PREFECTO Y ALCALDES DEFINEN ACCIONES DE TRABAJO - Prefectura de Manab\u00ed","isPartOf":{"@id":"https:\/\/www.manabi.gob.ec\/#website"},"primaryImageOfPage":{"@id":"https:\/\/www.manabi.gob.ec\/index.php\/prefecto-y-alcaldes-definen-acciones-de-trabajo\/#primaryimage"},"image":{"@id":"https:\/\/www.manabi.gob.ec\/index.php\/prefecto-y-alcaldes-definen-acciones-de-trabajo\/#primaryimage"},"thumbnailUrl":"","datePublished":"2019-05-29T15:25:59+00:00","author":{"@id":"https:\/\/www.manabi.gob.ec\/#\/schema\/person\/cfc71bd68fe2703b779edcc292a49722"},"breadcrumb":{"@id":"https:\/\/www.manabi.gob.ec\/index.php\/prefecto-y-alcaldes-definen-acciones-de-trabajo\/#breadcrumb"},"inLanguage":"es","potentialAction":[{"@type":"ReadAction","target":["https:\/\/www.manabi.gob.ec\/index.php\/prefecto-y-alcaldes-definen-acciones-de-trabajo\/"]}]},{"@type":"ImageObject","inLanguage":"es","@id":"https:\/\/www.manabi.gob.ec\/index.php\/prefecto-y-alcaldes-definen-acciones-de-trabajo\/#primaryimage","url":"","contentUrl":""},{"@type":"BreadcrumbList","@id":"https:\/\/www.manabi.gob.ec\/index.php\/prefecto-y-alcaldes-definen-acciones-de-trabajo\/#breadcrumb","itemListElement":[{"@type":"ListItem","position":1,"name":"Portada","item":"https:\/\/www.manabi.gob.ec\/"},{"@type":"ListItem","position":2,"name":"PREFECTO Y ALCALDES DEFINEN ACCIONES DE TRABAJO"}]},{"@type":"WebSite","@id":"https:\/\/www.manabi.gob.ec\/#website","url":"https:\/\/www.manabi.gob.ec\/","name":"Prefectura de Manab\u00ed","description":"P\u00e1gina web de la prefectura","potentialAction":[{"@type":"SearchAction","target":{"@type":"EntryPoint","urlTemplate":"https:\/\/www.manabi.gob.ec\/?s={search_term_string}"},"query-input":{"@type":"PropertyValueSpecification","valueRequired":true,"valueName":"search_term_string"}}],"inLanguage":"es"},{"@type":"Person","@id":"https:\/\/www.manabi.gob.ec\/#\/schema\/person\/cfc71bd68fe2703b779edcc292a49722","name":"admin","image":{"@type":"ImageObject","inLanguage":"es","@id":"https:\/\/secure.gravatar.com\/avatar\/23e9f919492b0a2f65aa168e0d8c5c867ea853b61deffbadf08c7031e15b8d78?s=96&d=mm&r=g","url":"https:\/\/secure.gravatar.com\/avatar\/23e9f919492b0a2f65aa168e0d8c5c867ea853b61deffbadf08c7031e15b8d78?s=96&d=mm&r=g","contentUrl":"https:\/\/secure.gravatar.com\/avatar\/23e9f919492b0a2f65aa168e0d8c5c867ea853b61deffbadf08c7031e15b8d78?s=96&d=mm&r=g","caption":"admin"},"sameAs":["http:\/\/www.manabi.gob.ec"],"url":"https:\/\/www.manabi.gob.ec\/index.php\/author\/admin\/"}]}},"jetpack_featured_media_url":"","_links":{"self":[{"href":"https:\/\/www.manabi.gob.ec\/index.php\/wp-json\/wp\/v2\/posts\/13071","targetHints":{"allow":["GET"]}}],"collection":[{"href":"https:\/\/www.manabi.gob.ec\/index.php\/wp-json\/wp\/v2\/posts"}],"about":[{"href":"https:\/\/www.manabi.gob.ec\/index.php\/wp-json\/wp\/v2\/types\/post"}],"author":[{"embeddable":true,"href":"https:\/\/www.manabi.gob.ec\/index.php\/wp-json\/wp\/v2\/users\/1"}],"replies":[{"embeddable":true,"href":"https:\/\/www.manabi.gob.ec\/index.php\/wp-json\/wp\/v2\/comments?post=13071"}],"version-history":[{"count":0,"href":"https:\/\/www.manabi.gob.ec\/index.php\/wp-json\/wp\/v2\/posts\/13071\/revisions"}],"wp:featuredmedia":[{"embeddable":true,"href":"https:\/\/www.manabi.gob.ec\/index.php\/wp-json\/"}],"wp:attachment":[{"href":"https:\/\/www.manabi.gob.ec\/index.php\/wp-json\/wp\/v2\/media?parent=13071"}],"wp:term":[{"taxonomy":"category","embeddable":true,"href":"https:\/\/www.manabi.gob.ec\/index.php\/wp-json\/wp\/v2\/categories?post=13071"},{"taxonomy":"post_tag","embeddable":true,"href":"https:\/\/www.manabi.gob.ec\/index.php\/wp-json\/wp\/v2\/tags?post=13071"}],"curies":[{"name":"wp","href":"https:\/\/api.w.org\/{rel}","templated":true}]}}