{"id":13117,"date":"2019-06-26T10:49:48","date_gmt":"2019-06-26T15:49:48","guid":{"rendered":"http:\/\/www.manabi.gob.ec\/?p=13117"},"modified":"2019-06-26T10:49:48","modified_gmt":"2019-06-26T15:49:48","slug":"mas-de-dos-mil-manabitas-vibraron-con-la-opera-eloy-alfaro","status":"publish","type":"post","link":"https:\/\/www.manabi.gob.ec\/index.php\/mas-de-dos-mil-manabitas-vibraron-con-la-opera-eloy-alfaro\/","title":{"rendered":"M\u00c1S DE DOS MIL MANABITAS VIBRARON CON LA \u00d3PERA ELOY ALFARO"},"content":{"rendered":"\n<p>\u201c\u00a1Viva Alfaro! \u00a1Viva\nManab\u00ed!\u201d, resonaban los gritos de la multitud emocionada y rompiendo en\nsentidos aplausos. <\/p>\n\n\n<p>La \u00f3pera Eloy Alfaro\nhizo vibrar a m\u00e1s de dos mil personas que llegaron este domingo 23 de junio al\nteatro greco-romano del Parque Las Vegas, llen\u00e1ndolo por completo.<\/p>\n\n\n<p>El evento fue\norganizado por el Gobierno de Manab\u00ed, Municipio de Portoviejo y Le Voci Compa\u00f1\u00eda\nL\u00edrica; y puso m\u00e1s de 120 artistas en escena entre grupos de teatro, danza,\ncoros, y orquesta sinf\u00f3nica.<\/p>\n\n\n<p>Las escenas de la\nlucha, logros y muerte del Viejo Luchador conmovieron al p\u00fablico que al final\nde la obra premi\u00f3 a los int\u00e9rpretes poni\u00e9ndose de pie y regalando una sonora\novaci\u00f3n.<\/p>\n\n\n<p>La \u00f3pera fue\npresentada por ser Junio, Mes del Manabitismo; y donde el Gobierno de Manab\u00ed ha\ndesarrollado una intensa agenda de actividades c\u00edvicas y culturales que hasta\nfin del mes llegar\u00e1n a los 22 cantones, en honor a los 195 a\u00f1os de\nprovincializaci\u00f3n.<\/p>\n\n\n<p>\u201cEsta obra nos llena\nde orgullo porque una gran cantidad de los artistas son manabitas. Vamos a\nseguir promoviendo el arte y la cultura no solo en las ciudades sino en las\nparroquias y comunidades\u201d, destac\u00f3 el prefecto Leonardo Orlando, quien asisti\u00f3\ncon su familia y se emocion\u00f3 profundamente.<\/p>\n","protected":false},"excerpt":{"rendered":"<p>\u201c\u00a1Viva Alfaro! \u00a1Viva Manab\u00ed!\u201d, resonaban los gritos de la multitud emocionada y rompiendo en sentidos aplausos. La \u00f3pera Eloy Alfaro hizo vibrar a m\u00e1s de dos mil personas que llegaron este domingo 23 de junio al teatro greco-romano del Parque Las Vegas, llen\u00e1ndolo por completo. El evento fue organizado por el Gobierno de Manab\u00ed, Municipio [&hellip;]<\/p>\n","protected":false},"author":1,"featured_media":13118,"comment_status":"open","ping_status":"open","sticky":false,"template":"","format":"standard","meta":{"_joinchat":[],"footnotes":""},"categories":[92,91],"tags":[],"class_list":["post-13117","post","type-post","status-publish","format-standard","has-post-thumbnail","hentry","category-noticias-manabi","category-todas"],"yoast_head":"<!-- This site is optimized with the Yoast SEO plugin v27.4 - https:\/\/yoast.com\/product\/yoast-seo-wordpress\/ -->\n<title>M\u00c1S DE DOS MIL MANABITAS VIBRARON CON LA \u00d3PERA ELOY ALFARO - Prefectura de Manab\u00ed<\/title>\n<meta name=\"robots\" content=\"index, follow, max-snippet:-1, max-image-preview:large, max-video-preview:-1\" \/>\n<link rel=\"canonical\" href=\"https:\/\/www.manabi.gob.ec\/index.php\/mas-de-dos-mil-manabitas-vibraron-con-la-opera-eloy-alfaro\/\" \/>\n<meta property=\"og:locale\" content=\"es_ES\" \/>\n<meta property=\"og:type\" content=\"article\" \/>\n<meta property=\"og:title\" content=\"M\u00c1S DE DOS MIL MANABITAS VIBRARON CON LA \u00d3PERA ELOY ALFARO - Prefectura de Manab\u00ed\" \/>\n<meta property=\"og:description\" content=\"\u201c\u00a1Viva Alfaro! \u00a1Viva Manab\u00ed!\u201d, resonaban los gritos de la multitud emocionada y rompiendo en sentidos aplausos. La \u00f3pera Eloy Alfaro hizo vibrar a m\u00e1s de dos mil personas que llegaron este domingo 23 de junio al teatro greco-romano del Parque Las Vegas, llen\u00e1ndolo por completo. El evento fue organizado por el Gobierno de Manab\u00ed, Municipio [&hellip;]\" \/>\n<meta property=\"og:url\" content=\"https:\/\/www.manabi.gob.ec\/index.php\/mas-de-dos-mil-manabitas-vibraron-con-la-opera-eloy-alfaro\/\" \/>\n<meta property=\"og:site_name\" content=\"Prefectura de Manab\u00ed\" \/>\n<meta property=\"article:published_time\" content=\"2019-06-26T15:49:48+00:00\" \/>\n<meta name=\"author\" content=\"admin\" \/>\n<meta name=\"twitter:card\" content=\"summary_large_image\" \/>\n<meta name=\"twitter:label1\" content=\"Escrito por\" \/>\n\t<meta name=\"twitter:data1\" content=\"admin\" \/>\n\t<meta name=\"twitter:label2\" content=\"Tiempo de lectura\" \/>\n\t<meta name=\"twitter:data2\" content=\"1 minuto\" \/>\n<script type=\"application\/ld+json\" class=\"yoast-schema-graph\">{\"@context\":\"https:\\\/\\\/schema.org\",\"@graph\":[{\"@type\":\"Article\",\"@id\":\"https:\\\/\\\/www.manabi.gob.ec\\\/index.php\\\/mas-de-dos-mil-manabitas-vibraron-con-la-opera-eloy-alfaro\\\/#article\",\"isPartOf\":{\"@id\":\"https:\\\/\\\/www.manabi.gob.ec\\\/index.php\\\/mas-de-dos-mil-manabitas-vibraron-con-la-opera-eloy-alfaro\\\/\"},\"author\":{\"name\":\"admin\",\"@id\":\"https:\\\/\\\/www.manabi.gob.ec\\\/#\\\/schema\\\/person\\\/cfc71bd68fe2703b779edcc292a49722\"},\"headline\":\"M\u00c1S DE DOS MIL MANABITAS VIBRARON CON LA \u00d3PERA ELOY ALFARO\",\"datePublished\":\"2019-06-26T15:49:48+00:00\",\"mainEntityOfPage\":{\"@id\":\"https:\\\/\\\/www.manabi.gob.ec\\\/index.php\\\/mas-de-dos-mil-manabitas-vibraron-con-la-opera-eloy-alfaro\\\/\"},\"wordCount\":226,\"commentCount\":0,\"image\":{\"@id\":\"https:\\\/\\\/www.manabi.gob.ec\\\/index.php\\\/mas-de-dos-mil-manabitas-vibraron-con-la-opera-eloy-alfaro\\\/#primaryimage\"},\"thumbnailUrl\":\"\",\"articleSection\":[\"Noticias\",\"Todas\"],\"inLanguage\":\"es\",\"potentialAction\":[{\"@type\":\"CommentAction\",\"name\":\"Comment\",\"target\":[\"https:\\\/\\\/www.manabi.gob.ec\\\/index.php\\\/mas-de-dos-mil-manabitas-vibraron-con-la-opera-eloy-alfaro\\\/#respond\"]}]},{\"@type\":\"WebPage\",\"@id\":\"https:\\\/\\\/www.manabi.gob.ec\\\/index.php\\\/mas-de-dos-mil-manabitas-vibraron-con-la-opera-eloy-alfaro\\\/\",\"url\":\"https:\\\/\\\/www.manabi.gob.ec\\\/index.php\\\/mas-de-dos-mil-manabitas-vibraron-con-la-opera-eloy-alfaro\\\/\",\"name\":\"M\u00c1S DE DOS MIL MANABITAS VIBRARON CON LA \u00d3PERA ELOY ALFARO - Prefectura de Manab\u00ed\",\"isPartOf\":{\"@id\":\"https:\\\/\\\/www.manabi.gob.ec\\\/#website\"},\"primaryImageOfPage\":{\"@id\":\"https:\\\/\\\/www.manabi.gob.ec\\\/index.php\\\/mas-de-dos-mil-manabitas-vibraron-con-la-opera-eloy-alfaro\\\/#primaryimage\"},\"image\":{\"@id\":\"https:\\\/\\\/www.manabi.gob.ec\\\/index.php\\\/mas-de-dos-mil-manabitas-vibraron-con-la-opera-eloy-alfaro\\\/#primaryimage\"},\"thumbnailUrl\":\"\",\"datePublished\":\"2019-06-26T15:49:48+00:00\",\"author\":{\"@id\":\"https:\\\/\\\/www.manabi.gob.ec\\\/#\\\/schema\\\/person\\\/cfc71bd68fe2703b779edcc292a49722\"},\"breadcrumb\":{\"@id\":\"https:\\\/\\\/www.manabi.gob.ec\\\/index.php\\\/mas-de-dos-mil-manabitas-vibraron-con-la-opera-eloy-alfaro\\\/#breadcrumb\"},\"inLanguage\":\"es\",\"potentialAction\":[{\"@type\":\"ReadAction\",\"target\":[\"https:\\\/\\\/www.manabi.gob.ec\\\/index.php\\\/mas-de-dos-mil-manabitas-vibraron-con-la-opera-eloy-alfaro\\\/\"]}]},{\"@type\":\"ImageObject\",\"inLanguage\":\"es\",\"@id\":\"https:\\\/\\\/www.manabi.gob.ec\\\/index.php\\\/mas-de-dos-mil-manabitas-vibraron-con-la-opera-eloy-alfaro\\\/#primaryimage\",\"url\":\"\",\"contentUrl\":\"\"},{\"@type\":\"BreadcrumbList\",\"@id\":\"https:\\\/\\\/www.manabi.gob.ec\\\/index.php\\\/mas-de-dos-mil-manabitas-vibraron-con-la-opera-eloy-alfaro\\\/#breadcrumb\",\"itemListElement\":[{\"@type\":\"ListItem\",\"position\":1,\"name\":\"Portada\",\"item\":\"https:\\\/\\\/www.manabi.gob.ec\\\/\"},{\"@type\":\"ListItem\",\"position\":2,\"name\":\"M\u00c1S DE DOS MIL MANABITAS VIBRARON CON LA \u00d3PERA ELOY ALFARO\"}]},{\"@type\":\"WebSite\",\"@id\":\"https:\\\/\\\/www.manabi.gob.ec\\\/#website\",\"url\":\"https:\\\/\\\/www.manabi.gob.ec\\\/\",\"name\":\"Prefectura de Manab\u00ed\",\"description\":\"P\u00e1gina web de la prefectura\",\"potentialAction\":[{\"@type\":\"SearchAction\",\"target\":{\"@type\":\"EntryPoint\",\"urlTemplate\":\"https:\\\/\\\/www.manabi.gob.ec\\\/?s={search_term_string}\"},\"query-input\":{\"@type\":\"PropertyValueSpecification\",\"valueRequired\":true,\"valueName\":\"search_term_string\"}}],\"inLanguage\":\"es\"},{\"@type\":\"Person\",\"@id\":\"https:\\\/\\\/www.manabi.gob.ec\\\/#\\\/schema\\\/person\\\/cfc71bd68fe2703b779edcc292a49722\",\"name\":\"admin\",\"image\":{\"@type\":\"ImageObject\",\"inLanguage\":\"es\",\"@id\":\"https:\\\/\\\/secure.gravatar.com\\\/avatar\\\/23e9f919492b0a2f65aa168e0d8c5c867ea853b61deffbadf08c7031e15b8d78?s=96&d=mm&r=g\",\"url\":\"https:\\\/\\\/secure.gravatar.com\\\/avatar\\\/23e9f919492b0a2f65aa168e0d8c5c867ea853b61deffbadf08c7031e15b8d78?s=96&d=mm&r=g\",\"contentUrl\":\"https:\\\/\\\/secure.gravatar.com\\\/avatar\\\/23e9f919492b0a2f65aa168e0d8c5c867ea853b61deffbadf08c7031e15b8d78?s=96&d=mm&r=g\",\"caption\":\"admin\"},\"sameAs\":[\"http:\\\/\\\/www.manabi.gob.ec\"],\"url\":\"https:\\\/\\\/www.manabi.gob.ec\\\/index.php\\\/author\\\/admin\\\/\"}]}<\/script>\n<!-- \/ Yoast SEO plugin. -->","yoast_head_json":{"title":"M\u00c1S DE DOS MIL MANABITAS VIBRARON CON LA \u00d3PERA ELOY ALFARO - Prefectura de Manab\u00ed","robots":{"index":"index","follow":"follow","max-snippet":"max-snippet:-1","max-image-preview":"max-image-preview:large","max-video-preview":"max-video-preview:-1"},"canonical":"https:\/\/www.manabi.gob.ec\/index.php\/mas-de-dos-mil-manabitas-vibraron-con-la-opera-eloy-alfaro\/","og_locale":"es_ES","og_type":"article","og_title":"M\u00c1S DE DOS MIL MANABITAS VIBRARON CON LA \u00d3PERA ELOY ALFARO - Prefectura de Manab\u00ed","og_description":"\u201c\u00a1Viva Alfaro! \u00a1Viva Manab\u00ed!\u201d, resonaban los gritos de la multitud emocionada y rompiendo en sentidos aplausos. La \u00f3pera Eloy Alfaro hizo vibrar a m\u00e1s de dos mil personas que llegaron este domingo 23 de junio al teatro greco-romano del Parque Las Vegas, llen\u00e1ndolo por completo. El evento fue organizado por el Gobierno de Manab\u00ed, Municipio [&hellip;]","og_url":"https:\/\/www.manabi.gob.ec\/index.php\/mas-de-dos-mil-manabitas-vibraron-con-la-opera-eloy-alfaro\/","og_site_name":"Prefectura de Manab\u00ed","article_published_time":"2019-06-26T15:49:48+00:00","author":"admin","twitter_card":"summary_large_image","twitter_misc":{"Escrito por":"admin","Tiempo de lectura":"1 minuto"},"schema":{"@context":"https:\/\/schema.org","@graph":[{"@type":"Article","@id":"https:\/\/www.manabi.gob.ec\/index.php\/mas-de-dos-mil-manabitas-vibraron-con-la-opera-eloy-alfaro\/#article","isPartOf":{"@id":"https:\/\/www.manabi.gob.ec\/index.php\/mas-de-dos-mil-manabitas-vibraron-con-la-opera-eloy-alfaro\/"},"author":{"name":"admin","@id":"https:\/\/www.manabi.gob.ec\/#\/schema\/person\/cfc71bd68fe2703b779edcc292a49722"},"headline":"M\u00c1S DE DOS MIL MANABITAS VIBRARON CON LA \u00d3PERA ELOY ALFARO","datePublished":"2019-06-26T15:49:48+00:00","mainEntityOfPage":{"@id":"https:\/\/www.manabi.gob.ec\/index.php\/mas-de-dos-mil-manabitas-vibraron-con-la-opera-eloy-alfaro\/"},"wordCount":226,"commentCount":0,"image":{"@id":"https:\/\/www.manabi.gob.ec\/index.php\/mas-de-dos-mil-manabitas-vibraron-con-la-opera-eloy-alfaro\/#primaryimage"},"thumbnailUrl":"","articleSection":["Noticias","Todas"],"inLanguage":"es","potentialAction":[{"@type":"CommentAction","name":"Comment","target":["https:\/\/www.manabi.gob.ec\/index.php\/mas-de-dos-mil-manabitas-vibraron-con-la-opera-eloy-alfaro\/#respond"]}]},{"@type":"WebPage","@id":"https:\/\/www.manabi.gob.ec\/index.php\/mas-de-dos-mil-manabitas-vibraron-con-la-opera-eloy-alfaro\/","url":"https:\/\/www.manabi.gob.ec\/index.php\/mas-de-dos-mil-manabitas-vibraron-con-la-opera-eloy-alfaro\/","name":"M\u00c1S DE DOS MIL MANABITAS VIBRARON CON LA \u00d3PERA ELOY ALFARO - Prefectura de Manab\u00ed","isPartOf":{"@id":"https:\/\/www.manabi.gob.ec\/#website"},"primaryImageOfPage":{"@id":"https:\/\/www.manabi.gob.ec\/index.php\/mas-de-dos-mil-manabitas-vibraron-con-la-opera-eloy-alfaro\/#primaryimage"},"image":{"@id":"https:\/\/www.manabi.gob.ec\/index.php\/mas-de-dos-mil-manabitas-vibraron-con-la-opera-eloy-alfaro\/#primaryimage"},"thumbnailUrl":"","datePublished":"2019-06-26T15:49:48+00:00","author":{"@id":"https:\/\/www.manabi.gob.ec\/#\/schema\/person\/cfc71bd68fe2703b779edcc292a49722"},"breadcrumb":{"@id":"https:\/\/www.manabi.gob.ec\/index.php\/mas-de-dos-mil-manabitas-vibraron-con-la-opera-eloy-alfaro\/#breadcrumb"},"inLanguage":"es","potentialAction":[{"@type":"ReadAction","target":["https:\/\/www.manabi.gob.ec\/index.php\/mas-de-dos-mil-manabitas-vibraron-con-la-opera-eloy-alfaro\/"]}]},{"@type":"ImageObject","inLanguage":"es","@id":"https:\/\/www.manabi.gob.ec\/index.php\/mas-de-dos-mil-manabitas-vibraron-con-la-opera-eloy-alfaro\/#primaryimage","url":"","contentUrl":""},{"@type":"BreadcrumbList","@id":"https:\/\/www.manabi.gob.ec\/index.php\/mas-de-dos-mil-manabitas-vibraron-con-la-opera-eloy-alfaro\/#breadcrumb","itemListElement":[{"@type":"ListItem","position":1,"name":"Portada","item":"https:\/\/www.manabi.gob.ec\/"},{"@type":"ListItem","position":2,"name":"M\u00c1S DE DOS MIL MANABITAS VIBRARON CON LA \u00d3PERA ELOY ALFARO"}]},{"@type":"WebSite","@id":"https:\/\/www.manabi.gob.ec\/#website","url":"https:\/\/www.manabi.gob.ec\/","name":"Prefectura de Manab\u00ed","description":"P\u00e1gina web de la prefectura","potentialAction":[{"@type":"SearchAction","target":{"@type":"EntryPoint","urlTemplate":"https:\/\/www.manabi.gob.ec\/?s={search_term_string}"},"query-input":{"@type":"PropertyValueSpecification","valueRequired":true,"valueName":"search_term_string"}}],"inLanguage":"es"},{"@type":"Person","@id":"https:\/\/www.manabi.gob.ec\/#\/schema\/person\/cfc71bd68fe2703b779edcc292a49722","name":"admin","image":{"@type":"ImageObject","inLanguage":"es","@id":"https:\/\/secure.gravatar.com\/avatar\/23e9f919492b0a2f65aa168e0d8c5c867ea853b61deffbadf08c7031e15b8d78?s=96&d=mm&r=g","url":"https:\/\/secure.gravatar.com\/avatar\/23e9f919492b0a2f65aa168e0d8c5c867ea853b61deffbadf08c7031e15b8d78?s=96&d=mm&r=g","contentUrl":"https:\/\/secure.gravatar.com\/avatar\/23e9f919492b0a2f65aa168e0d8c5c867ea853b61deffbadf08c7031e15b8d78?s=96&d=mm&r=g","caption":"admin"},"sameAs":["http:\/\/www.manabi.gob.ec"],"url":"https:\/\/www.manabi.gob.ec\/index.php\/author\/admin\/"}]}},"jetpack_featured_media_url":"","_links":{"self":[{"href":"https:\/\/www.manabi.gob.ec\/index.php\/wp-json\/wp\/v2\/posts\/13117","targetHints":{"allow":["GET"]}}],"collection":[{"href":"https:\/\/www.manabi.gob.ec\/index.php\/wp-json\/wp\/v2\/posts"}],"about":[{"href":"https:\/\/www.manabi.gob.ec\/index.php\/wp-json\/wp\/v2\/types\/post"}],"author":[{"embeddable":true,"href":"https:\/\/www.manabi.gob.ec\/index.php\/wp-json\/wp\/v2\/users\/1"}],"replies":[{"embeddable":true,"href":"https:\/\/www.manabi.gob.ec\/index.php\/wp-json\/wp\/v2\/comments?post=13117"}],"version-history":[{"count":0,"href":"https:\/\/www.manabi.gob.ec\/index.php\/wp-json\/wp\/v2\/posts\/13117\/revisions"}],"wp:featuredmedia":[{"embeddable":true,"href":"https:\/\/www.manabi.gob.ec\/index.php\/wp-json\/"}],"wp:attachment":[{"href":"https:\/\/www.manabi.gob.ec\/index.php\/wp-json\/wp\/v2\/media?parent=13117"}],"wp:term":[{"taxonomy":"category","embeddable":true,"href":"https:\/\/www.manabi.gob.ec\/index.php\/wp-json\/wp\/v2\/categories?post=13117"},{"taxonomy":"post_tag","embeddable":true,"href":"https:\/\/www.manabi.gob.ec\/index.php\/wp-json\/wp\/v2\/tags?post=13117"}],"curies":[{"name":"wp","href":"https:\/\/api.w.org\/{rel}","templated":true}]}}