{"id":13126,"date":"2019-05-23T18:24:39","date_gmt":"2019-05-23T23:24:39","guid":{"rendered":"http:\/\/www.manabi.gob.ec\/?p=13126"},"modified":"2019-05-23T18:24:39","modified_gmt":"2019-05-23T23:24:39","slug":"prefecto-leonardo-orlando-proyecta-el-desarrollo-del-canton-sucre","status":"publish","type":"post","link":"https:\/\/www.manabi.gob.ec\/index.php\/prefecto-leonardo-orlando-proyecta-el-desarrollo-del-canton-sucre\/","title":{"rendered":"Prefecto Leonardo Orlando proyecta el desarrollo del cant\u00f3n Sucre"},"content":{"rendered":"\n<p>El Prefecto de Manab\u00ed, Leonardo Orlando, recalc\u00f3 su compromiso con organizaciones y ciudadanos del cant\u00f3n Sucre en el \u00e1mbito productivo y acad\u00e9mico.<\/p>\n\n\n<p>En Charapot\u00f3, en el sector de Bebedero, se reuni\u00f3 con l\u00edderes de 24 comunidades en un di\u00e1logo sobre las necesidades de impulsar la producci\u00f3n agr\u00edcola de la zona. Leonardo Orlando destac\u00f3 el apoyo que recibir\u00e1n no solo en fomento productivo sino tambi\u00e9n para destacar la riqueza gastron\u00f3mica y tur\u00edstica<\/p>\n\n\n<p>En Bah\u00eda de Car\u00e1quez el Prefecto, se reuni\u00f3 con docentes y estudiantes de Acuicultura de la Universidad T\u00e9cnica de Manab\u00ed. Ellos expusieron proyectos y alternativas productivas para la zona ante lo cual Orlando destac\u00f3 la necesidad de afianzar el v\u00ednculo productivo de la academia.<\/p>\n\n\n<p>En la misma ciudad el Prefecto se reuni\u00f3 con la alcaldesa de Sucre, Ingrid Zambrano, integrantes de la C\u00e1mara de Turismo y el grupo de veedur\u00eda de reconstrucci\u00f3n de esta urbe. Cristina Cagua, miembro de la C\u00e1mara, destac\u00f3 la confianza que tienen en la administraci\u00f3n de Leonardo Orlando para impulsar el desarrollo de la \u201cCiudad sin Copia\u201d.<\/p>\n\n\n<p>En San Isidro, Leonardo Orlando se reuni\u00f3 con representantes de 55 comunidades. \u201cVamos a pagar la deuda con el campo\u201d, les asegur\u00f3 el Prefecto en el encuentro donde se dialog\u00f3 sobre las estrategias para potenciar el desarrollo agroindustrial y tur\u00edstico.<\/p>\n","protected":false},"excerpt":{"rendered":"<p>El Prefecto de Manab\u00ed, Leonardo Orlando, recalc\u00f3 su compromiso con organizaciones y ciudadanos del cant\u00f3n Sucre en el \u00e1mbito productivo y acad\u00e9mico. En Charapot\u00f3, en el sector de Bebedero, se reuni\u00f3 con l\u00edderes de 24 comunidades en un di\u00e1logo sobre las necesidades de impulsar la producci\u00f3n agr\u00edcola de la zona. Leonardo Orlando destac\u00f3 el apoyo [&hellip;]<\/p>\n","protected":false},"author":1,"featured_media":13127,"comment_status":"open","ping_status":"open","sticky":false,"template":"","format":"standard","meta":{"_joinchat":[],"footnotes":""},"categories":[92,91],"tags":[],"class_list":["post-13126","post","type-post","status-publish","format-standard","has-post-thumbnail","hentry","category-noticias-manabi","category-todas"],"yoast_head":"<!-- This site is optimized with the Yoast SEO plugin v27.4 - https:\/\/yoast.com\/product\/yoast-seo-wordpress\/ -->\n<title>Prefecto Leonardo Orlando proyecta el desarrollo del cant\u00f3n Sucre - Prefectura de Manab\u00ed<\/title>\n<meta name=\"robots\" content=\"index, follow, max-snippet:-1, max-image-preview:large, max-video-preview:-1\" \/>\n<link rel=\"canonical\" href=\"https:\/\/www.manabi.gob.ec\/index.php\/prefecto-leonardo-orlando-proyecta-el-desarrollo-del-canton-sucre\/\" \/>\n<meta property=\"og:locale\" content=\"es_ES\" \/>\n<meta property=\"og:type\" content=\"article\" \/>\n<meta property=\"og:title\" content=\"Prefecto Leonardo Orlando proyecta el desarrollo del cant\u00f3n Sucre - Prefectura de Manab\u00ed\" \/>\n<meta property=\"og:description\" content=\"El Prefecto de Manab\u00ed, Leonardo Orlando, recalc\u00f3 su compromiso con organizaciones y ciudadanos del cant\u00f3n Sucre en el \u00e1mbito productivo y acad\u00e9mico. En Charapot\u00f3, en el sector de Bebedero, se reuni\u00f3 con l\u00edderes de 24 comunidades en un di\u00e1logo sobre las necesidades de impulsar la producci\u00f3n agr\u00edcola de la zona. Leonardo Orlando destac\u00f3 el apoyo [&hellip;]\" \/>\n<meta property=\"og:url\" content=\"https:\/\/www.manabi.gob.ec\/index.php\/prefecto-leonardo-orlando-proyecta-el-desarrollo-del-canton-sucre\/\" \/>\n<meta property=\"og:site_name\" content=\"Prefectura de Manab\u00ed\" \/>\n<meta property=\"article:published_time\" content=\"2019-05-23T23:24:39+00:00\" \/>\n<meta name=\"author\" content=\"admin\" \/>\n<meta name=\"twitter:card\" content=\"summary_large_image\" \/>\n<meta name=\"twitter:label1\" content=\"Escrito por\" \/>\n\t<meta name=\"twitter:data1\" content=\"admin\" \/>\n\t<meta name=\"twitter:label2\" content=\"Tiempo de lectura\" \/>\n\t<meta name=\"twitter:data2\" content=\"1 minuto\" \/>\n<script type=\"application\/ld+json\" class=\"yoast-schema-graph\">{\"@context\":\"https:\\\/\\\/schema.org\",\"@graph\":[{\"@type\":\"Article\",\"@id\":\"https:\\\/\\\/www.manabi.gob.ec\\\/index.php\\\/prefecto-leonardo-orlando-proyecta-el-desarrollo-del-canton-sucre\\\/#article\",\"isPartOf\":{\"@id\":\"https:\\\/\\\/www.manabi.gob.ec\\\/index.php\\\/prefecto-leonardo-orlando-proyecta-el-desarrollo-del-canton-sucre\\\/\"},\"author\":{\"name\":\"admin\",\"@id\":\"https:\\\/\\\/www.manabi.gob.ec\\\/#\\\/schema\\\/person\\\/cfc71bd68fe2703b779edcc292a49722\"},\"headline\":\"Prefecto Leonardo Orlando proyecta el desarrollo del cant\u00f3n Sucre\",\"datePublished\":\"2019-05-23T23:24:39+00:00\",\"mainEntityOfPage\":{\"@id\":\"https:\\\/\\\/www.manabi.gob.ec\\\/index.php\\\/prefecto-leonardo-orlando-proyecta-el-desarrollo-del-canton-sucre\\\/\"},\"wordCount\":240,\"commentCount\":0,\"image\":{\"@id\":\"https:\\\/\\\/www.manabi.gob.ec\\\/index.php\\\/prefecto-leonardo-orlando-proyecta-el-desarrollo-del-canton-sucre\\\/#primaryimage\"},\"thumbnailUrl\":\"\",\"articleSection\":[\"Noticias\",\"Todas\"],\"inLanguage\":\"es\",\"potentialAction\":[{\"@type\":\"CommentAction\",\"name\":\"Comment\",\"target\":[\"https:\\\/\\\/www.manabi.gob.ec\\\/index.php\\\/prefecto-leonardo-orlando-proyecta-el-desarrollo-del-canton-sucre\\\/#respond\"]}]},{\"@type\":\"WebPage\",\"@id\":\"https:\\\/\\\/www.manabi.gob.ec\\\/index.php\\\/prefecto-leonardo-orlando-proyecta-el-desarrollo-del-canton-sucre\\\/\",\"url\":\"https:\\\/\\\/www.manabi.gob.ec\\\/index.php\\\/prefecto-leonardo-orlando-proyecta-el-desarrollo-del-canton-sucre\\\/\",\"name\":\"Prefecto Leonardo Orlando proyecta el desarrollo del cant\u00f3n Sucre - Prefectura de Manab\u00ed\",\"isPartOf\":{\"@id\":\"https:\\\/\\\/www.manabi.gob.ec\\\/#website\"},\"primaryImageOfPage\":{\"@id\":\"https:\\\/\\\/www.manabi.gob.ec\\\/index.php\\\/prefecto-leonardo-orlando-proyecta-el-desarrollo-del-canton-sucre\\\/#primaryimage\"},\"image\":{\"@id\":\"https:\\\/\\\/www.manabi.gob.ec\\\/index.php\\\/prefecto-leonardo-orlando-proyecta-el-desarrollo-del-canton-sucre\\\/#primaryimage\"},\"thumbnailUrl\":\"\",\"datePublished\":\"2019-05-23T23:24:39+00:00\",\"author\":{\"@id\":\"https:\\\/\\\/www.manabi.gob.ec\\\/#\\\/schema\\\/person\\\/cfc71bd68fe2703b779edcc292a49722\"},\"breadcrumb\":{\"@id\":\"https:\\\/\\\/www.manabi.gob.ec\\\/index.php\\\/prefecto-leonardo-orlando-proyecta-el-desarrollo-del-canton-sucre\\\/#breadcrumb\"},\"inLanguage\":\"es\",\"potentialAction\":[{\"@type\":\"ReadAction\",\"target\":[\"https:\\\/\\\/www.manabi.gob.ec\\\/index.php\\\/prefecto-leonardo-orlando-proyecta-el-desarrollo-del-canton-sucre\\\/\"]}]},{\"@type\":\"ImageObject\",\"inLanguage\":\"es\",\"@id\":\"https:\\\/\\\/www.manabi.gob.ec\\\/index.php\\\/prefecto-leonardo-orlando-proyecta-el-desarrollo-del-canton-sucre\\\/#primaryimage\",\"url\":\"\",\"contentUrl\":\"\"},{\"@type\":\"BreadcrumbList\",\"@id\":\"https:\\\/\\\/www.manabi.gob.ec\\\/index.php\\\/prefecto-leonardo-orlando-proyecta-el-desarrollo-del-canton-sucre\\\/#breadcrumb\",\"itemListElement\":[{\"@type\":\"ListItem\",\"position\":1,\"name\":\"Portada\",\"item\":\"https:\\\/\\\/www.manabi.gob.ec\\\/\"},{\"@type\":\"ListItem\",\"position\":2,\"name\":\"Prefecto Leonardo Orlando proyecta el desarrollo del cant\u00f3n Sucre\"}]},{\"@type\":\"WebSite\",\"@id\":\"https:\\\/\\\/www.manabi.gob.ec\\\/#website\",\"url\":\"https:\\\/\\\/www.manabi.gob.ec\\\/\",\"name\":\"Prefectura de Manab\u00ed\",\"description\":\"P\u00e1gina web de la prefectura\",\"potentialAction\":[{\"@type\":\"SearchAction\",\"target\":{\"@type\":\"EntryPoint\",\"urlTemplate\":\"https:\\\/\\\/www.manabi.gob.ec\\\/?s={search_term_string}\"},\"query-input\":{\"@type\":\"PropertyValueSpecification\",\"valueRequired\":true,\"valueName\":\"search_term_string\"}}],\"inLanguage\":\"es\"},{\"@type\":\"Person\",\"@id\":\"https:\\\/\\\/www.manabi.gob.ec\\\/#\\\/schema\\\/person\\\/cfc71bd68fe2703b779edcc292a49722\",\"name\":\"admin\",\"image\":{\"@type\":\"ImageObject\",\"inLanguage\":\"es\",\"@id\":\"https:\\\/\\\/secure.gravatar.com\\\/avatar\\\/23e9f919492b0a2f65aa168e0d8c5c867ea853b61deffbadf08c7031e15b8d78?s=96&d=mm&r=g\",\"url\":\"https:\\\/\\\/secure.gravatar.com\\\/avatar\\\/23e9f919492b0a2f65aa168e0d8c5c867ea853b61deffbadf08c7031e15b8d78?s=96&d=mm&r=g\",\"contentUrl\":\"https:\\\/\\\/secure.gravatar.com\\\/avatar\\\/23e9f919492b0a2f65aa168e0d8c5c867ea853b61deffbadf08c7031e15b8d78?s=96&d=mm&r=g\",\"caption\":\"admin\"},\"sameAs\":[\"http:\\\/\\\/www.manabi.gob.ec\"],\"url\":\"https:\\\/\\\/www.manabi.gob.ec\\\/index.php\\\/author\\\/admin\\\/\"}]}<\/script>\n<!-- \/ Yoast SEO plugin. -->","yoast_head_json":{"title":"Prefecto Leonardo Orlando proyecta el desarrollo del cant\u00f3n Sucre - Prefectura de Manab\u00ed","robots":{"index":"index","follow":"follow","max-snippet":"max-snippet:-1","max-image-preview":"max-image-preview:large","max-video-preview":"max-video-preview:-1"},"canonical":"https:\/\/www.manabi.gob.ec\/index.php\/prefecto-leonardo-orlando-proyecta-el-desarrollo-del-canton-sucre\/","og_locale":"es_ES","og_type":"article","og_title":"Prefecto Leonardo Orlando proyecta el desarrollo del cant\u00f3n Sucre - Prefectura de Manab\u00ed","og_description":"El Prefecto de Manab\u00ed, Leonardo Orlando, recalc\u00f3 su compromiso con organizaciones y ciudadanos del cant\u00f3n Sucre en el \u00e1mbito productivo y acad\u00e9mico. En Charapot\u00f3, en el sector de Bebedero, se reuni\u00f3 con l\u00edderes de 24 comunidades en un di\u00e1logo sobre las necesidades de impulsar la producci\u00f3n agr\u00edcola de la zona. Leonardo Orlando destac\u00f3 el apoyo [&hellip;]","og_url":"https:\/\/www.manabi.gob.ec\/index.php\/prefecto-leonardo-orlando-proyecta-el-desarrollo-del-canton-sucre\/","og_site_name":"Prefectura de Manab\u00ed","article_published_time":"2019-05-23T23:24:39+00:00","author":"admin","twitter_card":"summary_large_image","twitter_misc":{"Escrito por":"admin","Tiempo de lectura":"1 minuto"},"schema":{"@context":"https:\/\/schema.org","@graph":[{"@type":"Article","@id":"https:\/\/www.manabi.gob.ec\/index.php\/prefecto-leonardo-orlando-proyecta-el-desarrollo-del-canton-sucre\/#article","isPartOf":{"@id":"https:\/\/www.manabi.gob.ec\/index.php\/prefecto-leonardo-orlando-proyecta-el-desarrollo-del-canton-sucre\/"},"author":{"name":"admin","@id":"https:\/\/www.manabi.gob.ec\/#\/schema\/person\/cfc71bd68fe2703b779edcc292a49722"},"headline":"Prefecto Leonardo Orlando proyecta el desarrollo del cant\u00f3n Sucre","datePublished":"2019-05-23T23:24:39+00:00","mainEntityOfPage":{"@id":"https:\/\/www.manabi.gob.ec\/index.php\/prefecto-leonardo-orlando-proyecta-el-desarrollo-del-canton-sucre\/"},"wordCount":240,"commentCount":0,"image":{"@id":"https:\/\/www.manabi.gob.ec\/index.php\/prefecto-leonardo-orlando-proyecta-el-desarrollo-del-canton-sucre\/#primaryimage"},"thumbnailUrl":"","articleSection":["Noticias","Todas"],"inLanguage":"es","potentialAction":[{"@type":"CommentAction","name":"Comment","target":["https:\/\/www.manabi.gob.ec\/index.php\/prefecto-leonardo-orlando-proyecta-el-desarrollo-del-canton-sucre\/#respond"]}]},{"@type":"WebPage","@id":"https:\/\/www.manabi.gob.ec\/index.php\/prefecto-leonardo-orlando-proyecta-el-desarrollo-del-canton-sucre\/","url":"https:\/\/www.manabi.gob.ec\/index.php\/prefecto-leonardo-orlando-proyecta-el-desarrollo-del-canton-sucre\/","name":"Prefecto Leonardo Orlando proyecta el desarrollo del cant\u00f3n Sucre - Prefectura de Manab\u00ed","isPartOf":{"@id":"https:\/\/www.manabi.gob.ec\/#website"},"primaryImageOfPage":{"@id":"https:\/\/www.manabi.gob.ec\/index.php\/prefecto-leonardo-orlando-proyecta-el-desarrollo-del-canton-sucre\/#primaryimage"},"image":{"@id":"https:\/\/www.manabi.gob.ec\/index.php\/prefecto-leonardo-orlando-proyecta-el-desarrollo-del-canton-sucre\/#primaryimage"},"thumbnailUrl":"","datePublished":"2019-05-23T23:24:39+00:00","author":{"@id":"https:\/\/www.manabi.gob.ec\/#\/schema\/person\/cfc71bd68fe2703b779edcc292a49722"},"breadcrumb":{"@id":"https:\/\/www.manabi.gob.ec\/index.php\/prefecto-leonardo-orlando-proyecta-el-desarrollo-del-canton-sucre\/#breadcrumb"},"inLanguage":"es","potentialAction":[{"@type":"ReadAction","target":["https:\/\/www.manabi.gob.ec\/index.php\/prefecto-leonardo-orlando-proyecta-el-desarrollo-del-canton-sucre\/"]}]},{"@type":"ImageObject","inLanguage":"es","@id":"https:\/\/www.manabi.gob.ec\/index.php\/prefecto-leonardo-orlando-proyecta-el-desarrollo-del-canton-sucre\/#primaryimage","url":"","contentUrl":""},{"@type":"BreadcrumbList","@id":"https:\/\/www.manabi.gob.ec\/index.php\/prefecto-leonardo-orlando-proyecta-el-desarrollo-del-canton-sucre\/#breadcrumb","itemListElement":[{"@type":"ListItem","position":1,"name":"Portada","item":"https:\/\/www.manabi.gob.ec\/"},{"@type":"ListItem","position":2,"name":"Prefecto Leonardo Orlando proyecta el desarrollo del cant\u00f3n Sucre"}]},{"@type":"WebSite","@id":"https:\/\/www.manabi.gob.ec\/#website","url":"https:\/\/www.manabi.gob.ec\/","name":"Prefectura de Manab\u00ed","description":"P\u00e1gina web de la prefectura","potentialAction":[{"@type":"SearchAction","target":{"@type":"EntryPoint","urlTemplate":"https:\/\/www.manabi.gob.ec\/?s={search_term_string}"},"query-input":{"@type":"PropertyValueSpecification","valueRequired":true,"valueName":"search_term_string"}}],"inLanguage":"es"},{"@type":"Person","@id":"https:\/\/www.manabi.gob.ec\/#\/schema\/person\/cfc71bd68fe2703b779edcc292a49722","name":"admin","image":{"@type":"ImageObject","inLanguage":"es","@id":"https:\/\/secure.gravatar.com\/avatar\/23e9f919492b0a2f65aa168e0d8c5c867ea853b61deffbadf08c7031e15b8d78?s=96&d=mm&r=g","url":"https:\/\/secure.gravatar.com\/avatar\/23e9f919492b0a2f65aa168e0d8c5c867ea853b61deffbadf08c7031e15b8d78?s=96&d=mm&r=g","contentUrl":"https:\/\/secure.gravatar.com\/avatar\/23e9f919492b0a2f65aa168e0d8c5c867ea853b61deffbadf08c7031e15b8d78?s=96&d=mm&r=g","caption":"admin"},"sameAs":["http:\/\/www.manabi.gob.ec"],"url":"https:\/\/www.manabi.gob.ec\/index.php\/author\/admin\/"}]}},"jetpack_featured_media_url":"","_links":{"self":[{"href":"https:\/\/www.manabi.gob.ec\/index.php\/wp-json\/wp\/v2\/posts\/13126","targetHints":{"allow":["GET"]}}],"collection":[{"href":"https:\/\/www.manabi.gob.ec\/index.php\/wp-json\/wp\/v2\/posts"}],"about":[{"href":"https:\/\/www.manabi.gob.ec\/index.php\/wp-json\/wp\/v2\/types\/post"}],"author":[{"embeddable":true,"href":"https:\/\/www.manabi.gob.ec\/index.php\/wp-json\/wp\/v2\/users\/1"}],"replies":[{"embeddable":true,"href":"https:\/\/www.manabi.gob.ec\/index.php\/wp-json\/wp\/v2\/comments?post=13126"}],"version-history":[{"count":0,"href":"https:\/\/www.manabi.gob.ec\/index.php\/wp-json\/wp\/v2\/posts\/13126\/revisions"}],"wp:featuredmedia":[{"embeddable":true,"href":"https:\/\/www.manabi.gob.ec\/index.php\/wp-json\/"}],"wp:attachment":[{"href":"https:\/\/www.manabi.gob.ec\/index.php\/wp-json\/wp\/v2\/media?parent=13126"}],"wp:term":[{"taxonomy":"category","embeddable":true,"href":"https:\/\/www.manabi.gob.ec\/index.php\/wp-json\/wp\/v2\/categories?post=13126"},{"taxonomy":"post_tag","embeddable":true,"href":"https:\/\/www.manabi.gob.ec\/index.php\/wp-json\/wp\/v2\/tags?post=13126"}],"curies":[{"name":"wp","href":"https:\/\/api.w.org\/{rel}","templated":true}]}}