{"id":13130,"date":"2019-05-26T18:35:11","date_gmt":"2019-05-26T23:35:11","guid":{"rendered":"http:\/\/www.manabi.gob.ec\/?p=13130"},"modified":"2019-05-26T18:35:11","modified_gmt":"2019-05-26T23:35:11","slug":"gobierno-de-manabi-inicia-festividades-por-mes-del-manabitismo","status":"publish","type":"post","link":"https:\/\/www.manabi.gob.ec\/index.php\/gobierno-de-manabi-inicia-festividades-por-mes-del-manabitismo\/","title":{"rendered":"GOBIERNO DE MANAB\u00cd INICIA FESTIVIDADES POR MES DEL MANABITISMO"},"content":{"rendered":"\n<p>Este s\u00e1bado 1 de junio, arrancan las festividades por el Mes del Manabitismo, con la izada del estandarte nacional, la bandera de Manab\u00ed y de los 22 cantones de la provincia. El acto se cumplir\u00e1 en Portoviejo, capital provincial, frente a la Plaza de Eloy Alfaro, a las 10h00.<\/p>\n\n\n<p>Este acto estar\u00e1 presidido por el prefecto Leonardo Orlando y la viceprefecta de Manab\u00ed, Kelly Buenaventura, quienes luego del acto c\u00edvico, ofrecer\u00e1n una rueda de prensa en la plaza del parque Eloy Alfaro, para informar sobre la agenda de festividades del Manabitismo. Este a\u00f1o se cumplir\u00e1n 195 a\u00f1os de provincializaci\u00f3n.<\/p>\n\n\n<p>\u201cEste mes sirve m\u00e1s que nunca para unir nuestros esfuerzo y sentimiento de manabitas. En junio recordamos a nuestros h\u00e9roes, nuestra historia provincial y todo aquello que nos define e inspira para luchar por nuestro desarrollo\u201d, dijo el Prefecto.<\/p>\n\n\n<p>\u201cEste mes nos hemos esforzado para tener una agenda c\u00edvica y cultural que llega a todos los 22 cantones de Manab\u00ed. Invito a toda la ciudadan\u00eda a disfrutar en familia de todas las actividades preparadas\u201d, se\u00f1al\u00f3 al explicar que los eventos giran alrededor de cinco ejes: cultura, ambiente, gastronom\u00eda, turismo y emprendimiento.<\/p>\n\n\n<p>Junio fue declarado como \u201cMes del Manabitismo\u201d en marzo del 2004 por la Corporaci\u00f3n Provincial de ese entonces. Y la celebraci\u00f3n de la provincializaci\u00f3n se estableci\u00f3 mediante ordenanza provincial el 2 de junio de 1987.<\/p>\n\n\n<p>El Gobierno de Manab\u00ed desarrollar\u00e1 varias actividades alusivas a esta festividad manabita, como romer\u00eda en homenaje al General Eloy Alfaro, jornadas ambientales, noches y tardes culturales, ferias gastron\u00f3micas, festivales, cabalgatas y m\u00e1s. El evento principal ser\u00e1 la sesi\u00f3n solemne conmemorativa por la provincializaci\u00f3n de Manab\u00ed que se recuerda el 25 de junio.<\/p>\n\n\n<p>Se invita a la ciudadan\u00eda a participar en todos los actos c\u00edvicos, culturales y sociales que se desarrollar\u00e1n durante el mes de junio. Podr\u00e1n conocer la agenda a trav\u00e9s de la cuenta \u201cGobierno de Manab\u00ed\u201d en redes sociales (Twitter, Facebook, instagram, Flicker, Youtube).<\/p>\n","protected":false},"excerpt":{"rendered":"<p>Este s\u00e1bado 1 de junio, arrancan las festividades por el Mes del Manabitismo, con la izada del estandarte nacional, la bandera de Manab\u00ed y de los 22 cantones de la provincia. El acto se cumplir\u00e1 en Portoviejo, capital provincial, frente a la Plaza de Eloy Alfaro, a las 10h00. Este acto estar\u00e1 presidido por el [&hellip;]<\/p>\n","protected":false},"author":1,"featured_media":13131,"comment_status":"open","ping_status":"open","sticky":false,"template":"","format":"standard","meta":{"_joinchat":[],"footnotes":""},"categories":[92,91],"tags":[],"class_list":["post-13130","post","type-post","status-publish","format-standard","has-post-thumbnail","hentry","category-noticias-manabi","category-todas"],"yoast_head":"<!-- This site is optimized with the Yoast SEO plugin v27.4 - https:\/\/yoast.com\/product\/yoast-seo-wordpress\/ -->\n<title>GOBIERNO DE MANAB\u00cd INICIA FESTIVIDADES POR MES DEL MANABITISMO - Prefectura de Manab\u00ed<\/title>\n<meta name=\"robots\" content=\"index, follow, max-snippet:-1, max-image-preview:large, max-video-preview:-1\" \/>\n<link rel=\"canonical\" href=\"https:\/\/www.manabi.gob.ec\/index.php\/gobierno-de-manabi-inicia-festividades-por-mes-del-manabitismo\/\" \/>\n<meta property=\"og:locale\" content=\"es_ES\" \/>\n<meta property=\"og:type\" content=\"article\" \/>\n<meta property=\"og:title\" content=\"GOBIERNO DE MANAB\u00cd INICIA FESTIVIDADES POR MES DEL MANABITISMO - Prefectura de Manab\u00ed\" \/>\n<meta property=\"og:description\" content=\"Este s\u00e1bado 1 de junio, arrancan las festividades por el Mes del Manabitismo, con la izada del estandarte nacional, la bandera de Manab\u00ed y de los 22 cantones de la provincia. El acto se cumplir\u00e1 en Portoviejo, capital provincial, frente a la Plaza de Eloy Alfaro, a las 10h00. Este acto estar\u00e1 presidido por el [&hellip;]\" \/>\n<meta property=\"og:url\" content=\"https:\/\/www.manabi.gob.ec\/index.php\/gobierno-de-manabi-inicia-festividades-por-mes-del-manabitismo\/\" \/>\n<meta property=\"og:site_name\" content=\"Prefectura de Manab\u00ed\" \/>\n<meta property=\"article:published_time\" content=\"2019-05-26T23:35:11+00:00\" \/>\n<meta name=\"author\" content=\"admin\" \/>\n<meta name=\"twitter:card\" content=\"summary_large_image\" \/>\n<meta name=\"twitter:label1\" content=\"Escrito por\" \/>\n\t<meta name=\"twitter:data1\" content=\"admin\" \/>\n\t<meta name=\"twitter:label2\" content=\"Tiempo de lectura\" \/>\n\t<meta name=\"twitter:data2\" content=\"2 minutos\" \/>\n<script type=\"application\/ld+json\" class=\"yoast-schema-graph\">{\"@context\":\"https:\\\/\\\/schema.org\",\"@graph\":[{\"@type\":\"Article\",\"@id\":\"https:\\\/\\\/www.manabi.gob.ec\\\/index.php\\\/gobierno-de-manabi-inicia-festividades-por-mes-del-manabitismo\\\/#article\",\"isPartOf\":{\"@id\":\"https:\\\/\\\/www.manabi.gob.ec\\\/index.php\\\/gobierno-de-manabi-inicia-festividades-por-mes-del-manabitismo\\\/\"},\"author\":{\"name\":\"admin\",\"@id\":\"https:\\\/\\\/www.manabi.gob.ec\\\/#\\\/schema\\\/person\\\/cfc71bd68fe2703b779edcc292a49722\"},\"headline\":\"GOBIERNO DE MANAB\u00cd INICIA FESTIVIDADES POR MES DEL MANABITISMO\",\"datePublished\":\"2019-05-26T23:35:11+00:00\",\"mainEntityOfPage\":{\"@id\":\"https:\\\/\\\/www.manabi.gob.ec\\\/index.php\\\/gobierno-de-manabi-inicia-festividades-por-mes-del-manabitismo\\\/\"},\"wordCount\":347,\"commentCount\":0,\"image\":{\"@id\":\"https:\\\/\\\/www.manabi.gob.ec\\\/index.php\\\/gobierno-de-manabi-inicia-festividades-por-mes-del-manabitismo\\\/#primaryimage\"},\"thumbnailUrl\":\"\",\"articleSection\":[\"Noticias\",\"Todas\"],\"inLanguage\":\"es\",\"potentialAction\":[{\"@type\":\"CommentAction\",\"name\":\"Comment\",\"target\":[\"https:\\\/\\\/www.manabi.gob.ec\\\/index.php\\\/gobierno-de-manabi-inicia-festividades-por-mes-del-manabitismo\\\/#respond\"]}]},{\"@type\":\"WebPage\",\"@id\":\"https:\\\/\\\/www.manabi.gob.ec\\\/index.php\\\/gobierno-de-manabi-inicia-festividades-por-mes-del-manabitismo\\\/\",\"url\":\"https:\\\/\\\/www.manabi.gob.ec\\\/index.php\\\/gobierno-de-manabi-inicia-festividades-por-mes-del-manabitismo\\\/\",\"name\":\"GOBIERNO DE MANAB\u00cd INICIA FESTIVIDADES POR MES DEL MANABITISMO - Prefectura de Manab\u00ed\",\"isPartOf\":{\"@id\":\"https:\\\/\\\/www.manabi.gob.ec\\\/#website\"},\"primaryImageOfPage\":{\"@id\":\"https:\\\/\\\/www.manabi.gob.ec\\\/index.php\\\/gobierno-de-manabi-inicia-festividades-por-mes-del-manabitismo\\\/#primaryimage\"},\"image\":{\"@id\":\"https:\\\/\\\/www.manabi.gob.ec\\\/index.php\\\/gobierno-de-manabi-inicia-festividades-por-mes-del-manabitismo\\\/#primaryimage\"},\"thumbnailUrl\":\"\",\"datePublished\":\"2019-05-26T23:35:11+00:00\",\"author\":{\"@id\":\"https:\\\/\\\/www.manabi.gob.ec\\\/#\\\/schema\\\/person\\\/cfc71bd68fe2703b779edcc292a49722\"},\"breadcrumb\":{\"@id\":\"https:\\\/\\\/www.manabi.gob.ec\\\/index.php\\\/gobierno-de-manabi-inicia-festividades-por-mes-del-manabitismo\\\/#breadcrumb\"},\"inLanguage\":\"es\",\"potentialAction\":[{\"@type\":\"ReadAction\",\"target\":[\"https:\\\/\\\/www.manabi.gob.ec\\\/index.php\\\/gobierno-de-manabi-inicia-festividades-por-mes-del-manabitismo\\\/\"]}]},{\"@type\":\"ImageObject\",\"inLanguage\":\"es\",\"@id\":\"https:\\\/\\\/www.manabi.gob.ec\\\/index.php\\\/gobierno-de-manabi-inicia-festividades-por-mes-del-manabitismo\\\/#primaryimage\",\"url\":\"\",\"contentUrl\":\"\"},{\"@type\":\"BreadcrumbList\",\"@id\":\"https:\\\/\\\/www.manabi.gob.ec\\\/index.php\\\/gobierno-de-manabi-inicia-festividades-por-mes-del-manabitismo\\\/#breadcrumb\",\"itemListElement\":[{\"@type\":\"ListItem\",\"position\":1,\"name\":\"Portada\",\"item\":\"https:\\\/\\\/www.manabi.gob.ec\\\/\"},{\"@type\":\"ListItem\",\"position\":2,\"name\":\"GOBIERNO DE MANAB\u00cd INICIA FESTIVIDADES POR MES DEL MANABITISMO\"}]},{\"@type\":\"WebSite\",\"@id\":\"https:\\\/\\\/www.manabi.gob.ec\\\/#website\",\"url\":\"https:\\\/\\\/www.manabi.gob.ec\\\/\",\"name\":\"Prefectura de Manab\u00ed\",\"description\":\"P\u00e1gina web de la prefectura\",\"potentialAction\":[{\"@type\":\"SearchAction\",\"target\":{\"@type\":\"EntryPoint\",\"urlTemplate\":\"https:\\\/\\\/www.manabi.gob.ec\\\/?s={search_term_string}\"},\"query-input\":{\"@type\":\"PropertyValueSpecification\",\"valueRequired\":true,\"valueName\":\"search_term_string\"}}],\"inLanguage\":\"es\"},{\"@type\":\"Person\",\"@id\":\"https:\\\/\\\/www.manabi.gob.ec\\\/#\\\/schema\\\/person\\\/cfc71bd68fe2703b779edcc292a49722\",\"name\":\"admin\",\"image\":{\"@type\":\"ImageObject\",\"inLanguage\":\"es\",\"@id\":\"https:\\\/\\\/secure.gravatar.com\\\/avatar\\\/23e9f919492b0a2f65aa168e0d8c5c867ea853b61deffbadf08c7031e15b8d78?s=96&d=mm&r=g\",\"url\":\"https:\\\/\\\/secure.gravatar.com\\\/avatar\\\/23e9f919492b0a2f65aa168e0d8c5c867ea853b61deffbadf08c7031e15b8d78?s=96&d=mm&r=g\",\"contentUrl\":\"https:\\\/\\\/secure.gravatar.com\\\/avatar\\\/23e9f919492b0a2f65aa168e0d8c5c867ea853b61deffbadf08c7031e15b8d78?s=96&d=mm&r=g\",\"caption\":\"admin\"},\"sameAs\":[\"http:\\\/\\\/www.manabi.gob.ec\"],\"url\":\"https:\\\/\\\/www.manabi.gob.ec\\\/index.php\\\/author\\\/admin\\\/\"}]}<\/script>\n<!-- \/ Yoast SEO plugin. -->","yoast_head_json":{"title":"GOBIERNO DE MANAB\u00cd INICIA FESTIVIDADES POR MES DEL MANABITISMO - Prefectura de Manab\u00ed","robots":{"index":"index","follow":"follow","max-snippet":"max-snippet:-1","max-image-preview":"max-image-preview:large","max-video-preview":"max-video-preview:-1"},"canonical":"https:\/\/www.manabi.gob.ec\/index.php\/gobierno-de-manabi-inicia-festividades-por-mes-del-manabitismo\/","og_locale":"es_ES","og_type":"article","og_title":"GOBIERNO DE MANAB\u00cd INICIA FESTIVIDADES POR MES DEL MANABITISMO - Prefectura de Manab\u00ed","og_description":"Este s\u00e1bado 1 de junio, arrancan las festividades por el Mes del Manabitismo, con la izada del estandarte nacional, la bandera de Manab\u00ed y de los 22 cantones de la provincia. El acto se cumplir\u00e1 en Portoviejo, capital provincial, frente a la Plaza de Eloy Alfaro, a las 10h00. Este acto estar\u00e1 presidido por el [&hellip;]","og_url":"https:\/\/www.manabi.gob.ec\/index.php\/gobierno-de-manabi-inicia-festividades-por-mes-del-manabitismo\/","og_site_name":"Prefectura de Manab\u00ed","article_published_time":"2019-05-26T23:35:11+00:00","author":"admin","twitter_card":"summary_large_image","twitter_misc":{"Escrito por":"admin","Tiempo de lectura":"2 minutos"},"schema":{"@context":"https:\/\/schema.org","@graph":[{"@type":"Article","@id":"https:\/\/www.manabi.gob.ec\/index.php\/gobierno-de-manabi-inicia-festividades-por-mes-del-manabitismo\/#article","isPartOf":{"@id":"https:\/\/www.manabi.gob.ec\/index.php\/gobierno-de-manabi-inicia-festividades-por-mes-del-manabitismo\/"},"author":{"name":"admin","@id":"https:\/\/www.manabi.gob.ec\/#\/schema\/person\/cfc71bd68fe2703b779edcc292a49722"},"headline":"GOBIERNO DE MANAB\u00cd INICIA FESTIVIDADES POR MES DEL MANABITISMO","datePublished":"2019-05-26T23:35:11+00:00","mainEntityOfPage":{"@id":"https:\/\/www.manabi.gob.ec\/index.php\/gobierno-de-manabi-inicia-festividades-por-mes-del-manabitismo\/"},"wordCount":347,"commentCount":0,"image":{"@id":"https:\/\/www.manabi.gob.ec\/index.php\/gobierno-de-manabi-inicia-festividades-por-mes-del-manabitismo\/#primaryimage"},"thumbnailUrl":"","articleSection":["Noticias","Todas"],"inLanguage":"es","potentialAction":[{"@type":"CommentAction","name":"Comment","target":["https:\/\/www.manabi.gob.ec\/index.php\/gobierno-de-manabi-inicia-festividades-por-mes-del-manabitismo\/#respond"]}]},{"@type":"WebPage","@id":"https:\/\/www.manabi.gob.ec\/index.php\/gobierno-de-manabi-inicia-festividades-por-mes-del-manabitismo\/","url":"https:\/\/www.manabi.gob.ec\/index.php\/gobierno-de-manabi-inicia-festividades-por-mes-del-manabitismo\/","name":"GOBIERNO DE MANAB\u00cd INICIA FESTIVIDADES POR MES DEL MANABITISMO - Prefectura de Manab\u00ed","isPartOf":{"@id":"https:\/\/www.manabi.gob.ec\/#website"},"primaryImageOfPage":{"@id":"https:\/\/www.manabi.gob.ec\/index.php\/gobierno-de-manabi-inicia-festividades-por-mes-del-manabitismo\/#primaryimage"},"image":{"@id":"https:\/\/www.manabi.gob.ec\/index.php\/gobierno-de-manabi-inicia-festividades-por-mes-del-manabitismo\/#primaryimage"},"thumbnailUrl":"","datePublished":"2019-05-26T23:35:11+00:00","author":{"@id":"https:\/\/www.manabi.gob.ec\/#\/schema\/person\/cfc71bd68fe2703b779edcc292a49722"},"breadcrumb":{"@id":"https:\/\/www.manabi.gob.ec\/index.php\/gobierno-de-manabi-inicia-festividades-por-mes-del-manabitismo\/#breadcrumb"},"inLanguage":"es","potentialAction":[{"@type":"ReadAction","target":["https:\/\/www.manabi.gob.ec\/index.php\/gobierno-de-manabi-inicia-festividades-por-mes-del-manabitismo\/"]}]},{"@type":"ImageObject","inLanguage":"es","@id":"https:\/\/www.manabi.gob.ec\/index.php\/gobierno-de-manabi-inicia-festividades-por-mes-del-manabitismo\/#primaryimage","url":"","contentUrl":""},{"@type":"BreadcrumbList","@id":"https:\/\/www.manabi.gob.ec\/index.php\/gobierno-de-manabi-inicia-festividades-por-mes-del-manabitismo\/#breadcrumb","itemListElement":[{"@type":"ListItem","position":1,"name":"Portada","item":"https:\/\/www.manabi.gob.ec\/"},{"@type":"ListItem","position":2,"name":"GOBIERNO DE MANAB\u00cd INICIA FESTIVIDADES POR MES DEL MANABITISMO"}]},{"@type":"WebSite","@id":"https:\/\/www.manabi.gob.ec\/#website","url":"https:\/\/www.manabi.gob.ec\/","name":"Prefectura de Manab\u00ed","description":"P\u00e1gina web de la prefectura","potentialAction":[{"@type":"SearchAction","target":{"@type":"EntryPoint","urlTemplate":"https:\/\/www.manabi.gob.ec\/?s={search_term_string}"},"query-input":{"@type":"PropertyValueSpecification","valueRequired":true,"valueName":"search_term_string"}}],"inLanguage":"es"},{"@type":"Person","@id":"https:\/\/www.manabi.gob.ec\/#\/schema\/person\/cfc71bd68fe2703b779edcc292a49722","name":"admin","image":{"@type":"ImageObject","inLanguage":"es","@id":"https:\/\/secure.gravatar.com\/avatar\/23e9f919492b0a2f65aa168e0d8c5c867ea853b61deffbadf08c7031e15b8d78?s=96&d=mm&r=g","url":"https:\/\/secure.gravatar.com\/avatar\/23e9f919492b0a2f65aa168e0d8c5c867ea853b61deffbadf08c7031e15b8d78?s=96&d=mm&r=g","contentUrl":"https:\/\/secure.gravatar.com\/avatar\/23e9f919492b0a2f65aa168e0d8c5c867ea853b61deffbadf08c7031e15b8d78?s=96&d=mm&r=g","caption":"admin"},"sameAs":["http:\/\/www.manabi.gob.ec"],"url":"https:\/\/www.manabi.gob.ec\/index.php\/author\/admin\/"}]}},"jetpack_featured_media_url":"","_links":{"self":[{"href":"https:\/\/www.manabi.gob.ec\/index.php\/wp-json\/wp\/v2\/posts\/13130","targetHints":{"allow":["GET"]}}],"collection":[{"href":"https:\/\/www.manabi.gob.ec\/index.php\/wp-json\/wp\/v2\/posts"}],"about":[{"href":"https:\/\/www.manabi.gob.ec\/index.php\/wp-json\/wp\/v2\/types\/post"}],"author":[{"embeddable":true,"href":"https:\/\/www.manabi.gob.ec\/index.php\/wp-json\/wp\/v2\/users\/1"}],"replies":[{"embeddable":true,"href":"https:\/\/www.manabi.gob.ec\/index.php\/wp-json\/wp\/v2\/comments?post=13130"}],"version-history":[{"count":0,"href":"https:\/\/www.manabi.gob.ec\/index.php\/wp-json\/wp\/v2\/posts\/13130\/revisions"}],"wp:featuredmedia":[{"embeddable":true,"href":"https:\/\/www.manabi.gob.ec\/index.php\/wp-json\/"}],"wp:attachment":[{"href":"https:\/\/www.manabi.gob.ec\/index.php\/wp-json\/wp\/v2\/media?parent=13130"}],"wp:term":[{"taxonomy":"category","embeddable":true,"href":"https:\/\/www.manabi.gob.ec\/index.php\/wp-json\/wp\/v2\/categories?post=13130"},{"taxonomy":"post_tag","embeddable":true,"href":"https:\/\/www.manabi.gob.ec\/index.php\/wp-json\/wp\/v2\/tags?post=13130"}],"curies":[{"name":"wp","href":"https:\/\/api.w.org\/{rel}","templated":true}]}}