{"id":13134,"date":"2019-06-01T18:49:08","date_gmt":"2019-06-01T23:49:08","guid":{"rendered":"http:\/\/www.manabi.gob.ec\/?p=13134"},"modified":"2019-06-01T18:49:08","modified_gmt":"2019-06-01T23:49:08","slug":"mes-del-manabitismo-llegara-a-los-22-cantones","status":"publish","type":"post","link":"https:\/\/www.manabi.gob.ec\/index.php\/mes-del-manabitismo-llegara-a-los-22-cantones\/","title":{"rendered":"Mes del Manabitismo llegar\u00e1 a los 22 cantones"},"content":{"rendered":"\n<p class=\"has-drop-cap\"> El prefecto Leonardo Orlando realiz\u00f3 este s\u00e1bado 1 de junio el inicio de las actividades por el Mes del Manabitismo. Se present\u00f3 la agenda oficial en un evento c\u00edvico donde se izaron las banderas de todos los cantones. <\/p>\n\n\n<p>La primera autoridad provincial destac\u00f3 que en todos los cantones habr\u00e1 eventos de diversa tem\u00e1tica con los que no solo se espera celebrar y promover la cultura sino dinamizar la econom\u00eda local. \u201cVemos a la cultura desde una perspectiva incluyente y descentralizada\u201d se\u00f1al\u00f3 el Prefecto quien particip\u00f3 del acto junto a la viceprefecta Kelly Buenaventura y otras autoridades en la Plaza Eloy Alfaro de Portoviejo.<\/p>\n\n\n<p> En el acto se realiz\u00f3 un homenaje a los 22 cantones manabitas izando sus banderas y Orlando anunci\u00f3 que para el pr\u00f3ximo a\u00f1o se han puesto como meta que las actividades lleguen a todas las parroquias. Grupos de danza y canto coral de la Casa de la Cultura (N\u00facleo Manab\u00ed) participaron en la actividad que abri\u00f3 los eventos de junio. El evento principal ser\u00e1 la sesi\u00f3n solemne por la provincializaci\u00f3n que se recuerda el pr\u00f3ximo d\u00eda 25. El calendario y noticias sobre el Mes del Manabitismo se difunden en la cuenta \u201cGobierno de Manab\u00ed\u201d en redes sociales (Twitter, Facebook, Instagram, Flickr, YouTube). <\/p>\n","protected":false},"excerpt":{"rendered":"<p>El prefecto Leonardo Orlando realiz\u00f3 este s\u00e1bado 1 de junio el inicio de las actividades por el Mes del Manabitismo. Se present\u00f3 la agenda oficial en un evento c\u00edvico donde se izaron las banderas de todos los cantones. La primera autoridad provincial destac\u00f3 que en todos los cantones habr\u00e1 eventos de diversa tem\u00e1tica con los [&hellip;]<\/p>\n","protected":false},"author":1,"featured_media":13135,"comment_status":"open","ping_status":"open","sticky":false,"template":"","format":"standard","meta":{"_joinchat":[],"footnotes":""},"categories":[92,91],"tags":[],"class_list":["post-13134","post","type-post","status-publish","format-standard","has-post-thumbnail","hentry","category-noticias-manabi","category-todas"],"yoast_head":"<!-- This site is optimized with the Yoast SEO plugin v27.4 - https:\/\/yoast.com\/product\/yoast-seo-wordpress\/ -->\n<title>Mes del Manabitismo llegar\u00e1 a los 22 cantones - Prefectura de Manab\u00ed<\/title>\n<meta name=\"robots\" content=\"index, follow, max-snippet:-1, max-image-preview:large, max-video-preview:-1\" \/>\n<link rel=\"canonical\" href=\"https:\/\/www.manabi.gob.ec\/index.php\/mes-del-manabitismo-llegara-a-los-22-cantones\/\" \/>\n<meta property=\"og:locale\" content=\"es_ES\" \/>\n<meta property=\"og:type\" content=\"article\" \/>\n<meta property=\"og:title\" content=\"Mes del Manabitismo llegar\u00e1 a los 22 cantones - Prefectura de Manab\u00ed\" \/>\n<meta property=\"og:description\" content=\"El prefecto Leonardo Orlando realiz\u00f3 este s\u00e1bado 1 de junio el inicio de las actividades por el Mes del Manabitismo. Se present\u00f3 la agenda oficial en un evento c\u00edvico donde se izaron las banderas de todos los cantones. La primera autoridad provincial destac\u00f3 que en todos los cantones habr\u00e1 eventos de diversa tem\u00e1tica con los [&hellip;]\" \/>\n<meta property=\"og:url\" content=\"https:\/\/www.manabi.gob.ec\/index.php\/mes-del-manabitismo-llegara-a-los-22-cantones\/\" \/>\n<meta property=\"og:site_name\" content=\"Prefectura de Manab\u00ed\" \/>\n<meta property=\"article:published_time\" content=\"2019-06-01T23:49:08+00:00\" \/>\n<meta name=\"author\" content=\"admin\" \/>\n<meta name=\"twitter:card\" content=\"summary_large_image\" \/>\n<meta name=\"twitter:label1\" content=\"Escrito por\" \/>\n\t<meta name=\"twitter:data1\" content=\"admin\" \/>\n\t<meta name=\"twitter:label2\" content=\"Tiempo de lectura\" \/>\n\t<meta name=\"twitter:data2\" content=\"1 minuto\" \/>\n<script type=\"application\/ld+json\" class=\"yoast-schema-graph\">{\"@context\":\"https:\\\/\\\/schema.org\",\"@graph\":[{\"@type\":\"Article\",\"@id\":\"https:\\\/\\\/www.manabi.gob.ec\\\/index.php\\\/mes-del-manabitismo-llegara-a-los-22-cantones\\\/#article\",\"isPartOf\":{\"@id\":\"https:\\\/\\\/www.manabi.gob.ec\\\/index.php\\\/mes-del-manabitismo-llegara-a-los-22-cantones\\\/\"},\"author\":{\"name\":\"admin\",\"@id\":\"https:\\\/\\\/www.manabi.gob.ec\\\/#\\\/schema\\\/person\\\/cfc71bd68fe2703b779edcc292a49722\"},\"headline\":\"Mes del Manabitismo llegar\u00e1 a los 22 cantones\",\"datePublished\":\"2019-06-01T23:49:08+00:00\",\"mainEntityOfPage\":{\"@id\":\"https:\\\/\\\/www.manabi.gob.ec\\\/index.php\\\/mes-del-manabitismo-llegara-a-los-22-cantones\\\/\"},\"wordCount\":221,\"commentCount\":0,\"image\":{\"@id\":\"https:\\\/\\\/www.manabi.gob.ec\\\/index.php\\\/mes-del-manabitismo-llegara-a-los-22-cantones\\\/#primaryimage\"},\"thumbnailUrl\":\"\",\"articleSection\":[\"Noticias\",\"Todas\"],\"inLanguage\":\"es\",\"potentialAction\":[{\"@type\":\"CommentAction\",\"name\":\"Comment\",\"target\":[\"https:\\\/\\\/www.manabi.gob.ec\\\/index.php\\\/mes-del-manabitismo-llegara-a-los-22-cantones\\\/#respond\"]}]},{\"@type\":\"WebPage\",\"@id\":\"https:\\\/\\\/www.manabi.gob.ec\\\/index.php\\\/mes-del-manabitismo-llegara-a-los-22-cantones\\\/\",\"url\":\"https:\\\/\\\/www.manabi.gob.ec\\\/index.php\\\/mes-del-manabitismo-llegara-a-los-22-cantones\\\/\",\"name\":\"Mes del Manabitismo llegar\u00e1 a los 22 cantones - Prefectura de Manab\u00ed\",\"isPartOf\":{\"@id\":\"https:\\\/\\\/www.manabi.gob.ec\\\/#website\"},\"primaryImageOfPage\":{\"@id\":\"https:\\\/\\\/www.manabi.gob.ec\\\/index.php\\\/mes-del-manabitismo-llegara-a-los-22-cantones\\\/#primaryimage\"},\"image\":{\"@id\":\"https:\\\/\\\/www.manabi.gob.ec\\\/index.php\\\/mes-del-manabitismo-llegara-a-los-22-cantones\\\/#primaryimage\"},\"thumbnailUrl\":\"\",\"datePublished\":\"2019-06-01T23:49:08+00:00\",\"author\":{\"@id\":\"https:\\\/\\\/www.manabi.gob.ec\\\/#\\\/schema\\\/person\\\/cfc71bd68fe2703b779edcc292a49722\"},\"breadcrumb\":{\"@id\":\"https:\\\/\\\/www.manabi.gob.ec\\\/index.php\\\/mes-del-manabitismo-llegara-a-los-22-cantones\\\/#breadcrumb\"},\"inLanguage\":\"es\",\"potentialAction\":[{\"@type\":\"ReadAction\",\"target\":[\"https:\\\/\\\/www.manabi.gob.ec\\\/index.php\\\/mes-del-manabitismo-llegara-a-los-22-cantones\\\/\"]}]},{\"@type\":\"ImageObject\",\"inLanguage\":\"es\",\"@id\":\"https:\\\/\\\/www.manabi.gob.ec\\\/index.php\\\/mes-del-manabitismo-llegara-a-los-22-cantones\\\/#primaryimage\",\"url\":\"\",\"contentUrl\":\"\"},{\"@type\":\"BreadcrumbList\",\"@id\":\"https:\\\/\\\/www.manabi.gob.ec\\\/index.php\\\/mes-del-manabitismo-llegara-a-los-22-cantones\\\/#breadcrumb\",\"itemListElement\":[{\"@type\":\"ListItem\",\"position\":1,\"name\":\"Portada\",\"item\":\"https:\\\/\\\/www.manabi.gob.ec\\\/\"},{\"@type\":\"ListItem\",\"position\":2,\"name\":\"Mes del Manabitismo llegar\u00e1 a los 22 cantones\"}]},{\"@type\":\"WebSite\",\"@id\":\"https:\\\/\\\/www.manabi.gob.ec\\\/#website\",\"url\":\"https:\\\/\\\/www.manabi.gob.ec\\\/\",\"name\":\"Prefectura de Manab\u00ed\",\"description\":\"P\u00e1gina web de la prefectura\",\"potentialAction\":[{\"@type\":\"SearchAction\",\"target\":{\"@type\":\"EntryPoint\",\"urlTemplate\":\"https:\\\/\\\/www.manabi.gob.ec\\\/?s={search_term_string}\"},\"query-input\":{\"@type\":\"PropertyValueSpecification\",\"valueRequired\":true,\"valueName\":\"search_term_string\"}}],\"inLanguage\":\"es\"},{\"@type\":\"Person\",\"@id\":\"https:\\\/\\\/www.manabi.gob.ec\\\/#\\\/schema\\\/person\\\/cfc71bd68fe2703b779edcc292a49722\",\"name\":\"admin\",\"image\":{\"@type\":\"ImageObject\",\"inLanguage\":\"es\",\"@id\":\"https:\\\/\\\/secure.gravatar.com\\\/avatar\\\/23e9f919492b0a2f65aa168e0d8c5c867ea853b61deffbadf08c7031e15b8d78?s=96&d=mm&r=g\",\"url\":\"https:\\\/\\\/secure.gravatar.com\\\/avatar\\\/23e9f919492b0a2f65aa168e0d8c5c867ea853b61deffbadf08c7031e15b8d78?s=96&d=mm&r=g\",\"contentUrl\":\"https:\\\/\\\/secure.gravatar.com\\\/avatar\\\/23e9f919492b0a2f65aa168e0d8c5c867ea853b61deffbadf08c7031e15b8d78?s=96&d=mm&r=g\",\"caption\":\"admin\"},\"sameAs\":[\"http:\\\/\\\/www.manabi.gob.ec\"],\"url\":\"https:\\\/\\\/www.manabi.gob.ec\\\/index.php\\\/author\\\/admin\\\/\"}]}<\/script>\n<!-- \/ Yoast SEO plugin. -->","yoast_head_json":{"title":"Mes del Manabitismo llegar\u00e1 a los 22 cantones - Prefectura de Manab\u00ed","robots":{"index":"index","follow":"follow","max-snippet":"max-snippet:-1","max-image-preview":"max-image-preview:large","max-video-preview":"max-video-preview:-1"},"canonical":"https:\/\/www.manabi.gob.ec\/index.php\/mes-del-manabitismo-llegara-a-los-22-cantones\/","og_locale":"es_ES","og_type":"article","og_title":"Mes del Manabitismo llegar\u00e1 a los 22 cantones - Prefectura de Manab\u00ed","og_description":"El prefecto Leonardo Orlando realiz\u00f3 este s\u00e1bado 1 de junio el inicio de las actividades por el Mes del Manabitismo. Se present\u00f3 la agenda oficial en un evento c\u00edvico donde se izaron las banderas de todos los cantones. La primera autoridad provincial destac\u00f3 que en todos los cantones habr\u00e1 eventos de diversa tem\u00e1tica con los [&hellip;]","og_url":"https:\/\/www.manabi.gob.ec\/index.php\/mes-del-manabitismo-llegara-a-los-22-cantones\/","og_site_name":"Prefectura de Manab\u00ed","article_published_time":"2019-06-01T23:49:08+00:00","author":"admin","twitter_card":"summary_large_image","twitter_misc":{"Escrito por":"admin","Tiempo de lectura":"1 minuto"},"schema":{"@context":"https:\/\/schema.org","@graph":[{"@type":"Article","@id":"https:\/\/www.manabi.gob.ec\/index.php\/mes-del-manabitismo-llegara-a-los-22-cantones\/#article","isPartOf":{"@id":"https:\/\/www.manabi.gob.ec\/index.php\/mes-del-manabitismo-llegara-a-los-22-cantones\/"},"author":{"name":"admin","@id":"https:\/\/www.manabi.gob.ec\/#\/schema\/person\/cfc71bd68fe2703b779edcc292a49722"},"headline":"Mes del Manabitismo llegar\u00e1 a los 22 cantones","datePublished":"2019-06-01T23:49:08+00:00","mainEntityOfPage":{"@id":"https:\/\/www.manabi.gob.ec\/index.php\/mes-del-manabitismo-llegara-a-los-22-cantones\/"},"wordCount":221,"commentCount":0,"image":{"@id":"https:\/\/www.manabi.gob.ec\/index.php\/mes-del-manabitismo-llegara-a-los-22-cantones\/#primaryimage"},"thumbnailUrl":"","articleSection":["Noticias","Todas"],"inLanguage":"es","potentialAction":[{"@type":"CommentAction","name":"Comment","target":["https:\/\/www.manabi.gob.ec\/index.php\/mes-del-manabitismo-llegara-a-los-22-cantones\/#respond"]}]},{"@type":"WebPage","@id":"https:\/\/www.manabi.gob.ec\/index.php\/mes-del-manabitismo-llegara-a-los-22-cantones\/","url":"https:\/\/www.manabi.gob.ec\/index.php\/mes-del-manabitismo-llegara-a-los-22-cantones\/","name":"Mes del Manabitismo llegar\u00e1 a los 22 cantones - Prefectura de Manab\u00ed","isPartOf":{"@id":"https:\/\/www.manabi.gob.ec\/#website"},"primaryImageOfPage":{"@id":"https:\/\/www.manabi.gob.ec\/index.php\/mes-del-manabitismo-llegara-a-los-22-cantones\/#primaryimage"},"image":{"@id":"https:\/\/www.manabi.gob.ec\/index.php\/mes-del-manabitismo-llegara-a-los-22-cantones\/#primaryimage"},"thumbnailUrl":"","datePublished":"2019-06-01T23:49:08+00:00","author":{"@id":"https:\/\/www.manabi.gob.ec\/#\/schema\/person\/cfc71bd68fe2703b779edcc292a49722"},"breadcrumb":{"@id":"https:\/\/www.manabi.gob.ec\/index.php\/mes-del-manabitismo-llegara-a-los-22-cantones\/#breadcrumb"},"inLanguage":"es","potentialAction":[{"@type":"ReadAction","target":["https:\/\/www.manabi.gob.ec\/index.php\/mes-del-manabitismo-llegara-a-los-22-cantones\/"]}]},{"@type":"ImageObject","inLanguage":"es","@id":"https:\/\/www.manabi.gob.ec\/index.php\/mes-del-manabitismo-llegara-a-los-22-cantones\/#primaryimage","url":"","contentUrl":""},{"@type":"BreadcrumbList","@id":"https:\/\/www.manabi.gob.ec\/index.php\/mes-del-manabitismo-llegara-a-los-22-cantones\/#breadcrumb","itemListElement":[{"@type":"ListItem","position":1,"name":"Portada","item":"https:\/\/www.manabi.gob.ec\/"},{"@type":"ListItem","position":2,"name":"Mes del Manabitismo llegar\u00e1 a los 22 cantones"}]},{"@type":"WebSite","@id":"https:\/\/www.manabi.gob.ec\/#website","url":"https:\/\/www.manabi.gob.ec\/","name":"Prefectura de Manab\u00ed","description":"P\u00e1gina web de la prefectura","potentialAction":[{"@type":"SearchAction","target":{"@type":"EntryPoint","urlTemplate":"https:\/\/www.manabi.gob.ec\/?s={search_term_string}"},"query-input":{"@type":"PropertyValueSpecification","valueRequired":true,"valueName":"search_term_string"}}],"inLanguage":"es"},{"@type":"Person","@id":"https:\/\/www.manabi.gob.ec\/#\/schema\/person\/cfc71bd68fe2703b779edcc292a49722","name":"admin","image":{"@type":"ImageObject","inLanguage":"es","@id":"https:\/\/secure.gravatar.com\/avatar\/23e9f919492b0a2f65aa168e0d8c5c867ea853b61deffbadf08c7031e15b8d78?s=96&d=mm&r=g","url":"https:\/\/secure.gravatar.com\/avatar\/23e9f919492b0a2f65aa168e0d8c5c867ea853b61deffbadf08c7031e15b8d78?s=96&d=mm&r=g","contentUrl":"https:\/\/secure.gravatar.com\/avatar\/23e9f919492b0a2f65aa168e0d8c5c867ea853b61deffbadf08c7031e15b8d78?s=96&d=mm&r=g","caption":"admin"},"sameAs":["http:\/\/www.manabi.gob.ec"],"url":"https:\/\/www.manabi.gob.ec\/index.php\/author\/admin\/"}]}},"jetpack_featured_media_url":"","_links":{"self":[{"href":"https:\/\/www.manabi.gob.ec\/index.php\/wp-json\/wp\/v2\/posts\/13134","targetHints":{"allow":["GET"]}}],"collection":[{"href":"https:\/\/www.manabi.gob.ec\/index.php\/wp-json\/wp\/v2\/posts"}],"about":[{"href":"https:\/\/www.manabi.gob.ec\/index.php\/wp-json\/wp\/v2\/types\/post"}],"author":[{"embeddable":true,"href":"https:\/\/www.manabi.gob.ec\/index.php\/wp-json\/wp\/v2\/users\/1"}],"replies":[{"embeddable":true,"href":"https:\/\/www.manabi.gob.ec\/index.php\/wp-json\/wp\/v2\/comments?post=13134"}],"version-history":[{"count":0,"href":"https:\/\/www.manabi.gob.ec\/index.php\/wp-json\/wp\/v2\/posts\/13134\/revisions"}],"wp:featuredmedia":[{"embeddable":true,"href":"https:\/\/www.manabi.gob.ec\/index.php\/wp-json\/"}],"wp:attachment":[{"href":"https:\/\/www.manabi.gob.ec\/index.php\/wp-json\/wp\/v2\/media?parent=13134"}],"wp:term":[{"taxonomy":"category","embeddable":true,"href":"https:\/\/www.manabi.gob.ec\/index.php\/wp-json\/wp\/v2\/categories?post=13134"},{"taxonomy":"post_tag","embeddable":true,"href":"https:\/\/www.manabi.gob.ec\/index.php\/wp-json\/wp\/v2\/tags?post=13134"}],"curies":[{"name":"wp","href":"https:\/\/api.w.org\/{rel}","templated":true}]}}