{"id":13147,"date":"2019-06-20T19:20:07","date_gmt":"2019-06-21T00:20:07","guid":{"rendered":"http:\/\/www.manabi.gob.ec\/?p=13147"},"modified":"2019-06-20T19:20:07","modified_gmt":"2019-06-21T00:20:07","slug":"prefecto-destaco-importancia-del-festival-provincial-del-maiz","status":"publish","type":"post","link":"https:\/\/www.manabi.gob.ec\/index.php\/prefecto-destaco-importancia-del-festival-provincial-del-maiz\/","title":{"rendered":"PREFECTO DESTAC\u00d3 IMPORTANCIA DEL FESTIVAL PROVINCIAL DEL MAIZ"},"content":{"rendered":"\n<p class=\"has-drop-cap\">Once comunidades del sector La Laguna de la parroquia Charapot\u00f3 fueron las protagonistas del Tercer Festival Provincial del Ma\u00edz, acto al que asisti\u00f3 el prefecto, Leonardo Orlando, quien destac\u00f3 la importancia del evento porque no solo atrae el turismo sino que mueve la econom\u00eda de los pueblos, dijo.<\/p>\n\n\n<p>\u201cAmigos de La Laguna, Charapot\u00f3 del cant\u00f3n Sucre, les felicito por esta organizaci\u00f3n\u201d manifest\u00f3, y se refiri\u00f3 especialmente a los dirigentes que durante tres a\u00f1os consecutivos han hecho posible este festival de importancia para la provincia.<\/p>\n\n\n<p>Asegur\u00f3 que desde la Prefectura se apoyar\u00e1 a todos los actos y actividades que ayuden a fortalecer la actividad productiva de la provincia, \u201cCuenten con nuestro contingente, para arrimar el hombro en todos los eventos que ayuden a fortalecer la producci\u00f3n\u201d.<\/p>\n\n\n<p>Durante el Festival se escogi\u00f3 al mejor plato t\u00edpico manabita, y la Reina de la III Feria Provincial del Ma\u00edz, elecci\u00f3n del que fue jurado el Prefecto manabita.<\/p>\n\n\n<p>El festival, es parte de la agenda por el Mes del Manabitismo, y se desarroll\u00f3 el pasado 8 de junio. Cont\u00f3 con el apoyo del Gobierno Provincial de Manab\u00ed e instituciones y programas del Estado.<\/p>\n","protected":false},"excerpt":{"rendered":"<p>Once comunidades del sector La Laguna de la parroquia Charapot\u00f3 fueron las protagonistas del Tercer Festival Provincial del Ma\u00edz, acto al que asisti\u00f3 el prefecto, Leonardo Orlando, quien destac\u00f3 la importancia del evento porque no solo atrae el turismo sino que mueve la econom\u00eda de los pueblos, dijo. \u201cAmigos de La Laguna, Charapot\u00f3 del cant\u00f3n [&hellip;]<\/p>\n","protected":false},"author":1,"featured_media":13148,"comment_status":"open","ping_status":"open","sticky":false,"template":"","format":"standard","meta":{"_joinchat":[],"footnotes":""},"categories":[92,91],"tags":[],"class_list":["post-13147","post","type-post","status-publish","format-standard","has-post-thumbnail","hentry","category-noticias-manabi","category-todas"],"yoast_head":"<!-- This site is optimized with the Yoast SEO plugin v27.4 - https:\/\/yoast.com\/product\/yoast-seo-wordpress\/ -->\n<title>PREFECTO DESTAC\u00d3 IMPORTANCIA DEL FESTIVAL PROVINCIAL DEL MAIZ - Prefectura de Manab\u00ed<\/title>\n<meta name=\"robots\" content=\"index, follow, max-snippet:-1, max-image-preview:large, max-video-preview:-1\" \/>\n<link rel=\"canonical\" href=\"https:\/\/www.manabi.gob.ec\/index.php\/prefecto-destaco-importancia-del-festival-provincial-del-maiz\/\" \/>\n<meta property=\"og:locale\" content=\"es_ES\" \/>\n<meta property=\"og:type\" content=\"article\" \/>\n<meta property=\"og:title\" content=\"PREFECTO DESTAC\u00d3 IMPORTANCIA DEL FESTIVAL PROVINCIAL DEL MAIZ - Prefectura de Manab\u00ed\" \/>\n<meta property=\"og:description\" content=\"Once comunidades del sector La Laguna de la parroquia Charapot\u00f3 fueron las protagonistas del Tercer Festival Provincial del Ma\u00edz, acto al que asisti\u00f3 el prefecto, Leonardo Orlando, quien destac\u00f3 la importancia del evento porque no solo atrae el turismo sino que mueve la econom\u00eda de los pueblos, dijo. \u201cAmigos de La Laguna, Charapot\u00f3 del cant\u00f3n [&hellip;]\" \/>\n<meta property=\"og:url\" content=\"https:\/\/www.manabi.gob.ec\/index.php\/prefecto-destaco-importancia-del-festival-provincial-del-maiz\/\" \/>\n<meta property=\"og:site_name\" content=\"Prefectura de Manab\u00ed\" \/>\n<meta property=\"article:published_time\" content=\"2019-06-21T00:20:07+00:00\" \/>\n<meta name=\"author\" content=\"admin\" \/>\n<meta name=\"twitter:card\" content=\"summary_large_image\" \/>\n<meta name=\"twitter:label1\" content=\"Escrito por\" \/>\n\t<meta name=\"twitter:data1\" content=\"admin\" \/>\n\t<meta name=\"twitter:label2\" content=\"Tiempo de lectura\" \/>\n\t<meta name=\"twitter:data2\" content=\"1 minuto\" \/>\n<script type=\"application\/ld+json\" class=\"yoast-schema-graph\">{\"@context\":\"https:\\\/\\\/schema.org\",\"@graph\":[{\"@type\":\"Article\",\"@id\":\"https:\\\/\\\/www.manabi.gob.ec\\\/index.php\\\/prefecto-destaco-importancia-del-festival-provincial-del-maiz\\\/#article\",\"isPartOf\":{\"@id\":\"https:\\\/\\\/www.manabi.gob.ec\\\/index.php\\\/prefecto-destaco-importancia-del-festival-provincial-del-maiz\\\/\"},\"author\":{\"name\":\"admin\",\"@id\":\"https:\\\/\\\/www.manabi.gob.ec\\\/#\\\/schema\\\/person\\\/cfc71bd68fe2703b779edcc292a49722\"},\"headline\":\"PREFECTO DESTAC\u00d3 IMPORTANCIA DEL FESTIVAL PROVINCIAL DEL MAIZ\",\"datePublished\":\"2019-06-21T00:20:07+00:00\",\"mainEntityOfPage\":{\"@id\":\"https:\\\/\\\/www.manabi.gob.ec\\\/index.php\\\/prefecto-destaco-importancia-del-festival-provincial-del-maiz\\\/\"},\"wordCount\":204,\"commentCount\":0,\"image\":{\"@id\":\"https:\\\/\\\/www.manabi.gob.ec\\\/index.php\\\/prefecto-destaco-importancia-del-festival-provincial-del-maiz\\\/#primaryimage\"},\"thumbnailUrl\":\"\",\"articleSection\":[\"Noticias\",\"Todas\"],\"inLanguage\":\"es\",\"potentialAction\":[{\"@type\":\"CommentAction\",\"name\":\"Comment\",\"target\":[\"https:\\\/\\\/www.manabi.gob.ec\\\/index.php\\\/prefecto-destaco-importancia-del-festival-provincial-del-maiz\\\/#respond\"]}]},{\"@type\":\"WebPage\",\"@id\":\"https:\\\/\\\/www.manabi.gob.ec\\\/index.php\\\/prefecto-destaco-importancia-del-festival-provincial-del-maiz\\\/\",\"url\":\"https:\\\/\\\/www.manabi.gob.ec\\\/index.php\\\/prefecto-destaco-importancia-del-festival-provincial-del-maiz\\\/\",\"name\":\"PREFECTO DESTAC\u00d3 IMPORTANCIA DEL FESTIVAL PROVINCIAL DEL MAIZ - Prefectura de Manab\u00ed\",\"isPartOf\":{\"@id\":\"https:\\\/\\\/www.manabi.gob.ec\\\/#website\"},\"primaryImageOfPage\":{\"@id\":\"https:\\\/\\\/www.manabi.gob.ec\\\/index.php\\\/prefecto-destaco-importancia-del-festival-provincial-del-maiz\\\/#primaryimage\"},\"image\":{\"@id\":\"https:\\\/\\\/www.manabi.gob.ec\\\/index.php\\\/prefecto-destaco-importancia-del-festival-provincial-del-maiz\\\/#primaryimage\"},\"thumbnailUrl\":\"\",\"datePublished\":\"2019-06-21T00:20:07+00:00\",\"author\":{\"@id\":\"https:\\\/\\\/www.manabi.gob.ec\\\/#\\\/schema\\\/person\\\/cfc71bd68fe2703b779edcc292a49722\"},\"breadcrumb\":{\"@id\":\"https:\\\/\\\/www.manabi.gob.ec\\\/index.php\\\/prefecto-destaco-importancia-del-festival-provincial-del-maiz\\\/#breadcrumb\"},\"inLanguage\":\"es\",\"potentialAction\":[{\"@type\":\"ReadAction\",\"target\":[\"https:\\\/\\\/www.manabi.gob.ec\\\/index.php\\\/prefecto-destaco-importancia-del-festival-provincial-del-maiz\\\/\"]}]},{\"@type\":\"ImageObject\",\"inLanguage\":\"es\",\"@id\":\"https:\\\/\\\/www.manabi.gob.ec\\\/index.php\\\/prefecto-destaco-importancia-del-festival-provincial-del-maiz\\\/#primaryimage\",\"url\":\"\",\"contentUrl\":\"\"},{\"@type\":\"BreadcrumbList\",\"@id\":\"https:\\\/\\\/www.manabi.gob.ec\\\/index.php\\\/prefecto-destaco-importancia-del-festival-provincial-del-maiz\\\/#breadcrumb\",\"itemListElement\":[{\"@type\":\"ListItem\",\"position\":1,\"name\":\"Portada\",\"item\":\"https:\\\/\\\/www.manabi.gob.ec\\\/\"},{\"@type\":\"ListItem\",\"position\":2,\"name\":\"PREFECTO DESTAC\u00d3 IMPORTANCIA DEL FESTIVAL PROVINCIAL DEL MAIZ\"}]},{\"@type\":\"WebSite\",\"@id\":\"https:\\\/\\\/www.manabi.gob.ec\\\/#website\",\"url\":\"https:\\\/\\\/www.manabi.gob.ec\\\/\",\"name\":\"Prefectura de Manab\u00ed\",\"description\":\"P\u00e1gina web de la prefectura\",\"potentialAction\":[{\"@type\":\"SearchAction\",\"target\":{\"@type\":\"EntryPoint\",\"urlTemplate\":\"https:\\\/\\\/www.manabi.gob.ec\\\/?s={search_term_string}\"},\"query-input\":{\"@type\":\"PropertyValueSpecification\",\"valueRequired\":true,\"valueName\":\"search_term_string\"}}],\"inLanguage\":\"es\"},{\"@type\":\"Person\",\"@id\":\"https:\\\/\\\/www.manabi.gob.ec\\\/#\\\/schema\\\/person\\\/cfc71bd68fe2703b779edcc292a49722\",\"name\":\"admin\",\"image\":{\"@type\":\"ImageObject\",\"inLanguage\":\"es\",\"@id\":\"https:\\\/\\\/secure.gravatar.com\\\/avatar\\\/23e9f919492b0a2f65aa168e0d8c5c867ea853b61deffbadf08c7031e15b8d78?s=96&d=mm&r=g\",\"url\":\"https:\\\/\\\/secure.gravatar.com\\\/avatar\\\/23e9f919492b0a2f65aa168e0d8c5c867ea853b61deffbadf08c7031e15b8d78?s=96&d=mm&r=g\",\"contentUrl\":\"https:\\\/\\\/secure.gravatar.com\\\/avatar\\\/23e9f919492b0a2f65aa168e0d8c5c867ea853b61deffbadf08c7031e15b8d78?s=96&d=mm&r=g\",\"caption\":\"admin\"},\"sameAs\":[\"http:\\\/\\\/www.manabi.gob.ec\"],\"url\":\"https:\\\/\\\/www.manabi.gob.ec\\\/index.php\\\/author\\\/admin\\\/\"}]}<\/script>\n<!-- \/ Yoast SEO plugin. -->","yoast_head_json":{"title":"PREFECTO DESTAC\u00d3 IMPORTANCIA DEL FESTIVAL PROVINCIAL DEL MAIZ - Prefectura de Manab\u00ed","robots":{"index":"index","follow":"follow","max-snippet":"max-snippet:-1","max-image-preview":"max-image-preview:large","max-video-preview":"max-video-preview:-1"},"canonical":"https:\/\/www.manabi.gob.ec\/index.php\/prefecto-destaco-importancia-del-festival-provincial-del-maiz\/","og_locale":"es_ES","og_type":"article","og_title":"PREFECTO DESTAC\u00d3 IMPORTANCIA DEL FESTIVAL PROVINCIAL DEL MAIZ - Prefectura de Manab\u00ed","og_description":"Once comunidades del sector La Laguna de la parroquia Charapot\u00f3 fueron las protagonistas del Tercer Festival Provincial del Ma\u00edz, acto al que asisti\u00f3 el prefecto, Leonardo Orlando, quien destac\u00f3 la importancia del evento porque no solo atrae el turismo sino que mueve la econom\u00eda de los pueblos, dijo. \u201cAmigos de La Laguna, Charapot\u00f3 del cant\u00f3n [&hellip;]","og_url":"https:\/\/www.manabi.gob.ec\/index.php\/prefecto-destaco-importancia-del-festival-provincial-del-maiz\/","og_site_name":"Prefectura de Manab\u00ed","article_published_time":"2019-06-21T00:20:07+00:00","author":"admin","twitter_card":"summary_large_image","twitter_misc":{"Escrito por":"admin","Tiempo de lectura":"1 minuto"},"schema":{"@context":"https:\/\/schema.org","@graph":[{"@type":"Article","@id":"https:\/\/www.manabi.gob.ec\/index.php\/prefecto-destaco-importancia-del-festival-provincial-del-maiz\/#article","isPartOf":{"@id":"https:\/\/www.manabi.gob.ec\/index.php\/prefecto-destaco-importancia-del-festival-provincial-del-maiz\/"},"author":{"name":"admin","@id":"https:\/\/www.manabi.gob.ec\/#\/schema\/person\/cfc71bd68fe2703b779edcc292a49722"},"headline":"PREFECTO DESTAC\u00d3 IMPORTANCIA DEL FESTIVAL PROVINCIAL DEL MAIZ","datePublished":"2019-06-21T00:20:07+00:00","mainEntityOfPage":{"@id":"https:\/\/www.manabi.gob.ec\/index.php\/prefecto-destaco-importancia-del-festival-provincial-del-maiz\/"},"wordCount":204,"commentCount":0,"image":{"@id":"https:\/\/www.manabi.gob.ec\/index.php\/prefecto-destaco-importancia-del-festival-provincial-del-maiz\/#primaryimage"},"thumbnailUrl":"","articleSection":["Noticias","Todas"],"inLanguage":"es","potentialAction":[{"@type":"CommentAction","name":"Comment","target":["https:\/\/www.manabi.gob.ec\/index.php\/prefecto-destaco-importancia-del-festival-provincial-del-maiz\/#respond"]}]},{"@type":"WebPage","@id":"https:\/\/www.manabi.gob.ec\/index.php\/prefecto-destaco-importancia-del-festival-provincial-del-maiz\/","url":"https:\/\/www.manabi.gob.ec\/index.php\/prefecto-destaco-importancia-del-festival-provincial-del-maiz\/","name":"PREFECTO DESTAC\u00d3 IMPORTANCIA DEL FESTIVAL PROVINCIAL DEL MAIZ - Prefectura de Manab\u00ed","isPartOf":{"@id":"https:\/\/www.manabi.gob.ec\/#website"},"primaryImageOfPage":{"@id":"https:\/\/www.manabi.gob.ec\/index.php\/prefecto-destaco-importancia-del-festival-provincial-del-maiz\/#primaryimage"},"image":{"@id":"https:\/\/www.manabi.gob.ec\/index.php\/prefecto-destaco-importancia-del-festival-provincial-del-maiz\/#primaryimage"},"thumbnailUrl":"","datePublished":"2019-06-21T00:20:07+00:00","author":{"@id":"https:\/\/www.manabi.gob.ec\/#\/schema\/person\/cfc71bd68fe2703b779edcc292a49722"},"breadcrumb":{"@id":"https:\/\/www.manabi.gob.ec\/index.php\/prefecto-destaco-importancia-del-festival-provincial-del-maiz\/#breadcrumb"},"inLanguage":"es","potentialAction":[{"@type":"ReadAction","target":["https:\/\/www.manabi.gob.ec\/index.php\/prefecto-destaco-importancia-del-festival-provincial-del-maiz\/"]}]},{"@type":"ImageObject","inLanguage":"es","@id":"https:\/\/www.manabi.gob.ec\/index.php\/prefecto-destaco-importancia-del-festival-provincial-del-maiz\/#primaryimage","url":"","contentUrl":""},{"@type":"BreadcrumbList","@id":"https:\/\/www.manabi.gob.ec\/index.php\/prefecto-destaco-importancia-del-festival-provincial-del-maiz\/#breadcrumb","itemListElement":[{"@type":"ListItem","position":1,"name":"Portada","item":"https:\/\/www.manabi.gob.ec\/"},{"@type":"ListItem","position":2,"name":"PREFECTO DESTAC\u00d3 IMPORTANCIA DEL FESTIVAL PROVINCIAL DEL MAIZ"}]},{"@type":"WebSite","@id":"https:\/\/www.manabi.gob.ec\/#website","url":"https:\/\/www.manabi.gob.ec\/","name":"Prefectura de Manab\u00ed","description":"P\u00e1gina web de la prefectura","potentialAction":[{"@type":"SearchAction","target":{"@type":"EntryPoint","urlTemplate":"https:\/\/www.manabi.gob.ec\/?s={search_term_string}"},"query-input":{"@type":"PropertyValueSpecification","valueRequired":true,"valueName":"search_term_string"}}],"inLanguage":"es"},{"@type":"Person","@id":"https:\/\/www.manabi.gob.ec\/#\/schema\/person\/cfc71bd68fe2703b779edcc292a49722","name":"admin","image":{"@type":"ImageObject","inLanguage":"es","@id":"https:\/\/secure.gravatar.com\/avatar\/23e9f919492b0a2f65aa168e0d8c5c867ea853b61deffbadf08c7031e15b8d78?s=96&d=mm&r=g","url":"https:\/\/secure.gravatar.com\/avatar\/23e9f919492b0a2f65aa168e0d8c5c867ea853b61deffbadf08c7031e15b8d78?s=96&d=mm&r=g","contentUrl":"https:\/\/secure.gravatar.com\/avatar\/23e9f919492b0a2f65aa168e0d8c5c867ea853b61deffbadf08c7031e15b8d78?s=96&d=mm&r=g","caption":"admin"},"sameAs":["http:\/\/www.manabi.gob.ec"],"url":"https:\/\/www.manabi.gob.ec\/index.php\/author\/admin\/"}]}},"jetpack_featured_media_url":"","_links":{"self":[{"href":"https:\/\/www.manabi.gob.ec\/index.php\/wp-json\/wp\/v2\/posts\/13147","targetHints":{"allow":["GET"]}}],"collection":[{"href":"https:\/\/www.manabi.gob.ec\/index.php\/wp-json\/wp\/v2\/posts"}],"about":[{"href":"https:\/\/www.manabi.gob.ec\/index.php\/wp-json\/wp\/v2\/types\/post"}],"author":[{"embeddable":true,"href":"https:\/\/www.manabi.gob.ec\/index.php\/wp-json\/wp\/v2\/users\/1"}],"replies":[{"embeddable":true,"href":"https:\/\/www.manabi.gob.ec\/index.php\/wp-json\/wp\/v2\/comments?post=13147"}],"version-history":[{"count":0,"href":"https:\/\/www.manabi.gob.ec\/index.php\/wp-json\/wp\/v2\/posts\/13147\/revisions"}],"wp:featuredmedia":[{"embeddable":true,"href":"https:\/\/www.manabi.gob.ec\/index.php\/wp-json\/"}],"wp:attachment":[{"href":"https:\/\/www.manabi.gob.ec\/index.php\/wp-json\/wp\/v2\/media?parent=13147"}],"wp:term":[{"taxonomy":"category","embeddable":true,"href":"https:\/\/www.manabi.gob.ec\/index.php\/wp-json\/wp\/v2\/categories?post=13147"},{"taxonomy":"post_tag","embeddable":true,"href":"https:\/\/www.manabi.gob.ec\/index.php\/wp-json\/wp\/v2\/tags?post=13147"}],"curies":[{"name":"wp","href":"https:\/\/api.w.org\/{rel}","templated":true}]}}