{"id":13162,"date":"2019-06-24T22:35:43","date_gmt":"2019-06-25T03:35:43","guid":{"rendered":"http:\/\/www.manabi.gob.ec\/?p=13162"},"modified":"2019-06-24T22:35:43","modified_gmt":"2019-06-25T03:35:43","slug":"se-conformo-corporacion-provincial-2019-2023","status":"publish","type":"post","link":"https:\/\/www.manabi.gob.ec\/index.php\/se-conformo-corporacion-provincial-2019-2023\/","title":{"rendered":"SE CONFORM\u00d3 CORPORACI\u00d2N PROVINCIAL 2019-2023"},"content":{"rendered":"\n<p class=\"has-drop-cap\">\u201cLes invito a construir juntos la planificaci\u00f3n provincial\u201d, dijo el prefecto Leonardo Orlando, a los consejeros y consejeras que fueron posesionados en estas funciones, en la sesi\u00f3n inaugural e integraci\u00f3n del Consejo de Manab\u00ed para el per\u00edodo 2019-2023.<\/p>\n\n\n<p>Una vez integrada la Corporaci\u00f3n, se procedi\u00f3 a elegir al Secretario General del Gobierno de Manab\u00ed, de una terna integrada por los abogados: Jacinto Ram\u00f3n Cabrera Cede\u00f1o, Mar\u00eda Gabriela Mora y Oscar Vinicio Cede\u00f1o, en ese orden. Por unanimidad se escogi\u00f3 el primer nombre de la terna.<\/p>\n\n\n<p>La primera sesi\u00f3n ordinaria de la Corporaci\u00f3n Provincial ser\u00e1 el pr\u00f3ximo mi\u00e9rcoles 19 de junio, anunci\u00f3 el Prefecto, y a partir de julio las sesiones ordinarias ser\u00e1n el \u00faltimo lunes de cada mes, a las 14h00, hasta que se apruebe una nueva resoluci\u00f3n.<\/p>\n\n\n<p>En la primera sesi\u00f3n se nombrar\u00e1 las comisiones de mesa del \u00d2rgano Legislativo; los delegados a la Comisi\u00f3n de L\u00edmite provincial, al Consejo Provincial de Planificaci\u00f3n, Federaci\u00f3n Deportiva y a Ciudad Alfaro.<\/p>\n\n\n<p>Tambi\u00e9n se nombrar\u00e1n a los representantes de la Corporaci\u00f3n ante el Directorio de las Empresas P\u00fablicas del GPM: Manab\u00ed Produce, Manab\u00ed Construye y Manab\u00ed Vial.<\/p>\n\n\n<p>Otro de los temas que se tratar\u00e1 y resolver\u00e1, en la primera sesi\u00f3n, son los nombres de las personas naturales y jur\u00eddicas que ser\u00e1n reconocidas en la sesi\u00f3n de provincializaci\u00f3n, indic\u00f3 el Prefecto, por la labor que desarrollan y el aporte que hacen al desarrollo de Manab\u00ed.<\/p>\n\n\n<p>\u201cLes reitero el enorme compromiso que tengo con Manab\u00ed, con cada uno de los 22 cantones y 55 parroquias rurales\u201d, territorios por los que trabajar\u00e1 con equidad y justicia, en coordinaci\u00f3n con los gobiernos de cada territorio, dijo el Prefecto<\/p>\n","protected":false},"excerpt":{"rendered":"<p>\u201cLes invito a construir juntos la planificaci\u00f3n provincial\u201d, dijo el prefecto Leonardo Orlando, a los consejeros y consejeras que fueron posesionados en estas funciones, en la sesi\u00f3n inaugural e integraci\u00f3n del Consejo de Manab\u00ed para el per\u00edodo 2019-2023. Una vez integrada la Corporaci\u00f3n, se procedi\u00f3 a elegir al Secretario General del Gobierno de Manab\u00ed, de [&hellip;]<\/p>\n","protected":false},"author":1,"featured_media":13163,"comment_status":"open","ping_status":"open","sticky":false,"template":"","format":"standard","meta":{"_joinchat":[],"footnotes":""},"categories":[92,91],"tags":[],"class_list":["post-13162","post","type-post","status-publish","format-standard","has-post-thumbnail","hentry","category-noticias-manabi","category-todas"],"yoast_head":"<!-- This site is optimized with the Yoast SEO plugin v27.4 - https:\/\/yoast.com\/product\/yoast-seo-wordpress\/ -->\n<title>SE CONFORM\u00d3 CORPORACI\u00d2N PROVINCIAL 2019-2023 - Prefectura de Manab\u00ed<\/title>\n<meta name=\"robots\" content=\"index, follow, max-snippet:-1, max-image-preview:large, max-video-preview:-1\" \/>\n<link rel=\"canonical\" href=\"https:\/\/www.manabi.gob.ec\/index.php\/se-conformo-corporacion-provincial-2019-2023\/\" \/>\n<meta property=\"og:locale\" content=\"es_ES\" \/>\n<meta property=\"og:type\" content=\"article\" \/>\n<meta property=\"og:title\" content=\"SE CONFORM\u00d3 CORPORACI\u00d2N PROVINCIAL 2019-2023 - Prefectura de Manab\u00ed\" \/>\n<meta property=\"og:description\" content=\"\u201cLes invito a construir juntos la planificaci\u00f3n provincial\u201d, dijo el prefecto Leonardo Orlando, a los consejeros y consejeras que fueron posesionados en estas funciones, en la sesi\u00f3n inaugural e integraci\u00f3n del Consejo de Manab\u00ed para el per\u00edodo 2019-2023. Una vez integrada la Corporaci\u00f3n, se procedi\u00f3 a elegir al Secretario General del Gobierno de Manab\u00ed, de [&hellip;]\" \/>\n<meta property=\"og:url\" content=\"https:\/\/www.manabi.gob.ec\/index.php\/se-conformo-corporacion-provincial-2019-2023\/\" \/>\n<meta property=\"og:site_name\" content=\"Prefectura de Manab\u00ed\" \/>\n<meta property=\"article:published_time\" content=\"2019-06-25T03:35:43+00:00\" \/>\n<meta name=\"author\" content=\"admin\" \/>\n<meta name=\"twitter:card\" content=\"summary_large_image\" \/>\n<meta name=\"twitter:label1\" content=\"Escrito por\" \/>\n\t<meta name=\"twitter:data1\" content=\"admin\" \/>\n\t<meta name=\"twitter:label2\" content=\"Tiempo de lectura\" \/>\n\t<meta name=\"twitter:data2\" content=\"1 minuto\" \/>\n<script type=\"application\/ld+json\" class=\"yoast-schema-graph\">{\"@context\":\"https:\\\/\\\/schema.org\",\"@graph\":[{\"@type\":\"Article\",\"@id\":\"https:\\\/\\\/www.manabi.gob.ec\\\/index.php\\\/se-conformo-corporacion-provincial-2019-2023\\\/#article\",\"isPartOf\":{\"@id\":\"https:\\\/\\\/www.manabi.gob.ec\\\/index.php\\\/se-conformo-corporacion-provincial-2019-2023\\\/\"},\"author\":{\"name\":\"admin\",\"@id\":\"https:\\\/\\\/www.manabi.gob.ec\\\/#\\\/schema\\\/person\\\/cfc71bd68fe2703b779edcc292a49722\"},\"headline\":\"SE CONFORM\u00d3 CORPORACI\u00d2N PROVINCIAL 2019-2023\",\"datePublished\":\"2019-06-25T03:35:43+00:00\",\"mainEntityOfPage\":{\"@id\":\"https:\\\/\\\/www.manabi.gob.ec\\\/index.php\\\/se-conformo-corporacion-provincial-2019-2023\\\/\"},\"wordCount\":305,\"commentCount\":0,\"image\":{\"@id\":\"https:\\\/\\\/www.manabi.gob.ec\\\/index.php\\\/se-conformo-corporacion-provincial-2019-2023\\\/#primaryimage\"},\"thumbnailUrl\":\"\",\"articleSection\":[\"Noticias\",\"Todas\"],\"inLanguage\":\"es\",\"potentialAction\":[{\"@type\":\"CommentAction\",\"name\":\"Comment\",\"target\":[\"https:\\\/\\\/www.manabi.gob.ec\\\/index.php\\\/se-conformo-corporacion-provincial-2019-2023\\\/#respond\"]}]},{\"@type\":\"WebPage\",\"@id\":\"https:\\\/\\\/www.manabi.gob.ec\\\/index.php\\\/se-conformo-corporacion-provincial-2019-2023\\\/\",\"url\":\"https:\\\/\\\/www.manabi.gob.ec\\\/index.php\\\/se-conformo-corporacion-provincial-2019-2023\\\/\",\"name\":\"SE CONFORM\u00d3 CORPORACI\u00d2N PROVINCIAL 2019-2023 - Prefectura de Manab\u00ed\",\"isPartOf\":{\"@id\":\"https:\\\/\\\/www.manabi.gob.ec\\\/#website\"},\"primaryImageOfPage\":{\"@id\":\"https:\\\/\\\/www.manabi.gob.ec\\\/index.php\\\/se-conformo-corporacion-provincial-2019-2023\\\/#primaryimage\"},\"image\":{\"@id\":\"https:\\\/\\\/www.manabi.gob.ec\\\/index.php\\\/se-conformo-corporacion-provincial-2019-2023\\\/#primaryimage\"},\"thumbnailUrl\":\"\",\"datePublished\":\"2019-06-25T03:35:43+00:00\",\"author\":{\"@id\":\"https:\\\/\\\/www.manabi.gob.ec\\\/#\\\/schema\\\/person\\\/cfc71bd68fe2703b779edcc292a49722\"},\"breadcrumb\":{\"@id\":\"https:\\\/\\\/www.manabi.gob.ec\\\/index.php\\\/se-conformo-corporacion-provincial-2019-2023\\\/#breadcrumb\"},\"inLanguage\":\"es\",\"potentialAction\":[{\"@type\":\"ReadAction\",\"target\":[\"https:\\\/\\\/www.manabi.gob.ec\\\/index.php\\\/se-conformo-corporacion-provincial-2019-2023\\\/\"]}]},{\"@type\":\"ImageObject\",\"inLanguage\":\"es\",\"@id\":\"https:\\\/\\\/www.manabi.gob.ec\\\/index.php\\\/se-conformo-corporacion-provincial-2019-2023\\\/#primaryimage\",\"url\":\"\",\"contentUrl\":\"\"},{\"@type\":\"BreadcrumbList\",\"@id\":\"https:\\\/\\\/www.manabi.gob.ec\\\/index.php\\\/se-conformo-corporacion-provincial-2019-2023\\\/#breadcrumb\",\"itemListElement\":[{\"@type\":\"ListItem\",\"position\":1,\"name\":\"Portada\",\"item\":\"https:\\\/\\\/www.manabi.gob.ec\\\/\"},{\"@type\":\"ListItem\",\"position\":2,\"name\":\"SE CONFORM\u00d3 CORPORACI\u00d2N PROVINCIAL 2019-2023\"}]},{\"@type\":\"WebSite\",\"@id\":\"https:\\\/\\\/www.manabi.gob.ec\\\/#website\",\"url\":\"https:\\\/\\\/www.manabi.gob.ec\\\/\",\"name\":\"Prefectura de Manab\u00ed\",\"description\":\"P\u00e1gina web de la prefectura\",\"potentialAction\":[{\"@type\":\"SearchAction\",\"target\":{\"@type\":\"EntryPoint\",\"urlTemplate\":\"https:\\\/\\\/www.manabi.gob.ec\\\/?s={search_term_string}\"},\"query-input\":{\"@type\":\"PropertyValueSpecification\",\"valueRequired\":true,\"valueName\":\"search_term_string\"}}],\"inLanguage\":\"es\"},{\"@type\":\"Person\",\"@id\":\"https:\\\/\\\/www.manabi.gob.ec\\\/#\\\/schema\\\/person\\\/cfc71bd68fe2703b779edcc292a49722\",\"name\":\"admin\",\"image\":{\"@type\":\"ImageObject\",\"inLanguage\":\"es\",\"@id\":\"https:\\\/\\\/secure.gravatar.com\\\/avatar\\\/23e9f919492b0a2f65aa168e0d8c5c867ea853b61deffbadf08c7031e15b8d78?s=96&d=mm&r=g\",\"url\":\"https:\\\/\\\/secure.gravatar.com\\\/avatar\\\/23e9f919492b0a2f65aa168e0d8c5c867ea853b61deffbadf08c7031e15b8d78?s=96&d=mm&r=g\",\"contentUrl\":\"https:\\\/\\\/secure.gravatar.com\\\/avatar\\\/23e9f919492b0a2f65aa168e0d8c5c867ea853b61deffbadf08c7031e15b8d78?s=96&d=mm&r=g\",\"caption\":\"admin\"},\"sameAs\":[\"http:\\\/\\\/www.manabi.gob.ec\"],\"url\":\"https:\\\/\\\/www.manabi.gob.ec\\\/index.php\\\/author\\\/admin\\\/\"}]}<\/script>\n<!-- \/ Yoast SEO plugin. -->","yoast_head_json":{"title":"SE CONFORM\u00d3 CORPORACI\u00d2N PROVINCIAL 2019-2023 - Prefectura de Manab\u00ed","robots":{"index":"index","follow":"follow","max-snippet":"max-snippet:-1","max-image-preview":"max-image-preview:large","max-video-preview":"max-video-preview:-1"},"canonical":"https:\/\/www.manabi.gob.ec\/index.php\/se-conformo-corporacion-provincial-2019-2023\/","og_locale":"es_ES","og_type":"article","og_title":"SE CONFORM\u00d3 CORPORACI\u00d2N PROVINCIAL 2019-2023 - Prefectura de Manab\u00ed","og_description":"\u201cLes invito a construir juntos la planificaci\u00f3n provincial\u201d, dijo el prefecto Leonardo Orlando, a los consejeros y consejeras que fueron posesionados en estas funciones, en la sesi\u00f3n inaugural e integraci\u00f3n del Consejo de Manab\u00ed para el per\u00edodo 2019-2023. Una vez integrada la Corporaci\u00f3n, se procedi\u00f3 a elegir al Secretario General del Gobierno de Manab\u00ed, de [&hellip;]","og_url":"https:\/\/www.manabi.gob.ec\/index.php\/se-conformo-corporacion-provincial-2019-2023\/","og_site_name":"Prefectura de Manab\u00ed","article_published_time":"2019-06-25T03:35:43+00:00","author":"admin","twitter_card":"summary_large_image","twitter_misc":{"Escrito por":"admin","Tiempo de lectura":"1 minuto"},"schema":{"@context":"https:\/\/schema.org","@graph":[{"@type":"Article","@id":"https:\/\/www.manabi.gob.ec\/index.php\/se-conformo-corporacion-provincial-2019-2023\/#article","isPartOf":{"@id":"https:\/\/www.manabi.gob.ec\/index.php\/se-conformo-corporacion-provincial-2019-2023\/"},"author":{"name":"admin","@id":"https:\/\/www.manabi.gob.ec\/#\/schema\/person\/cfc71bd68fe2703b779edcc292a49722"},"headline":"SE CONFORM\u00d3 CORPORACI\u00d2N PROVINCIAL 2019-2023","datePublished":"2019-06-25T03:35:43+00:00","mainEntityOfPage":{"@id":"https:\/\/www.manabi.gob.ec\/index.php\/se-conformo-corporacion-provincial-2019-2023\/"},"wordCount":305,"commentCount":0,"image":{"@id":"https:\/\/www.manabi.gob.ec\/index.php\/se-conformo-corporacion-provincial-2019-2023\/#primaryimage"},"thumbnailUrl":"","articleSection":["Noticias","Todas"],"inLanguage":"es","potentialAction":[{"@type":"CommentAction","name":"Comment","target":["https:\/\/www.manabi.gob.ec\/index.php\/se-conformo-corporacion-provincial-2019-2023\/#respond"]}]},{"@type":"WebPage","@id":"https:\/\/www.manabi.gob.ec\/index.php\/se-conformo-corporacion-provincial-2019-2023\/","url":"https:\/\/www.manabi.gob.ec\/index.php\/se-conformo-corporacion-provincial-2019-2023\/","name":"SE CONFORM\u00d3 CORPORACI\u00d2N PROVINCIAL 2019-2023 - Prefectura de Manab\u00ed","isPartOf":{"@id":"https:\/\/www.manabi.gob.ec\/#website"},"primaryImageOfPage":{"@id":"https:\/\/www.manabi.gob.ec\/index.php\/se-conformo-corporacion-provincial-2019-2023\/#primaryimage"},"image":{"@id":"https:\/\/www.manabi.gob.ec\/index.php\/se-conformo-corporacion-provincial-2019-2023\/#primaryimage"},"thumbnailUrl":"","datePublished":"2019-06-25T03:35:43+00:00","author":{"@id":"https:\/\/www.manabi.gob.ec\/#\/schema\/person\/cfc71bd68fe2703b779edcc292a49722"},"breadcrumb":{"@id":"https:\/\/www.manabi.gob.ec\/index.php\/se-conformo-corporacion-provincial-2019-2023\/#breadcrumb"},"inLanguage":"es","potentialAction":[{"@type":"ReadAction","target":["https:\/\/www.manabi.gob.ec\/index.php\/se-conformo-corporacion-provincial-2019-2023\/"]}]},{"@type":"ImageObject","inLanguage":"es","@id":"https:\/\/www.manabi.gob.ec\/index.php\/se-conformo-corporacion-provincial-2019-2023\/#primaryimage","url":"","contentUrl":""},{"@type":"BreadcrumbList","@id":"https:\/\/www.manabi.gob.ec\/index.php\/se-conformo-corporacion-provincial-2019-2023\/#breadcrumb","itemListElement":[{"@type":"ListItem","position":1,"name":"Portada","item":"https:\/\/www.manabi.gob.ec\/"},{"@type":"ListItem","position":2,"name":"SE CONFORM\u00d3 CORPORACI\u00d2N PROVINCIAL 2019-2023"}]},{"@type":"WebSite","@id":"https:\/\/www.manabi.gob.ec\/#website","url":"https:\/\/www.manabi.gob.ec\/","name":"Prefectura de Manab\u00ed","description":"P\u00e1gina web de la prefectura","potentialAction":[{"@type":"SearchAction","target":{"@type":"EntryPoint","urlTemplate":"https:\/\/www.manabi.gob.ec\/?s={search_term_string}"},"query-input":{"@type":"PropertyValueSpecification","valueRequired":true,"valueName":"search_term_string"}}],"inLanguage":"es"},{"@type":"Person","@id":"https:\/\/www.manabi.gob.ec\/#\/schema\/person\/cfc71bd68fe2703b779edcc292a49722","name":"admin","image":{"@type":"ImageObject","inLanguage":"es","@id":"https:\/\/secure.gravatar.com\/avatar\/23e9f919492b0a2f65aa168e0d8c5c867ea853b61deffbadf08c7031e15b8d78?s=96&d=mm&r=g","url":"https:\/\/secure.gravatar.com\/avatar\/23e9f919492b0a2f65aa168e0d8c5c867ea853b61deffbadf08c7031e15b8d78?s=96&d=mm&r=g","contentUrl":"https:\/\/secure.gravatar.com\/avatar\/23e9f919492b0a2f65aa168e0d8c5c867ea853b61deffbadf08c7031e15b8d78?s=96&d=mm&r=g","caption":"admin"},"sameAs":["http:\/\/www.manabi.gob.ec"],"url":"https:\/\/www.manabi.gob.ec\/index.php\/author\/admin\/"}]}},"jetpack_featured_media_url":"","_links":{"self":[{"href":"https:\/\/www.manabi.gob.ec\/index.php\/wp-json\/wp\/v2\/posts\/13162","targetHints":{"allow":["GET"]}}],"collection":[{"href":"https:\/\/www.manabi.gob.ec\/index.php\/wp-json\/wp\/v2\/posts"}],"about":[{"href":"https:\/\/www.manabi.gob.ec\/index.php\/wp-json\/wp\/v2\/types\/post"}],"author":[{"embeddable":true,"href":"https:\/\/www.manabi.gob.ec\/index.php\/wp-json\/wp\/v2\/users\/1"}],"replies":[{"embeddable":true,"href":"https:\/\/www.manabi.gob.ec\/index.php\/wp-json\/wp\/v2\/comments?post=13162"}],"version-history":[{"count":0,"href":"https:\/\/www.manabi.gob.ec\/index.php\/wp-json\/wp\/v2\/posts\/13162\/revisions"}],"wp:featuredmedia":[{"embeddable":true,"href":"https:\/\/www.manabi.gob.ec\/index.php\/wp-json\/"}],"wp:attachment":[{"href":"https:\/\/www.manabi.gob.ec\/index.php\/wp-json\/wp\/v2\/media?parent=13162"}],"wp:term":[{"taxonomy":"category","embeddable":true,"href":"https:\/\/www.manabi.gob.ec\/index.php\/wp-json\/wp\/v2\/categories?post=13162"},{"taxonomy":"post_tag","embeddable":true,"href":"https:\/\/www.manabi.gob.ec\/index.php\/wp-json\/wp\/v2\/tags?post=13162"}],"curies":[{"name":"wp","href":"https:\/\/api.w.org\/{rel}","templated":true}]}}