{"id":13184,"date":"2019-06-25T14:15:14","date_gmt":"2019-06-25T19:15:14","guid":{"rendered":"http:\/\/www.manabi.gob.ec\/?p=13184"},"modified":"2019-06-25T14:15:14","modified_gmt":"2019-06-25T19:15:14","slug":"cultura-y-civismo-en-jama-y-pedernales","status":"publish","type":"post","link":"https:\/\/www.manabi.gob.ec\/index.php\/cultura-y-civismo-en-jama-y-pedernales\/","title":{"rendered":"CULTURA Y CIVISMO EN JAMA Y PEDERNALES"},"content":{"rendered":"\n<p class=\"has-drop-cap\">Derroche de danza, cultura y civismo vivieron los cantones Jama y Pedernales el s\u00e1bado 15 de junio, como parte de los actos culturales que el Gobierno Provincial desarrolla en este mes, en homenaje a la provincializaci\u00f3n de Manab\u00ed.<\/p>\n\n\n<p>El prefecto, Leonardo Orlando, presidi\u00f3 estos actos culturales junto a los alcaldes de Jama y Pedernales, Robert Castro y Oscar Arcentales, en ese orden.<\/p>\n\n\n<p>En Jama se present\u00f3 una tarde cultural, al ritmo de la banda de pueblo Guadalupe, adem\u00e1s se presentaron los grupos de danza La Mocora, Sol de Oro de Jama, el teatral Contraluz de Portoviejo y otros artistas manabitas.<\/p>\n\n\n<p>En la noche, el evento cultural se desarroll\u00f3 en Pedernales, denominado \u201cDanza de La Pesca\u201d, donde la poblaci\u00f3n disfrut\u00f3 de grupos de danza, m\u00fasica y folclor manabita.<\/p>\n\n\n<p>El Prefecto destac\u00f3 las potencialidades de Pedernales y la fuerza que han tenido para salir adelante, luego de las secuelas que les provoc\u00f3 el terremoto del 2016, y anunci\u00f3 que en este cant\u00f3n habr\u00e1 una oficina administrativa del Gobierno de Manab\u00ed, como parte de una programaci\u00f3n para desconcentrar el trabajo en la provincia, en b\u00fasqueda de lograr un sistema equitativo y solidario, dijo.<\/p>\n\n\n<p>En Pedernales se presentaron el grupo de danza de la Unidad Educativa Montessori, del grupo teatral \u201cPata De P\u00e1jaro\u201d que cautiv\u00f3 con su obra \u201cLos Tundas\u201d<\/p>\n","protected":false},"excerpt":{"rendered":"<p>Derroche de danza, cultura y civismo vivieron los cantones Jama y Pedernales el s\u00e1bado 15 de junio, como parte de los actos culturales que el Gobierno Provincial desarrolla en este mes, en homenaje a la provincializaci\u00f3n de Manab\u00ed. El prefecto, Leonardo Orlando, presidi\u00f3 estos actos culturales junto a los alcaldes de Jama y Pedernales, Robert [&hellip;]<\/p>\n","protected":false},"author":1,"featured_media":13185,"comment_status":"open","ping_status":"open","sticky":false,"template":"","format":"standard","meta":{"_joinchat":[],"footnotes":""},"categories":[92,91],"tags":[],"class_list":["post-13184","post","type-post","status-publish","format-standard","has-post-thumbnail","hentry","category-noticias-manabi","category-todas"],"yoast_head":"<!-- This site is optimized with the Yoast SEO plugin v27.4 - https:\/\/yoast.com\/product\/yoast-seo-wordpress\/ -->\n<title>CULTURA Y CIVISMO EN JAMA Y PEDERNALES - Prefectura de Manab\u00ed<\/title>\n<meta name=\"robots\" content=\"index, follow, max-snippet:-1, max-image-preview:large, max-video-preview:-1\" \/>\n<link rel=\"canonical\" href=\"https:\/\/www.manabi.gob.ec\/index.php\/cultura-y-civismo-en-jama-y-pedernales\/\" \/>\n<meta property=\"og:locale\" content=\"es_ES\" \/>\n<meta property=\"og:type\" content=\"article\" \/>\n<meta property=\"og:title\" content=\"CULTURA Y CIVISMO EN JAMA Y PEDERNALES - Prefectura de Manab\u00ed\" \/>\n<meta property=\"og:description\" content=\"Derroche de danza, cultura y civismo vivieron los cantones Jama y Pedernales el s\u00e1bado 15 de junio, como parte de los actos culturales que el Gobierno Provincial desarrolla en este mes, en homenaje a la provincializaci\u00f3n de Manab\u00ed. El prefecto, Leonardo Orlando, presidi\u00f3 estos actos culturales junto a los alcaldes de Jama y Pedernales, Robert [&hellip;]\" \/>\n<meta property=\"og:url\" content=\"https:\/\/www.manabi.gob.ec\/index.php\/cultura-y-civismo-en-jama-y-pedernales\/\" \/>\n<meta property=\"og:site_name\" content=\"Prefectura de Manab\u00ed\" \/>\n<meta property=\"article:published_time\" content=\"2019-06-25T19:15:14+00:00\" \/>\n<meta name=\"author\" content=\"admin\" \/>\n<meta name=\"twitter:card\" content=\"summary_large_image\" \/>\n<meta name=\"twitter:label1\" content=\"Escrito por\" \/>\n\t<meta name=\"twitter:data1\" content=\"admin\" \/>\n\t<meta name=\"twitter:label2\" content=\"Tiempo de lectura\" \/>\n\t<meta name=\"twitter:data2\" content=\"1 minuto\" \/>\n<script type=\"application\/ld+json\" class=\"yoast-schema-graph\">{\"@context\":\"https:\\\/\\\/schema.org\",\"@graph\":[{\"@type\":\"Article\",\"@id\":\"https:\\\/\\\/www.manabi.gob.ec\\\/index.php\\\/cultura-y-civismo-en-jama-y-pedernales\\\/#article\",\"isPartOf\":{\"@id\":\"https:\\\/\\\/www.manabi.gob.ec\\\/index.php\\\/cultura-y-civismo-en-jama-y-pedernales\\\/\"},\"author\":{\"name\":\"admin\",\"@id\":\"https:\\\/\\\/www.manabi.gob.ec\\\/#\\\/schema\\\/person\\\/cfc71bd68fe2703b779edcc292a49722\"},\"headline\":\"CULTURA Y CIVISMO EN JAMA Y PEDERNALES\",\"datePublished\":\"2019-06-25T19:15:14+00:00\",\"mainEntityOfPage\":{\"@id\":\"https:\\\/\\\/www.manabi.gob.ec\\\/index.php\\\/cultura-y-civismo-en-jama-y-pedernales\\\/\"},\"wordCount\":230,\"commentCount\":0,\"image\":{\"@id\":\"https:\\\/\\\/www.manabi.gob.ec\\\/index.php\\\/cultura-y-civismo-en-jama-y-pedernales\\\/#primaryimage\"},\"thumbnailUrl\":\"\",\"articleSection\":[\"Noticias\",\"Todas\"],\"inLanguage\":\"es\",\"potentialAction\":[{\"@type\":\"CommentAction\",\"name\":\"Comment\",\"target\":[\"https:\\\/\\\/www.manabi.gob.ec\\\/index.php\\\/cultura-y-civismo-en-jama-y-pedernales\\\/#respond\"]}]},{\"@type\":\"WebPage\",\"@id\":\"https:\\\/\\\/www.manabi.gob.ec\\\/index.php\\\/cultura-y-civismo-en-jama-y-pedernales\\\/\",\"url\":\"https:\\\/\\\/www.manabi.gob.ec\\\/index.php\\\/cultura-y-civismo-en-jama-y-pedernales\\\/\",\"name\":\"CULTURA Y CIVISMO EN JAMA Y PEDERNALES - Prefectura de Manab\u00ed\",\"isPartOf\":{\"@id\":\"https:\\\/\\\/www.manabi.gob.ec\\\/#website\"},\"primaryImageOfPage\":{\"@id\":\"https:\\\/\\\/www.manabi.gob.ec\\\/index.php\\\/cultura-y-civismo-en-jama-y-pedernales\\\/#primaryimage\"},\"image\":{\"@id\":\"https:\\\/\\\/www.manabi.gob.ec\\\/index.php\\\/cultura-y-civismo-en-jama-y-pedernales\\\/#primaryimage\"},\"thumbnailUrl\":\"\",\"datePublished\":\"2019-06-25T19:15:14+00:00\",\"author\":{\"@id\":\"https:\\\/\\\/www.manabi.gob.ec\\\/#\\\/schema\\\/person\\\/cfc71bd68fe2703b779edcc292a49722\"},\"breadcrumb\":{\"@id\":\"https:\\\/\\\/www.manabi.gob.ec\\\/index.php\\\/cultura-y-civismo-en-jama-y-pedernales\\\/#breadcrumb\"},\"inLanguage\":\"es\",\"potentialAction\":[{\"@type\":\"ReadAction\",\"target\":[\"https:\\\/\\\/www.manabi.gob.ec\\\/index.php\\\/cultura-y-civismo-en-jama-y-pedernales\\\/\"]}]},{\"@type\":\"ImageObject\",\"inLanguage\":\"es\",\"@id\":\"https:\\\/\\\/www.manabi.gob.ec\\\/index.php\\\/cultura-y-civismo-en-jama-y-pedernales\\\/#primaryimage\",\"url\":\"\",\"contentUrl\":\"\"},{\"@type\":\"BreadcrumbList\",\"@id\":\"https:\\\/\\\/www.manabi.gob.ec\\\/index.php\\\/cultura-y-civismo-en-jama-y-pedernales\\\/#breadcrumb\",\"itemListElement\":[{\"@type\":\"ListItem\",\"position\":1,\"name\":\"Portada\",\"item\":\"https:\\\/\\\/www.manabi.gob.ec\\\/\"},{\"@type\":\"ListItem\",\"position\":2,\"name\":\"CULTURA Y CIVISMO EN JAMA Y PEDERNALES\"}]},{\"@type\":\"WebSite\",\"@id\":\"https:\\\/\\\/www.manabi.gob.ec\\\/#website\",\"url\":\"https:\\\/\\\/www.manabi.gob.ec\\\/\",\"name\":\"Prefectura de Manab\u00ed\",\"description\":\"P\u00e1gina web de la prefectura\",\"potentialAction\":[{\"@type\":\"SearchAction\",\"target\":{\"@type\":\"EntryPoint\",\"urlTemplate\":\"https:\\\/\\\/www.manabi.gob.ec\\\/?s={search_term_string}\"},\"query-input\":{\"@type\":\"PropertyValueSpecification\",\"valueRequired\":true,\"valueName\":\"search_term_string\"}}],\"inLanguage\":\"es\"},{\"@type\":\"Person\",\"@id\":\"https:\\\/\\\/www.manabi.gob.ec\\\/#\\\/schema\\\/person\\\/cfc71bd68fe2703b779edcc292a49722\",\"name\":\"admin\",\"image\":{\"@type\":\"ImageObject\",\"inLanguage\":\"es\",\"@id\":\"https:\\\/\\\/secure.gravatar.com\\\/avatar\\\/23e9f919492b0a2f65aa168e0d8c5c867ea853b61deffbadf08c7031e15b8d78?s=96&d=mm&r=g\",\"url\":\"https:\\\/\\\/secure.gravatar.com\\\/avatar\\\/23e9f919492b0a2f65aa168e0d8c5c867ea853b61deffbadf08c7031e15b8d78?s=96&d=mm&r=g\",\"contentUrl\":\"https:\\\/\\\/secure.gravatar.com\\\/avatar\\\/23e9f919492b0a2f65aa168e0d8c5c867ea853b61deffbadf08c7031e15b8d78?s=96&d=mm&r=g\",\"caption\":\"admin\"},\"sameAs\":[\"http:\\\/\\\/www.manabi.gob.ec\"],\"url\":\"https:\\\/\\\/www.manabi.gob.ec\\\/index.php\\\/author\\\/admin\\\/\"}]}<\/script>\n<!-- \/ Yoast SEO plugin. -->","yoast_head_json":{"title":"CULTURA Y CIVISMO EN JAMA Y PEDERNALES - Prefectura de Manab\u00ed","robots":{"index":"index","follow":"follow","max-snippet":"max-snippet:-1","max-image-preview":"max-image-preview:large","max-video-preview":"max-video-preview:-1"},"canonical":"https:\/\/www.manabi.gob.ec\/index.php\/cultura-y-civismo-en-jama-y-pedernales\/","og_locale":"es_ES","og_type":"article","og_title":"CULTURA Y CIVISMO EN JAMA Y PEDERNALES - Prefectura de Manab\u00ed","og_description":"Derroche de danza, cultura y civismo vivieron los cantones Jama y Pedernales el s\u00e1bado 15 de junio, como parte de los actos culturales que el Gobierno Provincial desarrolla en este mes, en homenaje a la provincializaci\u00f3n de Manab\u00ed. El prefecto, Leonardo Orlando, presidi\u00f3 estos actos culturales junto a los alcaldes de Jama y Pedernales, Robert [&hellip;]","og_url":"https:\/\/www.manabi.gob.ec\/index.php\/cultura-y-civismo-en-jama-y-pedernales\/","og_site_name":"Prefectura de Manab\u00ed","article_published_time":"2019-06-25T19:15:14+00:00","author":"admin","twitter_card":"summary_large_image","twitter_misc":{"Escrito por":"admin","Tiempo de lectura":"1 minuto"},"schema":{"@context":"https:\/\/schema.org","@graph":[{"@type":"Article","@id":"https:\/\/www.manabi.gob.ec\/index.php\/cultura-y-civismo-en-jama-y-pedernales\/#article","isPartOf":{"@id":"https:\/\/www.manabi.gob.ec\/index.php\/cultura-y-civismo-en-jama-y-pedernales\/"},"author":{"name":"admin","@id":"https:\/\/www.manabi.gob.ec\/#\/schema\/person\/cfc71bd68fe2703b779edcc292a49722"},"headline":"CULTURA Y CIVISMO EN JAMA Y PEDERNALES","datePublished":"2019-06-25T19:15:14+00:00","mainEntityOfPage":{"@id":"https:\/\/www.manabi.gob.ec\/index.php\/cultura-y-civismo-en-jama-y-pedernales\/"},"wordCount":230,"commentCount":0,"image":{"@id":"https:\/\/www.manabi.gob.ec\/index.php\/cultura-y-civismo-en-jama-y-pedernales\/#primaryimage"},"thumbnailUrl":"","articleSection":["Noticias","Todas"],"inLanguage":"es","potentialAction":[{"@type":"CommentAction","name":"Comment","target":["https:\/\/www.manabi.gob.ec\/index.php\/cultura-y-civismo-en-jama-y-pedernales\/#respond"]}]},{"@type":"WebPage","@id":"https:\/\/www.manabi.gob.ec\/index.php\/cultura-y-civismo-en-jama-y-pedernales\/","url":"https:\/\/www.manabi.gob.ec\/index.php\/cultura-y-civismo-en-jama-y-pedernales\/","name":"CULTURA Y CIVISMO EN JAMA Y PEDERNALES - Prefectura de Manab\u00ed","isPartOf":{"@id":"https:\/\/www.manabi.gob.ec\/#website"},"primaryImageOfPage":{"@id":"https:\/\/www.manabi.gob.ec\/index.php\/cultura-y-civismo-en-jama-y-pedernales\/#primaryimage"},"image":{"@id":"https:\/\/www.manabi.gob.ec\/index.php\/cultura-y-civismo-en-jama-y-pedernales\/#primaryimage"},"thumbnailUrl":"","datePublished":"2019-06-25T19:15:14+00:00","author":{"@id":"https:\/\/www.manabi.gob.ec\/#\/schema\/person\/cfc71bd68fe2703b779edcc292a49722"},"breadcrumb":{"@id":"https:\/\/www.manabi.gob.ec\/index.php\/cultura-y-civismo-en-jama-y-pedernales\/#breadcrumb"},"inLanguage":"es","potentialAction":[{"@type":"ReadAction","target":["https:\/\/www.manabi.gob.ec\/index.php\/cultura-y-civismo-en-jama-y-pedernales\/"]}]},{"@type":"ImageObject","inLanguage":"es","@id":"https:\/\/www.manabi.gob.ec\/index.php\/cultura-y-civismo-en-jama-y-pedernales\/#primaryimage","url":"","contentUrl":""},{"@type":"BreadcrumbList","@id":"https:\/\/www.manabi.gob.ec\/index.php\/cultura-y-civismo-en-jama-y-pedernales\/#breadcrumb","itemListElement":[{"@type":"ListItem","position":1,"name":"Portada","item":"https:\/\/www.manabi.gob.ec\/"},{"@type":"ListItem","position":2,"name":"CULTURA Y CIVISMO EN JAMA Y PEDERNALES"}]},{"@type":"WebSite","@id":"https:\/\/www.manabi.gob.ec\/#website","url":"https:\/\/www.manabi.gob.ec\/","name":"Prefectura de Manab\u00ed","description":"P\u00e1gina web de la prefectura","potentialAction":[{"@type":"SearchAction","target":{"@type":"EntryPoint","urlTemplate":"https:\/\/www.manabi.gob.ec\/?s={search_term_string}"},"query-input":{"@type":"PropertyValueSpecification","valueRequired":true,"valueName":"search_term_string"}}],"inLanguage":"es"},{"@type":"Person","@id":"https:\/\/www.manabi.gob.ec\/#\/schema\/person\/cfc71bd68fe2703b779edcc292a49722","name":"admin","image":{"@type":"ImageObject","inLanguage":"es","@id":"https:\/\/secure.gravatar.com\/avatar\/23e9f919492b0a2f65aa168e0d8c5c867ea853b61deffbadf08c7031e15b8d78?s=96&d=mm&r=g","url":"https:\/\/secure.gravatar.com\/avatar\/23e9f919492b0a2f65aa168e0d8c5c867ea853b61deffbadf08c7031e15b8d78?s=96&d=mm&r=g","contentUrl":"https:\/\/secure.gravatar.com\/avatar\/23e9f919492b0a2f65aa168e0d8c5c867ea853b61deffbadf08c7031e15b8d78?s=96&d=mm&r=g","caption":"admin"},"sameAs":["http:\/\/www.manabi.gob.ec"],"url":"https:\/\/www.manabi.gob.ec\/index.php\/author\/admin\/"}]}},"jetpack_featured_media_url":"","_links":{"self":[{"href":"https:\/\/www.manabi.gob.ec\/index.php\/wp-json\/wp\/v2\/posts\/13184","targetHints":{"allow":["GET"]}}],"collection":[{"href":"https:\/\/www.manabi.gob.ec\/index.php\/wp-json\/wp\/v2\/posts"}],"about":[{"href":"https:\/\/www.manabi.gob.ec\/index.php\/wp-json\/wp\/v2\/types\/post"}],"author":[{"embeddable":true,"href":"https:\/\/www.manabi.gob.ec\/index.php\/wp-json\/wp\/v2\/users\/1"}],"replies":[{"embeddable":true,"href":"https:\/\/www.manabi.gob.ec\/index.php\/wp-json\/wp\/v2\/comments?post=13184"}],"version-history":[{"count":0,"href":"https:\/\/www.manabi.gob.ec\/index.php\/wp-json\/wp\/v2\/posts\/13184\/revisions"}],"wp:featuredmedia":[{"embeddable":true,"href":"https:\/\/www.manabi.gob.ec\/index.php\/wp-json\/"}],"wp:attachment":[{"href":"https:\/\/www.manabi.gob.ec\/index.php\/wp-json\/wp\/v2\/media?parent=13184"}],"wp:term":[{"taxonomy":"category","embeddable":true,"href":"https:\/\/www.manabi.gob.ec\/index.php\/wp-json\/wp\/v2\/categories?post=13184"},{"taxonomy":"post_tag","embeddable":true,"href":"https:\/\/www.manabi.gob.ec\/index.php\/wp-json\/wp\/v2\/tags?post=13184"}],"curies":[{"name":"wp","href":"https:\/\/api.w.org\/{rel}","templated":true}]}}