{"id":13196,"date":"2019-06-25T17:13:53","date_gmt":"2019-06-25T22:13:53","guid":{"rendered":"http:\/\/www.manabi.gob.ec\/?p=13196"},"modified":"2019-06-25T17:13:53","modified_gmt":"2019-06-25T22:13:53","slug":"manabi-prepara-su-aniversario-provincializacion","status":"publish","type":"post","link":"https:\/\/www.manabi.gob.ec\/index.php\/manabi-prepara-su-aniversario-provincializacion\/","title":{"rendered":"MANAB\u00cd PREPARA SU ANIVERSARIO PROVINCIALIZACI\u00d2N"},"content":{"rendered":"\n<p class=\"has-drop-cap\">Este martes 25 de junio, Manab\u00ed cumple 195 a\u00f1os de vida provincial, fecha conmemorativa que ser\u00e1 exaltada en una sesi\u00f3n solemne presidida por el prefecto, Leonardo Orlando Arteaga y la Viceprefecta, Kelly Buenaventura.<\/p>\n\n\n<p>La sesi\u00f3n ser\u00e1 a las 11h00, en el sal\u00f3n de eventos Bellavista de Portoviejo, donde adem\u00e1s habr\u00e1 presentaciones culturales, en homenaje a la fecha.<\/p>\n\n\n<p>Al evento han sido invitadas autoridades nacionales y provinciales, en el que se entregar\u00e1n trece reconocimientos a personas naturales y jur\u00eddicas manabitas, por el aporte que hacen al desarrollo de Manab\u00ed en los diferentes campos.<\/p>\n\n\n<p>Durante la sesi\u00f3n se entregar\u00e1 al Ministerio de Cultura y Patrimonio el expediente para la inclusi\u00f3n de amorfino en la lista representativa de Patrimonio Cultural Inmaterial del Ecuador.<\/p>\n\n\n<p>Tambi\u00e9n firmar\u00e1n convenios entre el Gobierno de Manab\u00ed con la Agencia Alemana (GTZ) y el Instituto Interamericano de Cooperaci\u00f3n para la Agricultura (IICA).<\/p>\n\n\n<p>En celebraci\u00f3n a esta fecha de provincializaci\u00f3n y al Mes del Manabitismo, que destaca varias fechas de importancia hist\u00f3rica para Manab\u00ed, se han venido desarrollado diversas actividades culturales, art\u00edsticas, gastron\u00f3micas y de exposici\u00f3n de emprendimiento en los cantones de la provincia, la cuales se mantendr\u00e1n hasta el 30 de de junio.<\/p>\n\n\n<p>Detallamos nombres de las personas e instituciones que recibir\u00e1n reconocimientos por su trabajo y aporte a Manab\u00ed:<\/p>\n\n\n<p>-1-M\u00c9RITO CULTURAL: Raymundo Zambrano<\/p>\n\n\n<p>-2 -M\u00c9RITO EDUCATIVO INSTITUCIONAL: Unidad Educativa Vicente A. Hurtado P\u00f3lit, del cant\u00f3n Sucre.<\/p>\n\n\n<p>-3.-M\u00c9RITO SOCIAL: Fundaci\u00f3n \u201cLa Vida\u201d<\/p>\n\n\n<p>-4. -M\u00c9RITO LABOR COMUNITARIA: Fundaci\u00f3n CUET<\/p>\n\n\n<p>-5.-M\u00c9RITO DEPORTIVO: Mabelline Men\u00e9ndez Bravo<\/p>\n\n\n<p>-6.-M\u00c9RITO EMPRESARIAL: Al empresario, Edgar Rolando L\u00f3pez Lazcano, propietario de la empresa \u201cEl Antojo Manabita\u201d<\/p>\n\n\n<p>-7.-M\u00c9RITO MICRO-EMPRESARIAL: Oswaldo Cuero Aveiga<\/p>\n\n\n<p>&#8211; 8. -M\u00c9RITO GESTI\u00d3N AMBIENTAL: Nexar Gonzalo Bravo Vera<\/p>\n\n\n<p>-9-M\u00c9RITO \u201cGOBERNADOR MANUEL INOCENCIO PARRALES Y GUALE\u201d.<\/p>\n\n\n<p>Nelly Judith Zevallos Vera.<\/p>\n\n\n<p>-10-M\u00c9RITO AL RESCATE DEL PATRIMONIO CULTURAL DE LA IDENTIDAD CHOLA Y MONTUVIA DE MANAB\u00cd-ECUADOR :<\/p>\n\n\n<p>Universidad San Gregorio de Portoviejo.<\/p>\n\n\n<p>-11-M\u00c9RITO CIENT\u00cdFICO: Jos\u00e9 Luis Zambrano Mendoza<\/p>\n\n\n<p>-12- M\u00c9RITO POST MORTEM, Sacerdote Jos\u00e9 Ignacio Manuel Mendoza Ram\u00f3n.<\/p>\n\n\n<p>-13-M\u00c9RITO C\u00cdVICO, CONDECORACI\u00d3N \u201cGENERAL ELOY ALFARO DELGADO EN EL GRADO \u201cGRAN CRUZ\u201d :<\/p>\n\n\n<p>General de Divisi\u00f3n Roque Apolinar Moreira Cede\u00f1o, Comandante General del Ej\u00e9rcito.<\/p>\n","protected":false},"excerpt":{"rendered":"<p>Este martes 25 de junio, Manab\u00ed cumple 195 a\u00f1os de vida provincial, fecha conmemorativa que ser\u00e1 exaltada en una sesi\u00f3n solemne presidida por el prefecto, Leonardo Orlando Arteaga y la Viceprefecta, Kelly Buenaventura. La sesi\u00f3n ser\u00e1 a las 11h00, en el sal\u00f3n de eventos Bellavista de Portoviejo, donde adem\u00e1s habr\u00e1 presentaciones culturales, en homenaje a [&hellip;]<\/p>\n","protected":false},"author":1,"featured_media":13197,"comment_status":"open","ping_status":"open","sticky":false,"template":"","format":"standard","meta":{"_joinchat":[],"footnotes":""},"categories":[92,91],"tags":[],"class_list":["post-13196","post","type-post","status-publish","format-standard","has-post-thumbnail","hentry","category-noticias-manabi","category-todas"],"yoast_head":"<!-- This site is optimized with the Yoast SEO plugin v27.4 - https:\/\/yoast.com\/product\/yoast-seo-wordpress\/ -->\n<title>MANAB\u00cd PREPARA SU ANIVERSARIO PROVINCIALIZACI\u00d2N - Prefectura de Manab\u00ed<\/title>\n<meta name=\"robots\" content=\"index, follow, max-snippet:-1, max-image-preview:large, max-video-preview:-1\" \/>\n<link rel=\"canonical\" href=\"https:\/\/www.manabi.gob.ec\/index.php\/manabi-prepara-su-aniversario-provincializacion\/\" \/>\n<meta property=\"og:locale\" content=\"es_ES\" \/>\n<meta property=\"og:type\" content=\"article\" \/>\n<meta property=\"og:title\" content=\"MANAB\u00cd PREPARA SU ANIVERSARIO PROVINCIALIZACI\u00d2N - Prefectura de Manab\u00ed\" \/>\n<meta property=\"og:description\" content=\"Este martes 25 de junio, Manab\u00ed cumple 195 a\u00f1os de vida provincial, fecha conmemorativa que ser\u00e1 exaltada en una sesi\u00f3n solemne presidida por el prefecto, Leonardo Orlando Arteaga y la Viceprefecta, Kelly Buenaventura. La sesi\u00f3n ser\u00e1 a las 11h00, en el sal\u00f3n de eventos Bellavista de Portoviejo, donde adem\u00e1s habr\u00e1 presentaciones culturales, en homenaje a [&hellip;]\" \/>\n<meta property=\"og:url\" content=\"https:\/\/www.manabi.gob.ec\/index.php\/manabi-prepara-su-aniversario-provincializacion\/\" \/>\n<meta property=\"og:site_name\" content=\"Prefectura de Manab\u00ed\" \/>\n<meta property=\"article:published_time\" content=\"2019-06-25T22:13:53+00:00\" \/>\n<meta name=\"author\" content=\"admin\" \/>\n<meta name=\"twitter:card\" content=\"summary_large_image\" \/>\n<meta name=\"twitter:label1\" content=\"Escrito por\" \/>\n\t<meta name=\"twitter:data1\" content=\"admin\" \/>\n\t<meta name=\"twitter:label2\" content=\"Tiempo de lectura\" \/>\n\t<meta name=\"twitter:data2\" content=\"2 minutos\" \/>\n<script type=\"application\/ld+json\" class=\"yoast-schema-graph\">{\"@context\":\"https:\\\/\\\/schema.org\",\"@graph\":[{\"@type\":\"Article\",\"@id\":\"https:\\\/\\\/www.manabi.gob.ec\\\/index.php\\\/manabi-prepara-su-aniversario-provincializacion\\\/#article\",\"isPartOf\":{\"@id\":\"https:\\\/\\\/www.manabi.gob.ec\\\/index.php\\\/manabi-prepara-su-aniversario-provincializacion\\\/\"},\"author\":{\"name\":\"admin\",\"@id\":\"https:\\\/\\\/www.manabi.gob.ec\\\/#\\\/schema\\\/person\\\/cfc71bd68fe2703b779edcc292a49722\"},\"headline\":\"MANAB\u00cd PREPARA SU ANIVERSARIO PROVINCIALIZACI\u00d2N\",\"datePublished\":\"2019-06-25T22:13:53+00:00\",\"mainEntityOfPage\":{\"@id\":\"https:\\\/\\\/www.manabi.gob.ec\\\/index.php\\\/manabi-prepara-su-aniversario-provincializacion\\\/\"},\"wordCount\":402,\"commentCount\":0,\"image\":{\"@id\":\"https:\\\/\\\/www.manabi.gob.ec\\\/index.php\\\/manabi-prepara-su-aniversario-provincializacion\\\/#primaryimage\"},\"thumbnailUrl\":\"\",\"articleSection\":[\"Noticias\",\"Todas\"],\"inLanguage\":\"es\",\"potentialAction\":[{\"@type\":\"CommentAction\",\"name\":\"Comment\",\"target\":[\"https:\\\/\\\/www.manabi.gob.ec\\\/index.php\\\/manabi-prepara-su-aniversario-provincializacion\\\/#respond\"]}]},{\"@type\":\"WebPage\",\"@id\":\"https:\\\/\\\/www.manabi.gob.ec\\\/index.php\\\/manabi-prepara-su-aniversario-provincializacion\\\/\",\"url\":\"https:\\\/\\\/www.manabi.gob.ec\\\/index.php\\\/manabi-prepara-su-aniversario-provincializacion\\\/\",\"name\":\"MANAB\u00cd PREPARA SU ANIVERSARIO PROVINCIALIZACI\u00d2N - Prefectura de Manab\u00ed\",\"isPartOf\":{\"@id\":\"https:\\\/\\\/www.manabi.gob.ec\\\/#website\"},\"primaryImageOfPage\":{\"@id\":\"https:\\\/\\\/www.manabi.gob.ec\\\/index.php\\\/manabi-prepara-su-aniversario-provincializacion\\\/#primaryimage\"},\"image\":{\"@id\":\"https:\\\/\\\/www.manabi.gob.ec\\\/index.php\\\/manabi-prepara-su-aniversario-provincializacion\\\/#primaryimage\"},\"thumbnailUrl\":\"\",\"datePublished\":\"2019-06-25T22:13:53+00:00\",\"author\":{\"@id\":\"https:\\\/\\\/www.manabi.gob.ec\\\/#\\\/schema\\\/person\\\/cfc71bd68fe2703b779edcc292a49722\"},\"breadcrumb\":{\"@id\":\"https:\\\/\\\/www.manabi.gob.ec\\\/index.php\\\/manabi-prepara-su-aniversario-provincializacion\\\/#breadcrumb\"},\"inLanguage\":\"es\",\"potentialAction\":[{\"@type\":\"ReadAction\",\"target\":[\"https:\\\/\\\/www.manabi.gob.ec\\\/index.php\\\/manabi-prepara-su-aniversario-provincializacion\\\/\"]}]},{\"@type\":\"ImageObject\",\"inLanguage\":\"es\",\"@id\":\"https:\\\/\\\/www.manabi.gob.ec\\\/index.php\\\/manabi-prepara-su-aniversario-provincializacion\\\/#primaryimage\",\"url\":\"\",\"contentUrl\":\"\"},{\"@type\":\"BreadcrumbList\",\"@id\":\"https:\\\/\\\/www.manabi.gob.ec\\\/index.php\\\/manabi-prepara-su-aniversario-provincializacion\\\/#breadcrumb\",\"itemListElement\":[{\"@type\":\"ListItem\",\"position\":1,\"name\":\"Portada\",\"item\":\"https:\\\/\\\/www.manabi.gob.ec\\\/\"},{\"@type\":\"ListItem\",\"position\":2,\"name\":\"MANAB\u00cd PREPARA SU ANIVERSARIO PROVINCIALIZACI\u00d2N\"}]},{\"@type\":\"WebSite\",\"@id\":\"https:\\\/\\\/www.manabi.gob.ec\\\/#website\",\"url\":\"https:\\\/\\\/www.manabi.gob.ec\\\/\",\"name\":\"Prefectura de Manab\u00ed\",\"description\":\"P\u00e1gina web de la prefectura\",\"potentialAction\":[{\"@type\":\"SearchAction\",\"target\":{\"@type\":\"EntryPoint\",\"urlTemplate\":\"https:\\\/\\\/www.manabi.gob.ec\\\/?s={search_term_string}\"},\"query-input\":{\"@type\":\"PropertyValueSpecification\",\"valueRequired\":true,\"valueName\":\"search_term_string\"}}],\"inLanguage\":\"es\"},{\"@type\":\"Person\",\"@id\":\"https:\\\/\\\/www.manabi.gob.ec\\\/#\\\/schema\\\/person\\\/cfc71bd68fe2703b779edcc292a49722\",\"name\":\"admin\",\"image\":{\"@type\":\"ImageObject\",\"inLanguage\":\"es\",\"@id\":\"https:\\\/\\\/secure.gravatar.com\\\/avatar\\\/23e9f919492b0a2f65aa168e0d8c5c867ea853b61deffbadf08c7031e15b8d78?s=96&d=mm&r=g\",\"url\":\"https:\\\/\\\/secure.gravatar.com\\\/avatar\\\/23e9f919492b0a2f65aa168e0d8c5c867ea853b61deffbadf08c7031e15b8d78?s=96&d=mm&r=g\",\"contentUrl\":\"https:\\\/\\\/secure.gravatar.com\\\/avatar\\\/23e9f919492b0a2f65aa168e0d8c5c867ea853b61deffbadf08c7031e15b8d78?s=96&d=mm&r=g\",\"caption\":\"admin\"},\"sameAs\":[\"http:\\\/\\\/www.manabi.gob.ec\"],\"url\":\"https:\\\/\\\/www.manabi.gob.ec\\\/index.php\\\/author\\\/admin\\\/\"}]}<\/script>\n<!-- \/ Yoast SEO plugin. -->","yoast_head_json":{"title":"MANAB\u00cd PREPARA SU ANIVERSARIO PROVINCIALIZACI\u00d2N - Prefectura de Manab\u00ed","robots":{"index":"index","follow":"follow","max-snippet":"max-snippet:-1","max-image-preview":"max-image-preview:large","max-video-preview":"max-video-preview:-1"},"canonical":"https:\/\/www.manabi.gob.ec\/index.php\/manabi-prepara-su-aniversario-provincializacion\/","og_locale":"es_ES","og_type":"article","og_title":"MANAB\u00cd PREPARA SU ANIVERSARIO PROVINCIALIZACI\u00d2N - Prefectura de Manab\u00ed","og_description":"Este martes 25 de junio, Manab\u00ed cumple 195 a\u00f1os de vida provincial, fecha conmemorativa que ser\u00e1 exaltada en una sesi\u00f3n solemne presidida por el prefecto, Leonardo Orlando Arteaga y la Viceprefecta, Kelly Buenaventura. La sesi\u00f3n ser\u00e1 a las 11h00, en el sal\u00f3n de eventos Bellavista de Portoviejo, donde adem\u00e1s habr\u00e1 presentaciones culturales, en homenaje a [&hellip;]","og_url":"https:\/\/www.manabi.gob.ec\/index.php\/manabi-prepara-su-aniversario-provincializacion\/","og_site_name":"Prefectura de Manab\u00ed","article_published_time":"2019-06-25T22:13:53+00:00","author":"admin","twitter_card":"summary_large_image","twitter_misc":{"Escrito por":"admin","Tiempo de lectura":"2 minutos"},"schema":{"@context":"https:\/\/schema.org","@graph":[{"@type":"Article","@id":"https:\/\/www.manabi.gob.ec\/index.php\/manabi-prepara-su-aniversario-provincializacion\/#article","isPartOf":{"@id":"https:\/\/www.manabi.gob.ec\/index.php\/manabi-prepara-su-aniversario-provincializacion\/"},"author":{"name":"admin","@id":"https:\/\/www.manabi.gob.ec\/#\/schema\/person\/cfc71bd68fe2703b779edcc292a49722"},"headline":"MANAB\u00cd PREPARA SU ANIVERSARIO PROVINCIALIZACI\u00d2N","datePublished":"2019-06-25T22:13:53+00:00","mainEntityOfPage":{"@id":"https:\/\/www.manabi.gob.ec\/index.php\/manabi-prepara-su-aniversario-provincializacion\/"},"wordCount":402,"commentCount":0,"image":{"@id":"https:\/\/www.manabi.gob.ec\/index.php\/manabi-prepara-su-aniversario-provincializacion\/#primaryimage"},"thumbnailUrl":"","articleSection":["Noticias","Todas"],"inLanguage":"es","potentialAction":[{"@type":"CommentAction","name":"Comment","target":["https:\/\/www.manabi.gob.ec\/index.php\/manabi-prepara-su-aniversario-provincializacion\/#respond"]}]},{"@type":"WebPage","@id":"https:\/\/www.manabi.gob.ec\/index.php\/manabi-prepara-su-aniversario-provincializacion\/","url":"https:\/\/www.manabi.gob.ec\/index.php\/manabi-prepara-su-aniversario-provincializacion\/","name":"MANAB\u00cd PREPARA SU ANIVERSARIO PROVINCIALIZACI\u00d2N - Prefectura de Manab\u00ed","isPartOf":{"@id":"https:\/\/www.manabi.gob.ec\/#website"},"primaryImageOfPage":{"@id":"https:\/\/www.manabi.gob.ec\/index.php\/manabi-prepara-su-aniversario-provincializacion\/#primaryimage"},"image":{"@id":"https:\/\/www.manabi.gob.ec\/index.php\/manabi-prepara-su-aniversario-provincializacion\/#primaryimage"},"thumbnailUrl":"","datePublished":"2019-06-25T22:13:53+00:00","author":{"@id":"https:\/\/www.manabi.gob.ec\/#\/schema\/person\/cfc71bd68fe2703b779edcc292a49722"},"breadcrumb":{"@id":"https:\/\/www.manabi.gob.ec\/index.php\/manabi-prepara-su-aniversario-provincializacion\/#breadcrumb"},"inLanguage":"es","potentialAction":[{"@type":"ReadAction","target":["https:\/\/www.manabi.gob.ec\/index.php\/manabi-prepara-su-aniversario-provincializacion\/"]}]},{"@type":"ImageObject","inLanguage":"es","@id":"https:\/\/www.manabi.gob.ec\/index.php\/manabi-prepara-su-aniversario-provincializacion\/#primaryimage","url":"","contentUrl":""},{"@type":"BreadcrumbList","@id":"https:\/\/www.manabi.gob.ec\/index.php\/manabi-prepara-su-aniversario-provincializacion\/#breadcrumb","itemListElement":[{"@type":"ListItem","position":1,"name":"Portada","item":"https:\/\/www.manabi.gob.ec\/"},{"@type":"ListItem","position":2,"name":"MANAB\u00cd PREPARA SU ANIVERSARIO PROVINCIALIZACI\u00d2N"}]},{"@type":"WebSite","@id":"https:\/\/www.manabi.gob.ec\/#website","url":"https:\/\/www.manabi.gob.ec\/","name":"Prefectura de Manab\u00ed","description":"P\u00e1gina web de la prefectura","potentialAction":[{"@type":"SearchAction","target":{"@type":"EntryPoint","urlTemplate":"https:\/\/www.manabi.gob.ec\/?s={search_term_string}"},"query-input":{"@type":"PropertyValueSpecification","valueRequired":true,"valueName":"search_term_string"}}],"inLanguage":"es"},{"@type":"Person","@id":"https:\/\/www.manabi.gob.ec\/#\/schema\/person\/cfc71bd68fe2703b779edcc292a49722","name":"admin","image":{"@type":"ImageObject","inLanguage":"es","@id":"https:\/\/secure.gravatar.com\/avatar\/23e9f919492b0a2f65aa168e0d8c5c867ea853b61deffbadf08c7031e15b8d78?s=96&d=mm&r=g","url":"https:\/\/secure.gravatar.com\/avatar\/23e9f919492b0a2f65aa168e0d8c5c867ea853b61deffbadf08c7031e15b8d78?s=96&d=mm&r=g","contentUrl":"https:\/\/secure.gravatar.com\/avatar\/23e9f919492b0a2f65aa168e0d8c5c867ea853b61deffbadf08c7031e15b8d78?s=96&d=mm&r=g","caption":"admin"},"sameAs":["http:\/\/www.manabi.gob.ec"],"url":"https:\/\/www.manabi.gob.ec\/index.php\/author\/admin\/"}]}},"jetpack_featured_media_url":"","_links":{"self":[{"href":"https:\/\/www.manabi.gob.ec\/index.php\/wp-json\/wp\/v2\/posts\/13196","targetHints":{"allow":["GET"]}}],"collection":[{"href":"https:\/\/www.manabi.gob.ec\/index.php\/wp-json\/wp\/v2\/posts"}],"about":[{"href":"https:\/\/www.manabi.gob.ec\/index.php\/wp-json\/wp\/v2\/types\/post"}],"author":[{"embeddable":true,"href":"https:\/\/www.manabi.gob.ec\/index.php\/wp-json\/wp\/v2\/users\/1"}],"replies":[{"embeddable":true,"href":"https:\/\/www.manabi.gob.ec\/index.php\/wp-json\/wp\/v2\/comments?post=13196"}],"version-history":[{"count":0,"href":"https:\/\/www.manabi.gob.ec\/index.php\/wp-json\/wp\/v2\/posts\/13196\/revisions"}],"wp:featuredmedia":[{"embeddable":true,"href":"https:\/\/www.manabi.gob.ec\/index.php\/wp-json\/"}],"wp:attachment":[{"href":"https:\/\/www.manabi.gob.ec\/index.php\/wp-json\/wp\/v2\/media?parent=13196"}],"wp:term":[{"taxonomy":"category","embeddable":true,"href":"https:\/\/www.manabi.gob.ec\/index.php\/wp-json\/wp\/v2\/categories?post=13196"},{"taxonomy":"post_tag","embeddable":true,"href":"https:\/\/www.manabi.gob.ec\/index.php\/wp-json\/wp\/v2\/tags?post=13196"}],"curies":[{"name":"wp","href":"https:\/\/api.w.org\/{rel}","templated":true}]}}