{"id":13217,"date":"2019-06-28T21:30:51","date_gmt":"2019-06-29T02:30:51","guid":{"rendered":"http:\/\/www.manabi.gob.ec\/?p=13217"},"modified":"2019-06-28T21:30:51","modified_gmt":"2019-06-29T02:30:51","slug":"habitantes-de-san-cristobal-en-picoaza-cuentan-con-calle-asfaltada","status":"publish","type":"post","link":"https:\/\/www.manabi.gob.ec\/index.php\/habitantes-de-san-cristobal-en-picoaza-cuentan-con-calle-asfaltada\/","title":{"rendered":"HABITANTES DE SAN CRISTOBAL EN PICOAZ\u00c1 CUENTAN CON CALLE ASFALTADA"},"content":{"rendered":"\n<p class=\"has-drop-cap\">Gracias a un convenio vigente de cooperaci\u00f3n\ninterinstitucional 50\/50 entre el Gobierno de Manab\u00ed y el Municipio de\nPortoviejo se est\u00e1 colocando carpeta asf\u00e1ltica de 2 pulgadas en la calle San\nCrist\u00f3bal de Picoaz\u00e1. La obra tiene una avance del 95%.<\/p>\n\n\n<p>La intervenci\u00f3n vial tiene una distancia de\n560 metros de longitud y 10 metros de ancho. Se construyeron bordillos, cinta\ngoteras, alcantarillas para aguas servidas y pluviales.<\/p>\n\n\n<p>Ricardo Navia, director t\u00e9cnico del Gobierno de Manab\u00ed, acompa\u00f1ado del administrador y fiscalizador de la obra realizaron una inspecci\u00f3n para constatar como avanzan los trabajos. \u201cSon alrededor de once calles que ser\u00e1n intervenidas en la ciudad de Portoviejo, el monto de la inversi\u00f3n es de aproximadamente de 1 mill\u00f3n 800 mil d\u00f3lares\u201d, indic\u00f3 Navia.<\/p>\n\n\n<p>Hilda Vera y Jos\u00e9 Cevallos se benefician de\nesta obra. Ellos est\u00e1n muy contentos al igual que todos los vecinos del sector\nporque ya no tendr\u00e1n que aguantar polvo en verano y lodo en invierno. \u201cEn \u00e9poca\ninvernal ten\u00edamos que sacar a nuestros hijos en hombro.&nbsp;&nbsp;Ahora la\nsituaci\u00f3n es ser\u00e1 totalmente diferente para nosotros\u201d, dijo Cevallos.<\/p>\n\n\n<p><strong>OTRAS V\u00cdAS<\/strong><\/p>\n\n\n<p>Tambi\u00e9n se est\u00e1 interviniendo en las calles\nChimborazo (parroquia Andr\u00e9s Vera), Divino Ni\u00f1o (ciudadela San Jorge),\nPortoviejo (sector El Lim\u00f3n) y 24 de Mayo (sector Col\u00f3n).<\/p>\n","protected":false},"excerpt":{"rendered":"<p>Gracias a un convenio vigente de cooperaci\u00f3n interinstitucional 50\/50 entre el Gobierno de Manab\u00ed y el Municipio de Portoviejo se est\u00e1 colocando carpeta asf\u00e1ltica de 2 pulgadas en la calle San Crist\u00f3bal de Picoaz\u00e1. La obra tiene una avance del 95%. La intervenci\u00f3n vial tiene una distancia de 560 metros de longitud y 10 metros [&hellip;]<\/p>\n","protected":false},"author":1,"featured_media":13218,"comment_status":"open","ping_status":"open","sticky":false,"template":"","format":"standard","meta":{"_joinchat":[],"footnotes":""},"categories":[92,91],"tags":[],"class_list":["post-13217","post","type-post","status-publish","format-standard","has-post-thumbnail","hentry","category-noticias-manabi","category-todas"],"yoast_head":"<!-- This site is optimized with the Yoast SEO plugin v27.4 - https:\/\/yoast.com\/product\/yoast-seo-wordpress\/ -->\n<title>HABITANTES DE SAN CRISTOBAL EN PICOAZ\u00c1 CUENTAN CON CALLE ASFALTADA - Prefectura de Manab\u00ed<\/title>\n<meta name=\"robots\" content=\"index, follow, max-snippet:-1, max-image-preview:large, max-video-preview:-1\" \/>\n<link rel=\"canonical\" href=\"https:\/\/www.manabi.gob.ec\/index.php\/habitantes-de-san-cristobal-en-picoaza-cuentan-con-calle-asfaltada\/\" \/>\n<meta property=\"og:locale\" content=\"es_ES\" \/>\n<meta property=\"og:type\" content=\"article\" \/>\n<meta property=\"og:title\" content=\"HABITANTES DE SAN CRISTOBAL EN PICOAZ\u00c1 CUENTAN CON CALLE ASFALTADA - Prefectura de Manab\u00ed\" \/>\n<meta property=\"og:description\" content=\"Gracias a un convenio vigente de cooperaci\u00f3n interinstitucional 50\/50 entre el Gobierno de Manab\u00ed y el Municipio de Portoviejo se est\u00e1 colocando carpeta asf\u00e1ltica de 2 pulgadas en la calle San Crist\u00f3bal de Picoaz\u00e1. La obra tiene una avance del 95%. La intervenci\u00f3n vial tiene una distancia de 560 metros de longitud y 10 metros [&hellip;]\" \/>\n<meta property=\"og:url\" content=\"https:\/\/www.manabi.gob.ec\/index.php\/habitantes-de-san-cristobal-en-picoaza-cuentan-con-calle-asfaltada\/\" \/>\n<meta property=\"og:site_name\" content=\"Prefectura de Manab\u00ed\" \/>\n<meta property=\"article:published_time\" content=\"2019-06-29T02:30:51+00:00\" \/>\n<meta name=\"author\" content=\"admin\" \/>\n<meta name=\"twitter:card\" content=\"summary_large_image\" \/>\n<meta name=\"twitter:label1\" content=\"Escrito por\" \/>\n\t<meta name=\"twitter:data1\" content=\"admin\" \/>\n\t<meta name=\"twitter:label2\" content=\"Tiempo de lectura\" \/>\n\t<meta name=\"twitter:data2\" content=\"1 minuto\" \/>\n<script type=\"application\/ld+json\" class=\"yoast-schema-graph\">{\"@context\":\"https:\\\/\\\/schema.org\",\"@graph\":[{\"@type\":\"Article\",\"@id\":\"https:\\\/\\\/www.manabi.gob.ec\\\/index.php\\\/habitantes-de-san-cristobal-en-picoaza-cuentan-con-calle-asfaltada\\\/#article\",\"isPartOf\":{\"@id\":\"https:\\\/\\\/www.manabi.gob.ec\\\/index.php\\\/habitantes-de-san-cristobal-en-picoaza-cuentan-con-calle-asfaltada\\\/\"},\"author\":{\"name\":\"admin\",\"@id\":\"https:\\\/\\\/www.manabi.gob.ec\\\/#\\\/schema\\\/person\\\/cfc71bd68fe2703b779edcc292a49722\"},\"headline\":\"HABITANTES DE SAN CRISTOBAL EN PICOAZ\u00c1 CUENTAN CON CALLE ASFALTADA\",\"datePublished\":\"2019-06-29T02:30:51+00:00\",\"mainEntityOfPage\":{\"@id\":\"https:\\\/\\\/www.manabi.gob.ec\\\/index.php\\\/habitantes-de-san-cristobal-en-picoaza-cuentan-con-calle-asfaltada\\\/\"},\"wordCount\":232,\"commentCount\":0,\"image\":{\"@id\":\"https:\\\/\\\/www.manabi.gob.ec\\\/index.php\\\/habitantes-de-san-cristobal-en-picoaza-cuentan-con-calle-asfaltada\\\/#primaryimage\"},\"thumbnailUrl\":\"\",\"articleSection\":[\"Noticias\",\"Todas\"],\"inLanguage\":\"es\",\"potentialAction\":[{\"@type\":\"CommentAction\",\"name\":\"Comment\",\"target\":[\"https:\\\/\\\/www.manabi.gob.ec\\\/index.php\\\/habitantes-de-san-cristobal-en-picoaza-cuentan-con-calle-asfaltada\\\/#respond\"]}]},{\"@type\":\"WebPage\",\"@id\":\"https:\\\/\\\/www.manabi.gob.ec\\\/index.php\\\/habitantes-de-san-cristobal-en-picoaza-cuentan-con-calle-asfaltada\\\/\",\"url\":\"https:\\\/\\\/www.manabi.gob.ec\\\/index.php\\\/habitantes-de-san-cristobal-en-picoaza-cuentan-con-calle-asfaltada\\\/\",\"name\":\"HABITANTES DE SAN CRISTOBAL EN PICOAZ\u00c1 CUENTAN CON CALLE ASFALTADA - Prefectura de Manab\u00ed\",\"isPartOf\":{\"@id\":\"https:\\\/\\\/www.manabi.gob.ec\\\/#website\"},\"primaryImageOfPage\":{\"@id\":\"https:\\\/\\\/www.manabi.gob.ec\\\/index.php\\\/habitantes-de-san-cristobal-en-picoaza-cuentan-con-calle-asfaltada\\\/#primaryimage\"},\"image\":{\"@id\":\"https:\\\/\\\/www.manabi.gob.ec\\\/index.php\\\/habitantes-de-san-cristobal-en-picoaza-cuentan-con-calle-asfaltada\\\/#primaryimage\"},\"thumbnailUrl\":\"\",\"datePublished\":\"2019-06-29T02:30:51+00:00\",\"author\":{\"@id\":\"https:\\\/\\\/www.manabi.gob.ec\\\/#\\\/schema\\\/person\\\/cfc71bd68fe2703b779edcc292a49722\"},\"breadcrumb\":{\"@id\":\"https:\\\/\\\/www.manabi.gob.ec\\\/index.php\\\/habitantes-de-san-cristobal-en-picoaza-cuentan-con-calle-asfaltada\\\/#breadcrumb\"},\"inLanguage\":\"es\",\"potentialAction\":[{\"@type\":\"ReadAction\",\"target\":[\"https:\\\/\\\/www.manabi.gob.ec\\\/index.php\\\/habitantes-de-san-cristobal-en-picoaza-cuentan-con-calle-asfaltada\\\/\"]}]},{\"@type\":\"ImageObject\",\"inLanguage\":\"es\",\"@id\":\"https:\\\/\\\/www.manabi.gob.ec\\\/index.php\\\/habitantes-de-san-cristobal-en-picoaza-cuentan-con-calle-asfaltada\\\/#primaryimage\",\"url\":\"\",\"contentUrl\":\"\"},{\"@type\":\"BreadcrumbList\",\"@id\":\"https:\\\/\\\/www.manabi.gob.ec\\\/index.php\\\/habitantes-de-san-cristobal-en-picoaza-cuentan-con-calle-asfaltada\\\/#breadcrumb\",\"itemListElement\":[{\"@type\":\"ListItem\",\"position\":1,\"name\":\"Portada\",\"item\":\"https:\\\/\\\/www.manabi.gob.ec\\\/\"},{\"@type\":\"ListItem\",\"position\":2,\"name\":\"HABITANTES DE SAN CRISTOBAL EN PICOAZ\u00c1 CUENTAN CON CALLE ASFALTADA\"}]},{\"@type\":\"WebSite\",\"@id\":\"https:\\\/\\\/www.manabi.gob.ec\\\/#website\",\"url\":\"https:\\\/\\\/www.manabi.gob.ec\\\/\",\"name\":\"Prefectura de Manab\u00ed\",\"description\":\"P\u00e1gina web de la prefectura\",\"potentialAction\":[{\"@type\":\"SearchAction\",\"target\":{\"@type\":\"EntryPoint\",\"urlTemplate\":\"https:\\\/\\\/www.manabi.gob.ec\\\/?s={search_term_string}\"},\"query-input\":{\"@type\":\"PropertyValueSpecification\",\"valueRequired\":true,\"valueName\":\"search_term_string\"}}],\"inLanguage\":\"es\"},{\"@type\":\"Person\",\"@id\":\"https:\\\/\\\/www.manabi.gob.ec\\\/#\\\/schema\\\/person\\\/cfc71bd68fe2703b779edcc292a49722\",\"name\":\"admin\",\"image\":{\"@type\":\"ImageObject\",\"inLanguage\":\"es\",\"@id\":\"https:\\\/\\\/secure.gravatar.com\\\/avatar\\\/23e9f919492b0a2f65aa168e0d8c5c867ea853b61deffbadf08c7031e15b8d78?s=96&d=mm&r=g\",\"url\":\"https:\\\/\\\/secure.gravatar.com\\\/avatar\\\/23e9f919492b0a2f65aa168e0d8c5c867ea853b61deffbadf08c7031e15b8d78?s=96&d=mm&r=g\",\"contentUrl\":\"https:\\\/\\\/secure.gravatar.com\\\/avatar\\\/23e9f919492b0a2f65aa168e0d8c5c867ea853b61deffbadf08c7031e15b8d78?s=96&d=mm&r=g\",\"caption\":\"admin\"},\"sameAs\":[\"http:\\\/\\\/www.manabi.gob.ec\"],\"url\":\"https:\\\/\\\/www.manabi.gob.ec\\\/index.php\\\/author\\\/admin\\\/\"}]}<\/script>\n<!-- \/ Yoast SEO plugin. -->","yoast_head_json":{"title":"HABITANTES DE SAN CRISTOBAL EN PICOAZ\u00c1 CUENTAN CON CALLE ASFALTADA - Prefectura de Manab\u00ed","robots":{"index":"index","follow":"follow","max-snippet":"max-snippet:-1","max-image-preview":"max-image-preview:large","max-video-preview":"max-video-preview:-1"},"canonical":"https:\/\/www.manabi.gob.ec\/index.php\/habitantes-de-san-cristobal-en-picoaza-cuentan-con-calle-asfaltada\/","og_locale":"es_ES","og_type":"article","og_title":"HABITANTES DE SAN CRISTOBAL EN PICOAZ\u00c1 CUENTAN CON CALLE ASFALTADA - Prefectura de Manab\u00ed","og_description":"Gracias a un convenio vigente de cooperaci\u00f3n interinstitucional 50\/50 entre el Gobierno de Manab\u00ed y el Municipio de Portoviejo se est\u00e1 colocando carpeta asf\u00e1ltica de 2 pulgadas en la calle San Crist\u00f3bal de Picoaz\u00e1. La obra tiene una avance del 95%. La intervenci\u00f3n vial tiene una distancia de 560 metros de longitud y 10 metros [&hellip;]","og_url":"https:\/\/www.manabi.gob.ec\/index.php\/habitantes-de-san-cristobal-en-picoaza-cuentan-con-calle-asfaltada\/","og_site_name":"Prefectura de Manab\u00ed","article_published_time":"2019-06-29T02:30:51+00:00","author":"admin","twitter_card":"summary_large_image","twitter_misc":{"Escrito por":"admin","Tiempo de lectura":"1 minuto"},"schema":{"@context":"https:\/\/schema.org","@graph":[{"@type":"Article","@id":"https:\/\/www.manabi.gob.ec\/index.php\/habitantes-de-san-cristobal-en-picoaza-cuentan-con-calle-asfaltada\/#article","isPartOf":{"@id":"https:\/\/www.manabi.gob.ec\/index.php\/habitantes-de-san-cristobal-en-picoaza-cuentan-con-calle-asfaltada\/"},"author":{"name":"admin","@id":"https:\/\/www.manabi.gob.ec\/#\/schema\/person\/cfc71bd68fe2703b779edcc292a49722"},"headline":"HABITANTES DE SAN CRISTOBAL EN PICOAZ\u00c1 CUENTAN CON CALLE ASFALTADA","datePublished":"2019-06-29T02:30:51+00:00","mainEntityOfPage":{"@id":"https:\/\/www.manabi.gob.ec\/index.php\/habitantes-de-san-cristobal-en-picoaza-cuentan-con-calle-asfaltada\/"},"wordCount":232,"commentCount":0,"image":{"@id":"https:\/\/www.manabi.gob.ec\/index.php\/habitantes-de-san-cristobal-en-picoaza-cuentan-con-calle-asfaltada\/#primaryimage"},"thumbnailUrl":"","articleSection":["Noticias","Todas"],"inLanguage":"es","potentialAction":[{"@type":"CommentAction","name":"Comment","target":["https:\/\/www.manabi.gob.ec\/index.php\/habitantes-de-san-cristobal-en-picoaza-cuentan-con-calle-asfaltada\/#respond"]}]},{"@type":"WebPage","@id":"https:\/\/www.manabi.gob.ec\/index.php\/habitantes-de-san-cristobal-en-picoaza-cuentan-con-calle-asfaltada\/","url":"https:\/\/www.manabi.gob.ec\/index.php\/habitantes-de-san-cristobal-en-picoaza-cuentan-con-calle-asfaltada\/","name":"HABITANTES DE SAN CRISTOBAL EN PICOAZ\u00c1 CUENTAN CON CALLE ASFALTADA - Prefectura de Manab\u00ed","isPartOf":{"@id":"https:\/\/www.manabi.gob.ec\/#website"},"primaryImageOfPage":{"@id":"https:\/\/www.manabi.gob.ec\/index.php\/habitantes-de-san-cristobal-en-picoaza-cuentan-con-calle-asfaltada\/#primaryimage"},"image":{"@id":"https:\/\/www.manabi.gob.ec\/index.php\/habitantes-de-san-cristobal-en-picoaza-cuentan-con-calle-asfaltada\/#primaryimage"},"thumbnailUrl":"","datePublished":"2019-06-29T02:30:51+00:00","author":{"@id":"https:\/\/www.manabi.gob.ec\/#\/schema\/person\/cfc71bd68fe2703b779edcc292a49722"},"breadcrumb":{"@id":"https:\/\/www.manabi.gob.ec\/index.php\/habitantes-de-san-cristobal-en-picoaza-cuentan-con-calle-asfaltada\/#breadcrumb"},"inLanguage":"es","potentialAction":[{"@type":"ReadAction","target":["https:\/\/www.manabi.gob.ec\/index.php\/habitantes-de-san-cristobal-en-picoaza-cuentan-con-calle-asfaltada\/"]}]},{"@type":"ImageObject","inLanguage":"es","@id":"https:\/\/www.manabi.gob.ec\/index.php\/habitantes-de-san-cristobal-en-picoaza-cuentan-con-calle-asfaltada\/#primaryimage","url":"","contentUrl":""},{"@type":"BreadcrumbList","@id":"https:\/\/www.manabi.gob.ec\/index.php\/habitantes-de-san-cristobal-en-picoaza-cuentan-con-calle-asfaltada\/#breadcrumb","itemListElement":[{"@type":"ListItem","position":1,"name":"Portada","item":"https:\/\/www.manabi.gob.ec\/"},{"@type":"ListItem","position":2,"name":"HABITANTES DE SAN CRISTOBAL EN PICOAZ\u00c1 CUENTAN CON CALLE ASFALTADA"}]},{"@type":"WebSite","@id":"https:\/\/www.manabi.gob.ec\/#website","url":"https:\/\/www.manabi.gob.ec\/","name":"Prefectura de Manab\u00ed","description":"P\u00e1gina web de la prefectura","potentialAction":[{"@type":"SearchAction","target":{"@type":"EntryPoint","urlTemplate":"https:\/\/www.manabi.gob.ec\/?s={search_term_string}"},"query-input":{"@type":"PropertyValueSpecification","valueRequired":true,"valueName":"search_term_string"}}],"inLanguage":"es"},{"@type":"Person","@id":"https:\/\/www.manabi.gob.ec\/#\/schema\/person\/cfc71bd68fe2703b779edcc292a49722","name":"admin","image":{"@type":"ImageObject","inLanguage":"es","@id":"https:\/\/secure.gravatar.com\/avatar\/23e9f919492b0a2f65aa168e0d8c5c867ea853b61deffbadf08c7031e15b8d78?s=96&d=mm&r=g","url":"https:\/\/secure.gravatar.com\/avatar\/23e9f919492b0a2f65aa168e0d8c5c867ea853b61deffbadf08c7031e15b8d78?s=96&d=mm&r=g","contentUrl":"https:\/\/secure.gravatar.com\/avatar\/23e9f919492b0a2f65aa168e0d8c5c867ea853b61deffbadf08c7031e15b8d78?s=96&d=mm&r=g","caption":"admin"},"sameAs":["http:\/\/www.manabi.gob.ec"],"url":"https:\/\/www.manabi.gob.ec\/index.php\/author\/admin\/"}]}},"jetpack_featured_media_url":"","_links":{"self":[{"href":"https:\/\/www.manabi.gob.ec\/index.php\/wp-json\/wp\/v2\/posts\/13217","targetHints":{"allow":["GET"]}}],"collection":[{"href":"https:\/\/www.manabi.gob.ec\/index.php\/wp-json\/wp\/v2\/posts"}],"about":[{"href":"https:\/\/www.manabi.gob.ec\/index.php\/wp-json\/wp\/v2\/types\/post"}],"author":[{"embeddable":true,"href":"https:\/\/www.manabi.gob.ec\/index.php\/wp-json\/wp\/v2\/users\/1"}],"replies":[{"embeddable":true,"href":"https:\/\/www.manabi.gob.ec\/index.php\/wp-json\/wp\/v2\/comments?post=13217"}],"version-history":[{"count":0,"href":"https:\/\/www.manabi.gob.ec\/index.php\/wp-json\/wp\/v2\/posts\/13217\/revisions"}],"wp:featuredmedia":[{"embeddable":true,"href":"https:\/\/www.manabi.gob.ec\/index.php\/wp-json\/"}],"wp:attachment":[{"href":"https:\/\/www.manabi.gob.ec\/index.php\/wp-json\/wp\/v2\/media?parent=13217"}],"wp:term":[{"taxonomy":"category","embeddable":true,"href":"https:\/\/www.manabi.gob.ec\/index.php\/wp-json\/wp\/v2\/categories?post=13217"},{"taxonomy":"post_tag","embeddable":true,"href":"https:\/\/www.manabi.gob.ec\/index.php\/wp-json\/wp\/v2\/tags?post=13217"}],"curies":[{"name":"wp","href":"https:\/\/api.w.org\/{rel}","templated":true}]}}