{"id":13243,"date":"2019-07-05T15:17:08","date_gmt":"2019-07-05T20:17:08","guid":{"rendered":"http:\/\/www.manabi.gob.ec\/?p=13243"},"modified":"2019-07-05T15:17:08","modified_gmt":"2019-07-05T20:17:08","slug":"prefecto-trabajo-en-el-carmen","status":"publish","type":"post","link":"https:\/\/www.manabi.gob.ec\/index.php\/prefecto-trabajo-en-el-carmen\/","title":{"rendered":"PREFECTO  TRABAJ\u00d3  EN  EL CARMEN"},"content":{"rendered":"\n<p class=\"has-drop-cap\">Representantes\nde los ganaderos, productores de pl\u00e1tano, artesanos&nbsp; y comunidades rurales de El Carmen\nsostuvieron reuniones de trabajo con el prefecto, Leonardo Orlando y&nbsp; la viceprefecta, Kelly Buenaventura.<\/p>\n\n\n<p>En\nestas jornadas, &nbsp;desarrolladas el\npasado&nbsp; 28 de junio, los representantes\nde los sectores productivos expusieron las dificultades&nbsp; que tienen en la comercializaci\u00f3n&nbsp; de sus productos&nbsp; y &nbsp;la\nnecesidad de mejorar las v\u00edas rurales. <\/p>\n\n\n<p>El\nplan de caminos veraneros ya viene, este es&nbsp; un proyecto que vamos a poner\nen pr\u00e1ctica, durante los pr\u00f3ximos meses, para suplir la emergencia vial rural\nhasta contar con el presupuesto del pr\u00f3ximo a\u00f1o y poderles hacer un mejor&nbsp;\ntrabajo, como se merece&nbsp; El Carmen y los 22 cantones manabitas, dijo el\nPrefecto.<\/p>\n\n\n<p>Franklin\nEspinoza,&nbsp; presidente de la Asociaci\u00f3n de\nGanaderos; y,&nbsp; Luis Gongora,&nbsp; presidente de la Federaci\u00f3n de Plataneros\ndestacaron la importancia de estas reuniones de trabajo porque&nbsp; les permiten hablar directamente con &nbsp;las autoridades&nbsp; y a ellos conocer la realidad que vive cada\nsector.&nbsp;&nbsp;&nbsp; <\/p>\n\n\n<p>Manuel\nChica, presidente cantonal en Defensa de Artesanos, pidi\u00f3 apoyo&nbsp; en equipos de trabajo&nbsp; y en comercializaci\u00f3n, para impulsar sus\nemprendimientos.&nbsp; <\/p>\n\n\n<p><strong>Comunidades <\/strong><\/p>\n\n\n<p>En\nSan Luis de Cajones,&nbsp; el Prefecto&nbsp; se reuni\u00f3 con&nbsp;\ndirigentes&nbsp; de&nbsp; comunidades rurales. Se pidi\u00f3&nbsp; mejoramiento de las v\u00edas y tambi\u00e9n se habl\u00f3\nsobre&nbsp; producci\u00f3n,&nbsp; comercializaci\u00f3n &nbsp;de productos y sobre&nbsp; la necesidad de cuidar el ambiente. <\/p>\n\n\n<p>El\nPrefecto anunci\u00f3 que se instalar\u00e1n&nbsp;\noficinas administrativas del Gobierno de Manab\u00ed&nbsp; y campamentos m\u00f3viles por zonas,&nbsp; con el\nobjetivo de cubrir con m\u00e1s eficiencia, responsabilidad y equidad a todos los\ncantones de la provincia.<\/p>\n\n\n<p>El\n23 de junio, tambi\u00e9n visit\u00f3 la Comunidad La Salvaci\u00f3n, donde sus dirigentes &nbsp;pidieron mejoras del camino a la comunidad, &nbsp;&nbsp;que fue\nrecorrido por &nbsp;Prefecto, quien indic\u00f3 que\nlos trabajos se desarrollar\u00e1n por fase, y que &nbsp;una vez que cese la humedad se har\u00e1 un trabajo\nemergente.<\/p>\n","protected":false},"excerpt":{"rendered":"<p>Representantes de los ganaderos, productores de pl\u00e1tano, artesanos&nbsp; y comunidades rurales de El Carmen sostuvieron reuniones de trabajo con el prefecto, Leonardo Orlando y&nbsp; la viceprefecta, Kelly Buenaventura. En estas jornadas, &nbsp;desarrolladas el pasado&nbsp; 28 de junio, los representantes de los sectores productivos expusieron las dificultades&nbsp; que tienen en la comercializaci\u00f3n&nbsp; de sus productos&nbsp; y [&hellip;]<\/p>\n","protected":false},"author":1,"featured_media":13244,"comment_status":"open","ping_status":"open","sticky":false,"template":"","format":"standard","meta":{"_joinchat":[],"footnotes":""},"categories":[92,91],"tags":[],"class_list":["post-13243","post","type-post","status-publish","format-standard","has-post-thumbnail","hentry","category-noticias-manabi","category-todas"],"yoast_head":"<!-- This site is optimized with the Yoast SEO plugin v27.4 - https:\/\/yoast.com\/product\/yoast-seo-wordpress\/ -->\n<title>PREFECTO TRABAJ\u00d3 EN EL CARMEN - Prefectura de Manab\u00ed<\/title>\n<meta name=\"robots\" content=\"index, follow, max-snippet:-1, max-image-preview:large, max-video-preview:-1\" \/>\n<link rel=\"canonical\" href=\"https:\/\/www.manabi.gob.ec\/index.php\/prefecto-trabajo-en-el-carmen\/\" \/>\n<meta property=\"og:locale\" content=\"es_ES\" \/>\n<meta property=\"og:type\" content=\"article\" \/>\n<meta property=\"og:title\" content=\"PREFECTO TRABAJ\u00d3 EN EL CARMEN - Prefectura de Manab\u00ed\" \/>\n<meta property=\"og:description\" content=\"Representantes de los ganaderos, productores de pl\u00e1tano, artesanos&nbsp; y comunidades rurales de El Carmen sostuvieron reuniones de trabajo con el prefecto, Leonardo Orlando y&nbsp; la viceprefecta, Kelly Buenaventura. En estas jornadas, &nbsp;desarrolladas el pasado&nbsp; 28 de junio, los representantes de los sectores productivos expusieron las dificultades&nbsp; que tienen en la comercializaci\u00f3n&nbsp; de sus productos&nbsp; y [&hellip;]\" \/>\n<meta property=\"og:url\" content=\"https:\/\/www.manabi.gob.ec\/index.php\/prefecto-trabajo-en-el-carmen\/\" \/>\n<meta property=\"og:site_name\" content=\"Prefectura de Manab\u00ed\" \/>\n<meta property=\"article:published_time\" content=\"2019-07-05T20:17:08+00:00\" \/>\n<meta name=\"author\" content=\"admin\" \/>\n<meta name=\"twitter:card\" content=\"summary_large_image\" \/>\n<meta name=\"twitter:label1\" content=\"Escrito por\" \/>\n\t<meta name=\"twitter:data1\" content=\"admin\" \/>\n\t<meta name=\"twitter:label2\" content=\"Tiempo de lectura\" \/>\n\t<meta name=\"twitter:data2\" content=\"2 minutos\" \/>\n<script type=\"application\/ld+json\" class=\"yoast-schema-graph\">{\"@context\":\"https:\\\/\\\/schema.org\",\"@graph\":[{\"@type\":\"Article\",\"@id\":\"https:\\\/\\\/www.manabi.gob.ec\\\/index.php\\\/prefecto-trabajo-en-el-carmen\\\/#article\",\"isPartOf\":{\"@id\":\"https:\\\/\\\/www.manabi.gob.ec\\\/index.php\\\/prefecto-trabajo-en-el-carmen\\\/\"},\"author\":{\"name\":\"admin\",\"@id\":\"https:\\\/\\\/www.manabi.gob.ec\\\/#\\\/schema\\\/person\\\/cfc71bd68fe2703b779edcc292a49722\"},\"headline\":\"PREFECTO TRABAJ\u00d3 EN EL CARMEN\",\"datePublished\":\"2019-07-05T20:17:08+00:00\",\"mainEntityOfPage\":{\"@id\":\"https:\\\/\\\/www.manabi.gob.ec\\\/index.php\\\/prefecto-trabajo-en-el-carmen\\\/\"},\"wordCount\":363,\"commentCount\":0,\"image\":{\"@id\":\"https:\\\/\\\/www.manabi.gob.ec\\\/index.php\\\/prefecto-trabajo-en-el-carmen\\\/#primaryimage\"},\"thumbnailUrl\":\"\",\"articleSection\":[\"Noticias\",\"Todas\"],\"inLanguage\":\"es\",\"potentialAction\":[{\"@type\":\"CommentAction\",\"name\":\"Comment\",\"target\":[\"https:\\\/\\\/www.manabi.gob.ec\\\/index.php\\\/prefecto-trabajo-en-el-carmen\\\/#respond\"]}]},{\"@type\":\"WebPage\",\"@id\":\"https:\\\/\\\/www.manabi.gob.ec\\\/index.php\\\/prefecto-trabajo-en-el-carmen\\\/\",\"url\":\"https:\\\/\\\/www.manabi.gob.ec\\\/index.php\\\/prefecto-trabajo-en-el-carmen\\\/\",\"name\":\"PREFECTO TRABAJ\u00d3 EN EL CARMEN - Prefectura de Manab\u00ed\",\"isPartOf\":{\"@id\":\"https:\\\/\\\/www.manabi.gob.ec\\\/#website\"},\"primaryImageOfPage\":{\"@id\":\"https:\\\/\\\/www.manabi.gob.ec\\\/index.php\\\/prefecto-trabajo-en-el-carmen\\\/#primaryimage\"},\"image\":{\"@id\":\"https:\\\/\\\/www.manabi.gob.ec\\\/index.php\\\/prefecto-trabajo-en-el-carmen\\\/#primaryimage\"},\"thumbnailUrl\":\"\",\"datePublished\":\"2019-07-05T20:17:08+00:00\",\"author\":{\"@id\":\"https:\\\/\\\/www.manabi.gob.ec\\\/#\\\/schema\\\/person\\\/cfc71bd68fe2703b779edcc292a49722\"},\"breadcrumb\":{\"@id\":\"https:\\\/\\\/www.manabi.gob.ec\\\/index.php\\\/prefecto-trabajo-en-el-carmen\\\/#breadcrumb\"},\"inLanguage\":\"es\",\"potentialAction\":[{\"@type\":\"ReadAction\",\"target\":[\"https:\\\/\\\/www.manabi.gob.ec\\\/index.php\\\/prefecto-trabajo-en-el-carmen\\\/\"]}]},{\"@type\":\"ImageObject\",\"inLanguage\":\"es\",\"@id\":\"https:\\\/\\\/www.manabi.gob.ec\\\/index.php\\\/prefecto-trabajo-en-el-carmen\\\/#primaryimage\",\"url\":\"\",\"contentUrl\":\"\"},{\"@type\":\"BreadcrumbList\",\"@id\":\"https:\\\/\\\/www.manabi.gob.ec\\\/index.php\\\/prefecto-trabajo-en-el-carmen\\\/#breadcrumb\",\"itemListElement\":[{\"@type\":\"ListItem\",\"position\":1,\"name\":\"Portada\",\"item\":\"https:\\\/\\\/www.manabi.gob.ec\\\/\"},{\"@type\":\"ListItem\",\"position\":2,\"name\":\"PREFECTO TRABAJ\u00d3 EN EL CARMEN\"}]},{\"@type\":\"WebSite\",\"@id\":\"https:\\\/\\\/www.manabi.gob.ec\\\/#website\",\"url\":\"https:\\\/\\\/www.manabi.gob.ec\\\/\",\"name\":\"Prefectura de Manab\u00ed\",\"description\":\"P\u00e1gina web de la prefectura\",\"potentialAction\":[{\"@type\":\"SearchAction\",\"target\":{\"@type\":\"EntryPoint\",\"urlTemplate\":\"https:\\\/\\\/www.manabi.gob.ec\\\/?s={search_term_string}\"},\"query-input\":{\"@type\":\"PropertyValueSpecification\",\"valueRequired\":true,\"valueName\":\"search_term_string\"}}],\"inLanguage\":\"es\"},{\"@type\":\"Person\",\"@id\":\"https:\\\/\\\/www.manabi.gob.ec\\\/#\\\/schema\\\/person\\\/cfc71bd68fe2703b779edcc292a49722\",\"name\":\"admin\",\"image\":{\"@type\":\"ImageObject\",\"inLanguage\":\"es\",\"@id\":\"https:\\\/\\\/secure.gravatar.com\\\/avatar\\\/23e9f919492b0a2f65aa168e0d8c5c867ea853b61deffbadf08c7031e15b8d78?s=96&d=mm&r=g\",\"url\":\"https:\\\/\\\/secure.gravatar.com\\\/avatar\\\/23e9f919492b0a2f65aa168e0d8c5c867ea853b61deffbadf08c7031e15b8d78?s=96&d=mm&r=g\",\"contentUrl\":\"https:\\\/\\\/secure.gravatar.com\\\/avatar\\\/23e9f919492b0a2f65aa168e0d8c5c867ea853b61deffbadf08c7031e15b8d78?s=96&d=mm&r=g\",\"caption\":\"admin\"},\"sameAs\":[\"http:\\\/\\\/www.manabi.gob.ec\"],\"url\":\"https:\\\/\\\/www.manabi.gob.ec\\\/index.php\\\/author\\\/admin\\\/\"}]}<\/script>\n<!-- \/ Yoast SEO plugin. -->","yoast_head_json":{"title":"PREFECTO TRABAJ\u00d3 EN EL CARMEN - Prefectura de Manab\u00ed","robots":{"index":"index","follow":"follow","max-snippet":"max-snippet:-1","max-image-preview":"max-image-preview:large","max-video-preview":"max-video-preview:-1"},"canonical":"https:\/\/www.manabi.gob.ec\/index.php\/prefecto-trabajo-en-el-carmen\/","og_locale":"es_ES","og_type":"article","og_title":"PREFECTO TRABAJ\u00d3 EN EL CARMEN - Prefectura de Manab\u00ed","og_description":"Representantes de los ganaderos, productores de pl\u00e1tano, artesanos&nbsp; y comunidades rurales de El Carmen sostuvieron reuniones de trabajo con el prefecto, Leonardo Orlando y&nbsp; la viceprefecta, Kelly Buenaventura. En estas jornadas, &nbsp;desarrolladas el pasado&nbsp; 28 de junio, los representantes de los sectores productivos expusieron las dificultades&nbsp; que tienen en la comercializaci\u00f3n&nbsp; de sus productos&nbsp; y [&hellip;]","og_url":"https:\/\/www.manabi.gob.ec\/index.php\/prefecto-trabajo-en-el-carmen\/","og_site_name":"Prefectura de Manab\u00ed","article_published_time":"2019-07-05T20:17:08+00:00","author":"admin","twitter_card":"summary_large_image","twitter_misc":{"Escrito por":"admin","Tiempo de lectura":"2 minutos"},"schema":{"@context":"https:\/\/schema.org","@graph":[{"@type":"Article","@id":"https:\/\/www.manabi.gob.ec\/index.php\/prefecto-trabajo-en-el-carmen\/#article","isPartOf":{"@id":"https:\/\/www.manabi.gob.ec\/index.php\/prefecto-trabajo-en-el-carmen\/"},"author":{"name":"admin","@id":"https:\/\/www.manabi.gob.ec\/#\/schema\/person\/cfc71bd68fe2703b779edcc292a49722"},"headline":"PREFECTO TRABAJ\u00d3 EN EL CARMEN","datePublished":"2019-07-05T20:17:08+00:00","mainEntityOfPage":{"@id":"https:\/\/www.manabi.gob.ec\/index.php\/prefecto-trabajo-en-el-carmen\/"},"wordCount":363,"commentCount":0,"image":{"@id":"https:\/\/www.manabi.gob.ec\/index.php\/prefecto-trabajo-en-el-carmen\/#primaryimage"},"thumbnailUrl":"","articleSection":["Noticias","Todas"],"inLanguage":"es","potentialAction":[{"@type":"CommentAction","name":"Comment","target":["https:\/\/www.manabi.gob.ec\/index.php\/prefecto-trabajo-en-el-carmen\/#respond"]}]},{"@type":"WebPage","@id":"https:\/\/www.manabi.gob.ec\/index.php\/prefecto-trabajo-en-el-carmen\/","url":"https:\/\/www.manabi.gob.ec\/index.php\/prefecto-trabajo-en-el-carmen\/","name":"PREFECTO TRABAJ\u00d3 EN EL CARMEN - Prefectura de Manab\u00ed","isPartOf":{"@id":"https:\/\/www.manabi.gob.ec\/#website"},"primaryImageOfPage":{"@id":"https:\/\/www.manabi.gob.ec\/index.php\/prefecto-trabajo-en-el-carmen\/#primaryimage"},"image":{"@id":"https:\/\/www.manabi.gob.ec\/index.php\/prefecto-trabajo-en-el-carmen\/#primaryimage"},"thumbnailUrl":"","datePublished":"2019-07-05T20:17:08+00:00","author":{"@id":"https:\/\/www.manabi.gob.ec\/#\/schema\/person\/cfc71bd68fe2703b779edcc292a49722"},"breadcrumb":{"@id":"https:\/\/www.manabi.gob.ec\/index.php\/prefecto-trabajo-en-el-carmen\/#breadcrumb"},"inLanguage":"es","potentialAction":[{"@type":"ReadAction","target":["https:\/\/www.manabi.gob.ec\/index.php\/prefecto-trabajo-en-el-carmen\/"]}]},{"@type":"ImageObject","inLanguage":"es","@id":"https:\/\/www.manabi.gob.ec\/index.php\/prefecto-trabajo-en-el-carmen\/#primaryimage","url":"","contentUrl":""},{"@type":"BreadcrumbList","@id":"https:\/\/www.manabi.gob.ec\/index.php\/prefecto-trabajo-en-el-carmen\/#breadcrumb","itemListElement":[{"@type":"ListItem","position":1,"name":"Portada","item":"https:\/\/www.manabi.gob.ec\/"},{"@type":"ListItem","position":2,"name":"PREFECTO TRABAJ\u00d3 EN EL CARMEN"}]},{"@type":"WebSite","@id":"https:\/\/www.manabi.gob.ec\/#website","url":"https:\/\/www.manabi.gob.ec\/","name":"Prefectura de Manab\u00ed","description":"P\u00e1gina web de la prefectura","potentialAction":[{"@type":"SearchAction","target":{"@type":"EntryPoint","urlTemplate":"https:\/\/www.manabi.gob.ec\/?s={search_term_string}"},"query-input":{"@type":"PropertyValueSpecification","valueRequired":true,"valueName":"search_term_string"}}],"inLanguage":"es"},{"@type":"Person","@id":"https:\/\/www.manabi.gob.ec\/#\/schema\/person\/cfc71bd68fe2703b779edcc292a49722","name":"admin","image":{"@type":"ImageObject","inLanguage":"es","@id":"https:\/\/secure.gravatar.com\/avatar\/23e9f919492b0a2f65aa168e0d8c5c867ea853b61deffbadf08c7031e15b8d78?s=96&d=mm&r=g","url":"https:\/\/secure.gravatar.com\/avatar\/23e9f919492b0a2f65aa168e0d8c5c867ea853b61deffbadf08c7031e15b8d78?s=96&d=mm&r=g","contentUrl":"https:\/\/secure.gravatar.com\/avatar\/23e9f919492b0a2f65aa168e0d8c5c867ea853b61deffbadf08c7031e15b8d78?s=96&d=mm&r=g","caption":"admin"},"sameAs":["http:\/\/www.manabi.gob.ec"],"url":"https:\/\/www.manabi.gob.ec\/index.php\/author\/admin\/"}]}},"jetpack_featured_media_url":"","_links":{"self":[{"href":"https:\/\/www.manabi.gob.ec\/index.php\/wp-json\/wp\/v2\/posts\/13243","targetHints":{"allow":["GET"]}}],"collection":[{"href":"https:\/\/www.manabi.gob.ec\/index.php\/wp-json\/wp\/v2\/posts"}],"about":[{"href":"https:\/\/www.manabi.gob.ec\/index.php\/wp-json\/wp\/v2\/types\/post"}],"author":[{"embeddable":true,"href":"https:\/\/www.manabi.gob.ec\/index.php\/wp-json\/wp\/v2\/users\/1"}],"replies":[{"embeddable":true,"href":"https:\/\/www.manabi.gob.ec\/index.php\/wp-json\/wp\/v2\/comments?post=13243"}],"version-history":[{"count":0,"href":"https:\/\/www.manabi.gob.ec\/index.php\/wp-json\/wp\/v2\/posts\/13243\/revisions"}],"wp:featuredmedia":[{"embeddable":true,"href":"https:\/\/www.manabi.gob.ec\/index.php\/wp-json\/"}],"wp:attachment":[{"href":"https:\/\/www.manabi.gob.ec\/index.php\/wp-json\/wp\/v2\/media?parent=13243"}],"wp:term":[{"taxonomy":"category","embeddable":true,"href":"https:\/\/www.manabi.gob.ec\/index.php\/wp-json\/wp\/v2\/categories?post=13243"},{"taxonomy":"post_tag","embeddable":true,"href":"https:\/\/www.manabi.gob.ec\/index.php\/wp-json\/wp\/v2\/tags?post=13243"}],"curies":[{"name":"wp","href":"https:\/\/api.w.org\/{rel}","templated":true}]}}