{"id":13248,"date":"2019-07-06T18:06:45","date_gmt":"2019-07-06T23:06:45","guid":{"rendered":"http:\/\/www.manabi.gob.ec\/?p=13248"},"modified":"2019-07-06T18:06:45","modified_gmt":"2019-07-06T23:06:45","slug":"gobierno-de-manabi-apoya-capacitacion-de-policias-en-lengua-de-senas","status":"publish","type":"post","link":"https:\/\/www.manabi.gob.ec\/index.php\/gobierno-de-manabi-apoya-capacitacion-de-policias-en-lengua-de-senas\/","title":{"rendered":"GOBIERNO DE MANAB\u00cd APOYA CAPACITACI\u00d3N DE POLIC\u00cdAS EN LENGUA DE SE\u00d1AS"},"content":{"rendered":"\n<p>45\nmiembros de la Polic\u00eda Nacional fueron capacitados en lengua de se\u00f1as. La\nactividad se cumpli\u00f3 el viernes 5 de julio en el auditorio de la Unidad de\nVigilancia Comunitaria (UVC) en Portoviejo.<\/p>\n\n\n<p>&nbsp;\u201cInteresante,\neducativo nos favorece mucho para realizar nuestra actividad\u201d, dijo Maximiliano\nBatista, Cabo primero de la Polic\u00eda Nacional.<\/p>\n\n\n<p>Norma\nSabando y su hijo Carlos Sabando, fueron los encargados de realizar el taller.\nNorma es especialista en lengua de se\u00f1as y labora en la direcci\u00f3n de\nComunicaci\u00f3n del Gobierno de Manab\u00ed. Su hijo Carlos naci\u00f3 con discapacidad\nauditiva y actualmente es el Presidente de la Asociaci\u00f3n&nbsp;&nbsp;de Personas\nSordas de Portoviejo (ASOPERSORPORT).<\/p>\n\n\n<p>\u201cEs\nimportante que los funcionarios de las&nbsp;&nbsp;instituciones p\u00fablicas y\nprivadas tengan conocimiento b\u00e1sico en lengua de se\u00f1as. Con el objetivo\nde&nbsp;sensibilizar y brindar una atenci\u00f3n de calidad a las personas que\npadecen esta discapacidad\u201d, dijo Norma Sabando.<\/p>\n\n\n<p>El\nGobierno de Manab\u00ed desde la Direcci\u00f3n de Comunicaci\u00f3n brinda un servicio\nincluyente a las personas que tienen discapacidad auditiva al producir piezas\ncomunicacionales&nbsp;&nbsp;con lenguaje de se\u00f1as para mantener informado a\neste sector de la poblaci\u00f3n de las actividades que se realizan desde la\nPrefectura.&nbsp;&nbsp;<\/p>\n\n\n<p>La\nincorporaci\u00f3n del lenguaje de se\u00f1as en los espacios informativos&nbsp;se dio\ngracias a la Ley de Comunicaci\u00f3n, vigente desde 2013, que garantiza los derechos\nde la comunicaci\u00f3n para las personas con discapacidad.<\/p>\n","protected":false},"excerpt":{"rendered":"<p>45 miembros de la Polic\u00eda Nacional fueron capacitados en lengua de se\u00f1as. La actividad se cumpli\u00f3 el viernes 5 de julio en el auditorio de la Unidad de Vigilancia Comunitaria (UVC) en Portoviejo. &nbsp;\u201cInteresante, educativo nos favorece mucho para realizar nuestra actividad\u201d, dijo Maximiliano Batista, Cabo primero de la Polic\u00eda Nacional. Norma Sabando y su [&hellip;]<\/p>\n","protected":false},"author":1,"featured_media":13249,"comment_status":"open","ping_status":"open","sticky":false,"template":"","format":"standard","meta":{"_joinchat":[],"footnotes":""},"categories":[92,91],"tags":[],"class_list":["post-13248","post","type-post","status-publish","format-standard","has-post-thumbnail","hentry","category-noticias-manabi","category-todas"],"yoast_head":"<!-- This site is optimized with the Yoast SEO plugin v27.4 - https:\/\/yoast.com\/product\/yoast-seo-wordpress\/ -->\n<title>GOBIERNO DE MANAB\u00cd APOYA CAPACITACI\u00d3N DE POLIC\u00cdAS EN LENGUA DE SE\u00d1AS - Prefectura de Manab\u00ed<\/title>\n<meta name=\"robots\" content=\"index, follow, max-snippet:-1, max-image-preview:large, max-video-preview:-1\" \/>\n<link rel=\"canonical\" href=\"https:\/\/www.manabi.gob.ec\/index.php\/gobierno-de-manabi-apoya-capacitacion-de-policias-en-lengua-de-senas\/\" \/>\n<meta property=\"og:locale\" content=\"es_ES\" \/>\n<meta property=\"og:type\" content=\"article\" \/>\n<meta property=\"og:title\" content=\"GOBIERNO DE MANAB\u00cd APOYA CAPACITACI\u00d3N DE POLIC\u00cdAS EN LENGUA DE SE\u00d1AS - Prefectura de Manab\u00ed\" \/>\n<meta property=\"og:description\" content=\"45 miembros de la Polic\u00eda Nacional fueron capacitados en lengua de se\u00f1as. La actividad se cumpli\u00f3 el viernes 5 de julio en el auditorio de la Unidad de Vigilancia Comunitaria (UVC) en Portoviejo. &nbsp;\u201cInteresante, educativo nos favorece mucho para realizar nuestra actividad\u201d, dijo Maximiliano Batista, Cabo primero de la Polic\u00eda Nacional. Norma Sabando y su [&hellip;]\" \/>\n<meta property=\"og:url\" content=\"https:\/\/www.manabi.gob.ec\/index.php\/gobierno-de-manabi-apoya-capacitacion-de-policias-en-lengua-de-senas\/\" \/>\n<meta property=\"og:site_name\" content=\"Prefectura de Manab\u00ed\" \/>\n<meta property=\"article:published_time\" content=\"2019-07-06T23:06:45+00:00\" \/>\n<meta name=\"author\" content=\"admin\" \/>\n<meta name=\"twitter:card\" content=\"summary_large_image\" \/>\n<meta name=\"twitter:label1\" content=\"Escrito por\" \/>\n\t<meta name=\"twitter:data1\" content=\"admin\" \/>\n\t<meta name=\"twitter:label2\" content=\"Tiempo de lectura\" \/>\n\t<meta name=\"twitter:data2\" content=\"1 minuto\" \/>\n<script type=\"application\/ld+json\" class=\"yoast-schema-graph\">{\"@context\":\"https:\\\/\\\/schema.org\",\"@graph\":[{\"@type\":\"Article\",\"@id\":\"https:\\\/\\\/www.manabi.gob.ec\\\/index.php\\\/gobierno-de-manabi-apoya-capacitacion-de-policias-en-lengua-de-senas\\\/#article\",\"isPartOf\":{\"@id\":\"https:\\\/\\\/www.manabi.gob.ec\\\/index.php\\\/gobierno-de-manabi-apoya-capacitacion-de-policias-en-lengua-de-senas\\\/\"},\"author\":{\"name\":\"admin\",\"@id\":\"https:\\\/\\\/www.manabi.gob.ec\\\/#\\\/schema\\\/person\\\/cfc71bd68fe2703b779edcc292a49722\"},\"headline\":\"GOBIERNO DE MANAB\u00cd APOYA CAPACITACI\u00d3N DE POLIC\u00cdAS EN LENGUA DE SE\u00d1AS\",\"datePublished\":\"2019-07-06T23:06:45+00:00\",\"mainEntityOfPage\":{\"@id\":\"https:\\\/\\\/www.manabi.gob.ec\\\/index.php\\\/gobierno-de-manabi-apoya-capacitacion-de-policias-en-lengua-de-senas\\\/\"},\"wordCount\":263,\"commentCount\":0,\"image\":{\"@id\":\"https:\\\/\\\/www.manabi.gob.ec\\\/index.php\\\/gobierno-de-manabi-apoya-capacitacion-de-policias-en-lengua-de-senas\\\/#primaryimage\"},\"thumbnailUrl\":\"\",\"articleSection\":[\"Noticias\",\"Todas\"],\"inLanguage\":\"es\",\"potentialAction\":[{\"@type\":\"CommentAction\",\"name\":\"Comment\",\"target\":[\"https:\\\/\\\/www.manabi.gob.ec\\\/index.php\\\/gobierno-de-manabi-apoya-capacitacion-de-policias-en-lengua-de-senas\\\/#respond\"]}]},{\"@type\":\"WebPage\",\"@id\":\"https:\\\/\\\/www.manabi.gob.ec\\\/index.php\\\/gobierno-de-manabi-apoya-capacitacion-de-policias-en-lengua-de-senas\\\/\",\"url\":\"https:\\\/\\\/www.manabi.gob.ec\\\/index.php\\\/gobierno-de-manabi-apoya-capacitacion-de-policias-en-lengua-de-senas\\\/\",\"name\":\"GOBIERNO DE MANAB\u00cd APOYA CAPACITACI\u00d3N DE POLIC\u00cdAS EN LENGUA DE SE\u00d1AS - Prefectura de Manab\u00ed\",\"isPartOf\":{\"@id\":\"https:\\\/\\\/www.manabi.gob.ec\\\/#website\"},\"primaryImageOfPage\":{\"@id\":\"https:\\\/\\\/www.manabi.gob.ec\\\/index.php\\\/gobierno-de-manabi-apoya-capacitacion-de-policias-en-lengua-de-senas\\\/#primaryimage\"},\"image\":{\"@id\":\"https:\\\/\\\/www.manabi.gob.ec\\\/index.php\\\/gobierno-de-manabi-apoya-capacitacion-de-policias-en-lengua-de-senas\\\/#primaryimage\"},\"thumbnailUrl\":\"\",\"datePublished\":\"2019-07-06T23:06:45+00:00\",\"author\":{\"@id\":\"https:\\\/\\\/www.manabi.gob.ec\\\/#\\\/schema\\\/person\\\/cfc71bd68fe2703b779edcc292a49722\"},\"breadcrumb\":{\"@id\":\"https:\\\/\\\/www.manabi.gob.ec\\\/index.php\\\/gobierno-de-manabi-apoya-capacitacion-de-policias-en-lengua-de-senas\\\/#breadcrumb\"},\"inLanguage\":\"es\",\"potentialAction\":[{\"@type\":\"ReadAction\",\"target\":[\"https:\\\/\\\/www.manabi.gob.ec\\\/index.php\\\/gobierno-de-manabi-apoya-capacitacion-de-policias-en-lengua-de-senas\\\/\"]}]},{\"@type\":\"ImageObject\",\"inLanguage\":\"es\",\"@id\":\"https:\\\/\\\/www.manabi.gob.ec\\\/index.php\\\/gobierno-de-manabi-apoya-capacitacion-de-policias-en-lengua-de-senas\\\/#primaryimage\",\"url\":\"\",\"contentUrl\":\"\"},{\"@type\":\"BreadcrumbList\",\"@id\":\"https:\\\/\\\/www.manabi.gob.ec\\\/index.php\\\/gobierno-de-manabi-apoya-capacitacion-de-policias-en-lengua-de-senas\\\/#breadcrumb\",\"itemListElement\":[{\"@type\":\"ListItem\",\"position\":1,\"name\":\"Portada\",\"item\":\"https:\\\/\\\/www.manabi.gob.ec\\\/\"},{\"@type\":\"ListItem\",\"position\":2,\"name\":\"GOBIERNO DE MANAB\u00cd APOYA CAPACITACI\u00d3N DE POLIC\u00cdAS EN LENGUA DE SE\u00d1AS\"}]},{\"@type\":\"WebSite\",\"@id\":\"https:\\\/\\\/www.manabi.gob.ec\\\/#website\",\"url\":\"https:\\\/\\\/www.manabi.gob.ec\\\/\",\"name\":\"Prefectura de Manab\u00ed\",\"description\":\"P\u00e1gina web de la prefectura\",\"potentialAction\":[{\"@type\":\"SearchAction\",\"target\":{\"@type\":\"EntryPoint\",\"urlTemplate\":\"https:\\\/\\\/www.manabi.gob.ec\\\/?s={search_term_string}\"},\"query-input\":{\"@type\":\"PropertyValueSpecification\",\"valueRequired\":true,\"valueName\":\"search_term_string\"}}],\"inLanguage\":\"es\"},{\"@type\":\"Person\",\"@id\":\"https:\\\/\\\/www.manabi.gob.ec\\\/#\\\/schema\\\/person\\\/cfc71bd68fe2703b779edcc292a49722\",\"name\":\"admin\",\"image\":{\"@type\":\"ImageObject\",\"inLanguage\":\"es\",\"@id\":\"https:\\\/\\\/secure.gravatar.com\\\/avatar\\\/23e9f919492b0a2f65aa168e0d8c5c867ea853b61deffbadf08c7031e15b8d78?s=96&d=mm&r=g\",\"url\":\"https:\\\/\\\/secure.gravatar.com\\\/avatar\\\/23e9f919492b0a2f65aa168e0d8c5c867ea853b61deffbadf08c7031e15b8d78?s=96&d=mm&r=g\",\"contentUrl\":\"https:\\\/\\\/secure.gravatar.com\\\/avatar\\\/23e9f919492b0a2f65aa168e0d8c5c867ea853b61deffbadf08c7031e15b8d78?s=96&d=mm&r=g\",\"caption\":\"admin\"},\"sameAs\":[\"http:\\\/\\\/www.manabi.gob.ec\"],\"url\":\"https:\\\/\\\/www.manabi.gob.ec\\\/index.php\\\/author\\\/admin\\\/\"}]}<\/script>\n<!-- \/ Yoast SEO plugin. -->","yoast_head_json":{"title":"GOBIERNO DE MANAB\u00cd APOYA CAPACITACI\u00d3N DE POLIC\u00cdAS EN LENGUA DE SE\u00d1AS - Prefectura de Manab\u00ed","robots":{"index":"index","follow":"follow","max-snippet":"max-snippet:-1","max-image-preview":"max-image-preview:large","max-video-preview":"max-video-preview:-1"},"canonical":"https:\/\/www.manabi.gob.ec\/index.php\/gobierno-de-manabi-apoya-capacitacion-de-policias-en-lengua-de-senas\/","og_locale":"es_ES","og_type":"article","og_title":"GOBIERNO DE MANAB\u00cd APOYA CAPACITACI\u00d3N DE POLIC\u00cdAS EN LENGUA DE SE\u00d1AS - Prefectura de Manab\u00ed","og_description":"45 miembros de la Polic\u00eda Nacional fueron capacitados en lengua de se\u00f1as. La actividad se cumpli\u00f3 el viernes 5 de julio en el auditorio de la Unidad de Vigilancia Comunitaria (UVC) en Portoviejo. &nbsp;\u201cInteresante, educativo nos favorece mucho para realizar nuestra actividad\u201d, dijo Maximiliano Batista, Cabo primero de la Polic\u00eda Nacional. Norma Sabando y su [&hellip;]","og_url":"https:\/\/www.manabi.gob.ec\/index.php\/gobierno-de-manabi-apoya-capacitacion-de-policias-en-lengua-de-senas\/","og_site_name":"Prefectura de Manab\u00ed","article_published_time":"2019-07-06T23:06:45+00:00","author":"admin","twitter_card":"summary_large_image","twitter_misc":{"Escrito por":"admin","Tiempo de lectura":"1 minuto"},"schema":{"@context":"https:\/\/schema.org","@graph":[{"@type":"Article","@id":"https:\/\/www.manabi.gob.ec\/index.php\/gobierno-de-manabi-apoya-capacitacion-de-policias-en-lengua-de-senas\/#article","isPartOf":{"@id":"https:\/\/www.manabi.gob.ec\/index.php\/gobierno-de-manabi-apoya-capacitacion-de-policias-en-lengua-de-senas\/"},"author":{"name":"admin","@id":"https:\/\/www.manabi.gob.ec\/#\/schema\/person\/cfc71bd68fe2703b779edcc292a49722"},"headline":"GOBIERNO DE MANAB\u00cd APOYA CAPACITACI\u00d3N DE POLIC\u00cdAS EN LENGUA DE SE\u00d1AS","datePublished":"2019-07-06T23:06:45+00:00","mainEntityOfPage":{"@id":"https:\/\/www.manabi.gob.ec\/index.php\/gobierno-de-manabi-apoya-capacitacion-de-policias-en-lengua-de-senas\/"},"wordCount":263,"commentCount":0,"image":{"@id":"https:\/\/www.manabi.gob.ec\/index.php\/gobierno-de-manabi-apoya-capacitacion-de-policias-en-lengua-de-senas\/#primaryimage"},"thumbnailUrl":"","articleSection":["Noticias","Todas"],"inLanguage":"es","potentialAction":[{"@type":"CommentAction","name":"Comment","target":["https:\/\/www.manabi.gob.ec\/index.php\/gobierno-de-manabi-apoya-capacitacion-de-policias-en-lengua-de-senas\/#respond"]}]},{"@type":"WebPage","@id":"https:\/\/www.manabi.gob.ec\/index.php\/gobierno-de-manabi-apoya-capacitacion-de-policias-en-lengua-de-senas\/","url":"https:\/\/www.manabi.gob.ec\/index.php\/gobierno-de-manabi-apoya-capacitacion-de-policias-en-lengua-de-senas\/","name":"GOBIERNO DE MANAB\u00cd APOYA CAPACITACI\u00d3N DE POLIC\u00cdAS EN LENGUA DE SE\u00d1AS - Prefectura de Manab\u00ed","isPartOf":{"@id":"https:\/\/www.manabi.gob.ec\/#website"},"primaryImageOfPage":{"@id":"https:\/\/www.manabi.gob.ec\/index.php\/gobierno-de-manabi-apoya-capacitacion-de-policias-en-lengua-de-senas\/#primaryimage"},"image":{"@id":"https:\/\/www.manabi.gob.ec\/index.php\/gobierno-de-manabi-apoya-capacitacion-de-policias-en-lengua-de-senas\/#primaryimage"},"thumbnailUrl":"","datePublished":"2019-07-06T23:06:45+00:00","author":{"@id":"https:\/\/www.manabi.gob.ec\/#\/schema\/person\/cfc71bd68fe2703b779edcc292a49722"},"breadcrumb":{"@id":"https:\/\/www.manabi.gob.ec\/index.php\/gobierno-de-manabi-apoya-capacitacion-de-policias-en-lengua-de-senas\/#breadcrumb"},"inLanguage":"es","potentialAction":[{"@type":"ReadAction","target":["https:\/\/www.manabi.gob.ec\/index.php\/gobierno-de-manabi-apoya-capacitacion-de-policias-en-lengua-de-senas\/"]}]},{"@type":"ImageObject","inLanguage":"es","@id":"https:\/\/www.manabi.gob.ec\/index.php\/gobierno-de-manabi-apoya-capacitacion-de-policias-en-lengua-de-senas\/#primaryimage","url":"","contentUrl":""},{"@type":"BreadcrumbList","@id":"https:\/\/www.manabi.gob.ec\/index.php\/gobierno-de-manabi-apoya-capacitacion-de-policias-en-lengua-de-senas\/#breadcrumb","itemListElement":[{"@type":"ListItem","position":1,"name":"Portada","item":"https:\/\/www.manabi.gob.ec\/"},{"@type":"ListItem","position":2,"name":"GOBIERNO DE MANAB\u00cd APOYA CAPACITACI\u00d3N DE POLIC\u00cdAS EN LENGUA DE SE\u00d1AS"}]},{"@type":"WebSite","@id":"https:\/\/www.manabi.gob.ec\/#website","url":"https:\/\/www.manabi.gob.ec\/","name":"Prefectura de Manab\u00ed","description":"P\u00e1gina web de la prefectura","potentialAction":[{"@type":"SearchAction","target":{"@type":"EntryPoint","urlTemplate":"https:\/\/www.manabi.gob.ec\/?s={search_term_string}"},"query-input":{"@type":"PropertyValueSpecification","valueRequired":true,"valueName":"search_term_string"}}],"inLanguage":"es"},{"@type":"Person","@id":"https:\/\/www.manabi.gob.ec\/#\/schema\/person\/cfc71bd68fe2703b779edcc292a49722","name":"admin","image":{"@type":"ImageObject","inLanguage":"es","@id":"https:\/\/secure.gravatar.com\/avatar\/23e9f919492b0a2f65aa168e0d8c5c867ea853b61deffbadf08c7031e15b8d78?s=96&d=mm&r=g","url":"https:\/\/secure.gravatar.com\/avatar\/23e9f919492b0a2f65aa168e0d8c5c867ea853b61deffbadf08c7031e15b8d78?s=96&d=mm&r=g","contentUrl":"https:\/\/secure.gravatar.com\/avatar\/23e9f919492b0a2f65aa168e0d8c5c867ea853b61deffbadf08c7031e15b8d78?s=96&d=mm&r=g","caption":"admin"},"sameAs":["http:\/\/www.manabi.gob.ec"],"url":"https:\/\/www.manabi.gob.ec\/index.php\/author\/admin\/"}]}},"jetpack_featured_media_url":"","_links":{"self":[{"href":"https:\/\/www.manabi.gob.ec\/index.php\/wp-json\/wp\/v2\/posts\/13248","targetHints":{"allow":["GET"]}}],"collection":[{"href":"https:\/\/www.manabi.gob.ec\/index.php\/wp-json\/wp\/v2\/posts"}],"about":[{"href":"https:\/\/www.manabi.gob.ec\/index.php\/wp-json\/wp\/v2\/types\/post"}],"author":[{"embeddable":true,"href":"https:\/\/www.manabi.gob.ec\/index.php\/wp-json\/wp\/v2\/users\/1"}],"replies":[{"embeddable":true,"href":"https:\/\/www.manabi.gob.ec\/index.php\/wp-json\/wp\/v2\/comments?post=13248"}],"version-history":[{"count":0,"href":"https:\/\/www.manabi.gob.ec\/index.php\/wp-json\/wp\/v2\/posts\/13248\/revisions"}],"wp:featuredmedia":[{"embeddable":true,"href":"https:\/\/www.manabi.gob.ec\/index.php\/wp-json\/"}],"wp:attachment":[{"href":"https:\/\/www.manabi.gob.ec\/index.php\/wp-json\/wp\/v2\/media?parent=13248"}],"wp:term":[{"taxonomy":"category","embeddable":true,"href":"https:\/\/www.manabi.gob.ec\/index.php\/wp-json\/wp\/v2\/categories?post=13248"},{"taxonomy":"post_tag","embeddable":true,"href":"https:\/\/www.manabi.gob.ec\/index.php\/wp-json\/wp\/v2\/tags?post=13248"}],"curies":[{"name":"wp","href":"https:\/\/api.w.org\/{rel}","templated":true}]}}