{"id":13277,"date":"2019-07-12T12:29:58","date_gmt":"2019-07-12T17:29:58","guid":{"rendered":"http:\/\/www.manabi.gob.ec\/?p=13277"},"modified":"2019-07-12T12:29:58","modified_gmt":"2019-07-12T17:29:58","slug":"gobierno-de-manabi-atiende-via-bejuco-botija-santa-rosa-de-tigre-los-corrales","status":"publish","type":"post","link":"https:\/\/www.manabi.gob.ec\/index.php\/gobierno-de-manabi-atiende-via-bejuco-botija-santa-rosa-de-tigre-los-corrales\/","title":{"rendered":"GOBIERNO DE MANAB\u00cd ATIENDE V\u00cdA  BEJUCO \u2013 BOTIJA \u2013 SANTA ROSA DE TIGRE \u2013 LOS CORRALES"},"content":{"rendered":"\n<p class=\"has-drop-cap\">Maquinaria del Gobierno de Manab\u00ed coloca\nmaterial de mejoramiento en el cerro El Tigre de la parroquia Santa Rita de\nChone, como parte de la intervenci\u00f3n vial que se&nbsp;&nbsp;realiza en la v\u00eda\nBejuco \u2013 Botija &#8211;&nbsp;&nbsp;Santa Rosa de Tigre &#8211; Los Corrales, en una\ndistancia de 5 kil\u00f3metros aproximadamente.<\/p>\n\n\n<p>El material de mejoramiento que se utiliza es\nde una mina cielo abierto que se encuentra en el cerro El Tigre.\n\u201cEstamos&nbsp;&nbsp;utilizando un material poco arenoso, de arenisca\nconsolidada y de baja plasticidad lo que permite un secado r\u00e1pido para poder\navanzar a pesar de las constantes lluvias que se registran en la zona, inform\u00f3\nJos\u00e9 Basurto, t\u00e9cnico residente del Gobierno de Manab\u00ed.<\/p>\n\n\n<p>El ingeniero Basurto nos indic\u00f3 que dos\nvolquetas del municipio de Chone est\u00e1n transportando material. \u201cYa hemos\ncolocado 1.9 kil\u00f3metros de material de mejoramiento. Una vez ubicado todo\nprocedemos con el equipo de afirmado al tendido, hidratado y compactado del\nmaterial\u00bb, expres\u00f3.<\/p>\n\n\n<p>Sobre el mismo camino rural una excavadora\nneum\u00e1tica realiza encauzamiento de cunetas y espaldones.<\/p>\n\n\n<p>Francisco Zambrano y Miguel Zambrano,\ncomentaron que por muchos a\u00f1os esperaron ser atendidos. \u201cEn invierno para\nnosotros era un peligro salir porque las bestias quedaban atrapadas en el lodo.\nSe perd\u00edan todos los productos que cosech\u00e1bamos. Ahora que vemos estas m\u00e1quinas\ntrabajar estamos contentos porque vamos a salir con facilidad, se\u00f1al\u00f3 Francisco\nZambrano.<\/p>\n\n\n<p>Est\u00e1 v\u00eda permite la conexi\u00f3n con El Pueblito,\ncomunidad que se encuentra cerca de la represa Rio Grande de Chone.<\/p>\n","protected":false},"excerpt":{"rendered":"<p>Maquinaria del Gobierno de Manab\u00ed coloca material de mejoramiento en el cerro El Tigre de la parroquia Santa Rita de Chone, como parte de la intervenci\u00f3n vial que se&nbsp;&nbsp;realiza en la v\u00eda Bejuco \u2013 Botija &#8211;&nbsp;&nbsp;Santa Rosa de Tigre &#8211; Los Corrales, en una distancia de 5 kil\u00f3metros aproximadamente. El material de mejoramiento que se [&hellip;]<\/p>\n","protected":false},"author":1,"featured_media":13278,"comment_status":"open","ping_status":"open","sticky":false,"template":"","format":"standard","meta":{"_joinchat":[],"footnotes":""},"categories":[92,91],"tags":[],"class_list":["post-13277","post","type-post","status-publish","format-standard","has-post-thumbnail","hentry","category-noticias-manabi","category-todas"],"yoast_head":"<!-- This site is optimized with the Yoast SEO plugin v27.4 - https:\/\/yoast.com\/product\/yoast-seo-wordpress\/ -->\n<title>GOBIERNO DE MANAB\u00cd ATIENDE V\u00cdA BEJUCO \u2013 BOTIJA \u2013 SANTA ROSA DE TIGRE \u2013 LOS CORRALES - Prefectura de Manab\u00ed<\/title>\n<meta name=\"robots\" content=\"index, follow, max-snippet:-1, max-image-preview:large, max-video-preview:-1\" \/>\n<link rel=\"canonical\" href=\"https:\/\/www.manabi.gob.ec\/index.php\/gobierno-de-manabi-atiende-via-bejuco-botija-santa-rosa-de-tigre-los-corrales\/\" \/>\n<meta property=\"og:locale\" content=\"es_ES\" \/>\n<meta property=\"og:type\" content=\"article\" \/>\n<meta property=\"og:title\" content=\"GOBIERNO DE MANAB\u00cd ATIENDE V\u00cdA BEJUCO \u2013 BOTIJA \u2013 SANTA ROSA DE TIGRE \u2013 LOS CORRALES - Prefectura de Manab\u00ed\" \/>\n<meta property=\"og:description\" content=\"Maquinaria del Gobierno de Manab\u00ed coloca material de mejoramiento en el cerro El Tigre de la parroquia Santa Rita de Chone, como parte de la intervenci\u00f3n vial que se&nbsp;&nbsp;realiza en la v\u00eda Bejuco \u2013 Botija &#8211;&nbsp;&nbsp;Santa Rosa de Tigre &#8211; Los Corrales, en una distancia de 5 kil\u00f3metros aproximadamente. El material de mejoramiento que se [&hellip;]\" \/>\n<meta property=\"og:url\" content=\"https:\/\/www.manabi.gob.ec\/index.php\/gobierno-de-manabi-atiende-via-bejuco-botija-santa-rosa-de-tigre-los-corrales\/\" \/>\n<meta property=\"og:site_name\" content=\"Prefectura de Manab\u00ed\" \/>\n<meta property=\"article:published_time\" content=\"2019-07-12T17:29:58+00:00\" \/>\n<meta name=\"author\" content=\"admin\" \/>\n<meta name=\"twitter:card\" content=\"summary_large_image\" \/>\n<meta name=\"twitter:label1\" content=\"Escrito por\" \/>\n\t<meta name=\"twitter:data1\" content=\"admin\" \/>\n\t<meta name=\"twitter:label2\" content=\"Tiempo de lectura\" \/>\n\t<meta name=\"twitter:data2\" content=\"1 minuto\" \/>\n<script type=\"application\/ld+json\" class=\"yoast-schema-graph\">{\"@context\":\"https:\\\/\\\/schema.org\",\"@graph\":[{\"@type\":\"Article\",\"@id\":\"https:\\\/\\\/www.manabi.gob.ec\\\/index.php\\\/gobierno-de-manabi-atiende-via-bejuco-botija-santa-rosa-de-tigre-los-corrales\\\/#article\",\"isPartOf\":{\"@id\":\"https:\\\/\\\/www.manabi.gob.ec\\\/index.php\\\/gobierno-de-manabi-atiende-via-bejuco-botija-santa-rosa-de-tigre-los-corrales\\\/\"},\"author\":{\"name\":\"admin\",\"@id\":\"https:\\\/\\\/www.manabi.gob.ec\\\/#\\\/schema\\\/person\\\/cfc71bd68fe2703b779edcc292a49722\"},\"headline\":\"GOBIERNO DE MANAB\u00cd ATIENDE V\u00cdA BEJUCO \u2013 BOTIJA \u2013 SANTA ROSA DE TIGRE \u2013 LOS CORRALES\",\"datePublished\":\"2019-07-12T17:29:58+00:00\",\"mainEntityOfPage\":{\"@id\":\"https:\\\/\\\/www.manabi.gob.ec\\\/index.php\\\/gobierno-de-manabi-atiende-via-bejuco-botija-santa-rosa-de-tigre-los-corrales\\\/\"},\"wordCount\":276,\"commentCount\":0,\"image\":{\"@id\":\"https:\\\/\\\/www.manabi.gob.ec\\\/index.php\\\/gobierno-de-manabi-atiende-via-bejuco-botija-santa-rosa-de-tigre-los-corrales\\\/#primaryimage\"},\"thumbnailUrl\":\"\",\"articleSection\":[\"Noticias\",\"Todas\"],\"inLanguage\":\"es\",\"potentialAction\":[{\"@type\":\"CommentAction\",\"name\":\"Comment\",\"target\":[\"https:\\\/\\\/www.manabi.gob.ec\\\/index.php\\\/gobierno-de-manabi-atiende-via-bejuco-botija-santa-rosa-de-tigre-los-corrales\\\/#respond\"]}]},{\"@type\":\"WebPage\",\"@id\":\"https:\\\/\\\/www.manabi.gob.ec\\\/index.php\\\/gobierno-de-manabi-atiende-via-bejuco-botija-santa-rosa-de-tigre-los-corrales\\\/\",\"url\":\"https:\\\/\\\/www.manabi.gob.ec\\\/index.php\\\/gobierno-de-manabi-atiende-via-bejuco-botija-santa-rosa-de-tigre-los-corrales\\\/\",\"name\":\"GOBIERNO DE MANAB\u00cd ATIENDE V\u00cdA BEJUCO \u2013 BOTIJA \u2013 SANTA ROSA DE TIGRE \u2013 LOS CORRALES - Prefectura de Manab\u00ed\",\"isPartOf\":{\"@id\":\"https:\\\/\\\/www.manabi.gob.ec\\\/#website\"},\"primaryImageOfPage\":{\"@id\":\"https:\\\/\\\/www.manabi.gob.ec\\\/index.php\\\/gobierno-de-manabi-atiende-via-bejuco-botija-santa-rosa-de-tigre-los-corrales\\\/#primaryimage\"},\"image\":{\"@id\":\"https:\\\/\\\/www.manabi.gob.ec\\\/index.php\\\/gobierno-de-manabi-atiende-via-bejuco-botija-santa-rosa-de-tigre-los-corrales\\\/#primaryimage\"},\"thumbnailUrl\":\"\",\"datePublished\":\"2019-07-12T17:29:58+00:00\",\"author\":{\"@id\":\"https:\\\/\\\/www.manabi.gob.ec\\\/#\\\/schema\\\/person\\\/cfc71bd68fe2703b779edcc292a49722\"},\"breadcrumb\":{\"@id\":\"https:\\\/\\\/www.manabi.gob.ec\\\/index.php\\\/gobierno-de-manabi-atiende-via-bejuco-botija-santa-rosa-de-tigre-los-corrales\\\/#breadcrumb\"},\"inLanguage\":\"es\",\"potentialAction\":[{\"@type\":\"ReadAction\",\"target\":[\"https:\\\/\\\/www.manabi.gob.ec\\\/index.php\\\/gobierno-de-manabi-atiende-via-bejuco-botija-santa-rosa-de-tigre-los-corrales\\\/\"]}]},{\"@type\":\"ImageObject\",\"inLanguage\":\"es\",\"@id\":\"https:\\\/\\\/www.manabi.gob.ec\\\/index.php\\\/gobierno-de-manabi-atiende-via-bejuco-botija-santa-rosa-de-tigre-los-corrales\\\/#primaryimage\",\"url\":\"\",\"contentUrl\":\"\"},{\"@type\":\"BreadcrumbList\",\"@id\":\"https:\\\/\\\/www.manabi.gob.ec\\\/index.php\\\/gobierno-de-manabi-atiende-via-bejuco-botija-santa-rosa-de-tigre-los-corrales\\\/#breadcrumb\",\"itemListElement\":[{\"@type\":\"ListItem\",\"position\":1,\"name\":\"Portada\",\"item\":\"https:\\\/\\\/www.manabi.gob.ec\\\/\"},{\"@type\":\"ListItem\",\"position\":2,\"name\":\"GOBIERNO DE MANAB\u00cd ATIENDE V\u00cdA BEJUCO \u2013 BOTIJA \u2013 SANTA ROSA DE TIGRE \u2013 LOS CORRALES\"}]},{\"@type\":\"WebSite\",\"@id\":\"https:\\\/\\\/www.manabi.gob.ec\\\/#website\",\"url\":\"https:\\\/\\\/www.manabi.gob.ec\\\/\",\"name\":\"Prefectura de Manab\u00ed\",\"description\":\"P\u00e1gina web de la prefectura\",\"potentialAction\":[{\"@type\":\"SearchAction\",\"target\":{\"@type\":\"EntryPoint\",\"urlTemplate\":\"https:\\\/\\\/www.manabi.gob.ec\\\/?s={search_term_string}\"},\"query-input\":{\"@type\":\"PropertyValueSpecification\",\"valueRequired\":true,\"valueName\":\"search_term_string\"}}],\"inLanguage\":\"es\"},{\"@type\":\"Person\",\"@id\":\"https:\\\/\\\/www.manabi.gob.ec\\\/#\\\/schema\\\/person\\\/cfc71bd68fe2703b779edcc292a49722\",\"name\":\"admin\",\"image\":{\"@type\":\"ImageObject\",\"inLanguage\":\"es\",\"@id\":\"https:\\\/\\\/secure.gravatar.com\\\/avatar\\\/23e9f919492b0a2f65aa168e0d8c5c867ea853b61deffbadf08c7031e15b8d78?s=96&d=mm&r=g\",\"url\":\"https:\\\/\\\/secure.gravatar.com\\\/avatar\\\/23e9f919492b0a2f65aa168e0d8c5c867ea853b61deffbadf08c7031e15b8d78?s=96&d=mm&r=g\",\"contentUrl\":\"https:\\\/\\\/secure.gravatar.com\\\/avatar\\\/23e9f919492b0a2f65aa168e0d8c5c867ea853b61deffbadf08c7031e15b8d78?s=96&d=mm&r=g\",\"caption\":\"admin\"},\"sameAs\":[\"http:\\\/\\\/www.manabi.gob.ec\"],\"url\":\"https:\\\/\\\/www.manabi.gob.ec\\\/index.php\\\/author\\\/admin\\\/\"}]}<\/script>\n<!-- \/ Yoast SEO plugin. -->","yoast_head_json":{"title":"GOBIERNO DE MANAB\u00cd ATIENDE V\u00cdA BEJUCO \u2013 BOTIJA \u2013 SANTA ROSA DE TIGRE \u2013 LOS CORRALES - Prefectura de Manab\u00ed","robots":{"index":"index","follow":"follow","max-snippet":"max-snippet:-1","max-image-preview":"max-image-preview:large","max-video-preview":"max-video-preview:-1"},"canonical":"https:\/\/www.manabi.gob.ec\/index.php\/gobierno-de-manabi-atiende-via-bejuco-botija-santa-rosa-de-tigre-los-corrales\/","og_locale":"es_ES","og_type":"article","og_title":"GOBIERNO DE MANAB\u00cd ATIENDE V\u00cdA BEJUCO \u2013 BOTIJA \u2013 SANTA ROSA DE TIGRE \u2013 LOS CORRALES - Prefectura de Manab\u00ed","og_description":"Maquinaria del Gobierno de Manab\u00ed coloca material de mejoramiento en el cerro El Tigre de la parroquia Santa Rita de Chone, como parte de la intervenci\u00f3n vial que se&nbsp;&nbsp;realiza en la v\u00eda Bejuco \u2013 Botija &#8211;&nbsp;&nbsp;Santa Rosa de Tigre &#8211; Los Corrales, en una distancia de 5 kil\u00f3metros aproximadamente. El material de mejoramiento que se [&hellip;]","og_url":"https:\/\/www.manabi.gob.ec\/index.php\/gobierno-de-manabi-atiende-via-bejuco-botija-santa-rosa-de-tigre-los-corrales\/","og_site_name":"Prefectura de Manab\u00ed","article_published_time":"2019-07-12T17:29:58+00:00","author":"admin","twitter_card":"summary_large_image","twitter_misc":{"Escrito por":"admin","Tiempo de lectura":"1 minuto"},"schema":{"@context":"https:\/\/schema.org","@graph":[{"@type":"Article","@id":"https:\/\/www.manabi.gob.ec\/index.php\/gobierno-de-manabi-atiende-via-bejuco-botija-santa-rosa-de-tigre-los-corrales\/#article","isPartOf":{"@id":"https:\/\/www.manabi.gob.ec\/index.php\/gobierno-de-manabi-atiende-via-bejuco-botija-santa-rosa-de-tigre-los-corrales\/"},"author":{"name":"admin","@id":"https:\/\/www.manabi.gob.ec\/#\/schema\/person\/cfc71bd68fe2703b779edcc292a49722"},"headline":"GOBIERNO DE MANAB\u00cd ATIENDE V\u00cdA BEJUCO \u2013 BOTIJA \u2013 SANTA ROSA DE TIGRE \u2013 LOS CORRALES","datePublished":"2019-07-12T17:29:58+00:00","mainEntityOfPage":{"@id":"https:\/\/www.manabi.gob.ec\/index.php\/gobierno-de-manabi-atiende-via-bejuco-botija-santa-rosa-de-tigre-los-corrales\/"},"wordCount":276,"commentCount":0,"image":{"@id":"https:\/\/www.manabi.gob.ec\/index.php\/gobierno-de-manabi-atiende-via-bejuco-botija-santa-rosa-de-tigre-los-corrales\/#primaryimage"},"thumbnailUrl":"","articleSection":["Noticias","Todas"],"inLanguage":"es","potentialAction":[{"@type":"CommentAction","name":"Comment","target":["https:\/\/www.manabi.gob.ec\/index.php\/gobierno-de-manabi-atiende-via-bejuco-botija-santa-rosa-de-tigre-los-corrales\/#respond"]}]},{"@type":"WebPage","@id":"https:\/\/www.manabi.gob.ec\/index.php\/gobierno-de-manabi-atiende-via-bejuco-botija-santa-rosa-de-tigre-los-corrales\/","url":"https:\/\/www.manabi.gob.ec\/index.php\/gobierno-de-manabi-atiende-via-bejuco-botija-santa-rosa-de-tigre-los-corrales\/","name":"GOBIERNO DE MANAB\u00cd ATIENDE V\u00cdA BEJUCO \u2013 BOTIJA \u2013 SANTA ROSA DE TIGRE \u2013 LOS CORRALES - Prefectura de Manab\u00ed","isPartOf":{"@id":"https:\/\/www.manabi.gob.ec\/#website"},"primaryImageOfPage":{"@id":"https:\/\/www.manabi.gob.ec\/index.php\/gobierno-de-manabi-atiende-via-bejuco-botija-santa-rosa-de-tigre-los-corrales\/#primaryimage"},"image":{"@id":"https:\/\/www.manabi.gob.ec\/index.php\/gobierno-de-manabi-atiende-via-bejuco-botija-santa-rosa-de-tigre-los-corrales\/#primaryimage"},"thumbnailUrl":"","datePublished":"2019-07-12T17:29:58+00:00","author":{"@id":"https:\/\/www.manabi.gob.ec\/#\/schema\/person\/cfc71bd68fe2703b779edcc292a49722"},"breadcrumb":{"@id":"https:\/\/www.manabi.gob.ec\/index.php\/gobierno-de-manabi-atiende-via-bejuco-botija-santa-rosa-de-tigre-los-corrales\/#breadcrumb"},"inLanguage":"es","potentialAction":[{"@type":"ReadAction","target":["https:\/\/www.manabi.gob.ec\/index.php\/gobierno-de-manabi-atiende-via-bejuco-botija-santa-rosa-de-tigre-los-corrales\/"]}]},{"@type":"ImageObject","inLanguage":"es","@id":"https:\/\/www.manabi.gob.ec\/index.php\/gobierno-de-manabi-atiende-via-bejuco-botija-santa-rosa-de-tigre-los-corrales\/#primaryimage","url":"","contentUrl":""},{"@type":"BreadcrumbList","@id":"https:\/\/www.manabi.gob.ec\/index.php\/gobierno-de-manabi-atiende-via-bejuco-botija-santa-rosa-de-tigre-los-corrales\/#breadcrumb","itemListElement":[{"@type":"ListItem","position":1,"name":"Portada","item":"https:\/\/www.manabi.gob.ec\/"},{"@type":"ListItem","position":2,"name":"GOBIERNO DE MANAB\u00cd ATIENDE V\u00cdA BEJUCO \u2013 BOTIJA \u2013 SANTA ROSA DE TIGRE \u2013 LOS CORRALES"}]},{"@type":"WebSite","@id":"https:\/\/www.manabi.gob.ec\/#website","url":"https:\/\/www.manabi.gob.ec\/","name":"Prefectura de Manab\u00ed","description":"P\u00e1gina web de la prefectura","potentialAction":[{"@type":"SearchAction","target":{"@type":"EntryPoint","urlTemplate":"https:\/\/www.manabi.gob.ec\/?s={search_term_string}"},"query-input":{"@type":"PropertyValueSpecification","valueRequired":true,"valueName":"search_term_string"}}],"inLanguage":"es"},{"@type":"Person","@id":"https:\/\/www.manabi.gob.ec\/#\/schema\/person\/cfc71bd68fe2703b779edcc292a49722","name":"admin","image":{"@type":"ImageObject","inLanguage":"es","@id":"https:\/\/secure.gravatar.com\/avatar\/23e9f919492b0a2f65aa168e0d8c5c867ea853b61deffbadf08c7031e15b8d78?s=96&d=mm&r=g","url":"https:\/\/secure.gravatar.com\/avatar\/23e9f919492b0a2f65aa168e0d8c5c867ea853b61deffbadf08c7031e15b8d78?s=96&d=mm&r=g","contentUrl":"https:\/\/secure.gravatar.com\/avatar\/23e9f919492b0a2f65aa168e0d8c5c867ea853b61deffbadf08c7031e15b8d78?s=96&d=mm&r=g","caption":"admin"},"sameAs":["http:\/\/www.manabi.gob.ec"],"url":"https:\/\/www.manabi.gob.ec\/index.php\/author\/admin\/"}]}},"jetpack_featured_media_url":"","_links":{"self":[{"href":"https:\/\/www.manabi.gob.ec\/index.php\/wp-json\/wp\/v2\/posts\/13277","targetHints":{"allow":["GET"]}}],"collection":[{"href":"https:\/\/www.manabi.gob.ec\/index.php\/wp-json\/wp\/v2\/posts"}],"about":[{"href":"https:\/\/www.manabi.gob.ec\/index.php\/wp-json\/wp\/v2\/types\/post"}],"author":[{"embeddable":true,"href":"https:\/\/www.manabi.gob.ec\/index.php\/wp-json\/wp\/v2\/users\/1"}],"replies":[{"embeddable":true,"href":"https:\/\/www.manabi.gob.ec\/index.php\/wp-json\/wp\/v2\/comments?post=13277"}],"version-history":[{"count":0,"href":"https:\/\/www.manabi.gob.ec\/index.php\/wp-json\/wp\/v2\/posts\/13277\/revisions"}],"wp:featuredmedia":[{"embeddable":true,"href":"https:\/\/www.manabi.gob.ec\/index.php\/wp-json\/"}],"wp:attachment":[{"href":"https:\/\/www.manabi.gob.ec\/index.php\/wp-json\/wp\/v2\/media?parent=13277"}],"wp:term":[{"taxonomy":"category","embeddable":true,"href":"https:\/\/www.manabi.gob.ec\/index.php\/wp-json\/wp\/v2\/categories?post=13277"},{"taxonomy":"post_tag","embeddable":true,"href":"https:\/\/www.manabi.gob.ec\/index.php\/wp-json\/wp\/v2\/tags?post=13277"}],"curies":[{"name":"wp","href":"https:\/\/api.w.org\/{rel}","templated":true}]}}