{"id":13290,"date":"2019-07-17T10:56:36","date_gmt":"2019-07-17T15:56:36","guid":{"rendered":"http:\/\/www.manabi.gob.ec\/?p=13290"},"modified":"2019-07-17T10:56:36","modified_gmt":"2019-07-17T15:56:36","slug":"tartamartik-emprendimiento-que-se-potencia","status":"publish","type":"post","link":"https:\/\/www.manabi.gob.ec\/index.php\/tartamartik-emprendimiento-que-se-potencia\/","title":{"rendered":"TARTAMARTIK  EMPRENDIMIENTO QUE SE POTENCIA"},"content":{"rendered":"\n<p class=\"has-drop-cap\">Un emprendimiento manabita crece con nuevo equipamiento\ny novedosos productos. El martes 16 de julio la marca \u00abTartamartik\u00bb,\nrealiz\u00f3 un lanzamiento con la presencia del prefecto Leonardo Orlando.<\/p>\n\n\n<p>Los\nesposos Eduardo Cede\u00f1o y Martha Pisco, presentaron en su vivienda ubicada en la\nciudadela Bellavista de Portoviejo, las innovaciones que han realizado en\nequipos como hornos industriales el\u00e9ctricos y a di\u00e9sel, amasadoras,\ncodificadora de productos y m\u00e1s; as\u00ed como una nueva l\u00ednea en productos como pan\nbaguette y tostadas.<\/p>\n\n\n<p>Tras\nel terremoto del 16A, Eduardo Cede\u00f1o emprendi\u00f3 un negocio de tartaletas con los\nconocimientos que adquiri\u00f3 en Barcelona (Espa\u00f1a) donde vivi\u00f3 14 a\u00f1os, y\ndesempe\u00f1\u00f3 el oficio de pizzero, panadero y pastelero. Ahora sus productos se\ncomercializan a nivel provincial y nacional, incluyendo cadenas de\nsupermercados.<\/p>\n\n\n<p>\u00abQu\u00e9\nbueno contar con emprendedores como ustedes, que est\u00e1n innovando nuevos\nproductos y que son un ejemplo para otros\u00bb, resalt\u00f3 el Prefecto.<\/p>\n\n\n<p>Desde\nel Gobierno de Manab\u00ed la empresa ha contado con apoyo en promoci\u00f3n, dise\u00f1o\nde&nbsp; marca, etiquetado, ruedas de negocios y m\u00e1s.<\/p>\n\n\n<p>Orlando,\nindic\u00f3 que se fortalecer\u00e1 el apoyo a los emprendedores y a todos los actores de\nla Econom\u00eda Popular Solidaria. Resalt\u00f3 que promover la innovaci\u00f3n y el\nemprendimiento es una de las acciones prioritarias de su administraci\u00f3n.<\/p>\n\n\n<p>Tartamartik se distribuye\nen&nbsp;&nbsp;perchas de autoservicios, y tiendas de Portoviejo, Chone, Manta,\ny Calceta; en supermercados T\u00eda, y Mi Comisariato; y con esta innovaci\u00f3n de productos\ncontinuaran super\u00e1ndose y potenciando su microempresa.<\/p>\n","protected":false},"excerpt":{"rendered":"<p>Un emprendimiento manabita crece con nuevo equipamiento y novedosos productos. El martes 16 de julio la marca \u00abTartamartik\u00bb, realiz\u00f3 un lanzamiento con la presencia del prefecto Leonardo Orlando. Los esposos Eduardo Cede\u00f1o y Martha Pisco, presentaron en su vivienda ubicada en la ciudadela Bellavista de Portoviejo, las innovaciones que han realizado en equipos como hornos [&hellip;]<\/p>\n","protected":false},"author":1,"featured_media":13291,"comment_status":"open","ping_status":"open","sticky":false,"template":"","format":"standard","meta":{"_joinchat":[],"footnotes":""},"categories":[92,91],"tags":[],"class_list":["post-13290","post","type-post","status-publish","format-standard","has-post-thumbnail","hentry","category-noticias-manabi","category-todas"],"yoast_head":"<!-- This site is optimized with the Yoast SEO plugin v27.4 - https:\/\/yoast.com\/product\/yoast-seo-wordpress\/ -->\n<title>TARTAMARTIK EMPRENDIMIENTO QUE SE POTENCIA - Prefectura de Manab\u00ed<\/title>\n<meta name=\"robots\" content=\"index, follow, max-snippet:-1, max-image-preview:large, max-video-preview:-1\" \/>\n<link rel=\"canonical\" href=\"https:\/\/www.manabi.gob.ec\/index.php\/tartamartik-emprendimiento-que-se-potencia\/\" \/>\n<meta property=\"og:locale\" content=\"es_ES\" \/>\n<meta property=\"og:type\" content=\"article\" \/>\n<meta property=\"og:title\" content=\"TARTAMARTIK EMPRENDIMIENTO QUE SE POTENCIA - Prefectura de Manab\u00ed\" \/>\n<meta property=\"og:description\" content=\"Un emprendimiento manabita crece con nuevo equipamiento y novedosos productos. El martes 16 de julio la marca \u00abTartamartik\u00bb, realiz\u00f3 un lanzamiento con la presencia del prefecto Leonardo Orlando. Los esposos Eduardo Cede\u00f1o y Martha Pisco, presentaron en su vivienda ubicada en la ciudadela Bellavista de Portoviejo, las innovaciones que han realizado en equipos como hornos [&hellip;]\" \/>\n<meta property=\"og:url\" content=\"https:\/\/www.manabi.gob.ec\/index.php\/tartamartik-emprendimiento-que-se-potencia\/\" \/>\n<meta property=\"og:site_name\" content=\"Prefectura de Manab\u00ed\" \/>\n<meta property=\"article:published_time\" content=\"2019-07-17T15:56:36+00:00\" \/>\n<meta name=\"author\" content=\"admin\" \/>\n<meta name=\"twitter:card\" content=\"summary_large_image\" \/>\n<meta name=\"twitter:label1\" content=\"Escrito por\" \/>\n\t<meta name=\"twitter:data1\" content=\"admin\" \/>\n\t<meta name=\"twitter:label2\" content=\"Tiempo de lectura\" \/>\n\t<meta name=\"twitter:data2\" content=\"1 minuto\" \/>\n<script type=\"application\/ld+json\" class=\"yoast-schema-graph\">{\"@context\":\"https:\\\/\\\/schema.org\",\"@graph\":[{\"@type\":\"Article\",\"@id\":\"https:\\\/\\\/www.manabi.gob.ec\\\/index.php\\\/tartamartik-emprendimiento-que-se-potencia\\\/#article\",\"isPartOf\":{\"@id\":\"https:\\\/\\\/www.manabi.gob.ec\\\/index.php\\\/tartamartik-emprendimiento-que-se-potencia\\\/\"},\"author\":{\"name\":\"admin\",\"@id\":\"https:\\\/\\\/www.manabi.gob.ec\\\/#\\\/schema\\\/person\\\/cfc71bd68fe2703b779edcc292a49722\"},\"headline\":\"TARTAMARTIK EMPRENDIMIENTO QUE SE POTENCIA\",\"datePublished\":\"2019-07-17T15:56:36+00:00\",\"mainEntityOfPage\":{\"@id\":\"https:\\\/\\\/www.manabi.gob.ec\\\/index.php\\\/tartamartik-emprendimiento-que-se-potencia\\\/\"},\"wordCount\":263,\"commentCount\":0,\"image\":{\"@id\":\"https:\\\/\\\/www.manabi.gob.ec\\\/index.php\\\/tartamartik-emprendimiento-que-se-potencia\\\/#primaryimage\"},\"thumbnailUrl\":\"\",\"articleSection\":[\"Noticias\",\"Todas\"],\"inLanguage\":\"es\",\"potentialAction\":[{\"@type\":\"CommentAction\",\"name\":\"Comment\",\"target\":[\"https:\\\/\\\/www.manabi.gob.ec\\\/index.php\\\/tartamartik-emprendimiento-que-se-potencia\\\/#respond\"]}]},{\"@type\":\"WebPage\",\"@id\":\"https:\\\/\\\/www.manabi.gob.ec\\\/index.php\\\/tartamartik-emprendimiento-que-se-potencia\\\/\",\"url\":\"https:\\\/\\\/www.manabi.gob.ec\\\/index.php\\\/tartamartik-emprendimiento-que-se-potencia\\\/\",\"name\":\"TARTAMARTIK EMPRENDIMIENTO QUE SE POTENCIA - Prefectura de Manab\u00ed\",\"isPartOf\":{\"@id\":\"https:\\\/\\\/www.manabi.gob.ec\\\/#website\"},\"primaryImageOfPage\":{\"@id\":\"https:\\\/\\\/www.manabi.gob.ec\\\/index.php\\\/tartamartik-emprendimiento-que-se-potencia\\\/#primaryimage\"},\"image\":{\"@id\":\"https:\\\/\\\/www.manabi.gob.ec\\\/index.php\\\/tartamartik-emprendimiento-que-se-potencia\\\/#primaryimage\"},\"thumbnailUrl\":\"\",\"datePublished\":\"2019-07-17T15:56:36+00:00\",\"author\":{\"@id\":\"https:\\\/\\\/www.manabi.gob.ec\\\/#\\\/schema\\\/person\\\/cfc71bd68fe2703b779edcc292a49722\"},\"breadcrumb\":{\"@id\":\"https:\\\/\\\/www.manabi.gob.ec\\\/index.php\\\/tartamartik-emprendimiento-que-se-potencia\\\/#breadcrumb\"},\"inLanguage\":\"es\",\"potentialAction\":[{\"@type\":\"ReadAction\",\"target\":[\"https:\\\/\\\/www.manabi.gob.ec\\\/index.php\\\/tartamartik-emprendimiento-que-se-potencia\\\/\"]}]},{\"@type\":\"ImageObject\",\"inLanguage\":\"es\",\"@id\":\"https:\\\/\\\/www.manabi.gob.ec\\\/index.php\\\/tartamartik-emprendimiento-que-se-potencia\\\/#primaryimage\",\"url\":\"\",\"contentUrl\":\"\"},{\"@type\":\"BreadcrumbList\",\"@id\":\"https:\\\/\\\/www.manabi.gob.ec\\\/index.php\\\/tartamartik-emprendimiento-que-se-potencia\\\/#breadcrumb\",\"itemListElement\":[{\"@type\":\"ListItem\",\"position\":1,\"name\":\"Portada\",\"item\":\"https:\\\/\\\/www.manabi.gob.ec\\\/\"},{\"@type\":\"ListItem\",\"position\":2,\"name\":\"TARTAMARTIK EMPRENDIMIENTO QUE SE POTENCIA\"}]},{\"@type\":\"WebSite\",\"@id\":\"https:\\\/\\\/www.manabi.gob.ec\\\/#website\",\"url\":\"https:\\\/\\\/www.manabi.gob.ec\\\/\",\"name\":\"Prefectura de Manab\u00ed\",\"description\":\"P\u00e1gina web de la prefectura\",\"potentialAction\":[{\"@type\":\"SearchAction\",\"target\":{\"@type\":\"EntryPoint\",\"urlTemplate\":\"https:\\\/\\\/www.manabi.gob.ec\\\/?s={search_term_string}\"},\"query-input\":{\"@type\":\"PropertyValueSpecification\",\"valueRequired\":true,\"valueName\":\"search_term_string\"}}],\"inLanguage\":\"es\"},{\"@type\":\"Person\",\"@id\":\"https:\\\/\\\/www.manabi.gob.ec\\\/#\\\/schema\\\/person\\\/cfc71bd68fe2703b779edcc292a49722\",\"name\":\"admin\",\"image\":{\"@type\":\"ImageObject\",\"inLanguage\":\"es\",\"@id\":\"https:\\\/\\\/secure.gravatar.com\\\/avatar\\\/23e9f919492b0a2f65aa168e0d8c5c867ea853b61deffbadf08c7031e15b8d78?s=96&d=mm&r=g\",\"url\":\"https:\\\/\\\/secure.gravatar.com\\\/avatar\\\/23e9f919492b0a2f65aa168e0d8c5c867ea853b61deffbadf08c7031e15b8d78?s=96&d=mm&r=g\",\"contentUrl\":\"https:\\\/\\\/secure.gravatar.com\\\/avatar\\\/23e9f919492b0a2f65aa168e0d8c5c867ea853b61deffbadf08c7031e15b8d78?s=96&d=mm&r=g\",\"caption\":\"admin\"},\"sameAs\":[\"http:\\\/\\\/www.manabi.gob.ec\"],\"url\":\"https:\\\/\\\/www.manabi.gob.ec\\\/index.php\\\/author\\\/admin\\\/\"}]}<\/script>\n<!-- \/ Yoast SEO plugin. -->","yoast_head_json":{"title":"TARTAMARTIK EMPRENDIMIENTO QUE SE POTENCIA - Prefectura de Manab\u00ed","robots":{"index":"index","follow":"follow","max-snippet":"max-snippet:-1","max-image-preview":"max-image-preview:large","max-video-preview":"max-video-preview:-1"},"canonical":"https:\/\/www.manabi.gob.ec\/index.php\/tartamartik-emprendimiento-que-se-potencia\/","og_locale":"es_ES","og_type":"article","og_title":"TARTAMARTIK EMPRENDIMIENTO QUE SE POTENCIA - Prefectura de Manab\u00ed","og_description":"Un emprendimiento manabita crece con nuevo equipamiento y novedosos productos. El martes 16 de julio la marca \u00abTartamartik\u00bb, realiz\u00f3 un lanzamiento con la presencia del prefecto Leonardo Orlando. Los esposos Eduardo Cede\u00f1o y Martha Pisco, presentaron en su vivienda ubicada en la ciudadela Bellavista de Portoviejo, las innovaciones que han realizado en equipos como hornos [&hellip;]","og_url":"https:\/\/www.manabi.gob.ec\/index.php\/tartamartik-emprendimiento-que-se-potencia\/","og_site_name":"Prefectura de Manab\u00ed","article_published_time":"2019-07-17T15:56:36+00:00","author":"admin","twitter_card":"summary_large_image","twitter_misc":{"Escrito por":"admin","Tiempo de lectura":"1 minuto"},"schema":{"@context":"https:\/\/schema.org","@graph":[{"@type":"Article","@id":"https:\/\/www.manabi.gob.ec\/index.php\/tartamartik-emprendimiento-que-se-potencia\/#article","isPartOf":{"@id":"https:\/\/www.manabi.gob.ec\/index.php\/tartamartik-emprendimiento-que-se-potencia\/"},"author":{"name":"admin","@id":"https:\/\/www.manabi.gob.ec\/#\/schema\/person\/cfc71bd68fe2703b779edcc292a49722"},"headline":"TARTAMARTIK EMPRENDIMIENTO QUE SE POTENCIA","datePublished":"2019-07-17T15:56:36+00:00","mainEntityOfPage":{"@id":"https:\/\/www.manabi.gob.ec\/index.php\/tartamartik-emprendimiento-que-se-potencia\/"},"wordCount":263,"commentCount":0,"image":{"@id":"https:\/\/www.manabi.gob.ec\/index.php\/tartamartik-emprendimiento-que-se-potencia\/#primaryimage"},"thumbnailUrl":"","articleSection":["Noticias","Todas"],"inLanguage":"es","potentialAction":[{"@type":"CommentAction","name":"Comment","target":["https:\/\/www.manabi.gob.ec\/index.php\/tartamartik-emprendimiento-que-se-potencia\/#respond"]}]},{"@type":"WebPage","@id":"https:\/\/www.manabi.gob.ec\/index.php\/tartamartik-emprendimiento-que-se-potencia\/","url":"https:\/\/www.manabi.gob.ec\/index.php\/tartamartik-emprendimiento-que-se-potencia\/","name":"TARTAMARTIK EMPRENDIMIENTO QUE SE POTENCIA - Prefectura de Manab\u00ed","isPartOf":{"@id":"https:\/\/www.manabi.gob.ec\/#website"},"primaryImageOfPage":{"@id":"https:\/\/www.manabi.gob.ec\/index.php\/tartamartik-emprendimiento-que-se-potencia\/#primaryimage"},"image":{"@id":"https:\/\/www.manabi.gob.ec\/index.php\/tartamartik-emprendimiento-que-se-potencia\/#primaryimage"},"thumbnailUrl":"","datePublished":"2019-07-17T15:56:36+00:00","author":{"@id":"https:\/\/www.manabi.gob.ec\/#\/schema\/person\/cfc71bd68fe2703b779edcc292a49722"},"breadcrumb":{"@id":"https:\/\/www.manabi.gob.ec\/index.php\/tartamartik-emprendimiento-que-se-potencia\/#breadcrumb"},"inLanguage":"es","potentialAction":[{"@type":"ReadAction","target":["https:\/\/www.manabi.gob.ec\/index.php\/tartamartik-emprendimiento-que-se-potencia\/"]}]},{"@type":"ImageObject","inLanguage":"es","@id":"https:\/\/www.manabi.gob.ec\/index.php\/tartamartik-emprendimiento-que-se-potencia\/#primaryimage","url":"","contentUrl":""},{"@type":"BreadcrumbList","@id":"https:\/\/www.manabi.gob.ec\/index.php\/tartamartik-emprendimiento-que-se-potencia\/#breadcrumb","itemListElement":[{"@type":"ListItem","position":1,"name":"Portada","item":"https:\/\/www.manabi.gob.ec\/"},{"@type":"ListItem","position":2,"name":"TARTAMARTIK EMPRENDIMIENTO QUE SE POTENCIA"}]},{"@type":"WebSite","@id":"https:\/\/www.manabi.gob.ec\/#website","url":"https:\/\/www.manabi.gob.ec\/","name":"Prefectura de Manab\u00ed","description":"P\u00e1gina web de la prefectura","potentialAction":[{"@type":"SearchAction","target":{"@type":"EntryPoint","urlTemplate":"https:\/\/www.manabi.gob.ec\/?s={search_term_string}"},"query-input":{"@type":"PropertyValueSpecification","valueRequired":true,"valueName":"search_term_string"}}],"inLanguage":"es"},{"@type":"Person","@id":"https:\/\/www.manabi.gob.ec\/#\/schema\/person\/cfc71bd68fe2703b779edcc292a49722","name":"admin","image":{"@type":"ImageObject","inLanguage":"es","@id":"https:\/\/secure.gravatar.com\/avatar\/23e9f919492b0a2f65aa168e0d8c5c867ea853b61deffbadf08c7031e15b8d78?s=96&d=mm&r=g","url":"https:\/\/secure.gravatar.com\/avatar\/23e9f919492b0a2f65aa168e0d8c5c867ea853b61deffbadf08c7031e15b8d78?s=96&d=mm&r=g","contentUrl":"https:\/\/secure.gravatar.com\/avatar\/23e9f919492b0a2f65aa168e0d8c5c867ea853b61deffbadf08c7031e15b8d78?s=96&d=mm&r=g","caption":"admin"},"sameAs":["http:\/\/www.manabi.gob.ec"],"url":"https:\/\/www.manabi.gob.ec\/index.php\/author\/admin\/"}]}},"jetpack_featured_media_url":"","_links":{"self":[{"href":"https:\/\/www.manabi.gob.ec\/index.php\/wp-json\/wp\/v2\/posts\/13290","targetHints":{"allow":["GET"]}}],"collection":[{"href":"https:\/\/www.manabi.gob.ec\/index.php\/wp-json\/wp\/v2\/posts"}],"about":[{"href":"https:\/\/www.manabi.gob.ec\/index.php\/wp-json\/wp\/v2\/types\/post"}],"author":[{"embeddable":true,"href":"https:\/\/www.manabi.gob.ec\/index.php\/wp-json\/wp\/v2\/users\/1"}],"replies":[{"embeddable":true,"href":"https:\/\/www.manabi.gob.ec\/index.php\/wp-json\/wp\/v2\/comments?post=13290"}],"version-history":[{"count":0,"href":"https:\/\/www.manabi.gob.ec\/index.php\/wp-json\/wp\/v2\/posts\/13290\/revisions"}],"wp:featuredmedia":[{"embeddable":true,"href":"https:\/\/www.manabi.gob.ec\/index.php\/wp-json\/"}],"wp:attachment":[{"href":"https:\/\/www.manabi.gob.ec\/index.php\/wp-json\/wp\/v2\/media?parent=13290"}],"wp:term":[{"taxonomy":"category","embeddable":true,"href":"https:\/\/www.manabi.gob.ec\/index.php\/wp-json\/wp\/v2\/categories?post=13290"},{"taxonomy":"post_tag","embeddable":true,"href":"https:\/\/www.manabi.gob.ec\/index.php\/wp-json\/wp\/v2\/tags?post=13290"}],"curies":[{"name":"wp","href":"https:\/\/api.w.org\/{rel}","templated":true}]}}