{"id":13299,"date":"2019-07-19T12:48:04","date_gmt":"2019-07-19T17:48:04","guid":{"rendered":"http:\/\/www.manabi.gob.ec\/?p=13299"},"modified":"2019-07-19T12:48:04","modified_gmt":"2019-07-19T17:48:04","slug":"se-coordina-trabajo-conjunto-con-seis-universidades-manabitas","status":"publish","type":"post","link":"https:\/\/www.manabi.gob.ec\/index.php\/se-coordina-trabajo-conjunto-con-seis-universidades-manabitas\/","title":{"rendered":"Se coordina trabajo conjunto con seis universidades manabitas"},"content":{"rendered":"\n<p class=\"has-drop-cap\">Proyectos conjuntos\nentre academia y el Gobierno de Manab\u00ed se acordaron en la reuni\u00f3n que mantuvo\nel prefecto Leonardo Orlando con las seis universidades de la provincia.<\/p>\n\n\n<p>El v\u00ednculo estas ser\u00e1\nmediante una pol\u00edtica p\u00fablica que permitir\u00e1 la suscripci\u00f3n de convenios y\nejecuci\u00f3n de proyectos en materias como ambiente, turismo, agroindustria,\ningenier\u00eda, sector social, participaci\u00f3n ciudadana y transparencia, y m\u00e1s.<\/p>\n\n\n<p>En la reuni\u00f3n\nrealizada este jueves 18 de julio en Portoviejo, estuvieron presentes rectores\ny representantes de las universidades T\u00e9cnica de Manab\u00ed (UTM); Pontificia Universidad\nCat\u00f3lica del Ecuador (PUCE);&nbsp; San\nGregorio (USGP); &nbsp;Universidad Estatal del\nSur de Manab\u00ed (UNESUM); &nbsp;Laica Eloy\nAlfaro de Manab\u00ed (ULEAM); y la Escuela Superior Polit\u00e9cnica Agropecuaria de\nManab\u00ed (ESPAM).<\/p>\n\n\n<p>En la cita, Orlando\npresent\u00f3 el modelo de gesti\u00f3n basado en desarrollo y equidad que se aplica para\nlos 22 cantones y 55 parroquias rurales de la provincia.<\/p>\n\n\n<p>\u201cLas universidades\nson nuestro soporte para lograr el desarrollo. Buscamos que se complemente de\nforma estrat\u00e9gica la relaci\u00f3n entre comunidades y estudiantes, para que&nbsp;\nlos j\u00f3venes se incorporen a trabajar con asociaciones y cadenas productivas\u201d,\nexpres\u00f3 el Prefecto.<\/p>\n\n\n<p>Miriam F\u00e9lix, rectora\nde la ESPAM, agradeci\u00f3 la iniciativa. \u201cEs la primera vez que nos toman en\ncuenta para trabajar de la mano y brindar oportunidades a nuestros\nestudiantes\u201d, dijo.<\/p>\n\n\n<p>Ximena Guill\u00e9n,\nrectora de USGP, dijo que junto a la propuesta de la Prefectura se reactivar\u00e1\nla red de universidades de Manab\u00ed para coordinar de mejor forma el trabajo.<\/p>\n","protected":false},"excerpt":{"rendered":"<p>Proyectos conjuntos entre academia y el Gobierno de Manab\u00ed se acordaron en la reuni\u00f3n que mantuvo el prefecto Leonardo Orlando con las seis universidades de la provincia. El v\u00ednculo estas ser\u00e1 mediante una pol\u00edtica p\u00fablica que permitir\u00e1 la suscripci\u00f3n de convenios y ejecuci\u00f3n de proyectos en materias como ambiente, turismo, agroindustria, ingenier\u00eda, sector social, participaci\u00f3n [&hellip;]<\/p>\n","protected":false},"author":1,"featured_media":13300,"comment_status":"open","ping_status":"open","sticky":false,"template":"","format":"standard","meta":{"_joinchat":[],"footnotes":""},"categories":[92,91],"tags":[],"class_list":["post-13299","post","type-post","status-publish","format-standard","has-post-thumbnail","hentry","category-noticias-manabi","category-todas"],"yoast_head":"<!-- This site is optimized with the Yoast SEO plugin v27.4 - https:\/\/yoast.com\/product\/yoast-seo-wordpress\/ -->\n<title>Se coordina trabajo conjunto con seis universidades manabitas - Prefectura de Manab\u00ed<\/title>\n<meta name=\"robots\" content=\"index, follow, max-snippet:-1, max-image-preview:large, max-video-preview:-1\" \/>\n<link rel=\"canonical\" href=\"https:\/\/www.manabi.gob.ec\/index.php\/se-coordina-trabajo-conjunto-con-seis-universidades-manabitas\/\" \/>\n<meta property=\"og:locale\" content=\"es_ES\" \/>\n<meta property=\"og:type\" content=\"article\" \/>\n<meta property=\"og:title\" content=\"Se coordina trabajo conjunto con seis universidades manabitas - Prefectura de Manab\u00ed\" \/>\n<meta property=\"og:description\" content=\"Proyectos conjuntos entre academia y el Gobierno de Manab\u00ed se acordaron en la reuni\u00f3n que mantuvo el prefecto Leonardo Orlando con las seis universidades de la provincia. El v\u00ednculo estas ser\u00e1 mediante una pol\u00edtica p\u00fablica que permitir\u00e1 la suscripci\u00f3n de convenios y ejecuci\u00f3n de proyectos en materias como ambiente, turismo, agroindustria, ingenier\u00eda, sector social, participaci\u00f3n [&hellip;]\" \/>\n<meta property=\"og:url\" content=\"https:\/\/www.manabi.gob.ec\/index.php\/se-coordina-trabajo-conjunto-con-seis-universidades-manabitas\/\" \/>\n<meta property=\"og:site_name\" content=\"Prefectura de Manab\u00ed\" \/>\n<meta property=\"article:published_time\" content=\"2019-07-19T17:48:04+00:00\" \/>\n<meta name=\"author\" content=\"admin\" \/>\n<meta name=\"twitter:card\" content=\"summary_large_image\" \/>\n<meta name=\"twitter:label1\" content=\"Escrito por\" \/>\n\t<meta name=\"twitter:data1\" content=\"admin\" \/>\n\t<meta name=\"twitter:label2\" content=\"Tiempo de lectura\" \/>\n\t<meta name=\"twitter:data2\" content=\"1 minuto\" \/>\n<script type=\"application\/ld+json\" class=\"yoast-schema-graph\">{\"@context\":\"https:\\\/\\\/schema.org\",\"@graph\":[{\"@type\":\"Article\",\"@id\":\"https:\\\/\\\/www.manabi.gob.ec\\\/index.php\\\/se-coordina-trabajo-conjunto-con-seis-universidades-manabitas\\\/#article\",\"isPartOf\":{\"@id\":\"https:\\\/\\\/www.manabi.gob.ec\\\/index.php\\\/se-coordina-trabajo-conjunto-con-seis-universidades-manabitas\\\/\"},\"author\":{\"name\":\"admin\",\"@id\":\"https:\\\/\\\/www.manabi.gob.ec\\\/#\\\/schema\\\/person\\\/cfc71bd68fe2703b779edcc292a49722\"},\"headline\":\"Se coordina trabajo conjunto con seis universidades manabitas\",\"datePublished\":\"2019-07-19T17:48:04+00:00\",\"mainEntityOfPage\":{\"@id\":\"https:\\\/\\\/www.manabi.gob.ec\\\/index.php\\\/se-coordina-trabajo-conjunto-con-seis-universidades-manabitas\\\/\"},\"wordCount\":267,\"commentCount\":0,\"image\":{\"@id\":\"https:\\\/\\\/www.manabi.gob.ec\\\/index.php\\\/se-coordina-trabajo-conjunto-con-seis-universidades-manabitas\\\/#primaryimage\"},\"thumbnailUrl\":\"\",\"articleSection\":[\"Noticias\",\"Todas\"],\"inLanguage\":\"es\",\"potentialAction\":[{\"@type\":\"CommentAction\",\"name\":\"Comment\",\"target\":[\"https:\\\/\\\/www.manabi.gob.ec\\\/index.php\\\/se-coordina-trabajo-conjunto-con-seis-universidades-manabitas\\\/#respond\"]}]},{\"@type\":\"WebPage\",\"@id\":\"https:\\\/\\\/www.manabi.gob.ec\\\/index.php\\\/se-coordina-trabajo-conjunto-con-seis-universidades-manabitas\\\/\",\"url\":\"https:\\\/\\\/www.manabi.gob.ec\\\/index.php\\\/se-coordina-trabajo-conjunto-con-seis-universidades-manabitas\\\/\",\"name\":\"Se coordina trabajo conjunto con seis universidades manabitas - Prefectura de Manab\u00ed\",\"isPartOf\":{\"@id\":\"https:\\\/\\\/www.manabi.gob.ec\\\/#website\"},\"primaryImageOfPage\":{\"@id\":\"https:\\\/\\\/www.manabi.gob.ec\\\/index.php\\\/se-coordina-trabajo-conjunto-con-seis-universidades-manabitas\\\/#primaryimage\"},\"image\":{\"@id\":\"https:\\\/\\\/www.manabi.gob.ec\\\/index.php\\\/se-coordina-trabajo-conjunto-con-seis-universidades-manabitas\\\/#primaryimage\"},\"thumbnailUrl\":\"\",\"datePublished\":\"2019-07-19T17:48:04+00:00\",\"author\":{\"@id\":\"https:\\\/\\\/www.manabi.gob.ec\\\/#\\\/schema\\\/person\\\/cfc71bd68fe2703b779edcc292a49722\"},\"breadcrumb\":{\"@id\":\"https:\\\/\\\/www.manabi.gob.ec\\\/index.php\\\/se-coordina-trabajo-conjunto-con-seis-universidades-manabitas\\\/#breadcrumb\"},\"inLanguage\":\"es\",\"potentialAction\":[{\"@type\":\"ReadAction\",\"target\":[\"https:\\\/\\\/www.manabi.gob.ec\\\/index.php\\\/se-coordina-trabajo-conjunto-con-seis-universidades-manabitas\\\/\"]}]},{\"@type\":\"ImageObject\",\"inLanguage\":\"es\",\"@id\":\"https:\\\/\\\/www.manabi.gob.ec\\\/index.php\\\/se-coordina-trabajo-conjunto-con-seis-universidades-manabitas\\\/#primaryimage\",\"url\":\"\",\"contentUrl\":\"\"},{\"@type\":\"BreadcrumbList\",\"@id\":\"https:\\\/\\\/www.manabi.gob.ec\\\/index.php\\\/se-coordina-trabajo-conjunto-con-seis-universidades-manabitas\\\/#breadcrumb\",\"itemListElement\":[{\"@type\":\"ListItem\",\"position\":1,\"name\":\"Portada\",\"item\":\"https:\\\/\\\/www.manabi.gob.ec\\\/\"},{\"@type\":\"ListItem\",\"position\":2,\"name\":\"Se coordina trabajo conjunto con seis universidades manabitas\"}]},{\"@type\":\"WebSite\",\"@id\":\"https:\\\/\\\/www.manabi.gob.ec\\\/#website\",\"url\":\"https:\\\/\\\/www.manabi.gob.ec\\\/\",\"name\":\"Prefectura de Manab\u00ed\",\"description\":\"P\u00e1gina web de la prefectura\",\"potentialAction\":[{\"@type\":\"SearchAction\",\"target\":{\"@type\":\"EntryPoint\",\"urlTemplate\":\"https:\\\/\\\/www.manabi.gob.ec\\\/?s={search_term_string}\"},\"query-input\":{\"@type\":\"PropertyValueSpecification\",\"valueRequired\":true,\"valueName\":\"search_term_string\"}}],\"inLanguage\":\"es\"},{\"@type\":\"Person\",\"@id\":\"https:\\\/\\\/www.manabi.gob.ec\\\/#\\\/schema\\\/person\\\/cfc71bd68fe2703b779edcc292a49722\",\"name\":\"admin\",\"image\":{\"@type\":\"ImageObject\",\"inLanguage\":\"es\",\"@id\":\"https:\\\/\\\/secure.gravatar.com\\\/avatar\\\/23e9f919492b0a2f65aa168e0d8c5c867ea853b61deffbadf08c7031e15b8d78?s=96&d=mm&r=g\",\"url\":\"https:\\\/\\\/secure.gravatar.com\\\/avatar\\\/23e9f919492b0a2f65aa168e0d8c5c867ea853b61deffbadf08c7031e15b8d78?s=96&d=mm&r=g\",\"contentUrl\":\"https:\\\/\\\/secure.gravatar.com\\\/avatar\\\/23e9f919492b0a2f65aa168e0d8c5c867ea853b61deffbadf08c7031e15b8d78?s=96&d=mm&r=g\",\"caption\":\"admin\"},\"sameAs\":[\"http:\\\/\\\/www.manabi.gob.ec\"],\"url\":\"https:\\\/\\\/www.manabi.gob.ec\\\/index.php\\\/author\\\/admin\\\/\"}]}<\/script>\n<!-- \/ Yoast SEO plugin. -->","yoast_head_json":{"title":"Se coordina trabajo conjunto con seis universidades manabitas - Prefectura de Manab\u00ed","robots":{"index":"index","follow":"follow","max-snippet":"max-snippet:-1","max-image-preview":"max-image-preview:large","max-video-preview":"max-video-preview:-1"},"canonical":"https:\/\/www.manabi.gob.ec\/index.php\/se-coordina-trabajo-conjunto-con-seis-universidades-manabitas\/","og_locale":"es_ES","og_type":"article","og_title":"Se coordina trabajo conjunto con seis universidades manabitas - Prefectura de Manab\u00ed","og_description":"Proyectos conjuntos entre academia y el Gobierno de Manab\u00ed se acordaron en la reuni\u00f3n que mantuvo el prefecto Leonardo Orlando con las seis universidades de la provincia. El v\u00ednculo estas ser\u00e1 mediante una pol\u00edtica p\u00fablica que permitir\u00e1 la suscripci\u00f3n de convenios y ejecuci\u00f3n de proyectos en materias como ambiente, turismo, agroindustria, ingenier\u00eda, sector social, participaci\u00f3n [&hellip;]","og_url":"https:\/\/www.manabi.gob.ec\/index.php\/se-coordina-trabajo-conjunto-con-seis-universidades-manabitas\/","og_site_name":"Prefectura de Manab\u00ed","article_published_time":"2019-07-19T17:48:04+00:00","author":"admin","twitter_card":"summary_large_image","twitter_misc":{"Escrito por":"admin","Tiempo de lectura":"1 minuto"},"schema":{"@context":"https:\/\/schema.org","@graph":[{"@type":"Article","@id":"https:\/\/www.manabi.gob.ec\/index.php\/se-coordina-trabajo-conjunto-con-seis-universidades-manabitas\/#article","isPartOf":{"@id":"https:\/\/www.manabi.gob.ec\/index.php\/se-coordina-trabajo-conjunto-con-seis-universidades-manabitas\/"},"author":{"name":"admin","@id":"https:\/\/www.manabi.gob.ec\/#\/schema\/person\/cfc71bd68fe2703b779edcc292a49722"},"headline":"Se coordina trabajo conjunto con seis universidades manabitas","datePublished":"2019-07-19T17:48:04+00:00","mainEntityOfPage":{"@id":"https:\/\/www.manabi.gob.ec\/index.php\/se-coordina-trabajo-conjunto-con-seis-universidades-manabitas\/"},"wordCount":267,"commentCount":0,"image":{"@id":"https:\/\/www.manabi.gob.ec\/index.php\/se-coordina-trabajo-conjunto-con-seis-universidades-manabitas\/#primaryimage"},"thumbnailUrl":"","articleSection":["Noticias","Todas"],"inLanguage":"es","potentialAction":[{"@type":"CommentAction","name":"Comment","target":["https:\/\/www.manabi.gob.ec\/index.php\/se-coordina-trabajo-conjunto-con-seis-universidades-manabitas\/#respond"]}]},{"@type":"WebPage","@id":"https:\/\/www.manabi.gob.ec\/index.php\/se-coordina-trabajo-conjunto-con-seis-universidades-manabitas\/","url":"https:\/\/www.manabi.gob.ec\/index.php\/se-coordina-trabajo-conjunto-con-seis-universidades-manabitas\/","name":"Se coordina trabajo conjunto con seis universidades manabitas - Prefectura de Manab\u00ed","isPartOf":{"@id":"https:\/\/www.manabi.gob.ec\/#website"},"primaryImageOfPage":{"@id":"https:\/\/www.manabi.gob.ec\/index.php\/se-coordina-trabajo-conjunto-con-seis-universidades-manabitas\/#primaryimage"},"image":{"@id":"https:\/\/www.manabi.gob.ec\/index.php\/se-coordina-trabajo-conjunto-con-seis-universidades-manabitas\/#primaryimage"},"thumbnailUrl":"","datePublished":"2019-07-19T17:48:04+00:00","author":{"@id":"https:\/\/www.manabi.gob.ec\/#\/schema\/person\/cfc71bd68fe2703b779edcc292a49722"},"breadcrumb":{"@id":"https:\/\/www.manabi.gob.ec\/index.php\/se-coordina-trabajo-conjunto-con-seis-universidades-manabitas\/#breadcrumb"},"inLanguage":"es","potentialAction":[{"@type":"ReadAction","target":["https:\/\/www.manabi.gob.ec\/index.php\/se-coordina-trabajo-conjunto-con-seis-universidades-manabitas\/"]}]},{"@type":"ImageObject","inLanguage":"es","@id":"https:\/\/www.manabi.gob.ec\/index.php\/se-coordina-trabajo-conjunto-con-seis-universidades-manabitas\/#primaryimage","url":"","contentUrl":""},{"@type":"BreadcrumbList","@id":"https:\/\/www.manabi.gob.ec\/index.php\/se-coordina-trabajo-conjunto-con-seis-universidades-manabitas\/#breadcrumb","itemListElement":[{"@type":"ListItem","position":1,"name":"Portada","item":"https:\/\/www.manabi.gob.ec\/"},{"@type":"ListItem","position":2,"name":"Se coordina trabajo conjunto con seis universidades manabitas"}]},{"@type":"WebSite","@id":"https:\/\/www.manabi.gob.ec\/#website","url":"https:\/\/www.manabi.gob.ec\/","name":"Prefectura de Manab\u00ed","description":"P\u00e1gina web de la prefectura","potentialAction":[{"@type":"SearchAction","target":{"@type":"EntryPoint","urlTemplate":"https:\/\/www.manabi.gob.ec\/?s={search_term_string}"},"query-input":{"@type":"PropertyValueSpecification","valueRequired":true,"valueName":"search_term_string"}}],"inLanguage":"es"},{"@type":"Person","@id":"https:\/\/www.manabi.gob.ec\/#\/schema\/person\/cfc71bd68fe2703b779edcc292a49722","name":"admin","image":{"@type":"ImageObject","inLanguage":"es","@id":"https:\/\/secure.gravatar.com\/avatar\/23e9f919492b0a2f65aa168e0d8c5c867ea853b61deffbadf08c7031e15b8d78?s=96&d=mm&r=g","url":"https:\/\/secure.gravatar.com\/avatar\/23e9f919492b0a2f65aa168e0d8c5c867ea853b61deffbadf08c7031e15b8d78?s=96&d=mm&r=g","contentUrl":"https:\/\/secure.gravatar.com\/avatar\/23e9f919492b0a2f65aa168e0d8c5c867ea853b61deffbadf08c7031e15b8d78?s=96&d=mm&r=g","caption":"admin"},"sameAs":["http:\/\/www.manabi.gob.ec"],"url":"https:\/\/www.manabi.gob.ec\/index.php\/author\/admin\/"}]}},"jetpack_featured_media_url":"","_links":{"self":[{"href":"https:\/\/www.manabi.gob.ec\/index.php\/wp-json\/wp\/v2\/posts\/13299","targetHints":{"allow":["GET"]}}],"collection":[{"href":"https:\/\/www.manabi.gob.ec\/index.php\/wp-json\/wp\/v2\/posts"}],"about":[{"href":"https:\/\/www.manabi.gob.ec\/index.php\/wp-json\/wp\/v2\/types\/post"}],"author":[{"embeddable":true,"href":"https:\/\/www.manabi.gob.ec\/index.php\/wp-json\/wp\/v2\/users\/1"}],"replies":[{"embeddable":true,"href":"https:\/\/www.manabi.gob.ec\/index.php\/wp-json\/wp\/v2\/comments?post=13299"}],"version-history":[{"count":0,"href":"https:\/\/www.manabi.gob.ec\/index.php\/wp-json\/wp\/v2\/posts\/13299\/revisions"}],"wp:featuredmedia":[{"embeddable":true,"href":"https:\/\/www.manabi.gob.ec\/index.php\/wp-json\/"}],"wp:attachment":[{"href":"https:\/\/www.manabi.gob.ec\/index.php\/wp-json\/wp\/v2\/media?parent=13299"}],"wp:term":[{"taxonomy":"category","embeddable":true,"href":"https:\/\/www.manabi.gob.ec\/index.php\/wp-json\/wp\/v2\/categories?post=13299"},{"taxonomy":"post_tag","embeddable":true,"href":"https:\/\/www.manabi.gob.ec\/index.php\/wp-json\/wp\/v2\/tags?post=13299"}],"curies":[{"name":"wp","href":"https:\/\/api.w.org\/{rel}","templated":true}]}}