{"id":13313,"date":"2019-07-24T13:42:05","date_gmt":"2019-07-24T18:42:05","guid":{"rendered":"http:\/\/www.manabi.gob.ec\/?p=13313"},"modified":"2019-07-24T13:42:05","modified_gmt":"2019-07-24T18:42:05","slug":"el-prefecto-leonardo-orlando-visito-la-espam-y-comprometio-su-apoyo-2","status":"publish","type":"post","link":"https:\/\/www.manabi.gob.ec\/index.php\/el-prefecto-leonardo-orlando-visito-la-espam-y-comprometio-su-apoyo-2\/","title":{"rendered":"VICEPREFECTA VISIT\u00d3 COMUNIDADES DE CHONE"},"content":{"rendered":"\n<p class=\"has-drop-cap\">La Viceprefecta de Manab\u00ed, Kelly Buenaventura, realiz\u00f3 una visita de\ntrabajo a Chone durante el fin de semana. Recorri\u00f3 barrios y comunidades, y se\ncomprometi\u00f3 a trabajar especialmente por el desarrollo de las zonas rurales del\ncant\u00f3n.&nbsp;&nbsp;<\/p>\n\n\n<p>La dignataria resalt\u00f3 que el Gobierno de Manab\u00ed prepara una importante\nintervenci\u00f3n en vialidad, con un eje que promover\u00e1 la uni\u00f3n hacia el filo\ncostero y con el sector de la Manga del Cura en El Carmen. Destac\u00f3 tambi\u00e9n la\nreapertura de v\u00edas veraneras, esto con el fin de aumentar la productividad\nrural ayudando a la movilizaci\u00f3n de los productos.<\/p>\n\n\n<p>Durante la jornada, Buenaventura se reuni\u00f3 con varios dirigentes\nbarriales de sectores como la ciudadela Jardines de Inca, Puerto El Bejuco,\nciudadela Hidalgo, ciudadela La Carmelita y el Presidente del Gobierno\nParroquial de Ricaurte. En los encuentros se planific\u00f3 la ejecuci\u00f3n de obras y\nse evaluaron las necesidades.<\/p>\n\n\n<p>En el sitio R\u00edo Plata se apoyara la reapertura de la planta de c\u00edtricos\npara sacar provecho a la abundante producci\u00f3n de la zona.<\/p>\n\n\n<p><\/p>\n","protected":false},"excerpt":{"rendered":"<p>La Viceprefecta de Manab\u00ed, Kelly Buenaventura, realiz\u00f3 una visita de trabajo a Chone durante el fin de semana. Recorri\u00f3 barrios y comunidades, y se comprometi\u00f3 a trabajar especialmente por el desarrollo de las zonas rurales del cant\u00f3n.&nbsp;&nbsp; La dignataria resalt\u00f3 que el Gobierno de Manab\u00ed prepara una importante intervenci\u00f3n en vialidad, con un eje que [&hellip;]<\/p>\n","protected":false},"author":1,"featured_media":13314,"comment_status":"open","ping_status":"open","sticky":false,"template":"","format":"standard","meta":{"_joinchat":[],"footnotes":""},"categories":[92,91],"tags":[],"class_list":["post-13313","post","type-post","status-publish","format-standard","has-post-thumbnail","hentry","category-noticias-manabi","category-todas"],"yoast_head":"<!-- This site is optimized with the Yoast SEO plugin v27.4 - https:\/\/yoast.com\/product\/yoast-seo-wordpress\/ -->\n<title>VICEPREFECTA VISIT\u00d3 COMUNIDADES DE CHONE - Prefectura de Manab\u00ed<\/title>\n<meta name=\"robots\" content=\"index, follow, max-snippet:-1, max-image-preview:large, max-video-preview:-1\" \/>\n<link rel=\"canonical\" href=\"https:\/\/www.manabi.gob.ec\/index.php\/el-prefecto-leonardo-orlando-visito-la-espam-y-comprometio-su-apoyo-2\/\" \/>\n<meta property=\"og:locale\" content=\"es_ES\" \/>\n<meta property=\"og:type\" content=\"article\" \/>\n<meta property=\"og:title\" content=\"VICEPREFECTA VISIT\u00d3 COMUNIDADES DE CHONE - Prefectura de Manab\u00ed\" \/>\n<meta property=\"og:description\" content=\"La Viceprefecta de Manab\u00ed, Kelly Buenaventura, realiz\u00f3 una visita de trabajo a Chone durante el fin de semana. Recorri\u00f3 barrios y comunidades, y se comprometi\u00f3 a trabajar especialmente por el desarrollo de las zonas rurales del cant\u00f3n.&nbsp;&nbsp; La dignataria resalt\u00f3 que el Gobierno de Manab\u00ed prepara una importante intervenci\u00f3n en vialidad, con un eje que [&hellip;]\" \/>\n<meta property=\"og:url\" content=\"https:\/\/www.manabi.gob.ec\/index.php\/el-prefecto-leonardo-orlando-visito-la-espam-y-comprometio-su-apoyo-2\/\" \/>\n<meta property=\"og:site_name\" content=\"Prefectura de Manab\u00ed\" \/>\n<meta property=\"article:published_time\" content=\"2019-07-24T18:42:05+00:00\" \/>\n<meta name=\"author\" content=\"admin\" \/>\n<meta name=\"twitter:card\" content=\"summary_large_image\" \/>\n<meta name=\"twitter:label1\" content=\"Escrito por\" \/>\n\t<meta name=\"twitter:data1\" content=\"admin\" \/>\n\t<meta name=\"twitter:label2\" content=\"Tiempo de lectura\" \/>\n\t<meta name=\"twitter:data2\" content=\"1 minuto\" \/>\n<script type=\"application\/ld+json\" class=\"yoast-schema-graph\">{\"@context\":\"https:\\\/\\\/schema.org\",\"@graph\":[{\"@type\":\"Article\",\"@id\":\"https:\\\/\\\/www.manabi.gob.ec\\\/index.php\\\/el-prefecto-leonardo-orlando-visito-la-espam-y-comprometio-su-apoyo-2\\\/#article\",\"isPartOf\":{\"@id\":\"https:\\\/\\\/www.manabi.gob.ec\\\/index.php\\\/el-prefecto-leonardo-orlando-visito-la-espam-y-comprometio-su-apoyo-2\\\/\"},\"author\":{\"name\":\"admin\",\"@id\":\"https:\\\/\\\/www.manabi.gob.ec\\\/#\\\/schema\\\/person\\\/cfc71bd68fe2703b779edcc292a49722\"},\"headline\":\"VICEPREFECTA VISIT\u00d3 COMUNIDADES DE CHONE\",\"datePublished\":\"2019-07-24T18:42:05+00:00\",\"mainEntityOfPage\":{\"@id\":\"https:\\\/\\\/www.manabi.gob.ec\\\/index.php\\\/el-prefecto-leonardo-orlando-visito-la-espam-y-comprometio-su-apoyo-2\\\/\"},\"wordCount\":186,\"commentCount\":0,\"image\":{\"@id\":\"https:\\\/\\\/www.manabi.gob.ec\\\/index.php\\\/el-prefecto-leonardo-orlando-visito-la-espam-y-comprometio-su-apoyo-2\\\/#primaryimage\"},\"thumbnailUrl\":\"\",\"articleSection\":[\"Noticias\",\"Todas\"],\"inLanguage\":\"es\",\"potentialAction\":[{\"@type\":\"CommentAction\",\"name\":\"Comment\",\"target\":[\"https:\\\/\\\/www.manabi.gob.ec\\\/index.php\\\/el-prefecto-leonardo-orlando-visito-la-espam-y-comprometio-su-apoyo-2\\\/#respond\"]}]},{\"@type\":\"WebPage\",\"@id\":\"https:\\\/\\\/www.manabi.gob.ec\\\/index.php\\\/el-prefecto-leonardo-orlando-visito-la-espam-y-comprometio-su-apoyo-2\\\/\",\"url\":\"https:\\\/\\\/www.manabi.gob.ec\\\/index.php\\\/el-prefecto-leonardo-orlando-visito-la-espam-y-comprometio-su-apoyo-2\\\/\",\"name\":\"VICEPREFECTA VISIT\u00d3 COMUNIDADES DE CHONE - Prefectura de Manab\u00ed\",\"isPartOf\":{\"@id\":\"https:\\\/\\\/www.manabi.gob.ec\\\/#website\"},\"primaryImageOfPage\":{\"@id\":\"https:\\\/\\\/www.manabi.gob.ec\\\/index.php\\\/el-prefecto-leonardo-orlando-visito-la-espam-y-comprometio-su-apoyo-2\\\/#primaryimage\"},\"image\":{\"@id\":\"https:\\\/\\\/www.manabi.gob.ec\\\/index.php\\\/el-prefecto-leonardo-orlando-visito-la-espam-y-comprometio-su-apoyo-2\\\/#primaryimage\"},\"thumbnailUrl\":\"\",\"datePublished\":\"2019-07-24T18:42:05+00:00\",\"author\":{\"@id\":\"https:\\\/\\\/www.manabi.gob.ec\\\/#\\\/schema\\\/person\\\/cfc71bd68fe2703b779edcc292a49722\"},\"breadcrumb\":{\"@id\":\"https:\\\/\\\/www.manabi.gob.ec\\\/index.php\\\/el-prefecto-leonardo-orlando-visito-la-espam-y-comprometio-su-apoyo-2\\\/#breadcrumb\"},\"inLanguage\":\"es\",\"potentialAction\":[{\"@type\":\"ReadAction\",\"target\":[\"https:\\\/\\\/www.manabi.gob.ec\\\/index.php\\\/el-prefecto-leonardo-orlando-visito-la-espam-y-comprometio-su-apoyo-2\\\/\"]}]},{\"@type\":\"ImageObject\",\"inLanguage\":\"es\",\"@id\":\"https:\\\/\\\/www.manabi.gob.ec\\\/index.php\\\/el-prefecto-leonardo-orlando-visito-la-espam-y-comprometio-su-apoyo-2\\\/#primaryimage\",\"url\":\"\",\"contentUrl\":\"\"},{\"@type\":\"BreadcrumbList\",\"@id\":\"https:\\\/\\\/www.manabi.gob.ec\\\/index.php\\\/el-prefecto-leonardo-orlando-visito-la-espam-y-comprometio-su-apoyo-2\\\/#breadcrumb\",\"itemListElement\":[{\"@type\":\"ListItem\",\"position\":1,\"name\":\"Portada\",\"item\":\"https:\\\/\\\/www.manabi.gob.ec\\\/\"},{\"@type\":\"ListItem\",\"position\":2,\"name\":\"VICEPREFECTA VISIT\u00d3 COMUNIDADES DE CHONE\"}]},{\"@type\":\"WebSite\",\"@id\":\"https:\\\/\\\/www.manabi.gob.ec\\\/#website\",\"url\":\"https:\\\/\\\/www.manabi.gob.ec\\\/\",\"name\":\"Prefectura de Manab\u00ed\",\"description\":\"P\u00e1gina web de la prefectura\",\"potentialAction\":[{\"@type\":\"SearchAction\",\"target\":{\"@type\":\"EntryPoint\",\"urlTemplate\":\"https:\\\/\\\/www.manabi.gob.ec\\\/?s={search_term_string}\"},\"query-input\":{\"@type\":\"PropertyValueSpecification\",\"valueRequired\":true,\"valueName\":\"search_term_string\"}}],\"inLanguage\":\"es\"},{\"@type\":\"Person\",\"@id\":\"https:\\\/\\\/www.manabi.gob.ec\\\/#\\\/schema\\\/person\\\/cfc71bd68fe2703b779edcc292a49722\",\"name\":\"admin\",\"image\":{\"@type\":\"ImageObject\",\"inLanguage\":\"es\",\"@id\":\"https:\\\/\\\/secure.gravatar.com\\\/avatar\\\/23e9f919492b0a2f65aa168e0d8c5c867ea853b61deffbadf08c7031e15b8d78?s=96&d=mm&r=g\",\"url\":\"https:\\\/\\\/secure.gravatar.com\\\/avatar\\\/23e9f919492b0a2f65aa168e0d8c5c867ea853b61deffbadf08c7031e15b8d78?s=96&d=mm&r=g\",\"contentUrl\":\"https:\\\/\\\/secure.gravatar.com\\\/avatar\\\/23e9f919492b0a2f65aa168e0d8c5c867ea853b61deffbadf08c7031e15b8d78?s=96&d=mm&r=g\",\"caption\":\"admin\"},\"sameAs\":[\"http:\\\/\\\/www.manabi.gob.ec\"],\"url\":\"https:\\\/\\\/www.manabi.gob.ec\\\/index.php\\\/author\\\/admin\\\/\"}]}<\/script>\n<!-- \/ Yoast SEO plugin. -->","yoast_head_json":{"title":"VICEPREFECTA VISIT\u00d3 COMUNIDADES DE CHONE - Prefectura de Manab\u00ed","robots":{"index":"index","follow":"follow","max-snippet":"max-snippet:-1","max-image-preview":"max-image-preview:large","max-video-preview":"max-video-preview:-1"},"canonical":"https:\/\/www.manabi.gob.ec\/index.php\/el-prefecto-leonardo-orlando-visito-la-espam-y-comprometio-su-apoyo-2\/","og_locale":"es_ES","og_type":"article","og_title":"VICEPREFECTA VISIT\u00d3 COMUNIDADES DE CHONE - Prefectura de Manab\u00ed","og_description":"La Viceprefecta de Manab\u00ed, Kelly Buenaventura, realiz\u00f3 una visita de trabajo a Chone durante el fin de semana. Recorri\u00f3 barrios y comunidades, y se comprometi\u00f3 a trabajar especialmente por el desarrollo de las zonas rurales del cant\u00f3n.&nbsp;&nbsp; La dignataria resalt\u00f3 que el Gobierno de Manab\u00ed prepara una importante intervenci\u00f3n en vialidad, con un eje que [&hellip;]","og_url":"https:\/\/www.manabi.gob.ec\/index.php\/el-prefecto-leonardo-orlando-visito-la-espam-y-comprometio-su-apoyo-2\/","og_site_name":"Prefectura de Manab\u00ed","article_published_time":"2019-07-24T18:42:05+00:00","author":"admin","twitter_card":"summary_large_image","twitter_misc":{"Escrito por":"admin","Tiempo de lectura":"1 minuto"},"schema":{"@context":"https:\/\/schema.org","@graph":[{"@type":"Article","@id":"https:\/\/www.manabi.gob.ec\/index.php\/el-prefecto-leonardo-orlando-visito-la-espam-y-comprometio-su-apoyo-2\/#article","isPartOf":{"@id":"https:\/\/www.manabi.gob.ec\/index.php\/el-prefecto-leonardo-orlando-visito-la-espam-y-comprometio-su-apoyo-2\/"},"author":{"name":"admin","@id":"https:\/\/www.manabi.gob.ec\/#\/schema\/person\/cfc71bd68fe2703b779edcc292a49722"},"headline":"VICEPREFECTA VISIT\u00d3 COMUNIDADES DE CHONE","datePublished":"2019-07-24T18:42:05+00:00","mainEntityOfPage":{"@id":"https:\/\/www.manabi.gob.ec\/index.php\/el-prefecto-leonardo-orlando-visito-la-espam-y-comprometio-su-apoyo-2\/"},"wordCount":186,"commentCount":0,"image":{"@id":"https:\/\/www.manabi.gob.ec\/index.php\/el-prefecto-leonardo-orlando-visito-la-espam-y-comprometio-su-apoyo-2\/#primaryimage"},"thumbnailUrl":"","articleSection":["Noticias","Todas"],"inLanguage":"es","potentialAction":[{"@type":"CommentAction","name":"Comment","target":["https:\/\/www.manabi.gob.ec\/index.php\/el-prefecto-leonardo-orlando-visito-la-espam-y-comprometio-su-apoyo-2\/#respond"]}]},{"@type":"WebPage","@id":"https:\/\/www.manabi.gob.ec\/index.php\/el-prefecto-leonardo-orlando-visito-la-espam-y-comprometio-su-apoyo-2\/","url":"https:\/\/www.manabi.gob.ec\/index.php\/el-prefecto-leonardo-orlando-visito-la-espam-y-comprometio-su-apoyo-2\/","name":"VICEPREFECTA VISIT\u00d3 COMUNIDADES DE CHONE - Prefectura de Manab\u00ed","isPartOf":{"@id":"https:\/\/www.manabi.gob.ec\/#website"},"primaryImageOfPage":{"@id":"https:\/\/www.manabi.gob.ec\/index.php\/el-prefecto-leonardo-orlando-visito-la-espam-y-comprometio-su-apoyo-2\/#primaryimage"},"image":{"@id":"https:\/\/www.manabi.gob.ec\/index.php\/el-prefecto-leonardo-orlando-visito-la-espam-y-comprometio-su-apoyo-2\/#primaryimage"},"thumbnailUrl":"","datePublished":"2019-07-24T18:42:05+00:00","author":{"@id":"https:\/\/www.manabi.gob.ec\/#\/schema\/person\/cfc71bd68fe2703b779edcc292a49722"},"breadcrumb":{"@id":"https:\/\/www.manabi.gob.ec\/index.php\/el-prefecto-leonardo-orlando-visito-la-espam-y-comprometio-su-apoyo-2\/#breadcrumb"},"inLanguage":"es","potentialAction":[{"@type":"ReadAction","target":["https:\/\/www.manabi.gob.ec\/index.php\/el-prefecto-leonardo-orlando-visito-la-espam-y-comprometio-su-apoyo-2\/"]}]},{"@type":"ImageObject","inLanguage":"es","@id":"https:\/\/www.manabi.gob.ec\/index.php\/el-prefecto-leonardo-orlando-visito-la-espam-y-comprometio-su-apoyo-2\/#primaryimage","url":"","contentUrl":""},{"@type":"BreadcrumbList","@id":"https:\/\/www.manabi.gob.ec\/index.php\/el-prefecto-leonardo-orlando-visito-la-espam-y-comprometio-su-apoyo-2\/#breadcrumb","itemListElement":[{"@type":"ListItem","position":1,"name":"Portada","item":"https:\/\/www.manabi.gob.ec\/"},{"@type":"ListItem","position":2,"name":"VICEPREFECTA VISIT\u00d3 COMUNIDADES DE CHONE"}]},{"@type":"WebSite","@id":"https:\/\/www.manabi.gob.ec\/#website","url":"https:\/\/www.manabi.gob.ec\/","name":"Prefectura de Manab\u00ed","description":"P\u00e1gina web de la prefectura","potentialAction":[{"@type":"SearchAction","target":{"@type":"EntryPoint","urlTemplate":"https:\/\/www.manabi.gob.ec\/?s={search_term_string}"},"query-input":{"@type":"PropertyValueSpecification","valueRequired":true,"valueName":"search_term_string"}}],"inLanguage":"es"},{"@type":"Person","@id":"https:\/\/www.manabi.gob.ec\/#\/schema\/person\/cfc71bd68fe2703b779edcc292a49722","name":"admin","image":{"@type":"ImageObject","inLanguage":"es","@id":"https:\/\/secure.gravatar.com\/avatar\/23e9f919492b0a2f65aa168e0d8c5c867ea853b61deffbadf08c7031e15b8d78?s=96&d=mm&r=g","url":"https:\/\/secure.gravatar.com\/avatar\/23e9f919492b0a2f65aa168e0d8c5c867ea853b61deffbadf08c7031e15b8d78?s=96&d=mm&r=g","contentUrl":"https:\/\/secure.gravatar.com\/avatar\/23e9f919492b0a2f65aa168e0d8c5c867ea853b61deffbadf08c7031e15b8d78?s=96&d=mm&r=g","caption":"admin"},"sameAs":["http:\/\/www.manabi.gob.ec"],"url":"https:\/\/www.manabi.gob.ec\/index.php\/author\/admin\/"}]}},"jetpack_featured_media_url":"","_links":{"self":[{"href":"https:\/\/www.manabi.gob.ec\/index.php\/wp-json\/wp\/v2\/posts\/13313","targetHints":{"allow":["GET"]}}],"collection":[{"href":"https:\/\/www.manabi.gob.ec\/index.php\/wp-json\/wp\/v2\/posts"}],"about":[{"href":"https:\/\/www.manabi.gob.ec\/index.php\/wp-json\/wp\/v2\/types\/post"}],"author":[{"embeddable":true,"href":"https:\/\/www.manabi.gob.ec\/index.php\/wp-json\/wp\/v2\/users\/1"}],"replies":[{"embeddable":true,"href":"https:\/\/www.manabi.gob.ec\/index.php\/wp-json\/wp\/v2\/comments?post=13313"}],"version-history":[{"count":0,"href":"https:\/\/www.manabi.gob.ec\/index.php\/wp-json\/wp\/v2\/posts\/13313\/revisions"}],"wp:featuredmedia":[{"embeddable":true,"href":"https:\/\/www.manabi.gob.ec\/index.php\/wp-json\/"}],"wp:attachment":[{"href":"https:\/\/www.manabi.gob.ec\/index.php\/wp-json\/wp\/v2\/media?parent=13313"}],"wp:term":[{"taxonomy":"category","embeddable":true,"href":"https:\/\/www.manabi.gob.ec\/index.php\/wp-json\/wp\/v2\/categories?post=13313"},{"taxonomy":"post_tag","embeddable":true,"href":"https:\/\/www.manabi.gob.ec\/index.php\/wp-json\/wp\/v2\/tags?post=13313"}],"curies":[{"name":"wp","href":"https:\/\/api.w.org\/{rel}","templated":true}]}}