{"id":13328,"date":"2019-07-30T10:09:38","date_gmt":"2019-07-30T15:09:38","guid":{"rendered":"http:\/\/www.manabi.gob.ec\/?p=13328"},"modified":"2019-07-30T10:09:38","modified_gmt":"2019-07-30T15:09:38","slug":"corporacion-provincial-sesiono-por-el-presupuesto-de-la-entidad","status":"publish","type":"post","link":"https:\/\/www.manabi.gob.ec\/index.php\/corporacion-provincial-sesiono-por-el-presupuesto-de-la-entidad\/","title":{"rendered":"Corporaci\u00f3n Provincial sesion\u00f3 por el presupuesto de la entidad"},"content":{"rendered":"\n<p class=\"has-drop-cap\">La tarde de este\nlunes 29 de julio se realiz\u00f3 una Sesi\u00f3n de Corporaci\u00f3n Provincial donde los\nalcaldes, presidentes de gobiernos parroquiales y sus delegados aprobaron por\nunanimidad varios temas planteados.<\/p>\n\n\n<p>Para la cita, el\nprefecto Leonardo Orlando -quien preside el pleno- propuso temas como el\nan\u00e1lisis y aprobaci\u00f3n de la proforma presupuestaria para lo que queda del 2019,\nque incluye las obras que ya estaban en marcha al inicio de la administraci\u00f3n.<\/p>\n\n\n<p>En primer debate la\nproforma fue aprobada por unanimidad y suma un total 163 millones 796 mil 571\nd\u00f3lares. Este presupuesto corresponde al per\u00edodo fiscal 2019, que fue\nprorrogado de conformidad con una resoluci\u00f3n previa del Consejo Provincial,\nbasado en el C\u00f3digo Org\u00e1nico de Planificaci\u00f3n y Finanzas&nbsp; P\u00fablicas, y su\nreglamento.<\/p>\n\n\n<p>\u201cEstamos trabajando\ncon un presupuesto que busca mayor equidad, planificando t\u00e9cnicamente para que\nlos recursos lleguen a los sectores que m\u00e1s lo necesitan. Es una propuesta\nbasada en la equidad territorial\u201d, resalt\u00f3 el Prefecto.<\/p>\n\n\n<p>Otros temas que\nrecibieron la votaci\u00f3n un\u00e1nime de los consejeros provinciales fueron: autorizar\nal Prefecto para que el Gobierno de Manab\u00ed suscriba la D\u00e9cima Segunda Revisi\u00f3n\ndel Contrato Colectivo de Trabajo, con el Comit\u00e9 Central \u00danico de Trabajadores\nde la entidad.<\/p>\n\n\n<p>Se aprob\u00f3 tambi\u00e9n que\npara las fiestas de cantonizaci\u00f3n y parroquializaci\u00f3n se entregue un acuerdo y\npresea conmemorativa a cada jurisdicci\u00f3n.<\/p>\n","protected":false},"excerpt":{"rendered":"<p>La tarde de este lunes 29 de julio se realiz\u00f3 una Sesi\u00f3n de Corporaci\u00f3n Provincial donde los alcaldes, presidentes de gobiernos parroquiales y sus delegados aprobaron por unanimidad varios temas planteados. Para la cita, el prefecto Leonardo Orlando -quien preside el pleno- propuso temas como el an\u00e1lisis y aprobaci\u00f3n de la proforma presupuestaria para lo [&hellip;]<\/p>\n","protected":false},"author":1,"featured_media":13329,"comment_status":"open","ping_status":"open","sticky":false,"template":"","format":"standard","meta":{"_joinchat":[],"footnotes":""},"categories":[92,91],"tags":[],"class_list":["post-13328","post","type-post","status-publish","format-standard","has-post-thumbnail","hentry","category-noticias-manabi","category-todas"],"yoast_head":"<!-- This site is optimized with the Yoast SEO plugin v27.4 - https:\/\/yoast.com\/product\/yoast-seo-wordpress\/ -->\n<title>Corporaci\u00f3n Provincial sesion\u00f3 por el presupuesto de la entidad - Prefectura de Manab\u00ed<\/title>\n<meta name=\"robots\" content=\"index, follow, max-snippet:-1, max-image-preview:large, max-video-preview:-1\" \/>\n<link rel=\"canonical\" href=\"https:\/\/www.manabi.gob.ec\/index.php\/corporacion-provincial-sesiono-por-el-presupuesto-de-la-entidad\/\" \/>\n<meta property=\"og:locale\" content=\"es_ES\" \/>\n<meta property=\"og:type\" content=\"article\" \/>\n<meta property=\"og:title\" content=\"Corporaci\u00f3n Provincial sesion\u00f3 por el presupuesto de la entidad - Prefectura de Manab\u00ed\" \/>\n<meta property=\"og:description\" content=\"La tarde de este lunes 29 de julio se realiz\u00f3 una Sesi\u00f3n de Corporaci\u00f3n Provincial donde los alcaldes, presidentes de gobiernos parroquiales y sus delegados aprobaron por unanimidad varios temas planteados. Para la cita, el prefecto Leonardo Orlando -quien preside el pleno- propuso temas como el an\u00e1lisis y aprobaci\u00f3n de la proforma presupuestaria para lo [&hellip;]\" \/>\n<meta property=\"og:url\" content=\"https:\/\/www.manabi.gob.ec\/index.php\/corporacion-provincial-sesiono-por-el-presupuesto-de-la-entidad\/\" \/>\n<meta property=\"og:site_name\" content=\"Prefectura de Manab\u00ed\" \/>\n<meta property=\"article:published_time\" content=\"2019-07-30T15:09:38+00:00\" \/>\n<meta name=\"author\" content=\"admin\" \/>\n<meta name=\"twitter:card\" content=\"summary_large_image\" \/>\n<meta name=\"twitter:label1\" content=\"Escrito por\" \/>\n\t<meta name=\"twitter:data1\" content=\"admin\" \/>\n\t<meta name=\"twitter:label2\" content=\"Tiempo de lectura\" \/>\n\t<meta name=\"twitter:data2\" content=\"1 minuto\" \/>\n<script type=\"application\/ld+json\" class=\"yoast-schema-graph\">{\"@context\":\"https:\\\/\\\/schema.org\",\"@graph\":[{\"@type\":\"Article\",\"@id\":\"https:\\\/\\\/www.manabi.gob.ec\\\/index.php\\\/corporacion-provincial-sesiono-por-el-presupuesto-de-la-entidad\\\/#article\",\"isPartOf\":{\"@id\":\"https:\\\/\\\/www.manabi.gob.ec\\\/index.php\\\/corporacion-provincial-sesiono-por-el-presupuesto-de-la-entidad\\\/\"},\"author\":{\"name\":\"admin\",\"@id\":\"https:\\\/\\\/www.manabi.gob.ec\\\/#\\\/schema\\\/person\\\/cfc71bd68fe2703b779edcc292a49722\"},\"headline\":\"Corporaci\u00f3n Provincial sesion\u00f3 por el presupuesto de la entidad\",\"datePublished\":\"2019-07-30T15:09:38+00:00\",\"mainEntityOfPage\":{\"@id\":\"https:\\\/\\\/www.manabi.gob.ec\\\/index.php\\\/corporacion-provincial-sesiono-por-el-presupuesto-de-la-entidad\\\/\"},\"wordCount\":247,\"commentCount\":0,\"image\":{\"@id\":\"https:\\\/\\\/www.manabi.gob.ec\\\/index.php\\\/corporacion-provincial-sesiono-por-el-presupuesto-de-la-entidad\\\/#primaryimage\"},\"thumbnailUrl\":\"\",\"articleSection\":[\"Noticias\",\"Todas\"],\"inLanguage\":\"es\",\"potentialAction\":[{\"@type\":\"CommentAction\",\"name\":\"Comment\",\"target\":[\"https:\\\/\\\/www.manabi.gob.ec\\\/index.php\\\/corporacion-provincial-sesiono-por-el-presupuesto-de-la-entidad\\\/#respond\"]}]},{\"@type\":\"WebPage\",\"@id\":\"https:\\\/\\\/www.manabi.gob.ec\\\/index.php\\\/corporacion-provincial-sesiono-por-el-presupuesto-de-la-entidad\\\/\",\"url\":\"https:\\\/\\\/www.manabi.gob.ec\\\/index.php\\\/corporacion-provincial-sesiono-por-el-presupuesto-de-la-entidad\\\/\",\"name\":\"Corporaci\u00f3n Provincial sesion\u00f3 por el presupuesto de la entidad - Prefectura de Manab\u00ed\",\"isPartOf\":{\"@id\":\"https:\\\/\\\/www.manabi.gob.ec\\\/#website\"},\"primaryImageOfPage\":{\"@id\":\"https:\\\/\\\/www.manabi.gob.ec\\\/index.php\\\/corporacion-provincial-sesiono-por-el-presupuesto-de-la-entidad\\\/#primaryimage\"},\"image\":{\"@id\":\"https:\\\/\\\/www.manabi.gob.ec\\\/index.php\\\/corporacion-provincial-sesiono-por-el-presupuesto-de-la-entidad\\\/#primaryimage\"},\"thumbnailUrl\":\"\",\"datePublished\":\"2019-07-30T15:09:38+00:00\",\"author\":{\"@id\":\"https:\\\/\\\/www.manabi.gob.ec\\\/#\\\/schema\\\/person\\\/cfc71bd68fe2703b779edcc292a49722\"},\"breadcrumb\":{\"@id\":\"https:\\\/\\\/www.manabi.gob.ec\\\/index.php\\\/corporacion-provincial-sesiono-por-el-presupuesto-de-la-entidad\\\/#breadcrumb\"},\"inLanguage\":\"es\",\"potentialAction\":[{\"@type\":\"ReadAction\",\"target\":[\"https:\\\/\\\/www.manabi.gob.ec\\\/index.php\\\/corporacion-provincial-sesiono-por-el-presupuesto-de-la-entidad\\\/\"]}]},{\"@type\":\"ImageObject\",\"inLanguage\":\"es\",\"@id\":\"https:\\\/\\\/www.manabi.gob.ec\\\/index.php\\\/corporacion-provincial-sesiono-por-el-presupuesto-de-la-entidad\\\/#primaryimage\",\"url\":\"\",\"contentUrl\":\"\"},{\"@type\":\"BreadcrumbList\",\"@id\":\"https:\\\/\\\/www.manabi.gob.ec\\\/index.php\\\/corporacion-provincial-sesiono-por-el-presupuesto-de-la-entidad\\\/#breadcrumb\",\"itemListElement\":[{\"@type\":\"ListItem\",\"position\":1,\"name\":\"Portada\",\"item\":\"https:\\\/\\\/www.manabi.gob.ec\\\/\"},{\"@type\":\"ListItem\",\"position\":2,\"name\":\"Corporaci\u00f3n Provincial sesion\u00f3 por el presupuesto de la entidad\"}]},{\"@type\":\"WebSite\",\"@id\":\"https:\\\/\\\/www.manabi.gob.ec\\\/#website\",\"url\":\"https:\\\/\\\/www.manabi.gob.ec\\\/\",\"name\":\"Prefectura de Manab\u00ed\",\"description\":\"P\u00e1gina web de la prefectura\",\"potentialAction\":[{\"@type\":\"SearchAction\",\"target\":{\"@type\":\"EntryPoint\",\"urlTemplate\":\"https:\\\/\\\/www.manabi.gob.ec\\\/?s={search_term_string}\"},\"query-input\":{\"@type\":\"PropertyValueSpecification\",\"valueRequired\":true,\"valueName\":\"search_term_string\"}}],\"inLanguage\":\"es\"},{\"@type\":\"Person\",\"@id\":\"https:\\\/\\\/www.manabi.gob.ec\\\/#\\\/schema\\\/person\\\/cfc71bd68fe2703b779edcc292a49722\",\"name\":\"admin\",\"image\":{\"@type\":\"ImageObject\",\"inLanguage\":\"es\",\"@id\":\"https:\\\/\\\/secure.gravatar.com\\\/avatar\\\/23e9f919492b0a2f65aa168e0d8c5c867ea853b61deffbadf08c7031e15b8d78?s=96&d=mm&r=g\",\"url\":\"https:\\\/\\\/secure.gravatar.com\\\/avatar\\\/23e9f919492b0a2f65aa168e0d8c5c867ea853b61deffbadf08c7031e15b8d78?s=96&d=mm&r=g\",\"contentUrl\":\"https:\\\/\\\/secure.gravatar.com\\\/avatar\\\/23e9f919492b0a2f65aa168e0d8c5c867ea853b61deffbadf08c7031e15b8d78?s=96&d=mm&r=g\",\"caption\":\"admin\"},\"sameAs\":[\"http:\\\/\\\/www.manabi.gob.ec\"],\"url\":\"https:\\\/\\\/www.manabi.gob.ec\\\/index.php\\\/author\\\/admin\\\/\"}]}<\/script>\n<!-- \/ Yoast SEO plugin. -->","yoast_head_json":{"title":"Corporaci\u00f3n Provincial sesion\u00f3 por el presupuesto de la entidad - Prefectura de Manab\u00ed","robots":{"index":"index","follow":"follow","max-snippet":"max-snippet:-1","max-image-preview":"max-image-preview:large","max-video-preview":"max-video-preview:-1"},"canonical":"https:\/\/www.manabi.gob.ec\/index.php\/corporacion-provincial-sesiono-por-el-presupuesto-de-la-entidad\/","og_locale":"es_ES","og_type":"article","og_title":"Corporaci\u00f3n Provincial sesion\u00f3 por el presupuesto de la entidad - Prefectura de Manab\u00ed","og_description":"La tarde de este lunes 29 de julio se realiz\u00f3 una Sesi\u00f3n de Corporaci\u00f3n Provincial donde los alcaldes, presidentes de gobiernos parroquiales y sus delegados aprobaron por unanimidad varios temas planteados. Para la cita, el prefecto Leonardo Orlando -quien preside el pleno- propuso temas como el an\u00e1lisis y aprobaci\u00f3n de la proforma presupuestaria para lo [&hellip;]","og_url":"https:\/\/www.manabi.gob.ec\/index.php\/corporacion-provincial-sesiono-por-el-presupuesto-de-la-entidad\/","og_site_name":"Prefectura de Manab\u00ed","article_published_time":"2019-07-30T15:09:38+00:00","author":"admin","twitter_card":"summary_large_image","twitter_misc":{"Escrito por":"admin","Tiempo de lectura":"1 minuto"},"schema":{"@context":"https:\/\/schema.org","@graph":[{"@type":"Article","@id":"https:\/\/www.manabi.gob.ec\/index.php\/corporacion-provincial-sesiono-por-el-presupuesto-de-la-entidad\/#article","isPartOf":{"@id":"https:\/\/www.manabi.gob.ec\/index.php\/corporacion-provincial-sesiono-por-el-presupuesto-de-la-entidad\/"},"author":{"name":"admin","@id":"https:\/\/www.manabi.gob.ec\/#\/schema\/person\/cfc71bd68fe2703b779edcc292a49722"},"headline":"Corporaci\u00f3n Provincial sesion\u00f3 por el presupuesto de la entidad","datePublished":"2019-07-30T15:09:38+00:00","mainEntityOfPage":{"@id":"https:\/\/www.manabi.gob.ec\/index.php\/corporacion-provincial-sesiono-por-el-presupuesto-de-la-entidad\/"},"wordCount":247,"commentCount":0,"image":{"@id":"https:\/\/www.manabi.gob.ec\/index.php\/corporacion-provincial-sesiono-por-el-presupuesto-de-la-entidad\/#primaryimage"},"thumbnailUrl":"","articleSection":["Noticias","Todas"],"inLanguage":"es","potentialAction":[{"@type":"CommentAction","name":"Comment","target":["https:\/\/www.manabi.gob.ec\/index.php\/corporacion-provincial-sesiono-por-el-presupuesto-de-la-entidad\/#respond"]}]},{"@type":"WebPage","@id":"https:\/\/www.manabi.gob.ec\/index.php\/corporacion-provincial-sesiono-por-el-presupuesto-de-la-entidad\/","url":"https:\/\/www.manabi.gob.ec\/index.php\/corporacion-provincial-sesiono-por-el-presupuesto-de-la-entidad\/","name":"Corporaci\u00f3n Provincial sesion\u00f3 por el presupuesto de la entidad - Prefectura de Manab\u00ed","isPartOf":{"@id":"https:\/\/www.manabi.gob.ec\/#website"},"primaryImageOfPage":{"@id":"https:\/\/www.manabi.gob.ec\/index.php\/corporacion-provincial-sesiono-por-el-presupuesto-de-la-entidad\/#primaryimage"},"image":{"@id":"https:\/\/www.manabi.gob.ec\/index.php\/corporacion-provincial-sesiono-por-el-presupuesto-de-la-entidad\/#primaryimage"},"thumbnailUrl":"","datePublished":"2019-07-30T15:09:38+00:00","author":{"@id":"https:\/\/www.manabi.gob.ec\/#\/schema\/person\/cfc71bd68fe2703b779edcc292a49722"},"breadcrumb":{"@id":"https:\/\/www.manabi.gob.ec\/index.php\/corporacion-provincial-sesiono-por-el-presupuesto-de-la-entidad\/#breadcrumb"},"inLanguage":"es","potentialAction":[{"@type":"ReadAction","target":["https:\/\/www.manabi.gob.ec\/index.php\/corporacion-provincial-sesiono-por-el-presupuesto-de-la-entidad\/"]}]},{"@type":"ImageObject","inLanguage":"es","@id":"https:\/\/www.manabi.gob.ec\/index.php\/corporacion-provincial-sesiono-por-el-presupuesto-de-la-entidad\/#primaryimage","url":"","contentUrl":""},{"@type":"BreadcrumbList","@id":"https:\/\/www.manabi.gob.ec\/index.php\/corporacion-provincial-sesiono-por-el-presupuesto-de-la-entidad\/#breadcrumb","itemListElement":[{"@type":"ListItem","position":1,"name":"Portada","item":"https:\/\/www.manabi.gob.ec\/"},{"@type":"ListItem","position":2,"name":"Corporaci\u00f3n Provincial sesion\u00f3 por el presupuesto de la entidad"}]},{"@type":"WebSite","@id":"https:\/\/www.manabi.gob.ec\/#website","url":"https:\/\/www.manabi.gob.ec\/","name":"Prefectura de Manab\u00ed","description":"P\u00e1gina web de la prefectura","potentialAction":[{"@type":"SearchAction","target":{"@type":"EntryPoint","urlTemplate":"https:\/\/www.manabi.gob.ec\/?s={search_term_string}"},"query-input":{"@type":"PropertyValueSpecification","valueRequired":true,"valueName":"search_term_string"}}],"inLanguage":"es"},{"@type":"Person","@id":"https:\/\/www.manabi.gob.ec\/#\/schema\/person\/cfc71bd68fe2703b779edcc292a49722","name":"admin","image":{"@type":"ImageObject","inLanguage":"es","@id":"https:\/\/secure.gravatar.com\/avatar\/23e9f919492b0a2f65aa168e0d8c5c867ea853b61deffbadf08c7031e15b8d78?s=96&d=mm&r=g","url":"https:\/\/secure.gravatar.com\/avatar\/23e9f919492b0a2f65aa168e0d8c5c867ea853b61deffbadf08c7031e15b8d78?s=96&d=mm&r=g","contentUrl":"https:\/\/secure.gravatar.com\/avatar\/23e9f919492b0a2f65aa168e0d8c5c867ea853b61deffbadf08c7031e15b8d78?s=96&d=mm&r=g","caption":"admin"},"sameAs":["http:\/\/www.manabi.gob.ec"],"url":"https:\/\/www.manabi.gob.ec\/index.php\/author\/admin\/"}]}},"jetpack_featured_media_url":"","_links":{"self":[{"href":"https:\/\/www.manabi.gob.ec\/index.php\/wp-json\/wp\/v2\/posts\/13328","targetHints":{"allow":["GET"]}}],"collection":[{"href":"https:\/\/www.manabi.gob.ec\/index.php\/wp-json\/wp\/v2\/posts"}],"about":[{"href":"https:\/\/www.manabi.gob.ec\/index.php\/wp-json\/wp\/v2\/types\/post"}],"author":[{"embeddable":true,"href":"https:\/\/www.manabi.gob.ec\/index.php\/wp-json\/wp\/v2\/users\/1"}],"replies":[{"embeddable":true,"href":"https:\/\/www.manabi.gob.ec\/index.php\/wp-json\/wp\/v2\/comments?post=13328"}],"version-history":[{"count":0,"href":"https:\/\/www.manabi.gob.ec\/index.php\/wp-json\/wp\/v2\/posts\/13328\/revisions"}],"wp:featuredmedia":[{"embeddable":true,"href":"https:\/\/www.manabi.gob.ec\/index.php\/wp-json\/"}],"wp:attachment":[{"href":"https:\/\/www.manabi.gob.ec\/index.php\/wp-json\/wp\/v2\/media?parent=13328"}],"wp:term":[{"taxonomy":"category","embeddable":true,"href":"https:\/\/www.manabi.gob.ec\/index.php\/wp-json\/wp\/v2\/categories?post=13328"},{"taxonomy":"post_tag","embeddable":true,"href":"https:\/\/www.manabi.gob.ec\/index.php\/wp-json\/wp\/v2\/tags?post=13328"}],"curies":[{"name":"wp","href":"https:\/\/api.w.org\/{rel}","templated":true}]}}