{"id":13332,"date":"2019-07-30T16:25:56","date_gmt":"2019-07-30T21:25:56","guid":{"rendered":"http:\/\/www.manabi.gob.ec\/?p=13332"},"modified":"2019-07-30T16:25:56","modified_gmt":"2019-07-30T21:25:56","slug":"prefecto-recorrio-eje-vial-norte","status":"publish","type":"post","link":"https:\/\/www.manabi.gob.ec\/index.php\/prefecto-recorrio-eje-vial-norte\/","title":{"rendered":"PREFECTO RECORRI\u00d3 EJE VIAL NORTE"},"content":{"rendered":"\n<p class=\"has-drop-cap\">El prefecto Leonardo\nOrlando, recorrido por el Eje Vial Norte&nbsp;&nbsp;unir\u00e1 a las poblaciones de\nlos cantones del eje costero norte con el interior de la provincia.<\/p>\n\n\n<p>En este recorrido,\nque se realiz\u00f3 el s\u00e1bado 27 de julio, participaron&nbsp;&nbsp;el alcalde de\nPedernales, Oscar Arcentales; y los presidentes de los Gobiernos Parroquiales\nde 10 de Agosto, Chibunga y Convento, Fabi\u00e1n Basurto, Sandro Bravo y Ram\u00f3n\nMoreira; respectivamente.<\/p>\n\n\n<p>\u201cMientras los\nt\u00e9cnicos realicen los estudios faltantes del Eje Vial Norte, se est\u00e1 trabajando\nen varios frentes como la v\u00eda Mono \u2013 Colorado para salir por la v\u00eda Jama \u2013 La\nMocora, as\u00ed como en los terraplenes de algunas v\u00edas para que este eje vial vaya\ncobrando vida\u201d, indic\u00f3&nbsp;&nbsp;el prefecto, Leonardo Orlando.<\/p>\n\n\n<p><strong>Recorrido<\/strong><\/p>\n\n\n<p>En el recorrido\nse&nbsp;&nbsp;incluy\u00f3 las parroquias Zapallo del cant\u00f3n Flavio Alfaro, Convento\ndel cant\u00f3n Chone y la v\u00eda Tres Esquinas \u2013 Santa Teresa \u2013 Perichico \u2013 Los Bajos\n\u2013 Las Flores \u2013 Mauricio, comunidades pertenecientes a la parroquia 10 de Agosto\ndel cant\u00f3n Pedernales.<\/p>\n\n\n<p>El alcalde de\nPedernales, Oscar Arcentales, destac\u00f3 la importancia&nbsp;&nbsp;del Eje Vial\nNorte porque promover\u00e1 el desarrollo productivo de importantes zonas agr\u00edcolas\nde la provincia.<\/p>\n\n\n<p><strong>Reuniones en 10 de\nAgosto y Cojim\u00edes<\/strong><\/p>\n\n\n<p>En la comunidad\nChindulcito, de la parroquia Cojim\u00edes, es prefecto se reuni\u00f3&nbsp;&nbsp;con\ndirigentes de 21 comunidades&nbsp;&nbsp;de esta zona,&nbsp;&nbsp;donde Fredy\nLoor Aveiga mostr\u00f3 los productos que cultivan en sus\ncomunidades&nbsp;&nbsp;quien dijo que lo que le faltan son v\u00edas para sacar sus\nproductos.<\/p>\n\n\n<p>En la parroquia 10 de\nAgosto, el Prefecto se reuni\u00f3 con dirigentes comunitarios y anunci\u00f3 que este\na\u00f1o se proyecta reaperturar &nbsp;215\nkil\u00f3metros de v\u00edas veraneras en esa jurisdicci\u00f3n.<\/p>\n","protected":false},"excerpt":{"rendered":"<p>El prefecto Leonardo Orlando, recorrido por el Eje Vial Norte&nbsp;&nbsp;unir\u00e1 a las poblaciones de los cantones del eje costero norte con el interior de la provincia. En este recorrido, que se realiz\u00f3 el s\u00e1bado 27 de julio, participaron&nbsp;&nbsp;el alcalde de Pedernales, Oscar Arcentales; y los presidentes de los Gobiernos Parroquiales de 10 de Agosto, Chibunga [&hellip;]<\/p>\n","protected":false},"author":1,"featured_media":13333,"comment_status":"open","ping_status":"open","sticky":false,"template":"","format":"standard","meta":{"_joinchat":[],"footnotes":""},"categories":[92,91],"tags":[],"class_list":["post-13332","post","type-post","status-publish","format-standard","has-post-thumbnail","hentry","category-noticias-manabi","category-todas"],"yoast_head":"<!-- This site is optimized with the Yoast SEO plugin v27.4 - https:\/\/yoast.com\/product\/yoast-seo-wordpress\/ -->\n<title>PREFECTO RECORRI\u00d3 EJE VIAL NORTE - Prefectura de Manab\u00ed<\/title>\n<meta name=\"robots\" content=\"index, follow, max-snippet:-1, max-image-preview:large, max-video-preview:-1\" \/>\n<link rel=\"canonical\" href=\"https:\/\/www.manabi.gob.ec\/index.php\/prefecto-recorrio-eje-vial-norte\/\" \/>\n<meta property=\"og:locale\" content=\"es_ES\" \/>\n<meta property=\"og:type\" content=\"article\" \/>\n<meta property=\"og:title\" content=\"PREFECTO RECORRI\u00d3 EJE VIAL NORTE - Prefectura de Manab\u00ed\" \/>\n<meta property=\"og:description\" content=\"El prefecto Leonardo Orlando, recorrido por el Eje Vial Norte&nbsp;&nbsp;unir\u00e1 a las poblaciones de los cantones del eje costero norte con el interior de la provincia. En este recorrido, que se realiz\u00f3 el s\u00e1bado 27 de julio, participaron&nbsp;&nbsp;el alcalde de Pedernales, Oscar Arcentales; y los presidentes de los Gobiernos Parroquiales de 10 de Agosto, Chibunga [&hellip;]\" \/>\n<meta property=\"og:url\" content=\"https:\/\/www.manabi.gob.ec\/index.php\/prefecto-recorrio-eje-vial-norte\/\" \/>\n<meta property=\"og:site_name\" content=\"Prefectura de Manab\u00ed\" \/>\n<meta property=\"article:published_time\" content=\"2019-07-30T21:25:56+00:00\" \/>\n<meta name=\"author\" content=\"admin\" \/>\n<meta name=\"twitter:card\" content=\"summary_large_image\" \/>\n<meta name=\"twitter:label1\" content=\"Escrito por\" \/>\n\t<meta name=\"twitter:data1\" content=\"admin\" \/>\n\t<meta name=\"twitter:label2\" content=\"Tiempo de lectura\" \/>\n\t<meta name=\"twitter:data2\" content=\"1 minuto\" \/>\n<script type=\"application\/ld+json\" class=\"yoast-schema-graph\">{\"@context\":\"https:\\\/\\\/schema.org\",\"@graph\":[{\"@type\":\"Article\",\"@id\":\"https:\\\/\\\/www.manabi.gob.ec\\\/index.php\\\/prefecto-recorrio-eje-vial-norte\\\/#article\",\"isPartOf\":{\"@id\":\"https:\\\/\\\/www.manabi.gob.ec\\\/index.php\\\/prefecto-recorrio-eje-vial-norte\\\/\"},\"author\":{\"name\":\"admin\",\"@id\":\"https:\\\/\\\/www.manabi.gob.ec\\\/#\\\/schema\\\/person\\\/cfc71bd68fe2703b779edcc292a49722\"},\"headline\":\"PREFECTO RECORRI\u00d3 EJE VIAL NORTE\",\"datePublished\":\"2019-07-30T21:25:56+00:00\",\"mainEntityOfPage\":{\"@id\":\"https:\\\/\\\/www.manabi.gob.ec\\\/index.php\\\/prefecto-recorrio-eje-vial-norte\\\/\"},\"wordCount\":301,\"commentCount\":0,\"image\":{\"@id\":\"https:\\\/\\\/www.manabi.gob.ec\\\/index.php\\\/prefecto-recorrio-eje-vial-norte\\\/#primaryimage\"},\"thumbnailUrl\":\"\",\"articleSection\":[\"Noticias\",\"Todas\"],\"inLanguage\":\"es\",\"potentialAction\":[{\"@type\":\"CommentAction\",\"name\":\"Comment\",\"target\":[\"https:\\\/\\\/www.manabi.gob.ec\\\/index.php\\\/prefecto-recorrio-eje-vial-norte\\\/#respond\"]}]},{\"@type\":\"WebPage\",\"@id\":\"https:\\\/\\\/www.manabi.gob.ec\\\/index.php\\\/prefecto-recorrio-eje-vial-norte\\\/\",\"url\":\"https:\\\/\\\/www.manabi.gob.ec\\\/index.php\\\/prefecto-recorrio-eje-vial-norte\\\/\",\"name\":\"PREFECTO RECORRI\u00d3 EJE VIAL NORTE - Prefectura de Manab\u00ed\",\"isPartOf\":{\"@id\":\"https:\\\/\\\/www.manabi.gob.ec\\\/#website\"},\"primaryImageOfPage\":{\"@id\":\"https:\\\/\\\/www.manabi.gob.ec\\\/index.php\\\/prefecto-recorrio-eje-vial-norte\\\/#primaryimage\"},\"image\":{\"@id\":\"https:\\\/\\\/www.manabi.gob.ec\\\/index.php\\\/prefecto-recorrio-eje-vial-norte\\\/#primaryimage\"},\"thumbnailUrl\":\"\",\"datePublished\":\"2019-07-30T21:25:56+00:00\",\"author\":{\"@id\":\"https:\\\/\\\/www.manabi.gob.ec\\\/#\\\/schema\\\/person\\\/cfc71bd68fe2703b779edcc292a49722\"},\"breadcrumb\":{\"@id\":\"https:\\\/\\\/www.manabi.gob.ec\\\/index.php\\\/prefecto-recorrio-eje-vial-norte\\\/#breadcrumb\"},\"inLanguage\":\"es\",\"potentialAction\":[{\"@type\":\"ReadAction\",\"target\":[\"https:\\\/\\\/www.manabi.gob.ec\\\/index.php\\\/prefecto-recorrio-eje-vial-norte\\\/\"]}]},{\"@type\":\"ImageObject\",\"inLanguage\":\"es\",\"@id\":\"https:\\\/\\\/www.manabi.gob.ec\\\/index.php\\\/prefecto-recorrio-eje-vial-norte\\\/#primaryimage\",\"url\":\"\",\"contentUrl\":\"\"},{\"@type\":\"BreadcrumbList\",\"@id\":\"https:\\\/\\\/www.manabi.gob.ec\\\/index.php\\\/prefecto-recorrio-eje-vial-norte\\\/#breadcrumb\",\"itemListElement\":[{\"@type\":\"ListItem\",\"position\":1,\"name\":\"Portada\",\"item\":\"https:\\\/\\\/www.manabi.gob.ec\\\/\"},{\"@type\":\"ListItem\",\"position\":2,\"name\":\"PREFECTO RECORRI\u00d3 EJE VIAL NORTE\"}]},{\"@type\":\"WebSite\",\"@id\":\"https:\\\/\\\/www.manabi.gob.ec\\\/#website\",\"url\":\"https:\\\/\\\/www.manabi.gob.ec\\\/\",\"name\":\"Prefectura de Manab\u00ed\",\"description\":\"P\u00e1gina web de la prefectura\",\"potentialAction\":[{\"@type\":\"SearchAction\",\"target\":{\"@type\":\"EntryPoint\",\"urlTemplate\":\"https:\\\/\\\/www.manabi.gob.ec\\\/?s={search_term_string}\"},\"query-input\":{\"@type\":\"PropertyValueSpecification\",\"valueRequired\":true,\"valueName\":\"search_term_string\"}}],\"inLanguage\":\"es\"},{\"@type\":\"Person\",\"@id\":\"https:\\\/\\\/www.manabi.gob.ec\\\/#\\\/schema\\\/person\\\/cfc71bd68fe2703b779edcc292a49722\",\"name\":\"admin\",\"image\":{\"@type\":\"ImageObject\",\"inLanguage\":\"es\",\"@id\":\"https:\\\/\\\/secure.gravatar.com\\\/avatar\\\/23e9f919492b0a2f65aa168e0d8c5c867ea853b61deffbadf08c7031e15b8d78?s=96&d=mm&r=g\",\"url\":\"https:\\\/\\\/secure.gravatar.com\\\/avatar\\\/23e9f919492b0a2f65aa168e0d8c5c867ea853b61deffbadf08c7031e15b8d78?s=96&d=mm&r=g\",\"contentUrl\":\"https:\\\/\\\/secure.gravatar.com\\\/avatar\\\/23e9f919492b0a2f65aa168e0d8c5c867ea853b61deffbadf08c7031e15b8d78?s=96&d=mm&r=g\",\"caption\":\"admin\"},\"sameAs\":[\"http:\\\/\\\/www.manabi.gob.ec\"],\"url\":\"https:\\\/\\\/www.manabi.gob.ec\\\/index.php\\\/author\\\/admin\\\/\"}]}<\/script>\n<!-- \/ Yoast SEO plugin. -->","yoast_head_json":{"title":"PREFECTO RECORRI\u00d3 EJE VIAL NORTE - Prefectura de Manab\u00ed","robots":{"index":"index","follow":"follow","max-snippet":"max-snippet:-1","max-image-preview":"max-image-preview:large","max-video-preview":"max-video-preview:-1"},"canonical":"https:\/\/www.manabi.gob.ec\/index.php\/prefecto-recorrio-eje-vial-norte\/","og_locale":"es_ES","og_type":"article","og_title":"PREFECTO RECORRI\u00d3 EJE VIAL NORTE - Prefectura de Manab\u00ed","og_description":"El prefecto Leonardo Orlando, recorrido por el Eje Vial Norte&nbsp;&nbsp;unir\u00e1 a las poblaciones de los cantones del eje costero norte con el interior de la provincia. En este recorrido, que se realiz\u00f3 el s\u00e1bado 27 de julio, participaron&nbsp;&nbsp;el alcalde de Pedernales, Oscar Arcentales; y los presidentes de los Gobiernos Parroquiales de 10 de Agosto, Chibunga [&hellip;]","og_url":"https:\/\/www.manabi.gob.ec\/index.php\/prefecto-recorrio-eje-vial-norte\/","og_site_name":"Prefectura de Manab\u00ed","article_published_time":"2019-07-30T21:25:56+00:00","author":"admin","twitter_card":"summary_large_image","twitter_misc":{"Escrito por":"admin","Tiempo de lectura":"1 minuto"},"schema":{"@context":"https:\/\/schema.org","@graph":[{"@type":"Article","@id":"https:\/\/www.manabi.gob.ec\/index.php\/prefecto-recorrio-eje-vial-norte\/#article","isPartOf":{"@id":"https:\/\/www.manabi.gob.ec\/index.php\/prefecto-recorrio-eje-vial-norte\/"},"author":{"name":"admin","@id":"https:\/\/www.manabi.gob.ec\/#\/schema\/person\/cfc71bd68fe2703b779edcc292a49722"},"headline":"PREFECTO RECORRI\u00d3 EJE VIAL NORTE","datePublished":"2019-07-30T21:25:56+00:00","mainEntityOfPage":{"@id":"https:\/\/www.manabi.gob.ec\/index.php\/prefecto-recorrio-eje-vial-norte\/"},"wordCount":301,"commentCount":0,"image":{"@id":"https:\/\/www.manabi.gob.ec\/index.php\/prefecto-recorrio-eje-vial-norte\/#primaryimage"},"thumbnailUrl":"","articleSection":["Noticias","Todas"],"inLanguage":"es","potentialAction":[{"@type":"CommentAction","name":"Comment","target":["https:\/\/www.manabi.gob.ec\/index.php\/prefecto-recorrio-eje-vial-norte\/#respond"]}]},{"@type":"WebPage","@id":"https:\/\/www.manabi.gob.ec\/index.php\/prefecto-recorrio-eje-vial-norte\/","url":"https:\/\/www.manabi.gob.ec\/index.php\/prefecto-recorrio-eje-vial-norte\/","name":"PREFECTO RECORRI\u00d3 EJE VIAL NORTE - Prefectura de Manab\u00ed","isPartOf":{"@id":"https:\/\/www.manabi.gob.ec\/#website"},"primaryImageOfPage":{"@id":"https:\/\/www.manabi.gob.ec\/index.php\/prefecto-recorrio-eje-vial-norte\/#primaryimage"},"image":{"@id":"https:\/\/www.manabi.gob.ec\/index.php\/prefecto-recorrio-eje-vial-norte\/#primaryimage"},"thumbnailUrl":"","datePublished":"2019-07-30T21:25:56+00:00","author":{"@id":"https:\/\/www.manabi.gob.ec\/#\/schema\/person\/cfc71bd68fe2703b779edcc292a49722"},"breadcrumb":{"@id":"https:\/\/www.manabi.gob.ec\/index.php\/prefecto-recorrio-eje-vial-norte\/#breadcrumb"},"inLanguage":"es","potentialAction":[{"@type":"ReadAction","target":["https:\/\/www.manabi.gob.ec\/index.php\/prefecto-recorrio-eje-vial-norte\/"]}]},{"@type":"ImageObject","inLanguage":"es","@id":"https:\/\/www.manabi.gob.ec\/index.php\/prefecto-recorrio-eje-vial-norte\/#primaryimage","url":"","contentUrl":""},{"@type":"BreadcrumbList","@id":"https:\/\/www.manabi.gob.ec\/index.php\/prefecto-recorrio-eje-vial-norte\/#breadcrumb","itemListElement":[{"@type":"ListItem","position":1,"name":"Portada","item":"https:\/\/www.manabi.gob.ec\/"},{"@type":"ListItem","position":2,"name":"PREFECTO RECORRI\u00d3 EJE VIAL NORTE"}]},{"@type":"WebSite","@id":"https:\/\/www.manabi.gob.ec\/#website","url":"https:\/\/www.manabi.gob.ec\/","name":"Prefectura de Manab\u00ed","description":"P\u00e1gina web de la prefectura","potentialAction":[{"@type":"SearchAction","target":{"@type":"EntryPoint","urlTemplate":"https:\/\/www.manabi.gob.ec\/?s={search_term_string}"},"query-input":{"@type":"PropertyValueSpecification","valueRequired":true,"valueName":"search_term_string"}}],"inLanguage":"es"},{"@type":"Person","@id":"https:\/\/www.manabi.gob.ec\/#\/schema\/person\/cfc71bd68fe2703b779edcc292a49722","name":"admin","image":{"@type":"ImageObject","inLanguage":"es","@id":"https:\/\/secure.gravatar.com\/avatar\/23e9f919492b0a2f65aa168e0d8c5c867ea853b61deffbadf08c7031e15b8d78?s=96&d=mm&r=g","url":"https:\/\/secure.gravatar.com\/avatar\/23e9f919492b0a2f65aa168e0d8c5c867ea853b61deffbadf08c7031e15b8d78?s=96&d=mm&r=g","contentUrl":"https:\/\/secure.gravatar.com\/avatar\/23e9f919492b0a2f65aa168e0d8c5c867ea853b61deffbadf08c7031e15b8d78?s=96&d=mm&r=g","caption":"admin"},"sameAs":["http:\/\/www.manabi.gob.ec"],"url":"https:\/\/www.manabi.gob.ec\/index.php\/author\/admin\/"}]}},"jetpack_featured_media_url":"","_links":{"self":[{"href":"https:\/\/www.manabi.gob.ec\/index.php\/wp-json\/wp\/v2\/posts\/13332","targetHints":{"allow":["GET"]}}],"collection":[{"href":"https:\/\/www.manabi.gob.ec\/index.php\/wp-json\/wp\/v2\/posts"}],"about":[{"href":"https:\/\/www.manabi.gob.ec\/index.php\/wp-json\/wp\/v2\/types\/post"}],"author":[{"embeddable":true,"href":"https:\/\/www.manabi.gob.ec\/index.php\/wp-json\/wp\/v2\/users\/1"}],"replies":[{"embeddable":true,"href":"https:\/\/www.manabi.gob.ec\/index.php\/wp-json\/wp\/v2\/comments?post=13332"}],"version-history":[{"count":0,"href":"https:\/\/www.manabi.gob.ec\/index.php\/wp-json\/wp\/v2\/posts\/13332\/revisions"}],"wp:featuredmedia":[{"embeddable":true,"href":"https:\/\/www.manabi.gob.ec\/index.php\/wp-json\/"}],"wp:attachment":[{"href":"https:\/\/www.manabi.gob.ec\/index.php\/wp-json\/wp\/v2\/media?parent=13332"}],"wp:term":[{"taxonomy":"category","embeddable":true,"href":"https:\/\/www.manabi.gob.ec\/index.php\/wp-json\/wp\/v2\/categories?post=13332"},{"taxonomy":"post_tag","embeddable":true,"href":"https:\/\/www.manabi.gob.ec\/index.php\/wp-json\/wp\/v2\/tags?post=13332"}],"curies":[{"name":"wp","href":"https:\/\/api.w.org\/{rel}","templated":true}]}}