{"id":13339,"date":"2019-08-02T16:11:03","date_gmt":"2019-08-02T21:11:03","guid":{"rendered":"http:\/\/www.manabi.gob.ec\/?p=13339"},"modified":"2019-08-02T16:11:03","modified_gmt":"2019-08-02T21:11:03","slug":"tamarindo-open-2019-una-ventana-para-el-turismo","status":"publish","type":"post","link":"https:\/\/www.manabi.gob.ec\/index.php\/tamarindo-open-2019-una-ventana-para-el-turismo\/","title":{"rendered":"Tamarindo Open 2019 una ventana para el turismo"},"content":{"rendered":"\n<p class=\"has-drop-cap\">Desde el 5 al 11 de agosto Portoviejo ser\u00e1 sede del Tamarindo Open 2019<br \/>\nevento deportivo que concita el inter\u00e9s de los amantes del tenis.<br \/>\nLa realizaci\u00f3n de torneo &nbsp;es auspiciado por el Gobierno de Manab\u00ed entidad que<br \/>\nle apuesta al turismo como fuente generadora de empleo.<br \/>\n&nbsp;\u201cAgradecemos al prefecto Leonardo Orlando por el apoyo que brinda para la<br \/>\nrealizaci\u00f3n de este evento deportivo que impulsa el turismo. Se tiene<br \/>\ncontemplado realizar un city tour a los invitados para que conozcan los<br \/>\natractivos tur\u00edsticos de Portoviejo\u201d, dijo Gerardo Centeno, organizador.<br \/>\nEn esta octava edici\u00f3n de Tamarindo Open y segunda edici\u00f3n&nbsp; de tenis<br \/>\nprofesional se contar\u00e1 con la participaci\u00f3n de 60 deportistas de pa\u00edses como:<br \/>\nEstados Unidos, M\u00e9xico, Rep\u00fablica Dominicana, Brasil, Chile, Argentina,<br \/>\nColombia, Per\u00fa, Venezuela, Gran Breta\u00f1a, Espa\u00f1a, Jap\u00f3n, Hait\u00ed y Ecuador.<br \/>\nLos tenistas guayaquile\u00f1os Diego Hidalgo y Antonio Cayetano March, el<br \/>\nportovejense Ra\u00fal Centeno y el mantense \u00c1ngel D\u00edaz, ser\u00e1n parte de la<br \/>\ncompetencia.<br \/>\nDurante la inauguraci\u00f3n del torneo los emprendedores manabitas&nbsp; apoyados<br \/>\npor el Gobierno de Manab\u00ed ofertaran sus productos estrellas como los<br \/>\ntradicionales dulces y rompopes. &nbsp;Carteras y sombreros de paja toquilla y otras<br \/>\nartesan\u00edas tambi\u00e9n se exhibir\u00e1n.<br \/>\n&nbsp;Horarios&nbsp;<br \/>\nLos partidos de tenis se realizar\u00e1n en las instalaciones del Tenis Club en<br \/>\nPortoviejo en horarios de 09:00 a 18:00 horas. Las entradas son gratuitas.<\/p>\n","protected":false},"excerpt":{"rendered":"<p>Desde el 5 al 11 de agosto Portoviejo ser\u00e1 sede del Tamarindo Open 2019 evento deportivo que concita el inter\u00e9s de los amantes del tenis. La realizaci\u00f3n de torneo &nbsp;es auspiciado por el Gobierno de Manab\u00ed entidad que le apuesta al turismo como fuente generadora de empleo. &nbsp;\u201cAgradecemos al prefecto Leonardo Orlando por el apoyo [&hellip;]<\/p>\n","protected":false},"author":1,"featured_media":13340,"comment_status":"open","ping_status":"open","sticky":false,"template":"","format":"standard","meta":{"_joinchat":[],"footnotes":""},"categories":[92,91],"tags":[],"class_list":["post-13339","post","type-post","status-publish","format-standard","has-post-thumbnail","hentry","category-noticias-manabi","category-todas"],"yoast_head":"<!-- This site is optimized with the Yoast SEO plugin v27.4 - https:\/\/yoast.com\/product\/yoast-seo-wordpress\/ -->\n<title>Tamarindo Open 2019 una ventana para el turismo - Prefectura de Manab\u00ed<\/title>\n<meta name=\"robots\" content=\"index, follow, max-snippet:-1, max-image-preview:large, max-video-preview:-1\" \/>\n<link rel=\"canonical\" href=\"https:\/\/www.manabi.gob.ec\/index.php\/tamarindo-open-2019-una-ventana-para-el-turismo\/\" \/>\n<meta property=\"og:locale\" content=\"es_ES\" \/>\n<meta property=\"og:type\" content=\"article\" \/>\n<meta property=\"og:title\" content=\"Tamarindo Open 2019 una ventana para el turismo - Prefectura de Manab\u00ed\" \/>\n<meta property=\"og:description\" content=\"Desde el 5 al 11 de agosto Portoviejo ser\u00e1 sede del Tamarindo Open 2019 evento deportivo que concita el inter\u00e9s de los amantes del tenis. La realizaci\u00f3n de torneo &nbsp;es auspiciado por el Gobierno de Manab\u00ed entidad que le apuesta al turismo como fuente generadora de empleo. &nbsp;\u201cAgradecemos al prefecto Leonardo Orlando por el apoyo [&hellip;]\" \/>\n<meta property=\"og:url\" content=\"https:\/\/www.manabi.gob.ec\/index.php\/tamarindo-open-2019-una-ventana-para-el-turismo\/\" \/>\n<meta property=\"og:site_name\" content=\"Prefectura de Manab\u00ed\" \/>\n<meta property=\"article:published_time\" content=\"2019-08-02T21:11:03+00:00\" \/>\n<meta name=\"author\" content=\"admin\" \/>\n<meta name=\"twitter:card\" content=\"summary_large_image\" \/>\n<meta name=\"twitter:label1\" content=\"Escrito por\" \/>\n\t<meta name=\"twitter:data1\" content=\"admin\" \/>\n\t<meta name=\"twitter:label2\" content=\"Tiempo de lectura\" \/>\n\t<meta name=\"twitter:data2\" content=\"1 minuto\" \/>\n<script type=\"application\/ld+json\" class=\"yoast-schema-graph\">{\"@context\":\"https:\\\/\\\/schema.org\",\"@graph\":[{\"@type\":\"Article\",\"@id\":\"https:\\\/\\\/www.manabi.gob.ec\\\/index.php\\\/tamarindo-open-2019-una-ventana-para-el-turismo\\\/#article\",\"isPartOf\":{\"@id\":\"https:\\\/\\\/www.manabi.gob.ec\\\/index.php\\\/tamarindo-open-2019-una-ventana-para-el-turismo\\\/\"},\"author\":{\"name\":\"admin\",\"@id\":\"https:\\\/\\\/www.manabi.gob.ec\\\/#\\\/schema\\\/person\\\/cfc71bd68fe2703b779edcc292a49722\"},\"headline\":\"Tamarindo Open 2019 una ventana para el turismo\",\"datePublished\":\"2019-08-02T21:11:03+00:00\",\"mainEntityOfPage\":{\"@id\":\"https:\\\/\\\/www.manabi.gob.ec\\\/index.php\\\/tamarindo-open-2019-una-ventana-para-el-turismo\\\/\"},\"wordCount\":247,\"commentCount\":0,\"image\":{\"@id\":\"https:\\\/\\\/www.manabi.gob.ec\\\/index.php\\\/tamarindo-open-2019-una-ventana-para-el-turismo\\\/#primaryimage\"},\"thumbnailUrl\":\"\",\"articleSection\":[\"Noticias\",\"Todas\"],\"inLanguage\":\"es\",\"potentialAction\":[{\"@type\":\"CommentAction\",\"name\":\"Comment\",\"target\":[\"https:\\\/\\\/www.manabi.gob.ec\\\/index.php\\\/tamarindo-open-2019-una-ventana-para-el-turismo\\\/#respond\"]}]},{\"@type\":\"WebPage\",\"@id\":\"https:\\\/\\\/www.manabi.gob.ec\\\/index.php\\\/tamarindo-open-2019-una-ventana-para-el-turismo\\\/\",\"url\":\"https:\\\/\\\/www.manabi.gob.ec\\\/index.php\\\/tamarindo-open-2019-una-ventana-para-el-turismo\\\/\",\"name\":\"Tamarindo Open 2019 una ventana para el turismo - Prefectura de Manab\u00ed\",\"isPartOf\":{\"@id\":\"https:\\\/\\\/www.manabi.gob.ec\\\/#website\"},\"primaryImageOfPage\":{\"@id\":\"https:\\\/\\\/www.manabi.gob.ec\\\/index.php\\\/tamarindo-open-2019-una-ventana-para-el-turismo\\\/#primaryimage\"},\"image\":{\"@id\":\"https:\\\/\\\/www.manabi.gob.ec\\\/index.php\\\/tamarindo-open-2019-una-ventana-para-el-turismo\\\/#primaryimage\"},\"thumbnailUrl\":\"\",\"datePublished\":\"2019-08-02T21:11:03+00:00\",\"author\":{\"@id\":\"https:\\\/\\\/www.manabi.gob.ec\\\/#\\\/schema\\\/person\\\/cfc71bd68fe2703b779edcc292a49722\"},\"breadcrumb\":{\"@id\":\"https:\\\/\\\/www.manabi.gob.ec\\\/index.php\\\/tamarindo-open-2019-una-ventana-para-el-turismo\\\/#breadcrumb\"},\"inLanguage\":\"es\",\"potentialAction\":[{\"@type\":\"ReadAction\",\"target\":[\"https:\\\/\\\/www.manabi.gob.ec\\\/index.php\\\/tamarindo-open-2019-una-ventana-para-el-turismo\\\/\"]}]},{\"@type\":\"ImageObject\",\"inLanguage\":\"es\",\"@id\":\"https:\\\/\\\/www.manabi.gob.ec\\\/index.php\\\/tamarindo-open-2019-una-ventana-para-el-turismo\\\/#primaryimage\",\"url\":\"\",\"contentUrl\":\"\"},{\"@type\":\"BreadcrumbList\",\"@id\":\"https:\\\/\\\/www.manabi.gob.ec\\\/index.php\\\/tamarindo-open-2019-una-ventana-para-el-turismo\\\/#breadcrumb\",\"itemListElement\":[{\"@type\":\"ListItem\",\"position\":1,\"name\":\"Portada\",\"item\":\"https:\\\/\\\/www.manabi.gob.ec\\\/\"},{\"@type\":\"ListItem\",\"position\":2,\"name\":\"Tamarindo Open 2019 una ventana para el turismo\"}]},{\"@type\":\"WebSite\",\"@id\":\"https:\\\/\\\/www.manabi.gob.ec\\\/#website\",\"url\":\"https:\\\/\\\/www.manabi.gob.ec\\\/\",\"name\":\"Prefectura de Manab\u00ed\",\"description\":\"P\u00e1gina web de la prefectura\",\"potentialAction\":[{\"@type\":\"SearchAction\",\"target\":{\"@type\":\"EntryPoint\",\"urlTemplate\":\"https:\\\/\\\/www.manabi.gob.ec\\\/?s={search_term_string}\"},\"query-input\":{\"@type\":\"PropertyValueSpecification\",\"valueRequired\":true,\"valueName\":\"search_term_string\"}}],\"inLanguage\":\"es\"},{\"@type\":\"Person\",\"@id\":\"https:\\\/\\\/www.manabi.gob.ec\\\/#\\\/schema\\\/person\\\/cfc71bd68fe2703b779edcc292a49722\",\"name\":\"admin\",\"image\":{\"@type\":\"ImageObject\",\"inLanguage\":\"es\",\"@id\":\"https:\\\/\\\/secure.gravatar.com\\\/avatar\\\/23e9f919492b0a2f65aa168e0d8c5c867ea853b61deffbadf08c7031e15b8d78?s=96&d=mm&r=g\",\"url\":\"https:\\\/\\\/secure.gravatar.com\\\/avatar\\\/23e9f919492b0a2f65aa168e0d8c5c867ea853b61deffbadf08c7031e15b8d78?s=96&d=mm&r=g\",\"contentUrl\":\"https:\\\/\\\/secure.gravatar.com\\\/avatar\\\/23e9f919492b0a2f65aa168e0d8c5c867ea853b61deffbadf08c7031e15b8d78?s=96&d=mm&r=g\",\"caption\":\"admin\"},\"sameAs\":[\"http:\\\/\\\/www.manabi.gob.ec\"],\"url\":\"https:\\\/\\\/www.manabi.gob.ec\\\/index.php\\\/author\\\/admin\\\/\"}]}<\/script>\n<!-- \/ Yoast SEO plugin. -->","yoast_head_json":{"title":"Tamarindo Open 2019 una ventana para el turismo - Prefectura de Manab\u00ed","robots":{"index":"index","follow":"follow","max-snippet":"max-snippet:-1","max-image-preview":"max-image-preview:large","max-video-preview":"max-video-preview:-1"},"canonical":"https:\/\/www.manabi.gob.ec\/index.php\/tamarindo-open-2019-una-ventana-para-el-turismo\/","og_locale":"es_ES","og_type":"article","og_title":"Tamarindo Open 2019 una ventana para el turismo - Prefectura de Manab\u00ed","og_description":"Desde el 5 al 11 de agosto Portoviejo ser\u00e1 sede del Tamarindo Open 2019 evento deportivo que concita el inter\u00e9s de los amantes del tenis. La realizaci\u00f3n de torneo &nbsp;es auspiciado por el Gobierno de Manab\u00ed entidad que le apuesta al turismo como fuente generadora de empleo. &nbsp;\u201cAgradecemos al prefecto Leonardo Orlando por el apoyo [&hellip;]","og_url":"https:\/\/www.manabi.gob.ec\/index.php\/tamarindo-open-2019-una-ventana-para-el-turismo\/","og_site_name":"Prefectura de Manab\u00ed","article_published_time":"2019-08-02T21:11:03+00:00","author":"admin","twitter_card":"summary_large_image","twitter_misc":{"Escrito por":"admin","Tiempo de lectura":"1 minuto"},"schema":{"@context":"https:\/\/schema.org","@graph":[{"@type":"Article","@id":"https:\/\/www.manabi.gob.ec\/index.php\/tamarindo-open-2019-una-ventana-para-el-turismo\/#article","isPartOf":{"@id":"https:\/\/www.manabi.gob.ec\/index.php\/tamarindo-open-2019-una-ventana-para-el-turismo\/"},"author":{"name":"admin","@id":"https:\/\/www.manabi.gob.ec\/#\/schema\/person\/cfc71bd68fe2703b779edcc292a49722"},"headline":"Tamarindo Open 2019 una ventana para el turismo","datePublished":"2019-08-02T21:11:03+00:00","mainEntityOfPage":{"@id":"https:\/\/www.manabi.gob.ec\/index.php\/tamarindo-open-2019-una-ventana-para-el-turismo\/"},"wordCount":247,"commentCount":0,"image":{"@id":"https:\/\/www.manabi.gob.ec\/index.php\/tamarindo-open-2019-una-ventana-para-el-turismo\/#primaryimage"},"thumbnailUrl":"","articleSection":["Noticias","Todas"],"inLanguage":"es","potentialAction":[{"@type":"CommentAction","name":"Comment","target":["https:\/\/www.manabi.gob.ec\/index.php\/tamarindo-open-2019-una-ventana-para-el-turismo\/#respond"]}]},{"@type":"WebPage","@id":"https:\/\/www.manabi.gob.ec\/index.php\/tamarindo-open-2019-una-ventana-para-el-turismo\/","url":"https:\/\/www.manabi.gob.ec\/index.php\/tamarindo-open-2019-una-ventana-para-el-turismo\/","name":"Tamarindo Open 2019 una ventana para el turismo - Prefectura de Manab\u00ed","isPartOf":{"@id":"https:\/\/www.manabi.gob.ec\/#website"},"primaryImageOfPage":{"@id":"https:\/\/www.manabi.gob.ec\/index.php\/tamarindo-open-2019-una-ventana-para-el-turismo\/#primaryimage"},"image":{"@id":"https:\/\/www.manabi.gob.ec\/index.php\/tamarindo-open-2019-una-ventana-para-el-turismo\/#primaryimage"},"thumbnailUrl":"","datePublished":"2019-08-02T21:11:03+00:00","author":{"@id":"https:\/\/www.manabi.gob.ec\/#\/schema\/person\/cfc71bd68fe2703b779edcc292a49722"},"breadcrumb":{"@id":"https:\/\/www.manabi.gob.ec\/index.php\/tamarindo-open-2019-una-ventana-para-el-turismo\/#breadcrumb"},"inLanguage":"es","potentialAction":[{"@type":"ReadAction","target":["https:\/\/www.manabi.gob.ec\/index.php\/tamarindo-open-2019-una-ventana-para-el-turismo\/"]}]},{"@type":"ImageObject","inLanguage":"es","@id":"https:\/\/www.manabi.gob.ec\/index.php\/tamarindo-open-2019-una-ventana-para-el-turismo\/#primaryimage","url":"","contentUrl":""},{"@type":"BreadcrumbList","@id":"https:\/\/www.manabi.gob.ec\/index.php\/tamarindo-open-2019-una-ventana-para-el-turismo\/#breadcrumb","itemListElement":[{"@type":"ListItem","position":1,"name":"Portada","item":"https:\/\/www.manabi.gob.ec\/"},{"@type":"ListItem","position":2,"name":"Tamarindo Open 2019 una ventana para el turismo"}]},{"@type":"WebSite","@id":"https:\/\/www.manabi.gob.ec\/#website","url":"https:\/\/www.manabi.gob.ec\/","name":"Prefectura de Manab\u00ed","description":"P\u00e1gina web de la prefectura","potentialAction":[{"@type":"SearchAction","target":{"@type":"EntryPoint","urlTemplate":"https:\/\/www.manabi.gob.ec\/?s={search_term_string}"},"query-input":{"@type":"PropertyValueSpecification","valueRequired":true,"valueName":"search_term_string"}}],"inLanguage":"es"},{"@type":"Person","@id":"https:\/\/www.manabi.gob.ec\/#\/schema\/person\/cfc71bd68fe2703b779edcc292a49722","name":"admin","image":{"@type":"ImageObject","inLanguage":"es","@id":"https:\/\/secure.gravatar.com\/avatar\/23e9f919492b0a2f65aa168e0d8c5c867ea853b61deffbadf08c7031e15b8d78?s=96&d=mm&r=g","url":"https:\/\/secure.gravatar.com\/avatar\/23e9f919492b0a2f65aa168e0d8c5c867ea853b61deffbadf08c7031e15b8d78?s=96&d=mm&r=g","contentUrl":"https:\/\/secure.gravatar.com\/avatar\/23e9f919492b0a2f65aa168e0d8c5c867ea853b61deffbadf08c7031e15b8d78?s=96&d=mm&r=g","caption":"admin"},"sameAs":["http:\/\/www.manabi.gob.ec"],"url":"https:\/\/www.manabi.gob.ec\/index.php\/author\/admin\/"}]}},"jetpack_featured_media_url":"","_links":{"self":[{"href":"https:\/\/www.manabi.gob.ec\/index.php\/wp-json\/wp\/v2\/posts\/13339","targetHints":{"allow":["GET"]}}],"collection":[{"href":"https:\/\/www.manabi.gob.ec\/index.php\/wp-json\/wp\/v2\/posts"}],"about":[{"href":"https:\/\/www.manabi.gob.ec\/index.php\/wp-json\/wp\/v2\/types\/post"}],"author":[{"embeddable":true,"href":"https:\/\/www.manabi.gob.ec\/index.php\/wp-json\/wp\/v2\/users\/1"}],"replies":[{"embeddable":true,"href":"https:\/\/www.manabi.gob.ec\/index.php\/wp-json\/wp\/v2\/comments?post=13339"}],"version-history":[{"count":0,"href":"https:\/\/www.manabi.gob.ec\/index.php\/wp-json\/wp\/v2\/posts\/13339\/revisions"}],"wp:featuredmedia":[{"embeddable":true,"href":"https:\/\/www.manabi.gob.ec\/index.php\/wp-json\/"}],"wp:attachment":[{"href":"https:\/\/www.manabi.gob.ec\/index.php\/wp-json\/wp\/v2\/media?parent=13339"}],"wp:term":[{"taxonomy":"category","embeddable":true,"href":"https:\/\/www.manabi.gob.ec\/index.php\/wp-json\/wp\/v2\/categories?post=13339"},{"taxonomy":"post_tag","embeddable":true,"href":"https:\/\/www.manabi.gob.ec\/index.php\/wp-json\/wp\/v2\/tags?post=13339"}],"curies":[{"name":"wp","href":"https:\/\/api.w.org\/{rel}","templated":true}]}}