{"id":13343,"date":"2019-08-07T11:06:18","date_gmt":"2019-08-07T16:06:18","guid":{"rendered":"http:\/\/www.manabi.gob.ec\/?p=13343"},"modified":"2019-08-07T11:06:18","modified_gmt":"2019-08-07T16:06:18","slug":"prefecto-y-autoridades-de-la-parroquia-santa-maria-planifican-trabajos-viales","status":"publish","type":"post","link":"https:\/\/www.manabi.gob.ec\/index.php\/prefecto-y-autoridades-de-la-parroquia-santa-maria-planifican-trabajos-viales\/","title":{"rendered":"PREFECTO Y AUTORIDADES DE LA PARROQUIA  SANTA MAR\u00cdA PLANIFICAN  TRABAJOS VIALES"},"content":{"rendered":"\n<p class=\"has-drop-cap\">La\napertura de caminos y rehabilitaci\u00f3n de v\u00edas&nbsp;\nfue el tema central tratado entre&nbsp;\nel Prefecto, Leonardo Orlando,&nbsp; y\nel &nbsp;presidente del Gobierno parroquial de\nSanta Mar\u00eda de la Manga del Cura; Tito Rivadeneira, la ma\u00f1ana del 6 de agosto. <\/p>\n\n\n<p>Participaron\nde la jornada, los integrantes del Gobierno Parroquial y l\u00edderes de comunidades\nde Santa Mar\u00eda y tambi\u00e9n &nbsp;de las\nparroquias&nbsp; Santa Rita y Ricaurte&nbsp; de Chone, que limitan con la parroquia de la\nManga del Cura,&nbsp; por&nbsp; tener v\u00edas que las integran. <\/p>\n\n\n<p>Prefecto&nbsp; asegur\u00f3 que hasta septiembre&nbsp; planifica&nbsp;\ntener&nbsp; habilitado, por lo menos 30\nkil\u00f3metros de caminos&nbsp; veraneras&nbsp; y el trabajo de reconformaci\u00f3n de&nbsp; las v\u00edas m\u00e1s prioritarias de Santa Mar\u00eda, &nbsp;que permitan la integraci\u00f3n de las comunidades\nm\u00e1s pobladas de esta zona de la provincia. &nbsp;<\/p>\n\n\n<p>Dijo\n&nbsp;tambi\u00e9n que se&nbsp; trabajar\u00e1 en coordinaci\u00f3n con el Gobierno\nparroquial de&nbsp; Santa Mar\u00eda y el sector de\nla&nbsp; Manga del Cura con proyectos&nbsp; productivos, de ordenamiento territorial y\nsocial, especialmente&nbsp; que permitan\nmejorar las condiciones de vida de los grupos prioritarios.<\/p>\n\n\n<p>La\nautoridad provincial&nbsp; escuch\u00f3 necesidades\ny planteamientos de l\u00edderes&nbsp; comunitarios\nde las parroquias&nbsp; Santa Mar\u00eda de la Manga\ndel Cura del cant\u00f3n El Carmen; de &nbsp;Ricaurte y Santa Rita de Chone,&nbsp;&nbsp; que han conformado el Comit\u00e9 Inter-parroquial,\nque mantendr\u00e1n una Asamblea General el 4 de octubre. Participar\u00e1 tambi\u00e9n&nbsp; representantes de otras localidades de los\ndos cantones, &nbsp;y se analizar\u00e1n&nbsp; proyectos&nbsp;\nintegrales que favorezcan a todos, a la que asistir\u00e1 el Prefecto y\nt\u00e9cnicos&nbsp; del Gobierno de Manab\u00ed <\/p>\n","protected":false},"excerpt":{"rendered":"<p>La apertura de caminos y rehabilitaci\u00f3n de v\u00edas&nbsp; fue el tema central tratado entre&nbsp; el Prefecto, Leonardo Orlando,&nbsp; y el &nbsp;presidente del Gobierno parroquial de Santa Mar\u00eda de la Manga del Cura; Tito Rivadeneira, la ma\u00f1ana del 6 de agosto. Participaron de la jornada, los integrantes del Gobierno Parroquial y l\u00edderes de comunidades de Santa [&hellip;]<\/p>\n","protected":false},"author":1,"featured_media":13344,"comment_status":"open","ping_status":"open","sticky":false,"template":"","format":"standard","meta":{"_joinchat":[],"footnotes":""},"categories":[92,91],"tags":[],"class_list":["post-13343","post","type-post","status-publish","format-standard","has-post-thumbnail","hentry","category-noticias-manabi","category-todas"],"yoast_head":"<!-- This site is optimized with the Yoast SEO plugin v27.4 - https:\/\/yoast.com\/product\/yoast-seo-wordpress\/ -->\n<title>PREFECTO Y AUTORIDADES DE LA PARROQUIA SANTA MAR\u00cdA PLANIFICAN TRABAJOS VIALES - Prefectura de Manab\u00ed<\/title>\n<meta name=\"robots\" content=\"index, follow, max-snippet:-1, max-image-preview:large, max-video-preview:-1\" \/>\n<link rel=\"canonical\" href=\"https:\/\/www.manabi.gob.ec\/index.php\/prefecto-y-autoridades-de-la-parroquia-santa-maria-planifican-trabajos-viales\/\" \/>\n<meta property=\"og:locale\" content=\"es_ES\" \/>\n<meta property=\"og:type\" content=\"article\" \/>\n<meta property=\"og:title\" content=\"PREFECTO Y AUTORIDADES DE LA PARROQUIA SANTA MAR\u00cdA PLANIFICAN TRABAJOS VIALES - Prefectura de Manab\u00ed\" \/>\n<meta property=\"og:description\" content=\"La apertura de caminos y rehabilitaci\u00f3n de v\u00edas&nbsp; fue el tema central tratado entre&nbsp; el Prefecto, Leonardo Orlando,&nbsp; y el &nbsp;presidente del Gobierno parroquial de Santa Mar\u00eda de la Manga del Cura; Tito Rivadeneira, la ma\u00f1ana del 6 de agosto. Participaron de la jornada, los integrantes del Gobierno Parroquial y l\u00edderes de comunidades de Santa [&hellip;]\" \/>\n<meta property=\"og:url\" content=\"https:\/\/www.manabi.gob.ec\/index.php\/prefecto-y-autoridades-de-la-parroquia-santa-maria-planifican-trabajos-viales\/\" \/>\n<meta property=\"og:site_name\" content=\"Prefectura de Manab\u00ed\" \/>\n<meta property=\"article:published_time\" content=\"2019-08-07T16:06:18+00:00\" \/>\n<meta name=\"author\" content=\"admin\" \/>\n<meta name=\"twitter:card\" content=\"summary_large_image\" \/>\n<meta name=\"twitter:label1\" content=\"Escrito por\" \/>\n\t<meta name=\"twitter:data1\" content=\"admin\" \/>\n\t<meta name=\"twitter:label2\" content=\"Tiempo de lectura\" \/>\n\t<meta name=\"twitter:data2\" content=\"2 minutos\" \/>\n<script type=\"application\/ld+json\" class=\"yoast-schema-graph\">{\"@context\":\"https:\\\/\\\/schema.org\",\"@graph\":[{\"@type\":\"Article\",\"@id\":\"https:\\\/\\\/www.manabi.gob.ec\\\/index.php\\\/prefecto-y-autoridades-de-la-parroquia-santa-maria-planifican-trabajos-viales\\\/#article\",\"isPartOf\":{\"@id\":\"https:\\\/\\\/www.manabi.gob.ec\\\/index.php\\\/prefecto-y-autoridades-de-la-parroquia-santa-maria-planifican-trabajos-viales\\\/\"},\"author\":{\"name\":\"admin\",\"@id\":\"https:\\\/\\\/www.manabi.gob.ec\\\/#\\\/schema\\\/person\\\/cfc71bd68fe2703b779edcc292a49722\"},\"headline\":\"PREFECTO Y AUTORIDADES DE LA PARROQUIA SANTA MAR\u00cdA PLANIFICAN TRABAJOS VIALES\",\"datePublished\":\"2019-08-07T16:06:18+00:00\",\"mainEntityOfPage\":{\"@id\":\"https:\\\/\\\/www.manabi.gob.ec\\\/index.php\\\/prefecto-y-autoridades-de-la-parroquia-santa-maria-planifican-trabajos-viales\\\/\"},\"wordCount\":315,\"commentCount\":0,\"image\":{\"@id\":\"https:\\\/\\\/www.manabi.gob.ec\\\/index.php\\\/prefecto-y-autoridades-de-la-parroquia-santa-maria-planifican-trabajos-viales\\\/#primaryimage\"},\"thumbnailUrl\":\"\",\"articleSection\":[\"Noticias\",\"Todas\"],\"inLanguage\":\"es\",\"potentialAction\":[{\"@type\":\"CommentAction\",\"name\":\"Comment\",\"target\":[\"https:\\\/\\\/www.manabi.gob.ec\\\/index.php\\\/prefecto-y-autoridades-de-la-parroquia-santa-maria-planifican-trabajos-viales\\\/#respond\"]}]},{\"@type\":\"WebPage\",\"@id\":\"https:\\\/\\\/www.manabi.gob.ec\\\/index.php\\\/prefecto-y-autoridades-de-la-parroquia-santa-maria-planifican-trabajos-viales\\\/\",\"url\":\"https:\\\/\\\/www.manabi.gob.ec\\\/index.php\\\/prefecto-y-autoridades-de-la-parroquia-santa-maria-planifican-trabajos-viales\\\/\",\"name\":\"PREFECTO Y AUTORIDADES DE LA PARROQUIA SANTA MAR\u00cdA PLANIFICAN TRABAJOS VIALES - Prefectura de Manab\u00ed\",\"isPartOf\":{\"@id\":\"https:\\\/\\\/www.manabi.gob.ec\\\/#website\"},\"primaryImageOfPage\":{\"@id\":\"https:\\\/\\\/www.manabi.gob.ec\\\/index.php\\\/prefecto-y-autoridades-de-la-parroquia-santa-maria-planifican-trabajos-viales\\\/#primaryimage\"},\"image\":{\"@id\":\"https:\\\/\\\/www.manabi.gob.ec\\\/index.php\\\/prefecto-y-autoridades-de-la-parroquia-santa-maria-planifican-trabajos-viales\\\/#primaryimage\"},\"thumbnailUrl\":\"\",\"datePublished\":\"2019-08-07T16:06:18+00:00\",\"author\":{\"@id\":\"https:\\\/\\\/www.manabi.gob.ec\\\/#\\\/schema\\\/person\\\/cfc71bd68fe2703b779edcc292a49722\"},\"breadcrumb\":{\"@id\":\"https:\\\/\\\/www.manabi.gob.ec\\\/index.php\\\/prefecto-y-autoridades-de-la-parroquia-santa-maria-planifican-trabajos-viales\\\/#breadcrumb\"},\"inLanguage\":\"es\",\"potentialAction\":[{\"@type\":\"ReadAction\",\"target\":[\"https:\\\/\\\/www.manabi.gob.ec\\\/index.php\\\/prefecto-y-autoridades-de-la-parroquia-santa-maria-planifican-trabajos-viales\\\/\"]}]},{\"@type\":\"ImageObject\",\"inLanguage\":\"es\",\"@id\":\"https:\\\/\\\/www.manabi.gob.ec\\\/index.php\\\/prefecto-y-autoridades-de-la-parroquia-santa-maria-planifican-trabajos-viales\\\/#primaryimage\",\"url\":\"\",\"contentUrl\":\"\"},{\"@type\":\"BreadcrumbList\",\"@id\":\"https:\\\/\\\/www.manabi.gob.ec\\\/index.php\\\/prefecto-y-autoridades-de-la-parroquia-santa-maria-planifican-trabajos-viales\\\/#breadcrumb\",\"itemListElement\":[{\"@type\":\"ListItem\",\"position\":1,\"name\":\"Portada\",\"item\":\"https:\\\/\\\/www.manabi.gob.ec\\\/\"},{\"@type\":\"ListItem\",\"position\":2,\"name\":\"PREFECTO Y AUTORIDADES DE LA PARROQUIA SANTA MAR\u00cdA PLANIFICAN TRABAJOS VIALES\"}]},{\"@type\":\"WebSite\",\"@id\":\"https:\\\/\\\/www.manabi.gob.ec\\\/#website\",\"url\":\"https:\\\/\\\/www.manabi.gob.ec\\\/\",\"name\":\"Prefectura de Manab\u00ed\",\"description\":\"P\u00e1gina web de la prefectura\",\"potentialAction\":[{\"@type\":\"SearchAction\",\"target\":{\"@type\":\"EntryPoint\",\"urlTemplate\":\"https:\\\/\\\/www.manabi.gob.ec\\\/?s={search_term_string}\"},\"query-input\":{\"@type\":\"PropertyValueSpecification\",\"valueRequired\":true,\"valueName\":\"search_term_string\"}}],\"inLanguage\":\"es\"},{\"@type\":\"Person\",\"@id\":\"https:\\\/\\\/www.manabi.gob.ec\\\/#\\\/schema\\\/person\\\/cfc71bd68fe2703b779edcc292a49722\",\"name\":\"admin\",\"image\":{\"@type\":\"ImageObject\",\"inLanguage\":\"es\",\"@id\":\"https:\\\/\\\/secure.gravatar.com\\\/avatar\\\/23e9f919492b0a2f65aa168e0d8c5c867ea853b61deffbadf08c7031e15b8d78?s=96&d=mm&r=g\",\"url\":\"https:\\\/\\\/secure.gravatar.com\\\/avatar\\\/23e9f919492b0a2f65aa168e0d8c5c867ea853b61deffbadf08c7031e15b8d78?s=96&d=mm&r=g\",\"contentUrl\":\"https:\\\/\\\/secure.gravatar.com\\\/avatar\\\/23e9f919492b0a2f65aa168e0d8c5c867ea853b61deffbadf08c7031e15b8d78?s=96&d=mm&r=g\",\"caption\":\"admin\"},\"sameAs\":[\"http:\\\/\\\/www.manabi.gob.ec\"],\"url\":\"https:\\\/\\\/www.manabi.gob.ec\\\/index.php\\\/author\\\/admin\\\/\"}]}<\/script>\n<!-- \/ Yoast SEO plugin. -->","yoast_head_json":{"title":"PREFECTO Y AUTORIDADES DE LA PARROQUIA SANTA MAR\u00cdA PLANIFICAN TRABAJOS VIALES - Prefectura de Manab\u00ed","robots":{"index":"index","follow":"follow","max-snippet":"max-snippet:-1","max-image-preview":"max-image-preview:large","max-video-preview":"max-video-preview:-1"},"canonical":"https:\/\/www.manabi.gob.ec\/index.php\/prefecto-y-autoridades-de-la-parroquia-santa-maria-planifican-trabajos-viales\/","og_locale":"es_ES","og_type":"article","og_title":"PREFECTO Y AUTORIDADES DE LA PARROQUIA SANTA MAR\u00cdA PLANIFICAN TRABAJOS VIALES - Prefectura de Manab\u00ed","og_description":"La apertura de caminos y rehabilitaci\u00f3n de v\u00edas&nbsp; fue el tema central tratado entre&nbsp; el Prefecto, Leonardo Orlando,&nbsp; y el &nbsp;presidente del Gobierno parroquial de Santa Mar\u00eda de la Manga del Cura; Tito Rivadeneira, la ma\u00f1ana del 6 de agosto. Participaron de la jornada, los integrantes del Gobierno Parroquial y l\u00edderes de comunidades de Santa [&hellip;]","og_url":"https:\/\/www.manabi.gob.ec\/index.php\/prefecto-y-autoridades-de-la-parroquia-santa-maria-planifican-trabajos-viales\/","og_site_name":"Prefectura de Manab\u00ed","article_published_time":"2019-08-07T16:06:18+00:00","author":"admin","twitter_card":"summary_large_image","twitter_misc":{"Escrito por":"admin","Tiempo de lectura":"2 minutos"},"schema":{"@context":"https:\/\/schema.org","@graph":[{"@type":"Article","@id":"https:\/\/www.manabi.gob.ec\/index.php\/prefecto-y-autoridades-de-la-parroquia-santa-maria-planifican-trabajos-viales\/#article","isPartOf":{"@id":"https:\/\/www.manabi.gob.ec\/index.php\/prefecto-y-autoridades-de-la-parroquia-santa-maria-planifican-trabajos-viales\/"},"author":{"name":"admin","@id":"https:\/\/www.manabi.gob.ec\/#\/schema\/person\/cfc71bd68fe2703b779edcc292a49722"},"headline":"PREFECTO Y AUTORIDADES DE LA PARROQUIA SANTA MAR\u00cdA PLANIFICAN TRABAJOS VIALES","datePublished":"2019-08-07T16:06:18+00:00","mainEntityOfPage":{"@id":"https:\/\/www.manabi.gob.ec\/index.php\/prefecto-y-autoridades-de-la-parroquia-santa-maria-planifican-trabajos-viales\/"},"wordCount":315,"commentCount":0,"image":{"@id":"https:\/\/www.manabi.gob.ec\/index.php\/prefecto-y-autoridades-de-la-parroquia-santa-maria-planifican-trabajos-viales\/#primaryimage"},"thumbnailUrl":"","articleSection":["Noticias","Todas"],"inLanguage":"es","potentialAction":[{"@type":"CommentAction","name":"Comment","target":["https:\/\/www.manabi.gob.ec\/index.php\/prefecto-y-autoridades-de-la-parroquia-santa-maria-planifican-trabajos-viales\/#respond"]}]},{"@type":"WebPage","@id":"https:\/\/www.manabi.gob.ec\/index.php\/prefecto-y-autoridades-de-la-parroquia-santa-maria-planifican-trabajos-viales\/","url":"https:\/\/www.manabi.gob.ec\/index.php\/prefecto-y-autoridades-de-la-parroquia-santa-maria-planifican-trabajos-viales\/","name":"PREFECTO Y AUTORIDADES DE LA PARROQUIA SANTA MAR\u00cdA PLANIFICAN TRABAJOS VIALES - Prefectura de Manab\u00ed","isPartOf":{"@id":"https:\/\/www.manabi.gob.ec\/#website"},"primaryImageOfPage":{"@id":"https:\/\/www.manabi.gob.ec\/index.php\/prefecto-y-autoridades-de-la-parroquia-santa-maria-planifican-trabajos-viales\/#primaryimage"},"image":{"@id":"https:\/\/www.manabi.gob.ec\/index.php\/prefecto-y-autoridades-de-la-parroquia-santa-maria-planifican-trabajos-viales\/#primaryimage"},"thumbnailUrl":"","datePublished":"2019-08-07T16:06:18+00:00","author":{"@id":"https:\/\/www.manabi.gob.ec\/#\/schema\/person\/cfc71bd68fe2703b779edcc292a49722"},"breadcrumb":{"@id":"https:\/\/www.manabi.gob.ec\/index.php\/prefecto-y-autoridades-de-la-parroquia-santa-maria-planifican-trabajos-viales\/#breadcrumb"},"inLanguage":"es","potentialAction":[{"@type":"ReadAction","target":["https:\/\/www.manabi.gob.ec\/index.php\/prefecto-y-autoridades-de-la-parroquia-santa-maria-planifican-trabajos-viales\/"]}]},{"@type":"ImageObject","inLanguage":"es","@id":"https:\/\/www.manabi.gob.ec\/index.php\/prefecto-y-autoridades-de-la-parroquia-santa-maria-planifican-trabajos-viales\/#primaryimage","url":"","contentUrl":""},{"@type":"BreadcrumbList","@id":"https:\/\/www.manabi.gob.ec\/index.php\/prefecto-y-autoridades-de-la-parroquia-santa-maria-planifican-trabajos-viales\/#breadcrumb","itemListElement":[{"@type":"ListItem","position":1,"name":"Portada","item":"https:\/\/www.manabi.gob.ec\/"},{"@type":"ListItem","position":2,"name":"PREFECTO Y AUTORIDADES DE LA PARROQUIA SANTA MAR\u00cdA PLANIFICAN TRABAJOS VIALES"}]},{"@type":"WebSite","@id":"https:\/\/www.manabi.gob.ec\/#website","url":"https:\/\/www.manabi.gob.ec\/","name":"Prefectura de Manab\u00ed","description":"P\u00e1gina web de la prefectura","potentialAction":[{"@type":"SearchAction","target":{"@type":"EntryPoint","urlTemplate":"https:\/\/www.manabi.gob.ec\/?s={search_term_string}"},"query-input":{"@type":"PropertyValueSpecification","valueRequired":true,"valueName":"search_term_string"}}],"inLanguage":"es"},{"@type":"Person","@id":"https:\/\/www.manabi.gob.ec\/#\/schema\/person\/cfc71bd68fe2703b779edcc292a49722","name":"admin","image":{"@type":"ImageObject","inLanguage":"es","@id":"https:\/\/secure.gravatar.com\/avatar\/23e9f919492b0a2f65aa168e0d8c5c867ea853b61deffbadf08c7031e15b8d78?s=96&d=mm&r=g","url":"https:\/\/secure.gravatar.com\/avatar\/23e9f919492b0a2f65aa168e0d8c5c867ea853b61deffbadf08c7031e15b8d78?s=96&d=mm&r=g","contentUrl":"https:\/\/secure.gravatar.com\/avatar\/23e9f919492b0a2f65aa168e0d8c5c867ea853b61deffbadf08c7031e15b8d78?s=96&d=mm&r=g","caption":"admin"},"sameAs":["http:\/\/www.manabi.gob.ec"],"url":"https:\/\/www.manabi.gob.ec\/index.php\/author\/admin\/"}]}},"jetpack_featured_media_url":"","_links":{"self":[{"href":"https:\/\/www.manabi.gob.ec\/index.php\/wp-json\/wp\/v2\/posts\/13343","targetHints":{"allow":["GET"]}}],"collection":[{"href":"https:\/\/www.manabi.gob.ec\/index.php\/wp-json\/wp\/v2\/posts"}],"about":[{"href":"https:\/\/www.manabi.gob.ec\/index.php\/wp-json\/wp\/v2\/types\/post"}],"author":[{"embeddable":true,"href":"https:\/\/www.manabi.gob.ec\/index.php\/wp-json\/wp\/v2\/users\/1"}],"replies":[{"embeddable":true,"href":"https:\/\/www.manabi.gob.ec\/index.php\/wp-json\/wp\/v2\/comments?post=13343"}],"version-history":[{"count":0,"href":"https:\/\/www.manabi.gob.ec\/index.php\/wp-json\/wp\/v2\/posts\/13343\/revisions"}],"wp:featuredmedia":[{"embeddable":true,"href":"https:\/\/www.manabi.gob.ec\/index.php\/wp-json\/"}],"wp:attachment":[{"href":"https:\/\/www.manabi.gob.ec\/index.php\/wp-json\/wp\/v2\/media?parent=13343"}],"wp:term":[{"taxonomy":"category","embeddable":true,"href":"https:\/\/www.manabi.gob.ec\/index.php\/wp-json\/wp\/v2\/categories?post=13343"},{"taxonomy":"post_tag","embeddable":true,"href":"https:\/\/www.manabi.gob.ec\/index.php\/wp-json\/wp\/v2\/tags?post=13343"}],"curies":[{"name":"wp","href":"https:\/\/api.w.org\/{rel}","templated":true}]}}