{"id":13371,"date":"2019-08-19T18:18:20","date_gmt":"2019-08-19T23:18:20","guid":{"rendered":"http:\/\/www.manabi.gob.ec\/?p=13371"},"modified":"2019-08-19T18:18:20","modified_gmt":"2019-08-19T23:18:20","slug":"250-infantes-en-maraton-bahia-corre","status":"publish","type":"post","link":"https:\/\/www.manabi.gob.ec\/index.php\/250-infantes-en-maraton-bahia-corre\/","title":{"rendered":"250 INFANTES EN MARAT\u00d3N \u201cBAH\u00cdA CORRE\u201d"},"content":{"rendered":"\n<p>Con la finalidad de reactivar a Bah\u00eda de Car\u00e1quez y promover entre ni\u00f1os y ni\u00f1as las actividades f\u00edsicas, se realiz\u00f3 este domingo 18 de aagosto del presente a\u00f1o, la marat\u00f3n \u201cBah\u00eda Corre\u201d. Hubo 250 participantes entre 3 a 14 a\u00f1os, en las categor\u00edas 500, 1.500 metros, y 3K.<\/p>\n\n\n<p><br \/>Maura Isabel Pincay Garc\u00eda, organizadora del evento, oriunda de Bah\u00eda pero radicada en Estados Unidos, indic\u00f3 que la idea naci\u00f3 luego de observar ni\u00f1os correr detr\u00e1s de adultos en las ma\u00f1anas por el malec\u00f3n de Bah\u00eda.&nbsp;<\/p>\n\n\n<p>La actividad se organiz\u00f3 con apoyo de entes p\u00fablicos y privados.<br \/>El prefecto&nbsp;Leonardo Orlando,&nbsp;particip\u00f3 del acto de premiaci\u00f3n como invitado especial.&nbsp;&nbsp;<\/p>\n\n\n<p>\u201cEsta actividad contar\u00e1 con nuestro apoyo en su pr\u00f3xima edici\u00f3n y esperamos que sea una competencia nacional. El deporte aporta al turismo y a la uni\u00f3n entre los pueblos y las familias\u00bb, destac\u00f3 Orlando.&nbsp;<\/p>\n\n\n<p>El Prefecto comprometi\u00f3 todo el esfuerzo institucional para reactivar la econom\u00eda de Sucre, destacando su potencial tur\u00edstico y gastron\u00f3mico. Resalt\u00f3 las obras para el mejoramiento vial rural y el trabajo coordinado con los gobiernos locales.<\/p>\n","protected":false},"excerpt":{"rendered":"<p>Con la finalidad de reactivar a Bah\u00eda de Car\u00e1quez y promover entre ni\u00f1os y ni\u00f1as las actividades f\u00edsicas, se realiz\u00f3 este domingo 18 de aagosto del presente a\u00f1o, la marat\u00f3n \u201cBah\u00eda Corre\u201d. Hubo 250 participantes entre 3 a 14 a\u00f1os, en las categor\u00edas 500, 1.500 metros, y 3K. Maura Isabel Pincay Garc\u00eda, organizadora del evento, [&hellip;]<\/p>\n","protected":false},"author":1,"featured_media":13372,"comment_status":"open","ping_status":"open","sticky":false,"template":"","format":"standard","meta":{"_joinchat":[],"footnotes":""},"categories":[92,91],"tags":[],"class_list":["post-13371","post","type-post","status-publish","format-standard","has-post-thumbnail","hentry","category-noticias-manabi","category-todas"],"yoast_head":"<!-- This site is optimized with the Yoast SEO plugin v27.4 - https:\/\/yoast.com\/product\/yoast-seo-wordpress\/ -->\n<title>250 INFANTES EN MARAT\u00d3N \u201cBAH\u00cdA CORRE\u201d<\/title>\n<meta name=\"description\" content=\"El Prefecto comprometi\u00f3 todo el esfuerzo institucional para reactivar la econom\u00eda de Sucre, destacando su potencial tur\u00edstico y gastron\u00f3mico. Resalt\u00f3 las obras para el mejoramiento vial rural y el trabajo coordinado con los gobiernos locales.\" \/>\n<meta name=\"robots\" content=\"index, follow, max-snippet:-1, max-image-preview:large, max-video-preview:-1\" \/>\n<link rel=\"canonical\" href=\"https:\/\/www.manabi.gob.ec\/index.php\/250-infantes-en-maraton-bahia-corre\/\" \/>\n<meta property=\"og:locale\" content=\"es_ES\" \/>\n<meta property=\"og:type\" content=\"article\" \/>\n<meta property=\"og:title\" content=\"250 INFANTES EN MARAT\u00d3N \u201cBAH\u00cdA CORRE\u201d\" \/>\n<meta property=\"og:description\" content=\"El Prefecto comprometi\u00f3 todo el esfuerzo institucional para reactivar la econom\u00eda de Sucre, destacando su potencial tur\u00edstico y gastron\u00f3mico. Resalt\u00f3 las obras para el mejoramiento vial rural y el trabajo coordinado con los gobiernos locales.\" \/>\n<meta property=\"og:url\" content=\"https:\/\/www.manabi.gob.ec\/index.php\/250-infantes-en-maraton-bahia-corre\/\" \/>\n<meta property=\"og:site_name\" content=\"Prefectura de Manab\u00ed\" \/>\n<meta property=\"article:published_time\" content=\"2019-08-19T23:18:20+00:00\" \/>\n<meta name=\"author\" content=\"admin\" \/>\n<meta name=\"twitter:card\" content=\"summary_large_image\" \/>\n<meta name=\"twitter:label1\" content=\"Escrito por\" \/>\n\t<meta name=\"twitter:data1\" content=\"admin\" \/>\n\t<meta name=\"twitter:label2\" content=\"Tiempo de lectura\" \/>\n\t<meta name=\"twitter:data2\" content=\"1 minuto\" \/>\n<script type=\"application\/ld+json\" class=\"yoast-schema-graph\">{\"@context\":\"https:\\\/\\\/schema.org\",\"@graph\":[{\"@type\":\"Article\",\"@id\":\"https:\\\/\\\/www.manabi.gob.ec\\\/index.php\\\/250-infantes-en-maraton-bahia-corre\\\/#article\",\"isPartOf\":{\"@id\":\"https:\\\/\\\/www.manabi.gob.ec\\\/index.php\\\/250-infantes-en-maraton-bahia-corre\\\/\"},\"author\":{\"name\":\"admin\",\"@id\":\"https:\\\/\\\/www.manabi.gob.ec\\\/#\\\/schema\\\/person\\\/cfc71bd68fe2703b779edcc292a49722\"},\"headline\":\"250 INFANTES EN MARAT\u00d3N \u201cBAH\u00cdA CORRE\u201d\",\"datePublished\":\"2019-08-19T23:18:20+00:00\",\"mainEntityOfPage\":{\"@id\":\"https:\\\/\\\/www.manabi.gob.ec\\\/index.php\\\/250-infantes-en-maraton-bahia-corre\\\/\"},\"wordCount\":208,\"commentCount\":0,\"image\":{\"@id\":\"https:\\\/\\\/www.manabi.gob.ec\\\/index.php\\\/250-infantes-en-maraton-bahia-corre\\\/#primaryimage\"},\"thumbnailUrl\":\"\",\"articleSection\":[\"Noticias\",\"Todas\"],\"inLanguage\":\"es\",\"potentialAction\":[{\"@type\":\"CommentAction\",\"name\":\"Comment\",\"target\":[\"https:\\\/\\\/www.manabi.gob.ec\\\/index.php\\\/250-infantes-en-maraton-bahia-corre\\\/#respond\"]}]},{\"@type\":\"WebPage\",\"@id\":\"https:\\\/\\\/www.manabi.gob.ec\\\/index.php\\\/250-infantes-en-maraton-bahia-corre\\\/\",\"url\":\"https:\\\/\\\/www.manabi.gob.ec\\\/index.php\\\/250-infantes-en-maraton-bahia-corre\\\/\",\"name\":\"250 INFANTES EN MARAT\u00d3N \u201cBAH\u00cdA CORRE\u201d\",\"isPartOf\":{\"@id\":\"https:\\\/\\\/www.manabi.gob.ec\\\/#website\"},\"primaryImageOfPage\":{\"@id\":\"https:\\\/\\\/www.manabi.gob.ec\\\/index.php\\\/250-infantes-en-maraton-bahia-corre\\\/#primaryimage\"},\"image\":{\"@id\":\"https:\\\/\\\/www.manabi.gob.ec\\\/index.php\\\/250-infantes-en-maraton-bahia-corre\\\/#primaryimage\"},\"thumbnailUrl\":\"\",\"datePublished\":\"2019-08-19T23:18:20+00:00\",\"author\":{\"@id\":\"https:\\\/\\\/www.manabi.gob.ec\\\/#\\\/schema\\\/person\\\/cfc71bd68fe2703b779edcc292a49722\"},\"description\":\"El Prefecto comprometi\u00f3 todo el esfuerzo institucional para reactivar la econom\u00eda de Sucre, destacando su potencial tur\u00edstico y gastron\u00f3mico. Resalt\u00f3 las obras para el mejoramiento vial rural y el trabajo coordinado con los gobiernos locales.\",\"breadcrumb\":{\"@id\":\"https:\\\/\\\/www.manabi.gob.ec\\\/index.php\\\/250-infantes-en-maraton-bahia-corre\\\/#breadcrumb\"},\"inLanguage\":\"es\",\"potentialAction\":[{\"@type\":\"ReadAction\",\"target\":[\"https:\\\/\\\/www.manabi.gob.ec\\\/index.php\\\/250-infantes-en-maraton-bahia-corre\\\/\"]}]},{\"@type\":\"ImageObject\",\"inLanguage\":\"es\",\"@id\":\"https:\\\/\\\/www.manabi.gob.ec\\\/index.php\\\/250-infantes-en-maraton-bahia-corre\\\/#primaryimage\",\"url\":\"\",\"contentUrl\":\"\"},{\"@type\":\"BreadcrumbList\",\"@id\":\"https:\\\/\\\/www.manabi.gob.ec\\\/index.php\\\/250-infantes-en-maraton-bahia-corre\\\/#breadcrumb\",\"itemListElement\":[{\"@type\":\"ListItem\",\"position\":1,\"name\":\"Portada\",\"item\":\"https:\\\/\\\/www.manabi.gob.ec\\\/\"},{\"@type\":\"ListItem\",\"position\":2,\"name\":\"250 INFANTES EN MARAT\u00d3N \u201cBAH\u00cdA CORRE\u201d\"}]},{\"@type\":\"WebSite\",\"@id\":\"https:\\\/\\\/www.manabi.gob.ec\\\/#website\",\"url\":\"https:\\\/\\\/www.manabi.gob.ec\\\/\",\"name\":\"Prefectura de Manab\u00ed\",\"description\":\"P\u00e1gina web de la prefectura\",\"potentialAction\":[{\"@type\":\"SearchAction\",\"target\":{\"@type\":\"EntryPoint\",\"urlTemplate\":\"https:\\\/\\\/www.manabi.gob.ec\\\/?s={search_term_string}\"},\"query-input\":{\"@type\":\"PropertyValueSpecification\",\"valueRequired\":true,\"valueName\":\"search_term_string\"}}],\"inLanguage\":\"es\"},{\"@type\":\"Person\",\"@id\":\"https:\\\/\\\/www.manabi.gob.ec\\\/#\\\/schema\\\/person\\\/cfc71bd68fe2703b779edcc292a49722\",\"name\":\"admin\",\"image\":{\"@type\":\"ImageObject\",\"inLanguage\":\"es\",\"@id\":\"https:\\\/\\\/secure.gravatar.com\\\/avatar\\\/23e9f919492b0a2f65aa168e0d8c5c867ea853b61deffbadf08c7031e15b8d78?s=96&d=mm&r=g\",\"url\":\"https:\\\/\\\/secure.gravatar.com\\\/avatar\\\/23e9f919492b0a2f65aa168e0d8c5c867ea853b61deffbadf08c7031e15b8d78?s=96&d=mm&r=g\",\"contentUrl\":\"https:\\\/\\\/secure.gravatar.com\\\/avatar\\\/23e9f919492b0a2f65aa168e0d8c5c867ea853b61deffbadf08c7031e15b8d78?s=96&d=mm&r=g\",\"caption\":\"admin\"},\"sameAs\":[\"http:\\\/\\\/www.manabi.gob.ec\"],\"url\":\"https:\\\/\\\/www.manabi.gob.ec\\\/index.php\\\/author\\\/admin\\\/\"}]}<\/script>\n<!-- \/ Yoast SEO plugin. -->","yoast_head_json":{"title":"250 INFANTES EN MARAT\u00d3N \u201cBAH\u00cdA CORRE\u201d","description":"El Prefecto comprometi\u00f3 todo el esfuerzo institucional para reactivar la econom\u00eda de Sucre, destacando su potencial tur\u00edstico y gastron\u00f3mico. Resalt\u00f3 las obras para el mejoramiento vial rural y el trabajo coordinado con los gobiernos locales.","robots":{"index":"index","follow":"follow","max-snippet":"max-snippet:-1","max-image-preview":"max-image-preview:large","max-video-preview":"max-video-preview:-1"},"canonical":"https:\/\/www.manabi.gob.ec\/index.php\/250-infantes-en-maraton-bahia-corre\/","og_locale":"es_ES","og_type":"article","og_title":"250 INFANTES EN MARAT\u00d3N \u201cBAH\u00cdA CORRE\u201d","og_description":"El Prefecto comprometi\u00f3 todo el esfuerzo institucional para reactivar la econom\u00eda de Sucre, destacando su potencial tur\u00edstico y gastron\u00f3mico. Resalt\u00f3 las obras para el mejoramiento vial rural y el trabajo coordinado con los gobiernos locales.","og_url":"https:\/\/www.manabi.gob.ec\/index.php\/250-infantes-en-maraton-bahia-corre\/","og_site_name":"Prefectura de Manab\u00ed","article_published_time":"2019-08-19T23:18:20+00:00","author":"admin","twitter_card":"summary_large_image","twitter_misc":{"Escrito por":"admin","Tiempo de lectura":"1 minuto"},"schema":{"@context":"https:\/\/schema.org","@graph":[{"@type":"Article","@id":"https:\/\/www.manabi.gob.ec\/index.php\/250-infantes-en-maraton-bahia-corre\/#article","isPartOf":{"@id":"https:\/\/www.manabi.gob.ec\/index.php\/250-infantes-en-maraton-bahia-corre\/"},"author":{"name":"admin","@id":"https:\/\/www.manabi.gob.ec\/#\/schema\/person\/cfc71bd68fe2703b779edcc292a49722"},"headline":"250 INFANTES EN MARAT\u00d3N \u201cBAH\u00cdA CORRE\u201d","datePublished":"2019-08-19T23:18:20+00:00","mainEntityOfPage":{"@id":"https:\/\/www.manabi.gob.ec\/index.php\/250-infantes-en-maraton-bahia-corre\/"},"wordCount":208,"commentCount":0,"image":{"@id":"https:\/\/www.manabi.gob.ec\/index.php\/250-infantes-en-maraton-bahia-corre\/#primaryimage"},"thumbnailUrl":"","articleSection":["Noticias","Todas"],"inLanguage":"es","potentialAction":[{"@type":"CommentAction","name":"Comment","target":["https:\/\/www.manabi.gob.ec\/index.php\/250-infantes-en-maraton-bahia-corre\/#respond"]}]},{"@type":"WebPage","@id":"https:\/\/www.manabi.gob.ec\/index.php\/250-infantes-en-maraton-bahia-corre\/","url":"https:\/\/www.manabi.gob.ec\/index.php\/250-infantes-en-maraton-bahia-corre\/","name":"250 INFANTES EN MARAT\u00d3N \u201cBAH\u00cdA CORRE\u201d","isPartOf":{"@id":"https:\/\/www.manabi.gob.ec\/#website"},"primaryImageOfPage":{"@id":"https:\/\/www.manabi.gob.ec\/index.php\/250-infantes-en-maraton-bahia-corre\/#primaryimage"},"image":{"@id":"https:\/\/www.manabi.gob.ec\/index.php\/250-infantes-en-maraton-bahia-corre\/#primaryimage"},"thumbnailUrl":"","datePublished":"2019-08-19T23:18:20+00:00","author":{"@id":"https:\/\/www.manabi.gob.ec\/#\/schema\/person\/cfc71bd68fe2703b779edcc292a49722"},"description":"El Prefecto comprometi\u00f3 todo el esfuerzo institucional para reactivar la econom\u00eda de Sucre, destacando su potencial tur\u00edstico y gastron\u00f3mico. Resalt\u00f3 las obras para el mejoramiento vial rural y el trabajo coordinado con los gobiernos locales.","breadcrumb":{"@id":"https:\/\/www.manabi.gob.ec\/index.php\/250-infantes-en-maraton-bahia-corre\/#breadcrumb"},"inLanguage":"es","potentialAction":[{"@type":"ReadAction","target":["https:\/\/www.manabi.gob.ec\/index.php\/250-infantes-en-maraton-bahia-corre\/"]}]},{"@type":"ImageObject","inLanguage":"es","@id":"https:\/\/www.manabi.gob.ec\/index.php\/250-infantes-en-maraton-bahia-corre\/#primaryimage","url":"","contentUrl":""},{"@type":"BreadcrumbList","@id":"https:\/\/www.manabi.gob.ec\/index.php\/250-infantes-en-maraton-bahia-corre\/#breadcrumb","itemListElement":[{"@type":"ListItem","position":1,"name":"Portada","item":"https:\/\/www.manabi.gob.ec\/"},{"@type":"ListItem","position":2,"name":"250 INFANTES EN MARAT\u00d3N \u201cBAH\u00cdA CORRE\u201d"}]},{"@type":"WebSite","@id":"https:\/\/www.manabi.gob.ec\/#website","url":"https:\/\/www.manabi.gob.ec\/","name":"Prefectura de Manab\u00ed","description":"P\u00e1gina web de la prefectura","potentialAction":[{"@type":"SearchAction","target":{"@type":"EntryPoint","urlTemplate":"https:\/\/www.manabi.gob.ec\/?s={search_term_string}"},"query-input":{"@type":"PropertyValueSpecification","valueRequired":true,"valueName":"search_term_string"}}],"inLanguage":"es"},{"@type":"Person","@id":"https:\/\/www.manabi.gob.ec\/#\/schema\/person\/cfc71bd68fe2703b779edcc292a49722","name":"admin","image":{"@type":"ImageObject","inLanguage":"es","@id":"https:\/\/secure.gravatar.com\/avatar\/23e9f919492b0a2f65aa168e0d8c5c867ea853b61deffbadf08c7031e15b8d78?s=96&d=mm&r=g","url":"https:\/\/secure.gravatar.com\/avatar\/23e9f919492b0a2f65aa168e0d8c5c867ea853b61deffbadf08c7031e15b8d78?s=96&d=mm&r=g","contentUrl":"https:\/\/secure.gravatar.com\/avatar\/23e9f919492b0a2f65aa168e0d8c5c867ea853b61deffbadf08c7031e15b8d78?s=96&d=mm&r=g","caption":"admin"},"sameAs":["http:\/\/www.manabi.gob.ec"],"url":"https:\/\/www.manabi.gob.ec\/index.php\/author\/admin\/"}]}},"jetpack_featured_media_url":"","_links":{"self":[{"href":"https:\/\/www.manabi.gob.ec\/index.php\/wp-json\/wp\/v2\/posts\/13371","targetHints":{"allow":["GET"]}}],"collection":[{"href":"https:\/\/www.manabi.gob.ec\/index.php\/wp-json\/wp\/v2\/posts"}],"about":[{"href":"https:\/\/www.manabi.gob.ec\/index.php\/wp-json\/wp\/v2\/types\/post"}],"author":[{"embeddable":true,"href":"https:\/\/www.manabi.gob.ec\/index.php\/wp-json\/wp\/v2\/users\/1"}],"replies":[{"embeddable":true,"href":"https:\/\/www.manabi.gob.ec\/index.php\/wp-json\/wp\/v2\/comments?post=13371"}],"version-history":[{"count":0,"href":"https:\/\/www.manabi.gob.ec\/index.php\/wp-json\/wp\/v2\/posts\/13371\/revisions"}],"wp:featuredmedia":[{"embeddable":true,"href":"https:\/\/www.manabi.gob.ec\/index.php\/wp-json\/"}],"wp:attachment":[{"href":"https:\/\/www.manabi.gob.ec\/index.php\/wp-json\/wp\/v2\/media?parent=13371"}],"wp:term":[{"taxonomy":"category","embeddable":true,"href":"https:\/\/www.manabi.gob.ec\/index.php\/wp-json\/wp\/v2\/categories?post=13371"},{"taxonomy":"post_tag","embeddable":true,"href":"https:\/\/www.manabi.gob.ec\/index.php\/wp-json\/wp\/v2\/tags?post=13371"}],"curies":[{"name":"wp","href":"https:\/\/api.w.org\/{rel}","templated":true}]}}