{"id":13373,"date":"2019-08-22T10:57:53","date_gmt":"2019-08-22T15:57:53","guid":{"rendered":"http:\/\/www.manabi.gob.ec\/?p=13373"},"modified":"2019-08-22T10:57:53","modified_gmt":"2019-08-22T15:57:53","slug":"prefecto-trabajo-en-flavio-alfaro","status":"publish","type":"post","link":"https:\/\/www.manabi.gob.ec\/index.php\/prefecto-trabajo-en-flavio-alfaro\/","title":{"rendered":"PREFECTO  TRABAJ\u00d3  EN FLAVIO ALFARO"},"content":{"rendered":"\n<p class=\"has-drop-cap\">Prefecto&nbsp; de Manab\u00ed,&nbsp; Leonardo Orlando,&nbsp; coordina &nbsp;con alcaldes, presidentes de Gobiernos\nParroquiales y comunidad el trabajo en cada territorio. El viernes 16 de agosto\nlo hizo&nbsp; en el cant\u00f3n Flavio Alfaro,\ndonde desarroll\u00f3 jornadas de trabajo y recorridos viales. <\/p>\n\n\n<p>La agenda inici\u00f3 en la parroquia Novillo, donde&nbsp; sostuvo una asamblea ampliada con\nrepresentantes de comunidades que&nbsp;\nhicieron petitorios de proyectos viales, puentes,\nde temas productivos y emprendimiento.<\/p>\n\n\n<p>De\nla jornada particip\u00f3 la Viceprefecta, Kelly Buenaventura, el vicealcalde de Flavio\nAlfaro, Estauro Cevallos; presidenta de Gobierno Parroquial de Zapallo, Jennifer\nBurgos; y,&nbsp; concejales de este cant\u00f3n.<\/p>\n\n\n<p>\u00abMi\ncompromiso es que Novillo&nbsp; sea parte del\nEje Vial&nbsp; Transversal Norte de Manab\u00ed\nEste- Oeste, que quedar\u00e1 integrado por Palma de Coco, La Chontilla, Hoja\nBlanca\u00bb indic\u00f3 el Prefecto<\/p>\n\n\n<p>Anunci\u00f3\nque desde la prefectura se va a intervenir e impulsar un atractivo tur\u00edstico\nnatural en casa una de las 55 Parroquias rurales de Manab\u00ed, y pidi\u00f3 sugerir\nlugares para iniciar un plan de trabajo junto a los gobiernos parroquiales.<\/p>\n\n\n<p>Posteriormente\nrecorri\u00f3 la v\u00eda Novillo- Palma de Coco, hasta la \u201cY\u201d, y desde aqu\u00ed hasta&nbsp; el sitio Hojas Blancas, para inspeccionar el\nlugar donde se proyecta la construcci\u00f3n de un puente sobre el r\u00edo Mongolla. &nbsp;&nbsp;<\/p>\n\n\n<p>Tambi\u00e9n\nse visit\u00f3 al grupo de mujeres que&nbsp;\nconfeccionan&nbsp; ropa deportiva, y\notras prendas de vestir. El Prefecto orden\u00f3 a los t\u00e9cnicos del Gobierno de\nManab\u00ed la elaboraci\u00f3n de &nbsp;un proyecto\nproductivo para impulsar el trabajo de m\u00e1s 20&nbsp;\nmujeres de Novillo- involucradas en esta labor. &nbsp;<\/p>\n\n\n<p>Plantas\nde l\u00e1cteo<\/p>\n\n\n<p>Otras\nde las visita fue a la planta de l\u00e1cteos de Novillo para sostener una reuni\u00f3n\ncon los productores&nbsp; y conocer las\ncondiciones del proyecto. Igual jornada&nbsp;\ncumpli\u00f3 en la planta de Zapallito, de la parroquia Zapallo. <\/p>\n\n\n<p>Prefecto\n&nbsp;dispuso que se elabore un plan de\nnegocios de&nbsp; ambas plantas, con la\nparticipaci\u00f3n de los involucrados, que incluya capacitaci\u00f3n, estrategias de <\/p>\n\n\n<p>mercado,\nayuda en tr\u00e1mites de registro sanitario y marca. &nbsp;\u00abVamos apoyarles para que estos proyectos&nbsp; seas operativos y den &nbsp;resultados \u00bb &nbsp;dijo el Prefecto.<\/p>\n\n\n<p>El\nesparcimiento tuvo espacios en la agenda &nbsp;del Prefecto en Novillo, quien comparti\u00f3 y\njug\u00f3 con los ni\u00f1os y ni\u00f1as de la Escuela Deportiva, parte del programa\nEntrenando Valores.<\/p>\n\n\n<p>JORNADA\nEN FLAVIO <\/p>\n\n\n<p>Los\nrepresentantes &nbsp;de 40 comunidades rurales\nde Flavio Alfaro participaron &nbsp;de una\nreuni\u00f3n ampliada con el prefecto, Leonardo Orlando, quienes lo&nbsp; felicitaron por este tipo de&nbsp; reuniones de trabajo que les &nbsp;permite expresar &nbsp;sus necesidades.<\/p>\n\n\n<p>.\n\u00abVenir a nuestro cant\u00f3n y reunirnos&nbsp;\npara hacer un plan de&nbsp; trabajo con\nnosotros muestra que usted &nbsp;Prefecto est\u00e1\nhaciendo bien Las cosas\u00bb&nbsp; &nbsp;dijo Dar\u00edo Zambrano, habitante del sitio Las\nLajas<\/p>\n\n\n<p>Prefecto\nanunci\u00f3 que para el 30 de septiembre se terminar\u00e1 de abrir los caminos\nveraneros en el cant\u00f3n y que la proyecci\u00f3n es ir &nbsp;transform\u00e1ndolos&nbsp; en&nbsp; v\u00edas\npermanentes, con obras de drenaje que den durabilidad a las obras, destac\u00f3. <\/p>\n\n\n<p>El\nPrefecto y explic\u00f3 las condiciones y dificultades legales que tienen las v\u00edas\nFlavio Alfaro- Facundo y la Zapallo- Convento y asegur\u00f3 que una vez superados esos\nproblemas se retomar\u00e1n los trabajos para terminar estas obras.<\/p>\n\n\n<p>Tambi\u00e9n\nvisit\u00f3 la planta de procesamiento de caf\u00e9 en el sitio Mata de Pl\u00e1tanos,\ndonde&nbsp; &nbsp;dialog\u00f3 con los productores de caf\u00e9 del sitio\nMata de Pl\u00e1tano &nbsp;que pidieron mejoras de\nla v\u00eda.&nbsp;&nbsp; <\/p>\n","protected":false},"excerpt":{"rendered":"<p>Prefecto&nbsp; de Manab\u00ed,&nbsp; Leonardo Orlando,&nbsp; coordina &nbsp;con alcaldes, presidentes de Gobiernos Parroquiales y comunidad el trabajo en cada territorio. El viernes 16 de agosto lo hizo&nbsp; en el cant\u00f3n Flavio Alfaro, donde desarroll\u00f3 jornadas de trabajo y recorridos viales. La agenda inici\u00f3 en la parroquia Novillo, donde&nbsp; sostuvo una asamblea ampliada con representantes de comunidades [&hellip;]<\/p>\n","protected":false},"author":1,"featured_media":13374,"comment_status":"open","ping_status":"open","sticky":false,"template":"","format":"standard","meta":{"_joinchat":[],"footnotes":""},"categories":[92,91],"tags":[],"class_list":["post-13373","post","type-post","status-publish","format-standard","has-post-thumbnail","hentry","category-noticias-manabi","category-todas"],"yoast_head":"<!-- This site is optimized with the Yoast SEO plugin v27.4 - https:\/\/yoast.com\/product\/yoast-seo-wordpress\/ -->\n<title>PREFECTO TRABAJ\u00d3 EN FLAVIO ALFARO - Prefectura de Manab\u00ed<\/title>\n<meta name=\"robots\" content=\"index, follow, max-snippet:-1, max-image-preview:large, max-video-preview:-1\" \/>\n<link rel=\"canonical\" href=\"https:\/\/www.manabi.gob.ec\/index.php\/prefecto-trabajo-en-flavio-alfaro\/\" \/>\n<meta property=\"og:locale\" content=\"es_ES\" \/>\n<meta property=\"og:type\" content=\"article\" \/>\n<meta property=\"og:title\" content=\"PREFECTO TRABAJ\u00d3 EN FLAVIO ALFARO - Prefectura de Manab\u00ed\" \/>\n<meta property=\"og:description\" content=\"Prefecto&nbsp; de Manab\u00ed,&nbsp; Leonardo Orlando,&nbsp; coordina &nbsp;con alcaldes, presidentes de Gobiernos Parroquiales y comunidad el trabajo en cada territorio. El viernes 16 de agosto lo hizo&nbsp; en el cant\u00f3n Flavio Alfaro, donde desarroll\u00f3 jornadas de trabajo y recorridos viales. La agenda inici\u00f3 en la parroquia Novillo, donde&nbsp; sostuvo una asamblea ampliada con representantes de comunidades [&hellip;]\" \/>\n<meta property=\"og:url\" content=\"https:\/\/www.manabi.gob.ec\/index.php\/prefecto-trabajo-en-flavio-alfaro\/\" \/>\n<meta property=\"og:site_name\" content=\"Prefectura de Manab\u00ed\" \/>\n<meta property=\"article:published_time\" content=\"2019-08-22T15:57:53+00:00\" \/>\n<meta name=\"author\" content=\"admin\" \/>\n<meta name=\"twitter:card\" content=\"summary_large_image\" \/>\n<meta name=\"twitter:label1\" content=\"Escrito por\" \/>\n\t<meta name=\"twitter:data1\" content=\"admin\" \/>\n\t<meta name=\"twitter:label2\" content=\"Tiempo de lectura\" \/>\n\t<meta name=\"twitter:data2\" content=\"3 minutos\" \/>\n<script type=\"application\/ld+json\" class=\"yoast-schema-graph\">{\"@context\":\"https:\\\/\\\/schema.org\",\"@graph\":[{\"@type\":\"Article\",\"@id\":\"https:\\\/\\\/www.manabi.gob.ec\\\/index.php\\\/prefecto-trabajo-en-flavio-alfaro\\\/#article\",\"isPartOf\":{\"@id\":\"https:\\\/\\\/www.manabi.gob.ec\\\/index.php\\\/prefecto-trabajo-en-flavio-alfaro\\\/\"},\"author\":{\"name\":\"admin\",\"@id\":\"https:\\\/\\\/www.manabi.gob.ec\\\/#\\\/schema\\\/person\\\/cfc71bd68fe2703b779edcc292a49722\"},\"headline\":\"PREFECTO TRABAJ\u00d3 EN FLAVIO ALFARO\",\"datePublished\":\"2019-08-22T15:57:53+00:00\",\"mainEntityOfPage\":{\"@id\":\"https:\\\/\\\/www.manabi.gob.ec\\\/index.php\\\/prefecto-trabajo-en-flavio-alfaro\\\/\"},\"wordCount\":614,\"commentCount\":0,\"image\":{\"@id\":\"https:\\\/\\\/www.manabi.gob.ec\\\/index.php\\\/prefecto-trabajo-en-flavio-alfaro\\\/#primaryimage\"},\"thumbnailUrl\":\"\",\"articleSection\":[\"Noticias\",\"Todas\"],\"inLanguage\":\"es\",\"potentialAction\":[{\"@type\":\"CommentAction\",\"name\":\"Comment\",\"target\":[\"https:\\\/\\\/www.manabi.gob.ec\\\/index.php\\\/prefecto-trabajo-en-flavio-alfaro\\\/#respond\"]}]},{\"@type\":\"WebPage\",\"@id\":\"https:\\\/\\\/www.manabi.gob.ec\\\/index.php\\\/prefecto-trabajo-en-flavio-alfaro\\\/\",\"url\":\"https:\\\/\\\/www.manabi.gob.ec\\\/index.php\\\/prefecto-trabajo-en-flavio-alfaro\\\/\",\"name\":\"PREFECTO TRABAJ\u00d3 EN FLAVIO ALFARO - Prefectura de Manab\u00ed\",\"isPartOf\":{\"@id\":\"https:\\\/\\\/www.manabi.gob.ec\\\/#website\"},\"primaryImageOfPage\":{\"@id\":\"https:\\\/\\\/www.manabi.gob.ec\\\/index.php\\\/prefecto-trabajo-en-flavio-alfaro\\\/#primaryimage\"},\"image\":{\"@id\":\"https:\\\/\\\/www.manabi.gob.ec\\\/index.php\\\/prefecto-trabajo-en-flavio-alfaro\\\/#primaryimage\"},\"thumbnailUrl\":\"\",\"datePublished\":\"2019-08-22T15:57:53+00:00\",\"author\":{\"@id\":\"https:\\\/\\\/www.manabi.gob.ec\\\/#\\\/schema\\\/person\\\/cfc71bd68fe2703b779edcc292a49722\"},\"breadcrumb\":{\"@id\":\"https:\\\/\\\/www.manabi.gob.ec\\\/index.php\\\/prefecto-trabajo-en-flavio-alfaro\\\/#breadcrumb\"},\"inLanguage\":\"es\",\"potentialAction\":[{\"@type\":\"ReadAction\",\"target\":[\"https:\\\/\\\/www.manabi.gob.ec\\\/index.php\\\/prefecto-trabajo-en-flavio-alfaro\\\/\"]}]},{\"@type\":\"ImageObject\",\"inLanguage\":\"es\",\"@id\":\"https:\\\/\\\/www.manabi.gob.ec\\\/index.php\\\/prefecto-trabajo-en-flavio-alfaro\\\/#primaryimage\",\"url\":\"\",\"contentUrl\":\"\"},{\"@type\":\"BreadcrumbList\",\"@id\":\"https:\\\/\\\/www.manabi.gob.ec\\\/index.php\\\/prefecto-trabajo-en-flavio-alfaro\\\/#breadcrumb\",\"itemListElement\":[{\"@type\":\"ListItem\",\"position\":1,\"name\":\"Portada\",\"item\":\"https:\\\/\\\/www.manabi.gob.ec\\\/\"},{\"@type\":\"ListItem\",\"position\":2,\"name\":\"PREFECTO TRABAJ\u00d3 EN FLAVIO ALFARO\"}]},{\"@type\":\"WebSite\",\"@id\":\"https:\\\/\\\/www.manabi.gob.ec\\\/#website\",\"url\":\"https:\\\/\\\/www.manabi.gob.ec\\\/\",\"name\":\"Prefectura de Manab\u00ed\",\"description\":\"P\u00e1gina web de la prefectura\",\"potentialAction\":[{\"@type\":\"SearchAction\",\"target\":{\"@type\":\"EntryPoint\",\"urlTemplate\":\"https:\\\/\\\/www.manabi.gob.ec\\\/?s={search_term_string}\"},\"query-input\":{\"@type\":\"PropertyValueSpecification\",\"valueRequired\":true,\"valueName\":\"search_term_string\"}}],\"inLanguage\":\"es\"},{\"@type\":\"Person\",\"@id\":\"https:\\\/\\\/www.manabi.gob.ec\\\/#\\\/schema\\\/person\\\/cfc71bd68fe2703b779edcc292a49722\",\"name\":\"admin\",\"image\":{\"@type\":\"ImageObject\",\"inLanguage\":\"es\",\"@id\":\"https:\\\/\\\/secure.gravatar.com\\\/avatar\\\/23e9f919492b0a2f65aa168e0d8c5c867ea853b61deffbadf08c7031e15b8d78?s=96&d=mm&r=g\",\"url\":\"https:\\\/\\\/secure.gravatar.com\\\/avatar\\\/23e9f919492b0a2f65aa168e0d8c5c867ea853b61deffbadf08c7031e15b8d78?s=96&d=mm&r=g\",\"contentUrl\":\"https:\\\/\\\/secure.gravatar.com\\\/avatar\\\/23e9f919492b0a2f65aa168e0d8c5c867ea853b61deffbadf08c7031e15b8d78?s=96&d=mm&r=g\",\"caption\":\"admin\"},\"sameAs\":[\"http:\\\/\\\/www.manabi.gob.ec\"],\"url\":\"https:\\\/\\\/www.manabi.gob.ec\\\/index.php\\\/author\\\/admin\\\/\"}]}<\/script>\n<!-- \/ Yoast SEO plugin. -->","yoast_head_json":{"title":"PREFECTO TRABAJ\u00d3 EN FLAVIO ALFARO - Prefectura de Manab\u00ed","robots":{"index":"index","follow":"follow","max-snippet":"max-snippet:-1","max-image-preview":"max-image-preview:large","max-video-preview":"max-video-preview:-1"},"canonical":"https:\/\/www.manabi.gob.ec\/index.php\/prefecto-trabajo-en-flavio-alfaro\/","og_locale":"es_ES","og_type":"article","og_title":"PREFECTO TRABAJ\u00d3 EN FLAVIO ALFARO - Prefectura de Manab\u00ed","og_description":"Prefecto&nbsp; de Manab\u00ed,&nbsp; Leonardo Orlando,&nbsp; coordina &nbsp;con alcaldes, presidentes de Gobiernos Parroquiales y comunidad el trabajo en cada territorio. El viernes 16 de agosto lo hizo&nbsp; en el cant\u00f3n Flavio Alfaro, donde desarroll\u00f3 jornadas de trabajo y recorridos viales. La agenda inici\u00f3 en la parroquia Novillo, donde&nbsp; sostuvo una asamblea ampliada con representantes de comunidades [&hellip;]","og_url":"https:\/\/www.manabi.gob.ec\/index.php\/prefecto-trabajo-en-flavio-alfaro\/","og_site_name":"Prefectura de Manab\u00ed","article_published_time":"2019-08-22T15:57:53+00:00","author":"admin","twitter_card":"summary_large_image","twitter_misc":{"Escrito por":"admin","Tiempo de lectura":"3 minutos"},"schema":{"@context":"https:\/\/schema.org","@graph":[{"@type":"Article","@id":"https:\/\/www.manabi.gob.ec\/index.php\/prefecto-trabajo-en-flavio-alfaro\/#article","isPartOf":{"@id":"https:\/\/www.manabi.gob.ec\/index.php\/prefecto-trabajo-en-flavio-alfaro\/"},"author":{"name":"admin","@id":"https:\/\/www.manabi.gob.ec\/#\/schema\/person\/cfc71bd68fe2703b779edcc292a49722"},"headline":"PREFECTO TRABAJ\u00d3 EN FLAVIO ALFARO","datePublished":"2019-08-22T15:57:53+00:00","mainEntityOfPage":{"@id":"https:\/\/www.manabi.gob.ec\/index.php\/prefecto-trabajo-en-flavio-alfaro\/"},"wordCount":614,"commentCount":0,"image":{"@id":"https:\/\/www.manabi.gob.ec\/index.php\/prefecto-trabajo-en-flavio-alfaro\/#primaryimage"},"thumbnailUrl":"","articleSection":["Noticias","Todas"],"inLanguage":"es","potentialAction":[{"@type":"CommentAction","name":"Comment","target":["https:\/\/www.manabi.gob.ec\/index.php\/prefecto-trabajo-en-flavio-alfaro\/#respond"]}]},{"@type":"WebPage","@id":"https:\/\/www.manabi.gob.ec\/index.php\/prefecto-trabajo-en-flavio-alfaro\/","url":"https:\/\/www.manabi.gob.ec\/index.php\/prefecto-trabajo-en-flavio-alfaro\/","name":"PREFECTO TRABAJ\u00d3 EN FLAVIO ALFARO - Prefectura de Manab\u00ed","isPartOf":{"@id":"https:\/\/www.manabi.gob.ec\/#website"},"primaryImageOfPage":{"@id":"https:\/\/www.manabi.gob.ec\/index.php\/prefecto-trabajo-en-flavio-alfaro\/#primaryimage"},"image":{"@id":"https:\/\/www.manabi.gob.ec\/index.php\/prefecto-trabajo-en-flavio-alfaro\/#primaryimage"},"thumbnailUrl":"","datePublished":"2019-08-22T15:57:53+00:00","author":{"@id":"https:\/\/www.manabi.gob.ec\/#\/schema\/person\/cfc71bd68fe2703b779edcc292a49722"},"breadcrumb":{"@id":"https:\/\/www.manabi.gob.ec\/index.php\/prefecto-trabajo-en-flavio-alfaro\/#breadcrumb"},"inLanguage":"es","potentialAction":[{"@type":"ReadAction","target":["https:\/\/www.manabi.gob.ec\/index.php\/prefecto-trabajo-en-flavio-alfaro\/"]}]},{"@type":"ImageObject","inLanguage":"es","@id":"https:\/\/www.manabi.gob.ec\/index.php\/prefecto-trabajo-en-flavio-alfaro\/#primaryimage","url":"","contentUrl":""},{"@type":"BreadcrumbList","@id":"https:\/\/www.manabi.gob.ec\/index.php\/prefecto-trabajo-en-flavio-alfaro\/#breadcrumb","itemListElement":[{"@type":"ListItem","position":1,"name":"Portada","item":"https:\/\/www.manabi.gob.ec\/"},{"@type":"ListItem","position":2,"name":"PREFECTO TRABAJ\u00d3 EN FLAVIO ALFARO"}]},{"@type":"WebSite","@id":"https:\/\/www.manabi.gob.ec\/#website","url":"https:\/\/www.manabi.gob.ec\/","name":"Prefectura de Manab\u00ed","description":"P\u00e1gina web de la prefectura","potentialAction":[{"@type":"SearchAction","target":{"@type":"EntryPoint","urlTemplate":"https:\/\/www.manabi.gob.ec\/?s={search_term_string}"},"query-input":{"@type":"PropertyValueSpecification","valueRequired":true,"valueName":"search_term_string"}}],"inLanguage":"es"},{"@type":"Person","@id":"https:\/\/www.manabi.gob.ec\/#\/schema\/person\/cfc71bd68fe2703b779edcc292a49722","name":"admin","image":{"@type":"ImageObject","inLanguage":"es","@id":"https:\/\/secure.gravatar.com\/avatar\/23e9f919492b0a2f65aa168e0d8c5c867ea853b61deffbadf08c7031e15b8d78?s=96&d=mm&r=g","url":"https:\/\/secure.gravatar.com\/avatar\/23e9f919492b0a2f65aa168e0d8c5c867ea853b61deffbadf08c7031e15b8d78?s=96&d=mm&r=g","contentUrl":"https:\/\/secure.gravatar.com\/avatar\/23e9f919492b0a2f65aa168e0d8c5c867ea853b61deffbadf08c7031e15b8d78?s=96&d=mm&r=g","caption":"admin"},"sameAs":["http:\/\/www.manabi.gob.ec"],"url":"https:\/\/www.manabi.gob.ec\/index.php\/author\/admin\/"}]}},"jetpack_featured_media_url":"","_links":{"self":[{"href":"https:\/\/www.manabi.gob.ec\/index.php\/wp-json\/wp\/v2\/posts\/13373","targetHints":{"allow":["GET"]}}],"collection":[{"href":"https:\/\/www.manabi.gob.ec\/index.php\/wp-json\/wp\/v2\/posts"}],"about":[{"href":"https:\/\/www.manabi.gob.ec\/index.php\/wp-json\/wp\/v2\/types\/post"}],"author":[{"embeddable":true,"href":"https:\/\/www.manabi.gob.ec\/index.php\/wp-json\/wp\/v2\/users\/1"}],"replies":[{"embeddable":true,"href":"https:\/\/www.manabi.gob.ec\/index.php\/wp-json\/wp\/v2\/comments?post=13373"}],"version-history":[{"count":0,"href":"https:\/\/www.manabi.gob.ec\/index.php\/wp-json\/wp\/v2\/posts\/13373\/revisions"}],"wp:featuredmedia":[{"embeddable":true,"href":"https:\/\/www.manabi.gob.ec\/index.php\/wp-json\/"}],"wp:attachment":[{"href":"https:\/\/www.manabi.gob.ec\/index.php\/wp-json\/wp\/v2\/media?parent=13373"}],"wp:term":[{"taxonomy":"category","embeddable":true,"href":"https:\/\/www.manabi.gob.ec\/index.php\/wp-json\/wp\/v2\/categories?post=13373"},{"taxonomy":"post_tag","embeddable":true,"href":"https:\/\/www.manabi.gob.ec\/index.php\/wp-json\/wp\/v2\/tags?post=13373"}],"curies":[{"name":"wp","href":"https:\/\/api.w.org\/{rel}","templated":true}]}}