{"id":13392,"date":"2019-08-23T16:51:25","date_gmt":"2019-08-23T21:51:25","guid":{"rendered":"http:\/\/www.manabi.gob.ec\/?p=13392"},"modified":"2019-08-23T16:51:25","modified_gmt":"2019-08-23T21:51:25","slug":"manabi","status":"publish","type":"post","link":"https:\/\/www.manabi.gob.ec\/index.php\/manabi\/","title":{"rendered":"#CienD\u00edas Turismo: \u00a1Manab\u00ed M\u00e1gico y Diverso!"},"content":{"rendered":"\n<p>100 d\u00edas no son nada para conocer y poner en su justo\nvalor toda la riqueza de esta amplia provincia. De norte a sur, del mar a la\nmonta\u00f1a; la geograf\u00eda manabita rebosa de encanto.<\/p>\n\n\n<p>Bajo la administraci\u00f3n del Prefecto Leonardo Orlando\nla primera decisi\u00f3n fue atender los atractivos tur\u00edsticos que pese a su\nexuberante belleza no hab\u00edan recibido ayuda.<\/p>\n\n\n<p>En la cascada de Maryland, en Jipijapa, el Prefecto\nrealiz\u00f3 una visita para conocer las necesidades y se empez\u00f3 la intervenci\u00f3n con\nel mejoramiento de su v\u00eda. Otro atractivo que se potencia es la hermosa cascada\nde Los Tres Saltos en El Anegado. Su acceso forma parte de los 121 kil\u00f3metros\nde v\u00edas que ser\u00e1n atendidas en esta parroquia.<\/p>\n\n\n<p>La visi\u00f3n de un turismo incluyente, que potencie la\nprovincia a todo nivel qued\u00f3 plasmada en la presentaci\u00f3n de la marca \u201cManab\u00ed\nM\u00e1gico y Diverso\u201d con la que se promociona esta bella tierra.<\/p>\n\n\n<p>Como pol\u00edtica de promoci\u00f3n tur\u00edstica se tiene el\nrescate cultural y la puesta en valor de nuestras expresiones populares. As\u00ed\nfue como se present\u00f3 el expediente para solicitar al Ministerio de Cultura la\ndeclaraci\u00f3n del Amorfino como Patrimonio del Ecuador.<\/p>\n\n\n<p>El Gobierno de Manab\u00ed trabaja en el desarrollo del\nproyecto \u201cUn destino, un atractivo\u201d, que implica la intervenci\u00f3n integral de\nimportantes sitios de visita.<\/p>\n\n\n<p>Se mejorar\u00e1 su vialidad, se\u00f1alizaci\u00f3n, y se\nconstruir\u00e1n facilidades tur\u00edsticas como bater\u00edas sanitarias, vestidores,\nestacionamientos y m\u00e1s.<\/p>\n\n\n<p><br \/>\nDestinos\nbeneficiados en 2019:<\/p>\n\n\n<ul class=\"wp-block-list\"><li>Ruta del Cacao &#8211;<\/li><li>&nbsp;Comunidad Piedra de Plata, parroquia\nMembrillo, Bol\u00edvar&nbsp;<\/li><li>Ruta de las Cascadas parroquias El Anegado\ny Pedro Pablo G\u00f3mez, Jipijapa<\/li><li>Humedal La Segua, San Antonio-Chone<\/li><\/ul>\n\n\n<p>Nuestra provincia nos llena de orgullo y no nos\ncansaremos de decirle a todo el mundo que tenemos un&nbsp; \u00a1Manab\u00ed M\u00e1gico y\nDiverso!<\/p>\n","protected":false},"excerpt":{"rendered":"<p>100 d\u00edas no son nada para conocer y poner en su justo valor toda la riqueza de esta amplia provincia. De norte a sur, del mar a la monta\u00f1a; la geograf\u00eda manabita rebosa de encanto. Bajo la administraci\u00f3n del Prefecto Leonardo Orlando la primera decisi\u00f3n fue atender los atractivos tur\u00edsticos que pese a su exuberante [&hellip;]<\/p>\n","protected":false},"author":1,"featured_media":13393,"comment_status":"open","ping_status":"open","sticky":false,"template":"","format":"standard","meta":{"_joinchat":[],"footnotes":""},"categories":[92,91],"tags":[],"class_list":["post-13392","post","type-post","status-publish","format-standard","has-post-thumbnail","hentry","category-noticias-manabi","category-todas"],"yoast_head":"<!-- This site is optimized with the Yoast SEO plugin v27.4 - https:\/\/yoast.com\/product\/yoast-seo-wordpress\/ -->\n<title>Bajo la administraci\u00f3n del Prefecto Leonardo Orlando la primera decisi\u00f3n fue atender los atractivos tur\u00edsticos que pese a su exuberante belleza no hab\u00edan recibido ayuda.<\/title>\n<meta name=\"description\" content=\"100 d\u00edas no son nada para conocer y poner en su justo valor toda la riqueza de esta amplia provincia. De norte a sur, del mar a la monta\u00f1a; la geograf\u00eda manabita rebosa de encanto.\" \/>\n<meta name=\"robots\" content=\"index, follow, max-snippet:-1, max-image-preview:large, max-video-preview:-1\" \/>\n<link rel=\"canonical\" href=\"https:\/\/www.manabi.gob.ec\/index.php\/manabi\/\" \/>\n<meta property=\"og:locale\" content=\"es_ES\" \/>\n<meta property=\"og:type\" content=\"article\" \/>\n<meta property=\"og:title\" content=\"Bajo la administraci\u00f3n del Prefecto Leonardo Orlando la primera decisi\u00f3n fue atender los atractivos tur\u00edsticos que pese a su exuberante belleza no hab\u00edan recibido ayuda.\" \/>\n<meta property=\"og:description\" content=\"100 d\u00edas no son nada para conocer y poner en su justo valor toda la riqueza de esta amplia provincia. De norte a sur, del mar a la monta\u00f1a; la geograf\u00eda manabita rebosa de encanto.\" \/>\n<meta property=\"og:url\" content=\"https:\/\/www.manabi.gob.ec\/index.php\/manabi\/\" \/>\n<meta property=\"og:site_name\" content=\"Prefectura de Manab\u00ed\" \/>\n<meta property=\"article:published_time\" content=\"2019-08-23T21:51:25+00:00\" \/>\n<meta name=\"author\" content=\"admin\" \/>\n<meta name=\"twitter:card\" content=\"summary_large_image\" \/>\n<meta name=\"twitter:label1\" content=\"Escrito por\" \/>\n\t<meta name=\"twitter:data1\" content=\"admin\" \/>\n\t<meta name=\"twitter:label2\" content=\"Tiempo de lectura\" \/>\n\t<meta name=\"twitter:data2\" content=\"2 minutos\" \/>\n<script type=\"application\/ld+json\" class=\"yoast-schema-graph\">{\"@context\":\"https:\\\/\\\/schema.org\",\"@graph\":[{\"@type\":\"Article\",\"@id\":\"https:\\\/\\\/www.manabi.gob.ec\\\/index.php\\\/manabi\\\/#article\",\"isPartOf\":{\"@id\":\"https:\\\/\\\/www.manabi.gob.ec\\\/index.php\\\/manabi\\\/\"},\"author\":{\"name\":\"admin\",\"@id\":\"https:\\\/\\\/www.manabi.gob.ec\\\/#\\\/schema\\\/person\\\/cfc71bd68fe2703b779edcc292a49722\"},\"headline\":\"#CienD\u00edas Turismo: \u00a1Manab\u00ed M\u00e1gico y Diverso!\",\"datePublished\":\"2019-08-23T21:51:25+00:00\",\"mainEntityOfPage\":{\"@id\":\"https:\\\/\\\/www.manabi.gob.ec\\\/index.php\\\/manabi\\\/\"},\"wordCount\":325,\"commentCount\":0,\"image\":{\"@id\":\"https:\\\/\\\/www.manabi.gob.ec\\\/index.php\\\/manabi\\\/#primaryimage\"},\"thumbnailUrl\":\"\",\"articleSection\":[\"Noticias\",\"Todas\"],\"inLanguage\":\"es\",\"potentialAction\":[{\"@type\":\"CommentAction\",\"name\":\"Comment\",\"target\":[\"https:\\\/\\\/www.manabi.gob.ec\\\/index.php\\\/manabi\\\/#respond\"]}]},{\"@type\":\"WebPage\",\"@id\":\"https:\\\/\\\/www.manabi.gob.ec\\\/index.php\\\/manabi\\\/\",\"url\":\"https:\\\/\\\/www.manabi.gob.ec\\\/index.php\\\/manabi\\\/\",\"name\":\"Bajo la administraci\u00f3n del Prefecto Leonardo Orlando la primera decisi\u00f3n fue atender los atractivos tur\u00edsticos que pese a su exuberante belleza no hab\u00edan recibido ayuda.\",\"isPartOf\":{\"@id\":\"https:\\\/\\\/www.manabi.gob.ec\\\/#website\"},\"primaryImageOfPage\":{\"@id\":\"https:\\\/\\\/www.manabi.gob.ec\\\/index.php\\\/manabi\\\/#primaryimage\"},\"image\":{\"@id\":\"https:\\\/\\\/www.manabi.gob.ec\\\/index.php\\\/manabi\\\/#primaryimage\"},\"thumbnailUrl\":\"\",\"datePublished\":\"2019-08-23T21:51:25+00:00\",\"author\":{\"@id\":\"https:\\\/\\\/www.manabi.gob.ec\\\/#\\\/schema\\\/person\\\/cfc71bd68fe2703b779edcc292a49722\"},\"description\":\"100 d\u00edas no son nada para conocer y poner en su justo valor toda la riqueza de esta amplia provincia. De norte a sur, del mar a la monta\u00f1a; la geograf\u00eda manabita rebosa de encanto.\",\"breadcrumb\":{\"@id\":\"https:\\\/\\\/www.manabi.gob.ec\\\/index.php\\\/manabi\\\/#breadcrumb\"},\"inLanguage\":\"es\",\"potentialAction\":[{\"@type\":\"ReadAction\",\"target\":[\"https:\\\/\\\/www.manabi.gob.ec\\\/index.php\\\/manabi\\\/\"]}]},{\"@type\":\"ImageObject\",\"inLanguage\":\"es\",\"@id\":\"https:\\\/\\\/www.manabi.gob.ec\\\/index.php\\\/manabi\\\/#primaryimage\",\"url\":\"\",\"contentUrl\":\"\"},{\"@type\":\"BreadcrumbList\",\"@id\":\"https:\\\/\\\/www.manabi.gob.ec\\\/index.php\\\/manabi\\\/#breadcrumb\",\"itemListElement\":[{\"@type\":\"ListItem\",\"position\":1,\"name\":\"Portada\",\"item\":\"https:\\\/\\\/www.manabi.gob.ec\\\/\"},{\"@type\":\"ListItem\",\"position\":2,\"name\":\"#CienD\u00edas Turismo: \u00a1Manab\u00ed M\u00e1gico y Diverso!\"}]},{\"@type\":\"WebSite\",\"@id\":\"https:\\\/\\\/www.manabi.gob.ec\\\/#website\",\"url\":\"https:\\\/\\\/www.manabi.gob.ec\\\/\",\"name\":\"Prefectura de Manab\u00ed\",\"description\":\"P\u00e1gina web de la prefectura\",\"potentialAction\":[{\"@type\":\"SearchAction\",\"target\":{\"@type\":\"EntryPoint\",\"urlTemplate\":\"https:\\\/\\\/www.manabi.gob.ec\\\/?s={search_term_string}\"},\"query-input\":{\"@type\":\"PropertyValueSpecification\",\"valueRequired\":true,\"valueName\":\"search_term_string\"}}],\"inLanguage\":\"es\"},{\"@type\":\"Person\",\"@id\":\"https:\\\/\\\/www.manabi.gob.ec\\\/#\\\/schema\\\/person\\\/cfc71bd68fe2703b779edcc292a49722\",\"name\":\"admin\",\"image\":{\"@type\":\"ImageObject\",\"inLanguage\":\"es\",\"@id\":\"https:\\\/\\\/secure.gravatar.com\\\/avatar\\\/23e9f919492b0a2f65aa168e0d8c5c867ea853b61deffbadf08c7031e15b8d78?s=96&d=mm&r=g\",\"url\":\"https:\\\/\\\/secure.gravatar.com\\\/avatar\\\/23e9f919492b0a2f65aa168e0d8c5c867ea853b61deffbadf08c7031e15b8d78?s=96&d=mm&r=g\",\"contentUrl\":\"https:\\\/\\\/secure.gravatar.com\\\/avatar\\\/23e9f919492b0a2f65aa168e0d8c5c867ea853b61deffbadf08c7031e15b8d78?s=96&d=mm&r=g\",\"caption\":\"admin\"},\"sameAs\":[\"http:\\\/\\\/www.manabi.gob.ec\"],\"url\":\"https:\\\/\\\/www.manabi.gob.ec\\\/index.php\\\/author\\\/admin\\\/\"}]}<\/script>\n<!-- \/ Yoast SEO plugin. -->","yoast_head_json":{"title":"Bajo la administraci\u00f3n del Prefecto Leonardo Orlando la primera decisi\u00f3n fue atender los atractivos tur\u00edsticos que pese a su exuberante belleza no hab\u00edan recibido ayuda.","description":"100 d\u00edas no son nada para conocer y poner en su justo valor toda la riqueza de esta amplia provincia. De norte a sur, del mar a la monta\u00f1a; la geograf\u00eda manabita rebosa de encanto.","robots":{"index":"index","follow":"follow","max-snippet":"max-snippet:-1","max-image-preview":"max-image-preview:large","max-video-preview":"max-video-preview:-1"},"canonical":"https:\/\/www.manabi.gob.ec\/index.php\/manabi\/","og_locale":"es_ES","og_type":"article","og_title":"Bajo la administraci\u00f3n del Prefecto Leonardo Orlando la primera decisi\u00f3n fue atender los atractivos tur\u00edsticos que pese a su exuberante belleza no hab\u00edan recibido ayuda.","og_description":"100 d\u00edas no son nada para conocer y poner en su justo valor toda la riqueza de esta amplia provincia. De norte a sur, del mar a la monta\u00f1a; la geograf\u00eda manabita rebosa de encanto.","og_url":"https:\/\/www.manabi.gob.ec\/index.php\/manabi\/","og_site_name":"Prefectura de Manab\u00ed","article_published_time":"2019-08-23T21:51:25+00:00","author":"admin","twitter_card":"summary_large_image","twitter_misc":{"Escrito por":"admin","Tiempo de lectura":"2 minutos"},"schema":{"@context":"https:\/\/schema.org","@graph":[{"@type":"Article","@id":"https:\/\/www.manabi.gob.ec\/index.php\/manabi\/#article","isPartOf":{"@id":"https:\/\/www.manabi.gob.ec\/index.php\/manabi\/"},"author":{"name":"admin","@id":"https:\/\/www.manabi.gob.ec\/#\/schema\/person\/cfc71bd68fe2703b779edcc292a49722"},"headline":"#CienD\u00edas Turismo: \u00a1Manab\u00ed M\u00e1gico y Diverso!","datePublished":"2019-08-23T21:51:25+00:00","mainEntityOfPage":{"@id":"https:\/\/www.manabi.gob.ec\/index.php\/manabi\/"},"wordCount":325,"commentCount":0,"image":{"@id":"https:\/\/www.manabi.gob.ec\/index.php\/manabi\/#primaryimage"},"thumbnailUrl":"","articleSection":["Noticias","Todas"],"inLanguage":"es","potentialAction":[{"@type":"CommentAction","name":"Comment","target":["https:\/\/www.manabi.gob.ec\/index.php\/manabi\/#respond"]}]},{"@type":"WebPage","@id":"https:\/\/www.manabi.gob.ec\/index.php\/manabi\/","url":"https:\/\/www.manabi.gob.ec\/index.php\/manabi\/","name":"Bajo la administraci\u00f3n del Prefecto Leonardo Orlando la primera decisi\u00f3n fue atender los atractivos tur\u00edsticos que pese a su exuberante belleza no hab\u00edan recibido ayuda.","isPartOf":{"@id":"https:\/\/www.manabi.gob.ec\/#website"},"primaryImageOfPage":{"@id":"https:\/\/www.manabi.gob.ec\/index.php\/manabi\/#primaryimage"},"image":{"@id":"https:\/\/www.manabi.gob.ec\/index.php\/manabi\/#primaryimage"},"thumbnailUrl":"","datePublished":"2019-08-23T21:51:25+00:00","author":{"@id":"https:\/\/www.manabi.gob.ec\/#\/schema\/person\/cfc71bd68fe2703b779edcc292a49722"},"description":"100 d\u00edas no son nada para conocer y poner en su justo valor toda la riqueza de esta amplia provincia. De norte a sur, del mar a la monta\u00f1a; la geograf\u00eda manabita rebosa de encanto.","breadcrumb":{"@id":"https:\/\/www.manabi.gob.ec\/index.php\/manabi\/#breadcrumb"},"inLanguage":"es","potentialAction":[{"@type":"ReadAction","target":["https:\/\/www.manabi.gob.ec\/index.php\/manabi\/"]}]},{"@type":"ImageObject","inLanguage":"es","@id":"https:\/\/www.manabi.gob.ec\/index.php\/manabi\/#primaryimage","url":"","contentUrl":""},{"@type":"BreadcrumbList","@id":"https:\/\/www.manabi.gob.ec\/index.php\/manabi\/#breadcrumb","itemListElement":[{"@type":"ListItem","position":1,"name":"Portada","item":"https:\/\/www.manabi.gob.ec\/"},{"@type":"ListItem","position":2,"name":"#CienD\u00edas Turismo: \u00a1Manab\u00ed M\u00e1gico y Diverso!"}]},{"@type":"WebSite","@id":"https:\/\/www.manabi.gob.ec\/#website","url":"https:\/\/www.manabi.gob.ec\/","name":"Prefectura de Manab\u00ed","description":"P\u00e1gina web de la prefectura","potentialAction":[{"@type":"SearchAction","target":{"@type":"EntryPoint","urlTemplate":"https:\/\/www.manabi.gob.ec\/?s={search_term_string}"},"query-input":{"@type":"PropertyValueSpecification","valueRequired":true,"valueName":"search_term_string"}}],"inLanguage":"es"},{"@type":"Person","@id":"https:\/\/www.manabi.gob.ec\/#\/schema\/person\/cfc71bd68fe2703b779edcc292a49722","name":"admin","image":{"@type":"ImageObject","inLanguage":"es","@id":"https:\/\/secure.gravatar.com\/avatar\/23e9f919492b0a2f65aa168e0d8c5c867ea853b61deffbadf08c7031e15b8d78?s=96&d=mm&r=g","url":"https:\/\/secure.gravatar.com\/avatar\/23e9f919492b0a2f65aa168e0d8c5c867ea853b61deffbadf08c7031e15b8d78?s=96&d=mm&r=g","contentUrl":"https:\/\/secure.gravatar.com\/avatar\/23e9f919492b0a2f65aa168e0d8c5c867ea853b61deffbadf08c7031e15b8d78?s=96&d=mm&r=g","caption":"admin"},"sameAs":["http:\/\/www.manabi.gob.ec"],"url":"https:\/\/www.manabi.gob.ec\/index.php\/author\/admin\/"}]}},"jetpack_featured_media_url":"","_links":{"self":[{"href":"https:\/\/www.manabi.gob.ec\/index.php\/wp-json\/wp\/v2\/posts\/13392","targetHints":{"allow":["GET"]}}],"collection":[{"href":"https:\/\/www.manabi.gob.ec\/index.php\/wp-json\/wp\/v2\/posts"}],"about":[{"href":"https:\/\/www.manabi.gob.ec\/index.php\/wp-json\/wp\/v2\/types\/post"}],"author":[{"embeddable":true,"href":"https:\/\/www.manabi.gob.ec\/index.php\/wp-json\/wp\/v2\/users\/1"}],"replies":[{"embeddable":true,"href":"https:\/\/www.manabi.gob.ec\/index.php\/wp-json\/wp\/v2\/comments?post=13392"}],"version-history":[{"count":0,"href":"https:\/\/www.manabi.gob.ec\/index.php\/wp-json\/wp\/v2\/posts\/13392\/revisions"}],"wp:featuredmedia":[{"embeddable":true,"href":"https:\/\/www.manabi.gob.ec\/index.php\/wp-json\/"}],"wp:attachment":[{"href":"https:\/\/www.manabi.gob.ec\/index.php\/wp-json\/wp\/v2\/media?parent=13392"}],"wp:term":[{"taxonomy":"category","embeddable":true,"href":"https:\/\/www.manabi.gob.ec\/index.php\/wp-json\/wp\/v2\/categories?post=13392"},{"taxonomy":"post_tag","embeddable":true,"href":"https:\/\/www.manabi.gob.ec\/index.php\/wp-json\/wp\/v2\/tags?post=13392"}],"curies":[{"name":"wp","href":"https:\/\/api.w.org\/{rel}","templated":true}]}}