{"id":13394,"date":"2019-08-23T16:57:29","date_gmt":"2019-08-23T21:57:29","guid":{"rendered":"http:\/\/www.manabi.gob.ec\/?p=13394"},"modified":"2019-08-23T16:57:29","modified_gmt":"2019-08-23T21:57:29","slug":"prefecto-dialogo-con-medios-de-comunicacion-sobre-sus-cien-dias-de-gestion","status":"publish","type":"post","link":"https:\/\/www.manabi.gob.ec\/index.php\/prefecto-dialogo-con-medios-de-comunicacion-sobre-sus-cien-dias-de-gestion\/","title":{"rendered":"PREFECTO DIALOG\u00d3 CON MEDIOS DE COMUNICACI\u00d3N SOBRE SUS CIEN D\u00cdAS DE GESTI\u00d3N"},"content":{"rendered":"\n<p class=\"has-drop-cap\">Sus cien d\u00edas de\ngesti\u00f3n administrativa fue el tema central del di\u00e1logo&nbsp; que sostuvo el\nprefecto Leonardo Orlando con los medios de comunicaci\u00f3n de la provincia. All\u00ed\nse expuso sobre la labor&nbsp; cumplida en este periodo y la visi\u00f3n de\ndesarrollo trazada.<\/p>\n\n\n<p>El Prefecto invit\u00f3\na los medios de comunicaci\u00f3n a unirse en ese gran trabajo de promoci\u00f3n\ntur\u00edstica de Manab\u00ed,&nbsp; que tiene recursos naturales y productivos para\nconvertirse en un gran destino de relevancia nacional.<\/p>\n\n\n<p>En la cita con los\nmedios, Orlando realiz\u00f3 un informe sobre distintas \u00e1reas de trabajo. Por\nejemplo, en el campo de la vialidad resalt\u00f3 que ha logrado en menos de cien\nd\u00edas la&nbsp; apertura de 4.300 kil\u00f3metros de v\u00edas veraneras.<\/p>\n\n\n<p>\u201cNuestro plan es\ndejar ese concepto y pasar a contar con v\u00edas que est\u00e9n habilitadas todo el\na\u00f1o\u201d; dijo en referencia a los m\u00e1s de 8.600 kil\u00f3metros de rutas que se\nplanifica intervenir este a\u00f1o.<\/p>\n\n\n<p>En vialidad\ntambi\u00e9n se realiz\u00f3 la presentaci\u00f3n de los grandes ejes viales que permitir\u00e1n la\nconectividad entre el perfil costero y el interior de la provincia, conectando\ndecenas de parroquias rurales.<\/p>\n\n\n<p>Leonardo Orlando\nhizo un fuerte \u00e9nfasis en la descentralizaci\u00f3n. Se\u00f1al\u00f3 que por ello se trabaja\nen un plan para abrir oficinas administrativas en El Carmen,&nbsp; Pedernales y\nJipijapa que permitir\u00e1n atender de forma m\u00e1s eficiente y r\u00e1pida a las necesidades\ny demandas de la poblaci\u00f3n en m\u00faltiples aspectos.<\/p>\n\n\n<p>Entre otros de los\nproyectos que se ejecutan, destac\u00f3: Escuelas de formaci\u00f3n deportiva y social\n\u201cEntrenando Valores\u201d que sumar\u00e1 m\u00e1s de 12 mil beneficiarios entre ni\u00f1os, ni\u00f1as\ny adolescentes.&nbsp;<\/p>\n\n\n<p>Adem\u00e1s resalt\u00f3 los\ntrabajos para repotenciamiento de plantas de procesamiento de l\u00e1cteos, as\u00ed como\nel fortalecimiento de cadenas productivas y el apoyo permanente a emprendedores\nde la provincia.<\/p>\n\n\n<p>El prefecto\nresalt\u00f3 que la suya es una administraci\u00f3n de puertas abiertas, e invit\u00f3 a todos\na sumarse sin distinciones de ning\u00fan tipo para aportar al Desarrollo Y Equidad\nde Manab\u00ed.<\/p>\n","protected":false},"excerpt":{"rendered":"<p>Sus cien d\u00edas de gesti\u00f3n administrativa fue el tema central del di\u00e1logo&nbsp; que sostuvo el prefecto Leonardo Orlando con los medios de comunicaci\u00f3n de la provincia. All\u00ed se expuso sobre la labor&nbsp; cumplida en este periodo y la visi\u00f3n de desarrollo trazada. El Prefecto invit\u00f3 a los medios de comunicaci\u00f3n a unirse en ese gran [&hellip;]<\/p>\n","protected":false},"author":1,"featured_media":13395,"comment_status":"open","ping_status":"open","sticky":false,"template":"","format":"standard","meta":{"_joinchat":[],"footnotes":""},"categories":[92,91],"tags":[],"class_list":["post-13394","post","type-post","status-publish","format-standard","has-post-thumbnail","hentry","category-noticias-manabi","category-todas"],"yoast_head":"<!-- This site is optimized with the Yoast SEO plugin v27.4 - https:\/\/yoast.com\/product\/yoast-seo-wordpress\/ -->\n<title>PREFECTO DIALOG\u00d3 CON MEDIOS DE COMUNICACI\u00d3N SOBRE SUS CIEN D\u00cdAS DE GESTI\u00d3N - Prefectura de Manab\u00ed<\/title>\n<meta name=\"robots\" content=\"index, follow, max-snippet:-1, max-image-preview:large, max-video-preview:-1\" \/>\n<link rel=\"canonical\" href=\"https:\/\/www.manabi.gob.ec\/index.php\/prefecto-dialogo-con-medios-de-comunicacion-sobre-sus-cien-dias-de-gestion\/\" \/>\n<meta property=\"og:locale\" content=\"es_ES\" \/>\n<meta property=\"og:type\" content=\"article\" \/>\n<meta property=\"og:title\" content=\"PREFECTO DIALOG\u00d3 CON MEDIOS DE COMUNICACI\u00d3N SOBRE SUS CIEN D\u00cdAS DE GESTI\u00d3N - Prefectura de Manab\u00ed\" \/>\n<meta property=\"og:description\" content=\"Sus cien d\u00edas de gesti\u00f3n administrativa fue el tema central del di\u00e1logo&nbsp; que sostuvo el prefecto Leonardo Orlando con los medios de comunicaci\u00f3n de la provincia. All\u00ed se expuso sobre la labor&nbsp; cumplida en este periodo y la visi\u00f3n de desarrollo trazada. El Prefecto invit\u00f3 a los medios de comunicaci\u00f3n a unirse en ese gran [&hellip;]\" \/>\n<meta property=\"og:url\" content=\"https:\/\/www.manabi.gob.ec\/index.php\/prefecto-dialogo-con-medios-de-comunicacion-sobre-sus-cien-dias-de-gestion\/\" \/>\n<meta property=\"og:site_name\" content=\"Prefectura de Manab\u00ed\" \/>\n<meta property=\"article:published_time\" content=\"2019-08-23T21:57:29+00:00\" \/>\n<meta name=\"author\" content=\"admin\" \/>\n<meta name=\"twitter:card\" content=\"summary_large_image\" \/>\n<meta name=\"twitter:label1\" content=\"Escrito por\" \/>\n\t<meta name=\"twitter:data1\" content=\"admin\" \/>\n\t<meta name=\"twitter:label2\" content=\"Tiempo de lectura\" \/>\n\t<meta name=\"twitter:data2\" content=\"2 minutos\" \/>\n<script type=\"application\/ld+json\" class=\"yoast-schema-graph\">{\"@context\":\"https:\\\/\\\/schema.org\",\"@graph\":[{\"@type\":\"Article\",\"@id\":\"https:\\\/\\\/www.manabi.gob.ec\\\/index.php\\\/prefecto-dialogo-con-medios-de-comunicacion-sobre-sus-cien-dias-de-gestion\\\/#article\",\"isPartOf\":{\"@id\":\"https:\\\/\\\/www.manabi.gob.ec\\\/index.php\\\/prefecto-dialogo-con-medios-de-comunicacion-sobre-sus-cien-dias-de-gestion\\\/\"},\"author\":{\"name\":\"admin\",\"@id\":\"https:\\\/\\\/www.manabi.gob.ec\\\/#\\\/schema\\\/person\\\/cfc71bd68fe2703b779edcc292a49722\"},\"headline\":\"PREFECTO DIALOG\u00d3 CON MEDIOS DE COMUNICACI\u00d3N SOBRE SUS CIEN D\u00cdAS DE GESTI\u00d3N\",\"datePublished\":\"2019-08-23T21:57:29+00:00\",\"mainEntityOfPage\":{\"@id\":\"https:\\\/\\\/www.manabi.gob.ec\\\/index.php\\\/prefecto-dialogo-con-medios-de-comunicacion-sobre-sus-cien-dias-de-gestion\\\/\"},\"wordCount\":371,\"commentCount\":0,\"image\":{\"@id\":\"https:\\\/\\\/www.manabi.gob.ec\\\/index.php\\\/prefecto-dialogo-con-medios-de-comunicacion-sobre-sus-cien-dias-de-gestion\\\/#primaryimage\"},\"thumbnailUrl\":\"\",\"articleSection\":[\"Noticias\",\"Todas\"],\"inLanguage\":\"es\",\"potentialAction\":[{\"@type\":\"CommentAction\",\"name\":\"Comment\",\"target\":[\"https:\\\/\\\/www.manabi.gob.ec\\\/index.php\\\/prefecto-dialogo-con-medios-de-comunicacion-sobre-sus-cien-dias-de-gestion\\\/#respond\"]}]},{\"@type\":\"WebPage\",\"@id\":\"https:\\\/\\\/www.manabi.gob.ec\\\/index.php\\\/prefecto-dialogo-con-medios-de-comunicacion-sobre-sus-cien-dias-de-gestion\\\/\",\"url\":\"https:\\\/\\\/www.manabi.gob.ec\\\/index.php\\\/prefecto-dialogo-con-medios-de-comunicacion-sobre-sus-cien-dias-de-gestion\\\/\",\"name\":\"PREFECTO DIALOG\u00d3 CON MEDIOS DE COMUNICACI\u00d3N SOBRE SUS CIEN D\u00cdAS DE GESTI\u00d3N - Prefectura de Manab\u00ed\",\"isPartOf\":{\"@id\":\"https:\\\/\\\/www.manabi.gob.ec\\\/#website\"},\"primaryImageOfPage\":{\"@id\":\"https:\\\/\\\/www.manabi.gob.ec\\\/index.php\\\/prefecto-dialogo-con-medios-de-comunicacion-sobre-sus-cien-dias-de-gestion\\\/#primaryimage\"},\"image\":{\"@id\":\"https:\\\/\\\/www.manabi.gob.ec\\\/index.php\\\/prefecto-dialogo-con-medios-de-comunicacion-sobre-sus-cien-dias-de-gestion\\\/#primaryimage\"},\"thumbnailUrl\":\"\",\"datePublished\":\"2019-08-23T21:57:29+00:00\",\"author\":{\"@id\":\"https:\\\/\\\/www.manabi.gob.ec\\\/#\\\/schema\\\/person\\\/cfc71bd68fe2703b779edcc292a49722\"},\"breadcrumb\":{\"@id\":\"https:\\\/\\\/www.manabi.gob.ec\\\/index.php\\\/prefecto-dialogo-con-medios-de-comunicacion-sobre-sus-cien-dias-de-gestion\\\/#breadcrumb\"},\"inLanguage\":\"es\",\"potentialAction\":[{\"@type\":\"ReadAction\",\"target\":[\"https:\\\/\\\/www.manabi.gob.ec\\\/index.php\\\/prefecto-dialogo-con-medios-de-comunicacion-sobre-sus-cien-dias-de-gestion\\\/\"]}]},{\"@type\":\"ImageObject\",\"inLanguage\":\"es\",\"@id\":\"https:\\\/\\\/www.manabi.gob.ec\\\/index.php\\\/prefecto-dialogo-con-medios-de-comunicacion-sobre-sus-cien-dias-de-gestion\\\/#primaryimage\",\"url\":\"\",\"contentUrl\":\"\"},{\"@type\":\"BreadcrumbList\",\"@id\":\"https:\\\/\\\/www.manabi.gob.ec\\\/index.php\\\/prefecto-dialogo-con-medios-de-comunicacion-sobre-sus-cien-dias-de-gestion\\\/#breadcrumb\",\"itemListElement\":[{\"@type\":\"ListItem\",\"position\":1,\"name\":\"Portada\",\"item\":\"https:\\\/\\\/www.manabi.gob.ec\\\/\"},{\"@type\":\"ListItem\",\"position\":2,\"name\":\"PREFECTO DIALOG\u00d3 CON MEDIOS DE COMUNICACI\u00d3N SOBRE SUS CIEN D\u00cdAS DE GESTI\u00d3N\"}]},{\"@type\":\"WebSite\",\"@id\":\"https:\\\/\\\/www.manabi.gob.ec\\\/#website\",\"url\":\"https:\\\/\\\/www.manabi.gob.ec\\\/\",\"name\":\"Prefectura de Manab\u00ed\",\"description\":\"P\u00e1gina web de la prefectura\",\"potentialAction\":[{\"@type\":\"SearchAction\",\"target\":{\"@type\":\"EntryPoint\",\"urlTemplate\":\"https:\\\/\\\/www.manabi.gob.ec\\\/?s={search_term_string}\"},\"query-input\":{\"@type\":\"PropertyValueSpecification\",\"valueRequired\":true,\"valueName\":\"search_term_string\"}}],\"inLanguage\":\"es\"},{\"@type\":\"Person\",\"@id\":\"https:\\\/\\\/www.manabi.gob.ec\\\/#\\\/schema\\\/person\\\/cfc71bd68fe2703b779edcc292a49722\",\"name\":\"admin\",\"image\":{\"@type\":\"ImageObject\",\"inLanguage\":\"es\",\"@id\":\"https:\\\/\\\/secure.gravatar.com\\\/avatar\\\/23e9f919492b0a2f65aa168e0d8c5c867ea853b61deffbadf08c7031e15b8d78?s=96&d=mm&r=g\",\"url\":\"https:\\\/\\\/secure.gravatar.com\\\/avatar\\\/23e9f919492b0a2f65aa168e0d8c5c867ea853b61deffbadf08c7031e15b8d78?s=96&d=mm&r=g\",\"contentUrl\":\"https:\\\/\\\/secure.gravatar.com\\\/avatar\\\/23e9f919492b0a2f65aa168e0d8c5c867ea853b61deffbadf08c7031e15b8d78?s=96&d=mm&r=g\",\"caption\":\"admin\"},\"sameAs\":[\"http:\\\/\\\/www.manabi.gob.ec\"],\"url\":\"https:\\\/\\\/www.manabi.gob.ec\\\/index.php\\\/author\\\/admin\\\/\"}]}<\/script>\n<!-- \/ Yoast SEO plugin. -->","yoast_head_json":{"title":"PREFECTO DIALOG\u00d3 CON MEDIOS DE COMUNICACI\u00d3N SOBRE SUS CIEN D\u00cdAS DE GESTI\u00d3N - Prefectura de Manab\u00ed","robots":{"index":"index","follow":"follow","max-snippet":"max-snippet:-1","max-image-preview":"max-image-preview:large","max-video-preview":"max-video-preview:-1"},"canonical":"https:\/\/www.manabi.gob.ec\/index.php\/prefecto-dialogo-con-medios-de-comunicacion-sobre-sus-cien-dias-de-gestion\/","og_locale":"es_ES","og_type":"article","og_title":"PREFECTO DIALOG\u00d3 CON MEDIOS DE COMUNICACI\u00d3N SOBRE SUS CIEN D\u00cdAS DE GESTI\u00d3N - Prefectura de Manab\u00ed","og_description":"Sus cien d\u00edas de gesti\u00f3n administrativa fue el tema central del di\u00e1logo&nbsp; que sostuvo el prefecto Leonardo Orlando con los medios de comunicaci\u00f3n de la provincia. All\u00ed se expuso sobre la labor&nbsp; cumplida en este periodo y la visi\u00f3n de desarrollo trazada. El Prefecto invit\u00f3 a los medios de comunicaci\u00f3n a unirse en ese gran [&hellip;]","og_url":"https:\/\/www.manabi.gob.ec\/index.php\/prefecto-dialogo-con-medios-de-comunicacion-sobre-sus-cien-dias-de-gestion\/","og_site_name":"Prefectura de Manab\u00ed","article_published_time":"2019-08-23T21:57:29+00:00","author":"admin","twitter_card":"summary_large_image","twitter_misc":{"Escrito por":"admin","Tiempo de lectura":"2 minutos"},"schema":{"@context":"https:\/\/schema.org","@graph":[{"@type":"Article","@id":"https:\/\/www.manabi.gob.ec\/index.php\/prefecto-dialogo-con-medios-de-comunicacion-sobre-sus-cien-dias-de-gestion\/#article","isPartOf":{"@id":"https:\/\/www.manabi.gob.ec\/index.php\/prefecto-dialogo-con-medios-de-comunicacion-sobre-sus-cien-dias-de-gestion\/"},"author":{"name":"admin","@id":"https:\/\/www.manabi.gob.ec\/#\/schema\/person\/cfc71bd68fe2703b779edcc292a49722"},"headline":"PREFECTO DIALOG\u00d3 CON MEDIOS DE COMUNICACI\u00d3N SOBRE SUS CIEN D\u00cdAS DE GESTI\u00d3N","datePublished":"2019-08-23T21:57:29+00:00","mainEntityOfPage":{"@id":"https:\/\/www.manabi.gob.ec\/index.php\/prefecto-dialogo-con-medios-de-comunicacion-sobre-sus-cien-dias-de-gestion\/"},"wordCount":371,"commentCount":0,"image":{"@id":"https:\/\/www.manabi.gob.ec\/index.php\/prefecto-dialogo-con-medios-de-comunicacion-sobre-sus-cien-dias-de-gestion\/#primaryimage"},"thumbnailUrl":"","articleSection":["Noticias","Todas"],"inLanguage":"es","potentialAction":[{"@type":"CommentAction","name":"Comment","target":["https:\/\/www.manabi.gob.ec\/index.php\/prefecto-dialogo-con-medios-de-comunicacion-sobre-sus-cien-dias-de-gestion\/#respond"]}]},{"@type":"WebPage","@id":"https:\/\/www.manabi.gob.ec\/index.php\/prefecto-dialogo-con-medios-de-comunicacion-sobre-sus-cien-dias-de-gestion\/","url":"https:\/\/www.manabi.gob.ec\/index.php\/prefecto-dialogo-con-medios-de-comunicacion-sobre-sus-cien-dias-de-gestion\/","name":"PREFECTO DIALOG\u00d3 CON MEDIOS DE COMUNICACI\u00d3N SOBRE SUS CIEN D\u00cdAS DE GESTI\u00d3N - Prefectura de Manab\u00ed","isPartOf":{"@id":"https:\/\/www.manabi.gob.ec\/#website"},"primaryImageOfPage":{"@id":"https:\/\/www.manabi.gob.ec\/index.php\/prefecto-dialogo-con-medios-de-comunicacion-sobre-sus-cien-dias-de-gestion\/#primaryimage"},"image":{"@id":"https:\/\/www.manabi.gob.ec\/index.php\/prefecto-dialogo-con-medios-de-comunicacion-sobre-sus-cien-dias-de-gestion\/#primaryimage"},"thumbnailUrl":"","datePublished":"2019-08-23T21:57:29+00:00","author":{"@id":"https:\/\/www.manabi.gob.ec\/#\/schema\/person\/cfc71bd68fe2703b779edcc292a49722"},"breadcrumb":{"@id":"https:\/\/www.manabi.gob.ec\/index.php\/prefecto-dialogo-con-medios-de-comunicacion-sobre-sus-cien-dias-de-gestion\/#breadcrumb"},"inLanguage":"es","potentialAction":[{"@type":"ReadAction","target":["https:\/\/www.manabi.gob.ec\/index.php\/prefecto-dialogo-con-medios-de-comunicacion-sobre-sus-cien-dias-de-gestion\/"]}]},{"@type":"ImageObject","inLanguage":"es","@id":"https:\/\/www.manabi.gob.ec\/index.php\/prefecto-dialogo-con-medios-de-comunicacion-sobre-sus-cien-dias-de-gestion\/#primaryimage","url":"","contentUrl":""},{"@type":"BreadcrumbList","@id":"https:\/\/www.manabi.gob.ec\/index.php\/prefecto-dialogo-con-medios-de-comunicacion-sobre-sus-cien-dias-de-gestion\/#breadcrumb","itemListElement":[{"@type":"ListItem","position":1,"name":"Portada","item":"https:\/\/www.manabi.gob.ec\/"},{"@type":"ListItem","position":2,"name":"PREFECTO DIALOG\u00d3 CON MEDIOS DE COMUNICACI\u00d3N SOBRE SUS CIEN D\u00cdAS DE GESTI\u00d3N"}]},{"@type":"WebSite","@id":"https:\/\/www.manabi.gob.ec\/#website","url":"https:\/\/www.manabi.gob.ec\/","name":"Prefectura de Manab\u00ed","description":"P\u00e1gina web de la prefectura","potentialAction":[{"@type":"SearchAction","target":{"@type":"EntryPoint","urlTemplate":"https:\/\/www.manabi.gob.ec\/?s={search_term_string}"},"query-input":{"@type":"PropertyValueSpecification","valueRequired":true,"valueName":"search_term_string"}}],"inLanguage":"es"},{"@type":"Person","@id":"https:\/\/www.manabi.gob.ec\/#\/schema\/person\/cfc71bd68fe2703b779edcc292a49722","name":"admin","image":{"@type":"ImageObject","inLanguage":"es","@id":"https:\/\/secure.gravatar.com\/avatar\/23e9f919492b0a2f65aa168e0d8c5c867ea853b61deffbadf08c7031e15b8d78?s=96&d=mm&r=g","url":"https:\/\/secure.gravatar.com\/avatar\/23e9f919492b0a2f65aa168e0d8c5c867ea853b61deffbadf08c7031e15b8d78?s=96&d=mm&r=g","contentUrl":"https:\/\/secure.gravatar.com\/avatar\/23e9f919492b0a2f65aa168e0d8c5c867ea853b61deffbadf08c7031e15b8d78?s=96&d=mm&r=g","caption":"admin"},"sameAs":["http:\/\/www.manabi.gob.ec"],"url":"https:\/\/www.manabi.gob.ec\/index.php\/author\/admin\/"}]}},"jetpack_featured_media_url":"","_links":{"self":[{"href":"https:\/\/www.manabi.gob.ec\/index.php\/wp-json\/wp\/v2\/posts\/13394","targetHints":{"allow":["GET"]}}],"collection":[{"href":"https:\/\/www.manabi.gob.ec\/index.php\/wp-json\/wp\/v2\/posts"}],"about":[{"href":"https:\/\/www.manabi.gob.ec\/index.php\/wp-json\/wp\/v2\/types\/post"}],"author":[{"embeddable":true,"href":"https:\/\/www.manabi.gob.ec\/index.php\/wp-json\/wp\/v2\/users\/1"}],"replies":[{"embeddable":true,"href":"https:\/\/www.manabi.gob.ec\/index.php\/wp-json\/wp\/v2\/comments?post=13394"}],"version-history":[{"count":0,"href":"https:\/\/www.manabi.gob.ec\/index.php\/wp-json\/wp\/v2\/posts\/13394\/revisions"}],"wp:featuredmedia":[{"embeddable":true,"href":"https:\/\/www.manabi.gob.ec\/index.php\/wp-json\/"}],"wp:attachment":[{"href":"https:\/\/www.manabi.gob.ec\/index.php\/wp-json\/wp\/v2\/media?parent=13394"}],"wp:term":[{"taxonomy":"category","embeddable":true,"href":"https:\/\/www.manabi.gob.ec\/index.php\/wp-json\/wp\/v2\/categories?post=13394"},{"taxonomy":"post_tag","embeddable":true,"href":"https:\/\/www.manabi.gob.ec\/index.php\/wp-json\/wp\/v2\/tags?post=13394"}],"curies":[{"name":"wp","href":"https:\/\/api.w.org\/{rel}","templated":true}]}}