{"id":13428,"date":"2019-09-02T15:24:18","date_gmt":"2019-09-02T20:24:18","guid":{"rendered":"http:\/\/www.manabi.gob.ec\/?p=13428"},"modified":"2019-09-02T15:24:18","modified_gmt":"2019-09-02T20:24:18","slug":"en-olmedo-se-trabaja-por-mejores-vias","status":"publish","type":"post","link":"https:\/\/www.manabi.gob.ec\/index.php\/en-olmedo-se-trabaja-por-mejores-vias\/","title":{"rendered":"EN OLMEDO SE TRABAJA POR MEJORES V\u00cdAS"},"content":{"rendered":"\n<p>El\nGobierno de Manab\u00ed y el Municipio del cant\u00f3n Olmedo trabajan en varios frentes\nviales para que las comunidades de esta jurisdicci\u00f3n tengan caminos en buen\nestado que les permita una mejor conectividad.<\/p>\n\n\n<p>Hace\ndos semanas trabajan en&nbsp;el\nmantenimiento&nbsp;&nbsp;de la v\u00eda San Pablo \u2013 Pescado Abajo \u2013 Pescado Arriba\nen una distancia de 11, 5 kil\u00f3metros de longitud, al momento se ha intervenido\nen una distancia de 10 kil\u00f3metros. <\/p>\n\n\n<p>\u201cSe est\u00e1n coordinando\ntodos los trabajos con el GAD Olmedo para trabajar de una manera articulada y\npara poder atender las necesidades de las comunidades\u201d, nos dijo D\u00eddimo\nArteaga, t\u00e9cnico residente el Gobierno de Manab\u00ed.<\/p>\n\n\n<p>Para Ciro Vinces,\nmorador del sitio Pescado Arriba, estos trabajos de mejoramiento vial les\npermitir\u00e1n transitar con mayor facilidad hasta los centros de comercializaci\u00f3n\no mercados de la cabecera cantonal, especialmente durante la estaci\u00f3n invernal\npr\u00f3xima.<\/p>\n\n\n<p>\u201cAqu\u00ed producimos,\ndurante todo el a\u00f1o: Cacao, pl\u00e1tano, ma\u00edz, yuca; adem\u00e1s es un sector donde la\nganader\u00eda es el sustento de muchas familias que habitan en la zona\u201d, agrego\nVinces.<\/p>\n\n\n<p><strong>&nbsp;<\/strong>En coordinaci\u00f3n con\nel Municipio de Olmedo&nbsp;se\nhan&nbsp;reaperturado m\u00e1s de 30 km de caminos veraneros y se trabaja en la\nreconformaci\u00f3n de m\u00e1s de 22 kil\u00f3metros de v\u00edas:<\/p>\n\n\n<p>&nbsp;<strong>Trabajos\nEjecutados:<\/strong><\/p>\n\n\n<p>Se\nha realizado el acabado de obra b\u00e1sica existente en las v\u00edas Don Pablo \u2013 Don\nPablo En Medio, F\u00e9lix Men\u00e9ndez&nbsp;&nbsp;&#8211; Cacao Montenegro la \u201cY\u201d de Don\nPablo, Boquer\u00f3n &#8211; Lim\u00f3n de Boquer\u00f3n, Andico \u2013 El Pescado &#8211; La Pajita.<\/p>\n\n\n<p>Se\nrealiz\u00f3 la limpieza de espaldones y cunetas de la v\u00eda Olmedo &#8211; Las Mercedes y\nel resanteo de las v\u00edas veraneras: Loma Amarilla, Las Yucas, Chepe V\u00e9lez,\nCristo del Consuelo Adentro, Las Delicias, El Lim\u00f3n, Tablada de Soledad, La\nVisueta.<\/p>\n","protected":false},"excerpt":{"rendered":"<p>El Gobierno de Manab\u00ed y el Municipio del cant\u00f3n Olmedo trabajan en varios frentes viales para que las comunidades de esta jurisdicci\u00f3n tengan caminos en buen estado que les permita una mejor conectividad. Hace dos semanas trabajan en&nbsp;el mantenimiento&nbsp;&nbsp;de la v\u00eda San Pablo \u2013 Pescado Abajo \u2013 Pescado Arriba en una distancia de 11, 5 [&hellip;]<\/p>\n","protected":false},"author":1,"featured_media":13429,"comment_status":"open","ping_status":"open","sticky":false,"template":"","format":"standard","meta":{"_joinchat":[],"footnotes":""},"categories":[92,91],"tags":[],"class_list":["post-13428","post","type-post","status-publish","format-standard","has-post-thumbnail","hentry","category-noticias-manabi","category-todas"],"yoast_head":"<!-- This site is optimized with the Yoast SEO plugin v27.4 - https:\/\/yoast.com\/product\/yoast-seo-wordpress\/ -->\n<title>EN OLMEDO SE TRABAJA POR MEJORES V\u00cdAS - Prefectura de Manab\u00ed<\/title>\n<meta name=\"robots\" content=\"index, follow, max-snippet:-1, max-image-preview:large, max-video-preview:-1\" \/>\n<link rel=\"canonical\" href=\"https:\/\/www.manabi.gob.ec\/index.php\/en-olmedo-se-trabaja-por-mejores-vias\/\" \/>\n<meta property=\"og:locale\" content=\"es_ES\" \/>\n<meta property=\"og:type\" content=\"article\" \/>\n<meta property=\"og:title\" content=\"EN OLMEDO SE TRABAJA POR MEJORES V\u00cdAS - Prefectura de Manab\u00ed\" \/>\n<meta property=\"og:description\" content=\"El Gobierno de Manab\u00ed y el Municipio del cant\u00f3n Olmedo trabajan en varios frentes viales para que las comunidades de esta jurisdicci\u00f3n tengan caminos en buen estado que les permita una mejor conectividad. Hace dos semanas trabajan en&nbsp;el mantenimiento&nbsp;&nbsp;de la v\u00eda San Pablo \u2013 Pescado Abajo \u2013 Pescado Arriba en una distancia de 11, 5 [&hellip;]\" \/>\n<meta property=\"og:url\" content=\"https:\/\/www.manabi.gob.ec\/index.php\/en-olmedo-se-trabaja-por-mejores-vias\/\" \/>\n<meta property=\"og:site_name\" content=\"Prefectura de Manab\u00ed\" \/>\n<meta property=\"article:published_time\" content=\"2019-09-02T20:24:18+00:00\" \/>\n<meta name=\"author\" content=\"admin\" \/>\n<meta name=\"twitter:card\" content=\"summary_large_image\" \/>\n<meta name=\"twitter:label1\" content=\"Escrito por\" \/>\n\t<meta name=\"twitter:data1\" content=\"admin\" \/>\n\t<meta name=\"twitter:label2\" content=\"Tiempo de lectura\" \/>\n\t<meta name=\"twitter:data2\" content=\"2 minutos\" \/>\n<script type=\"application\/ld+json\" class=\"yoast-schema-graph\">{\"@context\":\"https:\\\/\\\/schema.org\",\"@graph\":[{\"@type\":\"Article\",\"@id\":\"https:\\\/\\\/www.manabi.gob.ec\\\/index.php\\\/en-olmedo-se-trabaja-por-mejores-vias\\\/#article\",\"isPartOf\":{\"@id\":\"https:\\\/\\\/www.manabi.gob.ec\\\/index.php\\\/en-olmedo-se-trabaja-por-mejores-vias\\\/\"},\"author\":{\"name\":\"admin\",\"@id\":\"https:\\\/\\\/www.manabi.gob.ec\\\/#\\\/schema\\\/person\\\/cfc71bd68fe2703b779edcc292a49722\"},\"headline\":\"EN OLMEDO SE TRABAJA POR MEJORES V\u00cdAS\",\"datePublished\":\"2019-09-02T20:24:18+00:00\",\"mainEntityOfPage\":{\"@id\":\"https:\\\/\\\/www.manabi.gob.ec\\\/index.php\\\/en-olmedo-se-trabaja-por-mejores-vias\\\/\"},\"wordCount\":328,\"commentCount\":0,\"image\":{\"@id\":\"https:\\\/\\\/www.manabi.gob.ec\\\/index.php\\\/en-olmedo-se-trabaja-por-mejores-vias\\\/#primaryimage\"},\"thumbnailUrl\":\"\",\"articleSection\":[\"Noticias\",\"Todas\"],\"inLanguage\":\"es\",\"potentialAction\":[{\"@type\":\"CommentAction\",\"name\":\"Comment\",\"target\":[\"https:\\\/\\\/www.manabi.gob.ec\\\/index.php\\\/en-olmedo-se-trabaja-por-mejores-vias\\\/#respond\"]}]},{\"@type\":\"WebPage\",\"@id\":\"https:\\\/\\\/www.manabi.gob.ec\\\/index.php\\\/en-olmedo-se-trabaja-por-mejores-vias\\\/\",\"url\":\"https:\\\/\\\/www.manabi.gob.ec\\\/index.php\\\/en-olmedo-se-trabaja-por-mejores-vias\\\/\",\"name\":\"EN OLMEDO SE TRABAJA POR MEJORES V\u00cdAS - Prefectura de Manab\u00ed\",\"isPartOf\":{\"@id\":\"https:\\\/\\\/www.manabi.gob.ec\\\/#website\"},\"primaryImageOfPage\":{\"@id\":\"https:\\\/\\\/www.manabi.gob.ec\\\/index.php\\\/en-olmedo-se-trabaja-por-mejores-vias\\\/#primaryimage\"},\"image\":{\"@id\":\"https:\\\/\\\/www.manabi.gob.ec\\\/index.php\\\/en-olmedo-se-trabaja-por-mejores-vias\\\/#primaryimage\"},\"thumbnailUrl\":\"\",\"datePublished\":\"2019-09-02T20:24:18+00:00\",\"author\":{\"@id\":\"https:\\\/\\\/www.manabi.gob.ec\\\/#\\\/schema\\\/person\\\/cfc71bd68fe2703b779edcc292a49722\"},\"breadcrumb\":{\"@id\":\"https:\\\/\\\/www.manabi.gob.ec\\\/index.php\\\/en-olmedo-se-trabaja-por-mejores-vias\\\/#breadcrumb\"},\"inLanguage\":\"es\",\"potentialAction\":[{\"@type\":\"ReadAction\",\"target\":[\"https:\\\/\\\/www.manabi.gob.ec\\\/index.php\\\/en-olmedo-se-trabaja-por-mejores-vias\\\/\"]}]},{\"@type\":\"ImageObject\",\"inLanguage\":\"es\",\"@id\":\"https:\\\/\\\/www.manabi.gob.ec\\\/index.php\\\/en-olmedo-se-trabaja-por-mejores-vias\\\/#primaryimage\",\"url\":\"\",\"contentUrl\":\"\"},{\"@type\":\"BreadcrumbList\",\"@id\":\"https:\\\/\\\/www.manabi.gob.ec\\\/index.php\\\/en-olmedo-se-trabaja-por-mejores-vias\\\/#breadcrumb\",\"itemListElement\":[{\"@type\":\"ListItem\",\"position\":1,\"name\":\"Portada\",\"item\":\"https:\\\/\\\/www.manabi.gob.ec\\\/\"},{\"@type\":\"ListItem\",\"position\":2,\"name\":\"EN OLMEDO SE TRABAJA POR MEJORES V\u00cdAS\"}]},{\"@type\":\"WebSite\",\"@id\":\"https:\\\/\\\/www.manabi.gob.ec\\\/#website\",\"url\":\"https:\\\/\\\/www.manabi.gob.ec\\\/\",\"name\":\"Prefectura de Manab\u00ed\",\"description\":\"P\u00e1gina web de la prefectura\",\"potentialAction\":[{\"@type\":\"SearchAction\",\"target\":{\"@type\":\"EntryPoint\",\"urlTemplate\":\"https:\\\/\\\/www.manabi.gob.ec\\\/?s={search_term_string}\"},\"query-input\":{\"@type\":\"PropertyValueSpecification\",\"valueRequired\":true,\"valueName\":\"search_term_string\"}}],\"inLanguage\":\"es\"},{\"@type\":\"Person\",\"@id\":\"https:\\\/\\\/www.manabi.gob.ec\\\/#\\\/schema\\\/person\\\/cfc71bd68fe2703b779edcc292a49722\",\"name\":\"admin\",\"image\":{\"@type\":\"ImageObject\",\"inLanguage\":\"es\",\"@id\":\"https:\\\/\\\/secure.gravatar.com\\\/avatar\\\/23e9f919492b0a2f65aa168e0d8c5c867ea853b61deffbadf08c7031e15b8d78?s=96&d=mm&r=g\",\"url\":\"https:\\\/\\\/secure.gravatar.com\\\/avatar\\\/23e9f919492b0a2f65aa168e0d8c5c867ea853b61deffbadf08c7031e15b8d78?s=96&d=mm&r=g\",\"contentUrl\":\"https:\\\/\\\/secure.gravatar.com\\\/avatar\\\/23e9f919492b0a2f65aa168e0d8c5c867ea853b61deffbadf08c7031e15b8d78?s=96&d=mm&r=g\",\"caption\":\"admin\"},\"sameAs\":[\"http:\\\/\\\/www.manabi.gob.ec\"],\"url\":\"https:\\\/\\\/www.manabi.gob.ec\\\/index.php\\\/author\\\/admin\\\/\"}]}<\/script>\n<!-- \/ Yoast SEO plugin. -->","yoast_head_json":{"title":"EN OLMEDO SE TRABAJA POR MEJORES V\u00cdAS - Prefectura de Manab\u00ed","robots":{"index":"index","follow":"follow","max-snippet":"max-snippet:-1","max-image-preview":"max-image-preview:large","max-video-preview":"max-video-preview:-1"},"canonical":"https:\/\/www.manabi.gob.ec\/index.php\/en-olmedo-se-trabaja-por-mejores-vias\/","og_locale":"es_ES","og_type":"article","og_title":"EN OLMEDO SE TRABAJA POR MEJORES V\u00cdAS - Prefectura de Manab\u00ed","og_description":"El Gobierno de Manab\u00ed y el Municipio del cant\u00f3n Olmedo trabajan en varios frentes viales para que las comunidades de esta jurisdicci\u00f3n tengan caminos en buen estado que les permita una mejor conectividad. Hace dos semanas trabajan en&nbsp;el mantenimiento&nbsp;&nbsp;de la v\u00eda San Pablo \u2013 Pescado Abajo \u2013 Pescado Arriba en una distancia de 11, 5 [&hellip;]","og_url":"https:\/\/www.manabi.gob.ec\/index.php\/en-olmedo-se-trabaja-por-mejores-vias\/","og_site_name":"Prefectura de Manab\u00ed","article_published_time":"2019-09-02T20:24:18+00:00","author":"admin","twitter_card":"summary_large_image","twitter_misc":{"Escrito por":"admin","Tiempo de lectura":"2 minutos"},"schema":{"@context":"https:\/\/schema.org","@graph":[{"@type":"Article","@id":"https:\/\/www.manabi.gob.ec\/index.php\/en-olmedo-se-trabaja-por-mejores-vias\/#article","isPartOf":{"@id":"https:\/\/www.manabi.gob.ec\/index.php\/en-olmedo-se-trabaja-por-mejores-vias\/"},"author":{"name":"admin","@id":"https:\/\/www.manabi.gob.ec\/#\/schema\/person\/cfc71bd68fe2703b779edcc292a49722"},"headline":"EN OLMEDO SE TRABAJA POR MEJORES V\u00cdAS","datePublished":"2019-09-02T20:24:18+00:00","mainEntityOfPage":{"@id":"https:\/\/www.manabi.gob.ec\/index.php\/en-olmedo-se-trabaja-por-mejores-vias\/"},"wordCount":328,"commentCount":0,"image":{"@id":"https:\/\/www.manabi.gob.ec\/index.php\/en-olmedo-se-trabaja-por-mejores-vias\/#primaryimage"},"thumbnailUrl":"","articleSection":["Noticias","Todas"],"inLanguage":"es","potentialAction":[{"@type":"CommentAction","name":"Comment","target":["https:\/\/www.manabi.gob.ec\/index.php\/en-olmedo-se-trabaja-por-mejores-vias\/#respond"]}]},{"@type":"WebPage","@id":"https:\/\/www.manabi.gob.ec\/index.php\/en-olmedo-se-trabaja-por-mejores-vias\/","url":"https:\/\/www.manabi.gob.ec\/index.php\/en-olmedo-se-trabaja-por-mejores-vias\/","name":"EN OLMEDO SE TRABAJA POR MEJORES V\u00cdAS - Prefectura de Manab\u00ed","isPartOf":{"@id":"https:\/\/www.manabi.gob.ec\/#website"},"primaryImageOfPage":{"@id":"https:\/\/www.manabi.gob.ec\/index.php\/en-olmedo-se-trabaja-por-mejores-vias\/#primaryimage"},"image":{"@id":"https:\/\/www.manabi.gob.ec\/index.php\/en-olmedo-se-trabaja-por-mejores-vias\/#primaryimage"},"thumbnailUrl":"","datePublished":"2019-09-02T20:24:18+00:00","author":{"@id":"https:\/\/www.manabi.gob.ec\/#\/schema\/person\/cfc71bd68fe2703b779edcc292a49722"},"breadcrumb":{"@id":"https:\/\/www.manabi.gob.ec\/index.php\/en-olmedo-se-trabaja-por-mejores-vias\/#breadcrumb"},"inLanguage":"es","potentialAction":[{"@type":"ReadAction","target":["https:\/\/www.manabi.gob.ec\/index.php\/en-olmedo-se-trabaja-por-mejores-vias\/"]}]},{"@type":"ImageObject","inLanguage":"es","@id":"https:\/\/www.manabi.gob.ec\/index.php\/en-olmedo-se-trabaja-por-mejores-vias\/#primaryimage","url":"","contentUrl":""},{"@type":"BreadcrumbList","@id":"https:\/\/www.manabi.gob.ec\/index.php\/en-olmedo-se-trabaja-por-mejores-vias\/#breadcrumb","itemListElement":[{"@type":"ListItem","position":1,"name":"Portada","item":"https:\/\/www.manabi.gob.ec\/"},{"@type":"ListItem","position":2,"name":"EN OLMEDO SE TRABAJA POR MEJORES V\u00cdAS"}]},{"@type":"WebSite","@id":"https:\/\/www.manabi.gob.ec\/#website","url":"https:\/\/www.manabi.gob.ec\/","name":"Prefectura de Manab\u00ed","description":"P\u00e1gina web de la prefectura","potentialAction":[{"@type":"SearchAction","target":{"@type":"EntryPoint","urlTemplate":"https:\/\/www.manabi.gob.ec\/?s={search_term_string}"},"query-input":{"@type":"PropertyValueSpecification","valueRequired":true,"valueName":"search_term_string"}}],"inLanguage":"es"},{"@type":"Person","@id":"https:\/\/www.manabi.gob.ec\/#\/schema\/person\/cfc71bd68fe2703b779edcc292a49722","name":"admin","image":{"@type":"ImageObject","inLanguage":"es","@id":"https:\/\/secure.gravatar.com\/avatar\/23e9f919492b0a2f65aa168e0d8c5c867ea853b61deffbadf08c7031e15b8d78?s=96&d=mm&r=g","url":"https:\/\/secure.gravatar.com\/avatar\/23e9f919492b0a2f65aa168e0d8c5c867ea853b61deffbadf08c7031e15b8d78?s=96&d=mm&r=g","contentUrl":"https:\/\/secure.gravatar.com\/avatar\/23e9f919492b0a2f65aa168e0d8c5c867ea853b61deffbadf08c7031e15b8d78?s=96&d=mm&r=g","caption":"admin"},"sameAs":["http:\/\/www.manabi.gob.ec"],"url":"https:\/\/www.manabi.gob.ec\/index.php\/author\/admin\/"}]}},"jetpack_featured_media_url":"","_links":{"self":[{"href":"https:\/\/www.manabi.gob.ec\/index.php\/wp-json\/wp\/v2\/posts\/13428","targetHints":{"allow":["GET"]}}],"collection":[{"href":"https:\/\/www.manabi.gob.ec\/index.php\/wp-json\/wp\/v2\/posts"}],"about":[{"href":"https:\/\/www.manabi.gob.ec\/index.php\/wp-json\/wp\/v2\/types\/post"}],"author":[{"embeddable":true,"href":"https:\/\/www.manabi.gob.ec\/index.php\/wp-json\/wp\/v2\/users\/1"}],"replies":[{"embeddable":true,"href":"https:\/\/www.manabi.gob.ec\/index.php\/wp-json\/wp\/v2\/comments?post=13428"}],"version-history":[{"count":0,"href":"https:\/\/www.manabi.gob.ec\/index.php\/wp-json\/wp\/v2\/posts\/13428\/revisions"}],"wp:featuredmedia":[{"embeddable":true,"href":"https:\/\/www.manabi.gob.ec\/index.php\/wp-json\/"}],"wp:attachment":[{"href":"https:\/\/www.manabi.gob.ec\/index.php\/wp-json\/wp\/v2\/media?parent=13428"}],"wp:term":[{"taxonomy":"category","embeddable":true,"href":"https:\/\/www.manabi.gob.ec\/index.php\/wp-json\/wp\/v2\/categories?post=13428"},{"taxonomy":"post_tag","embeddable":true,"href":"https:\/\/www.manabi.gob.ec\/index.php\/wp-json\/wp\/v2\/tags?post=13428"}],"curies":[{"name":"wp","href":"https:\/\/api.w.org\/{rel}","templated":true}]}}