{"id":13430,"date":"2019-09-03T08:39:58","date_gmt":"2019-09-03T13:39:58","guid":{"rendered":"http:\/\/www.manabi.gob.ec\/?p=13430"},"modified":"2019-09-03T08:39:58","modified_gmt":"2019-09-03T13:39:58","slug":"105-servidores-publicos-pasaron-al-codigo-de-trabajo","status":"publish","type":"post","link":"https:\/\/www.manabi.gob.ec\/index.php\/105-servidores-publicos-pasaron-al-codigo-de-trabajo\/","title":{"rendered":"105 SERVIDORES P\u00daBLICOS PASARON AL C\u00d3DIGO DE TRABAJO"},"content":{"rendered":"\n<p class=\"has-drop-cap\">Hoy se desarroll\u00f3 un acto\nen reconocimiento al proceso por el cual 105 servidores del Gobierno de Manab\u00ed\npasaron de la LOSEP&nbsp; a estar amparados por el C\u00f3digo de Trabajo como lo\nmanda la Constituci\u00f3n y la Ley.<\/p>\n\n\n<p>\u201dOjal\u00e1 coincidamos\ntodos en los valores de justicia, honestidad, y amor por la provincia, es todo\nlo que necesitamos\u201d, dijo en el acto Leonardo Orlando, quien ratific\u00f3 su\nconfianza y apoyo a la clase trabajadora.<\/p>\n\n\n<p>El acto se desarroll\u00f3\nla ma\u00f1ana de este lunes 2 de septiembre, en el Patio de M\u00e1quinas del Gobierno\nde Manab\u00ed y con ello se dio cumplimiento a la normativa vigente en reconocimiento\nde los derechos de los trabajadores.&nbsp;<\/p>\n\n\n<p>El director de\nTalento Humano, Eduardo Moreira, dio lectura de la Resoluci\u00f3n administrativa\nNo. 48-P-GPM-2019, que rige desde el 01 de septiembre y que implement\u00f3 la\nmedida para el paso de la Ley Org\u00e1nica de Servicio P\u00fablico (LOSEP) al C\u00f3digo de\nTrabajo.<\/p>\n\n\n<p>Sandro Arteaga,\nSecretario de Operadores, resalt\u00f3 la visi\u00f3n de la actual administraci\u00f3n. \u201cNos\nenorgullece trabajar con quien defiende el derecho de los trabajadores mientras\nque en otras provincias est\u00e1n sacando gente\u201d, dijo.<\/p>\n\n\n<p>Klever Mendoza,\nsecretario general del Sindicato de Trabajadores, recalc\u00f3 que estas acciones\nson parte del Desarrollo y Equidad que en la administraci\u00f3n del Prefecto\nOrlando prevalece.<\/p>\n\n\n<p>En representaci\u00f3n de\nlos 105 servidores p\u00fablicos, Miguel \u00c1ngel Hern\u00e1ndez, dio las palabras de\nagradecimiento y destac\u00f3 que la medida da cumplimiento a la Ley&nbsp; mejora\nlos beneficios a los que tienen justo derecho.<\/p>\n\n\n<p>En su intervenci\u00f3n el\nPrefecto resalt\u00f3 la necesidad de trabajo por la provincia. \u00abEn tres lugares\ndiferentes que he recorrido me han felicitado por contar con obreros como\nHip\u00f3lito\u201d, dijo sobre Hip\u00f3lito Holgu\u00edn, un operador de motoniveladora que se ha\nganado el cari\u00f1o de las comunidades que han reconocido su dedicaci\u00f3n.<\/p>\n","protected":false},"excerpt":{"rendered":"<p>Hoy se desarroll\u00f3 un acto en reconocimiento al proceso por el cual 105 servidores del Gobierno de Manab\u00ed pasaron de la LOSEP&nbsp; a estar amparados por el C\u00f3digo de Trabajo como lo manda la Constituci\u00f3n y la Ley. \u201dOjal\u00e1 coincidamos todos en los valores de justicia, honestidad, y amor por la provincia, es todo lo [&hellip;]<\/p>\n","protected":false},"author":1,"featured_media":13431,"comment_status":"open","ping_status":"open","sticky":false,"template":"","format":"standard","meta":{"_joinchat":[],"footnotes":""},"categories":[92,91],"tags":[],"class_list":["post-13430","post","type-post","status-publish","format-standard","has-post-thumbnail","hentry","category-noticias-manabi","category-todas"],"yoast_head":"<!-- This site is optimized with the Yoast SEO plugin v27.4 - https:\/\/yoast.com\/product\/yoast-seo-wordpress\/ -->\n<title>105 SERVIDORES P\u00daBLICOS PASARON AL C\u00d3DIGO DE TRABAJO<\/title>\n<meta name=\"description\" content=\"\u201dOjal\u00e1 coincidamos todos en los valores de justicia, honestidad, y amor por la provincia, es todo lo que necesitamos\u201d, dijo en el acto Leonardo Orlando, quien ratific\u00f3 su confianza y apoyo a la clase trabajadora.\" \/>\n<meta name=\"robots\" content=\"index, follow, max-snippet:-1, max-image-preview:large, max-video-preview:-1\" \/>\n<link rel=\"canonical\" href=\"https:\/\/www.manabi.gob.ec\/index.php\/105-servidores-publicos-pasaron-al-codigo-de-trabajo\/\" \/>\n<meta property=\"og:locale\" content=\"es_ES\" \/>\n<meta property=\"og:type\" content=\"article\" \/>\n<meta property=\"og:title\" content=\"105 SERVIDORES P\u00daBLICOS PASARON AL C\u00d3DIGO DE TRABAJO\" \/>\n<meta property=\"og:description\" content=\"\u201dOjal\u00e1 coincidamos todos en los valores de justicia, honestidad, y amor por la provincia, es todo lo que necesitamos\u201d, dijo en el acto Leonardo Orlando, quien ratific\u00f3 su confianza y apoyo a la clase trabajadora.\" \/>\n<meta property=\"og:url\" content=\"https:\/\/www.manabi.gob.ec\/index.php\/105-servidores-publicos-pasaron-al-codigo-de-trabajo\/\" \/>\n<meta property=\"og:site_name\" content=\"Prefectura de Manab\u00ed\" \/>\n<meta property=\"article:published_time\" content=\"2019-09-03T13:39:58+00:00\" \/>\n<meta name=\"author\" content=\"admin\" \/>\n<meta name=\"twitter:card\" content=\"summary_large_image\" \/>\n<meta name=\"twitter:label1\" content=\"Escrito por\" \/>\n\t<meta name=\"twitter:data1\" content=\"admin\" \/>\n\t<meta name=\"twitter:label2\" content=\"Tiempo de lectura\" \/>\n\t<meta name=\"twitter:data2\" content=\"2 minutos\" \/>\n<script type=\"application\/ld+json\" class=\"yoast-schema-graph\">{\"@context\":\"https:\\\/\\\/schema.org\",\"@graph\":[{\"@type\":\"Article\",\"@id\":\"https:\\\/\\\/www.manabi.gob.ec\\\/index.php\\\/105-servidores-publicos-pasaron-al-codigo-de-trabajo\\\/#article\",\"isPartOf\":{\"@id\":\"https:\\\/\\\/www.manabi.gob.ec\\\/index.php\\\/105-servidores-publicos-pasaron-al-codigo-de-trabajo\\\/\"},\"author\":{\"name\":\"admin\",\"@id\":\"https:\\\/\\\/www.manabi.gob.ec\\\/#\\\/schema\\\/person\\\/cfc71bd68fe2703b779edcc292a49722\"},\"headline\":\"105 SERVIDORES P\u00daBLICOS PASARON AL C\u00d3DIGO DE TRABAJO\",\"datePublished\":\"2019-09-03T13:39:58+00:00\",\"mainEntityOfPage\":{\"@id\":\"https:\\\/\\\/www.manabi.gob.ec\\\/index.php\\\/105-servidores-publicos-pasaron-al-codigo-de-trabajo\\\/\"},\"wordCount\":326,\"commentCount\":0,\"image\":{\"@id\":\"https:\\\/\\\/www.manabi.gob.ec\\\/index.php\\\/105-servidores-publicos-pasaron-al-codigo-de-trabajo\\\/#primaryimage\"},\"thumbnailUrl\":\"\",\"articleSection\":[\"Noticias\",\"Todas\"],\"inLanguage\":\"es\",\"potentialAction\":[{\"@type\":\"CommentAction\",\"name\":\"Comment\",\"target\":[\"https:\\\/\\\/www.manabi.gob.ec\\\/index.php\\\/105-servidores-publicos-pasaron-al-codigo-de-trabajo\\\/#respond\"]}]},{\"@type\":\"WebPage\",\"@id\":\"https:\\\/\\\/www.manabi.gob.ec\\\/index.php\\\/105-servidores-publicos-pasaron-al-codigo-de-trabajo\\\/\",\"url\":\"https:\\\/\\\/www.manabi.gob.ec\\\/index.php\\\/105-servidores-publicos-pasaron-al-codigo-de-trabajo\\\/\",\"name\":\"105 SERVIDORES P\u00daBLICOS PASARON AL C\u00d3DIGO DE TRABAJO\",\"isPartOf\":{\"@id\":\"https:\\\/\\\/www.manabi.gob.ec\\\/#website\"},\"primaryImageOfPage\":{\"@id\":\"https:\\\/\\\/www.manabi.gob.ec\\\/index.php\\\/105-servidores-publicos-pasaron-al-codigo-de-trabajo\\\/#primaryimage\"},\"image\":{\"@id\":\"https:\\\/\\\/www.manabi.gob.ec\\\/index.php\\\/105-servidores-publicos-pasaron-al-codigo-de-trabajo\\\/#primaryimage\"},\"thumbnailUrl\":\"\",\"datePublished\":\"2019-09-03T13:39:58+00:00\",\"author\":{\"@id\":\"https:\\\/\\\/www.manabi.gob.ec\\\/#\\\/schema\\\/person\\\/cfc71bd68fe2703b779edcc292a49722\"},\"description\":\"\u201dOjal\u00e1 coincidamos todos en los valores de justicia, honestidad, y amor por la provincia, es todo lo que necesitamos\u201d, dijo en el acto Leonardo Orlando, quien ratific\u00f3 su confianza y apoyo a la clase trabajadora.\",\"breadcrumb\":{\"@id\":\"https:\\\/\\\/www.manabi.gob.ec\\\/index.php\\\/105-servidores-publicos-pasaron-al-codigo-de-trabajo\\\/#breadcrumb\"},\"inLanguage\":\"es\",\"potentialAction\":[{\"@type\":\"ReadAction\",\"target\":[\"https:\\\/\\\/www.manabi.gob.ec\\\/index.php\\\/105-servidores-publicos-pasaron-al-codigo-de-trabajo\\\/\"]}]},{\"@type\":\"ImageObject\",\"inLanguage\":\"es\",\"@id\":\"https:\\\/\\\/www.manabi.gob.ec\\\/index.php\\\/105-servidores-publicos-pasaron-al-codigo-de-trabajo\\\/#primaryimage\",\"url\":\"\",\"contentUrl\":\"\"},{\"@type\":\"BreadcrumbList\",\"@id\":\"https:\\\/\\\/www.manabi.gob.ec\\\/index.php\\\/105-servidores-publicos-pasaron-al-codigo-de-trabajo\\\/#breadcrumb\",\"itemListElement\":[{\"@type\":\"ListItem\",\"position\":1,\"name\":\"Portada\",\"item\":\"https:\\\/\\\/www.manabi.gob.ec\\\/\"},{\"@type\":\"ListItem\",\"position\":2,\"name\":\"105 SERVIDORES P\u00daBLICOS PASARON AL C\u00d3DIGO DE TRABAJO\"}]},{\"@type\":\"WebSite\",\"@id\":\"https:\\\/\\\/www.manabi.gob.ec\\\/#website\",\"url\":\"https:\\\/\\\/www.manabi.gob.ec\\\/\",\"name\":\"Prefectura de Manab\u00ed\",\"description\":\"P\u00e1gina web de la prefectura\",\"potentialAction\":[{\"@type\":\"SearchAction\",\"target\":{\"@type\":\"EntryPoint\",\"urlTemplate\":\"https:\\\/\\\/www.manabi.gob.ec\\\/?s={search_term_string}\"},\"query-input\":{\"@type\":\"PropertyValueSpecification\",\"valueRequired\":true,\"valueName\":\"search_term_string\"}}],\"inLanguage\":\"es\"},{\"@type\":\"Person\",\"@id\":\"https:\\\/\\\/www.manabi.gob.ec\\\/#\\\/schema\\\/person\\\/cfc71bd68fe2703b779edcc292a49722\",\"name\":\"admin\",\"image\":{\"@type\":\"ImageObject\",\"inLanguage\":\"es\",\"@id\":\"https:\\\/\\\/secure.gravatar.com\\\/avatar\\\/23e9f919492b0a2f65aa168e0d8c5c867ea853b61deffbadf08c7031e15b8d78?s=96&d=mm&r=g\",\"url\":\"https:\\\/\\\/secure.gravatar.com\\\/avatar\\\/23e9f919492b0a2f65aa168e0d8c5c867ea853b61deffbadf08c7031e15b8d78?s=96&d=mm&r=g\",\"contentUrl\":\"https:\\\/\\\/secure.gravatar.com\\\/avatar\\\/23e9f919492b0a2f65aa168e0d8c5c867ea853b61deffbadf08c7031e15b8d78?s=96&d=mm&r=g\",\"caption\":\"admin\"},\"sameAs\":[\"http:\\\/\\\/www.manabi.gob.ec\"],\"url\":\"https:\\\/\\\/www.manabi.gob.ec\\\/index.php\\\/author\\\/admin\\\/\"}]}<\/script>\n<!-- \/ Yoast SEO plugin. -->","yoast_head_json":{"title":"105 SERVIDORES P\u00daBLICOS PASARON AL C\u00d3DIGO DE TRABAJO","description":"\u201dOjal\u00e1 coincidamos todos en los valores de justicia, honestidad, y amor por la provincia, es todo lo que necesitamos\u201d, dijo en el acto Leonardo Orlando, quien ratific\u00f3 su confianza y apoyo a la clase trabajadora.","robots":{"index":"index","follow":"follow","max-snippet":"max-snippet:-1","max-image-preview":"max-image-preview:large","max-video-preview":"max-video-preview:-1"},"canonical":"https:\/\/www.manabi.gob.ec\/index.php\/105-servidores-publicos-pasaron-al-codigo-de-trabajo\/","og_locale":"es_ES","og_type":"article","og_title":"105 SERVIDORES P\u00daBLICOS PASARON AL C\u00d3DIGO DE TRABAJO","og_description":"\u201dOjal\u00e1 coincidamos todos en los valores de justicia, honestidad, y amor por la provincia, es todo lo que necesitamos\u201d, dijo en el acto Leonardo Orlando, quien ratific\u00f3 su confianza y apoyo a la clase trabajadora.","og_url":"https:\/\/www.manabi.gob.ec\/index.php\/105-servidores-publicos-pasaron-al-codigo-de-trabajo\/","og_site_name":"Prefectura de Manab\u00ed","article_published_time":"2019-09-03T13:39:58+00:00","author":"admin","twitter_card":"summary_large_image","twitter_misc":{"Escrito por":"admin","Tiempo de lectura":"2 minutos"},"schema":{"@context":"https:\/\/schema.org","@graph":[{"@type":"Article","@id":"https:\/\/www.manabi.gob.ec\/index.php\/105-servidores-publicos-pasaron-al-codigo-de-trabajo\/#article","isPartOf":{"@id":"https:\/\/www.manabi.gob.ec\/index.php\/105-servidores-publicos-pasaron-al-codigo-de-trabajo\/"},"author":{"name":"admin","@id":"https:\/\/www.manabi.gob.ec\/#\/schema\/person\/cfc71bd68fe2703b779edcc292a49722"},"headline":"105 SERVIDORES P\u00daBLICOS PASARON AL C\u00d3DIGO DE TRABAJO","datePublished":"2019-09-03T13:39:58+00:00","mainEntityOfPage":{"@id":"https:\/\/www.manabi.gob.ec\/index.php\/105-servidores-publicos-pasaron-al-codigo-de-trabajo\/"},"wordCount":326,"commentCount":0,"image":{"@id":"https:\/\/www.manabi.gob.ec\/index.php\/105-servidores-publicos-pasaron-al-codigo-de-trabajo\/#primaryimage"},"thumbnailUrl":"","articleSection":["Noticias","Todas"],"inLanguage":"es","potentialAction":[{"@type":"CommentAction","name":"Comment","target":["https:\/\/www.manabi.gob.ec\/index.php\/105-servidores-publicos-pasaron-al-codigo-de-trabajo\/#respond"]}]},{"@type":"WebPage","@id":"https:\/\/www.manabi.gob.ec\/index.php\/105-servidores-publicos-pasaron-al-codigo-de-trabajo\/","url":"https:\/\/www.manabi.gob.ec\/index.php\/105-servidores-publicos-pasaron-al-codigo-de-trabajo\/","name":"105 SERVIDORES P\u00daBLICOS PASARON AL C\u00d3DIGO DE TRABAJO","isPartOf":{"@id":"https:\/\/www.manabi.gob.ec\/#website"},"primaryImageOfPage":{"@id":"https:\/\/www.manabi.gob.ec\/index.php\/105-servidores-publicos-pasaron-al-codigo-de-trabajo\/#primaryimage"},"image":{"@id":"https:\/\/www.manabi.gob.ec\/index.php\/105-servidores-publicos-pasaron-al-codigo-de-trabajo\/#primaryimage"},"thumbnailUrl":"","datePublished":"2019-09-03T13:39:58+00:00","author":{"@id":"https:\/\/www.manabi.gob.ec\/#\/schema\/person\/cfc71bd68fe2703b779edcc292a49722"},"description":"\u201dOjal\u00e1 coincidamos todos en los valores de justicia, honestidad, y amor por la provincia, es todo lo que necesitamos\u201d, dijo en el acto Leonardo Orlando, quien ratific\u00f3 su confianza y apoyo a la clase trabajadora.","breadcrumb":{"@id":"https:\/\/www.manabi.gob.ec\/index.php\/105-servidores-publicos-pasaron-al-codigo-de-trabajo\/#breadcrumb"},"inLanguage":"es","potentialAction":[{"@type":"ReadAction","target":["https:\/\/www.manabi.gob.ec\/index.php\/105-servidores-publicos-pasaron-al-codigo-de-trabajo\/"]}]},{"@type":"ImageObject","inLanguage":"es","@id":"https:\/\/www.manabi.gob.ec\/index.php\/105-servidores-publicos-pasaron-al-codigo-de-trabajo\/#primaryimage","url":"","contentUrl":""},{"@type":"BreadcrumbList","@id":"https:\/\/www.manabi.gob.ec\/index.php\/105-servidores-publicos-pasaron-al-codigo-de-trabajo\/#breadcrumb","itemListElement":[{"@type":"ListItem","position":1,"name":"Portada","item":"https:\/\/www.manabi.gob.ec\/"},{"@type":"ListItem","position":2,"name":"105 SERVIDORES P\u00daBLICOS PASARON AL C\u00d3DIGO DE TRABAJO"}]},{"@type":"WebSite","@id":"https:\/\/www.manabi.gob.ec\/#website","url":"https:\/\/www.manabi.gob.ec\/","name":"Prefectura de Manab\u00ed","description":"P\u00e1gina web de la prefectura","potentialAction":[{"@type":"SearchAction","target":{"@type":"EntryPoint","urlTemplate":"https:\/\/www.manabi.gob.ec\/?s={search_term_string}"},"query-input":{"@type":"PropertyValueSpecification","valueRequired":true,"valueName":"search_term_string"}}],"inLanguage":"es"},{"@type":"Person","@id":"https:\/\/www.manabi.gob.ec\/#\/schema\/person\/cfc71bd68fe2703b779edcc292a49722","name":"admin","image":{"@type":"ImageObject","inLanguage":"es","@id":"https:\/\/secure.gravatar.com\/avatar\/23e9f919492b0a2f65aa168e0d8c5c867ea853b61deffbadf08c7031e15b8d78?s=96&d=mm&r=g","url":"https:\/\/secure.gravatar.com\/avatar\/23e9f919492b0a2f65aa168e0d8c5c867ea853b61deffbadf08c7031e15b8d78?s=96&d=mm&r=g","contentUrl":"https:\/\/secure.gravatar.com\/avatar\/23e9f919492b0a2f65aa168e0d8c5c867ea853b61deffbadf08c7031e15b8d78?s=96&d=mm&r=g","caption":"admin"},"sameAs":["http:\/\/www.manabi.gob.ec"],"url":"https:\/\/www.manabi.gob.ec\/index.php\/author\/admin\/"}]}},"jetpack_featured_media_url":"","_links":{"self":[{"href":"https:\/\/www.manabi.gob.ec\/index.php\/wp-json\/wp\/v2\/posts\/13430","targetHints":{"allow":["GET"]}}],"collection":[{"href":"https:\/\/www.manabi.gob.ec\/index.php\/wp-json\/wp\/v2\/posts"}],"about":[{"href":"https:\/\/www.manabi.gob.ec\/index.php\/wp-json\/wp\/v2\/types\/post"}],"author":[{"embeddable":true,"href":"https:\/\/www.manabi.gob.ec\/index.php\/wp-json\/wp\/v2\/users\/1"}],"replies":[{"embeddable":true,"href":"https:\/\/www.manabi.gob.ec\/index.php\/wp-json\/wp\/v2\/comments?post=13430"}],"version-history":[{"count":0,"href":"https:\/\/www.manabi.gob.ec\/index.php\/wp-json\/wp\/v2\/posts\/13430\/revisions"}],"wp:featuredmedia":[{"embeddable":true,"href":"https:\/\/www.manabi.gob.ec\/index.php\/wp-json\/"}],"wp:attachment":[{"href":"https:\/\/www.manabi.gob.ec\/index.php\/wp-json\/wp\/v2\/media?parent=13430"}],"wp:term":[{"taxonomy":"category","embeddable":true,"href":"https:\/\/www.manabi.gob.ec\/index.php\/wp-json\/wp\/v2\/categories?post=13430"},{"taxonomy":"post_tag","embeddable":true,"href":"https:\/\/www.manabi.gob.ec\/index.php\/wp-json\/wp\/v2\/tags?post=13430"}],"curies":[{"name":"wp","href":"https:\/\/api.w.org\/{rel}","templated":true}]}}