{"id":13435,"date":"2019-09-03T16:09:09","date_gmt":"2019-09-03T21:09:09","guid":{"rendered":"http:\/\/www.manabi.gob.ec\/?p=13435"},"modified":"2019-09-03T16:09:09","modified_gmt":"2019-09-03T21:09:09","slug":"aniversario-olmedo-y-puerto-lopez","status":"publish","type":"post","link":"https:\/\/www.manabi.gob.ec\/index.php\/aniversario-olmedo-y-puerto-lopez\/","title":{"rendered":"ANIVERSARIO OLMEDO Y PUERTO L\u00d3PEZ"},"content":{"rendered":"\n<p class=\"has-drop-cap\">El pasado 31 de agosto los cantones Olmedo y Puerto L\u00f3pez\ncelebraron un a\u00f1o m\u00e1s de cantonizaci\u00f3n.<\/p>\n\n\n<p>En la ma\u00f1ana el prefecto Leonardo Orlando comparti\u00f3 con los\nhabitantes de Olmedo los 25 a\u00f1os de creaci\u00f3n. Desfil\u00f3 junto al alcalde Fausto\nAvil\u00e9s y otras autoridades.<\/p>\n\n\n<p>El desfile c\u00edvico &#8211; estudiantil se inici\u00f3 en el estadio de Olmedo\ny recorri\u00f3 las principales calles del cant\u00f3n. Al ritmo de las bandas musicales se\npresentaron hermosas coreograf\u00edas al p\u00fablico que se congreg\u00f3 en veredas y\nbalcones.<\/p>\n\n\n<p>Puerto L\u00f3pez cant\u00f3n ubicado al sur de Manab\u00ed tambi\u00e9n celebr\u00f3 ese\nmismo d\u00eda 25 a\u00f1os de cantonizaci\u00f3n. El Prefecto Leonardo Orlando particip\u00f3 de\nlas festividades de la sesi\u00f3n solemne d\u00f3nde firm\u00f3 un convenio marco de\ncooperaci\u00f3n con el Gobierno Cantonal para trabajar coordinadamente&nbsp;&nbsp;&nbsp;en\ntrabajos viales, ambientales, productivos y de desarrollo humano.<\/p>\n\n\n<p>El Prefecto tambi\u00e9n destac\u00f3 el programa recreativo \u201cEntrenando\nValores\u201d que permitir\u00e1 la formaci\u00f3n deportiva e integral de 150 ni\u00f1os y ni\u00f1as\nde Las parroquias Salango y Machalilla.<\/p>\n\n\n<p>Anunci\u00f3 adem\u00e1s que el Gobierno de Manab\u00ed\ncontinuar\u00e1&nbsp;&nbsp;trabajando por la ni\u00f1ez de Puerto L\u00f3pez en convenio con\nel Ministerio de Inclusi\u00f3n Econ\u00f3mica y Social (MIES) a trav\u00e9s de los Centros de\nDesarrollo Infantil (CDI) y en Machalilla en convenio con la Fundaci\u00f3n CRISFE\nse trabajar\u00e1 por el emprendimiento y desarrollo comunitario.<\/p>\n","protected":false},"excerpt":{"rendered":"<p>El pasado 31 de agosto los cantones Olmedo y Puerto L\u00f3pez celebraron un a\u00f1o m\u00e1s de cantonizaci\u00f3n. En la ma\u00f1ana el prefecto Leonardo Orlando comparti\u00f3 con los habitantes de Olmedo los 25 a\u00f1os de creaci\u00f3n. Desfil\u00f3 junto al alcalde Fausto Avil\u00e9s y otras autoridades. El desfile c\u00edvico &#8211; estudiantil se inici\u00f3 en el estadio de [&hellip;]<\/p>\n","protected":false},"author":1,"featured_media":13436,"comment_status":"open","ping_status":"open","sticky":false,"template":"","format":"standard","meta":{"_joinchat":[],"footnotes":""},"categories":[92,91],"tags":[],"class_list":["post-13435","post","type-post","status-publish","format-standard","has-post-thumbnail","hentry","category-noticias-manabi","category-todas"],"yoast_head":"<!-- This site is optimized with the Yoast SEO plugin v27.4 - https:\/\/yoast.com\/product\/yoast-seo-wordpress\/ -->\n<title>ANIVERSARIO OLMEDO Y PUERTO L\u00d3PEZ - Prefectura de Manab\u00ed<\/title>\n<meta name=\"description\" content=\"El pasado 31 de agosto los cantones Olmedo y Puerto L\u00f3pez celebraron un a\u00f1o m\u00e1s de cantonizaci\u00f3n.\" \/>\n<meta name=\"robots\" content=\"index, follow, max-snippet:-1, max-image-preview:large, max-video-preview:-1\" \/>\n<link rel=\"canonical\" href=\"https:\/\/www.manabi.gob.ec\/index.php\/aniversario-olmedo-y-puerto-lopez\/\" \/>\n<meta property=\"og:locale\" content=\"es_ES\" \/>\n<meta property=\"og:type\" content=\"article\" \/>\n<meta property=\"og:title\" content=\"ANIVERSARIO OLMEDO Y PUERTO L\u00d3PEZ - Prefectura de Manab\u00ed\" \/>\n<meta property=\"og:description\" content=\"El pasado 31 de agosto los cantones Olmedo y Puerto L\u00f3pez celebraron un a\u00f1o m\u00e1s de cantonizaci\u00f3n.\" \/>\n<meta property=\"og:url\" content=\"https:\/\/www.manabi.gob.ec\/index.php\/aniversario-olmedo-y-puerto-lopez\/\" \/>\n<meta property=\"og:site_name\" content=\"Prefectura de Manab\u00ed\" \/>\n<meta property=\"article:published_time\" content=\"2019-09-03T21:09:09+00:00\" \/>\n<meta name=\"author\" content=\"admin\" \/>\n<meta name=\"twitter:card\" content=\"summary_large_image\" \/>\n<meta name=\"twitter:label1\" content=\"Escrito por\" \/>\n\t<meta name=\"twitter:data1\" content=\"admin\" \/>\n\t<meta name=\"twitter:label2\" content=\"Tiempo de lectura\" \/>\n\t<meta name=\"twitter:data2\" content=\"1 minuto\" \/>\n<script type=\"application\/ld+json\" class=\"yoast-schema-graph\">{\"@context\":\"https:\\\/\\\/schema.org\",\"@graph\":[{\"@type\":\"Article\",\"@id\":\"https:\\\/\\\/www.manabi.gob.ec\\\/index.php\\\/aniversario-olmedo-y-puerto-lopez\\\/#article\",\"isPartOf\":{\"@id\":\"https:\\\/\\\/www.manabi.gob.ec\\\/index.php\\\/aniversario-olmedo-y-puerto-lopez\\\/\"},\"author\":{\"name\":\"admin\",\"@id\":\"https:\\\/\\\/www.manabi.gob.ec\\\/#\\\/schema\\\/person\\\/cfc71bd68fe2703b779edcc292a49722\"},\"headline\":\"ANIVERSARIO OLMEDO Y PUERTO L\u00d3PEZ\",\"datePublished\":\"2019-09-03T21:09:09+00:00\",\"mainEntityOfPage\":{\"@id\":\"https:\\\/\\\/www.manabi.gob.ec\\\/index.php\\\/aniversario-olmedo-y-puerto-lopez\\\/\"},\"wordCount\":252,\"commentCount\":0,\"image\":{\"@id\":\"https:\\\/\\\/www.manabi.gob.ec\\\/index.php\\\/aniversario-olmedo-y-puerto-lopez\\\/#primaryimage\"},\"thumbnailUrl\":\"\",\"articleSection\":[\"Noticias\",\"Todas\"],\"inLanguage\":\"es\",\"potentialAction\":[{\"@type\":\"CommentAction\",\"name\":\"Comment\",\"target\":[\"https:\\\/\\\/www.manabi.gob.ec\\\/index.php\\\/aniversario-olmedo-y-puerto-lopez\\\/#respond\"]}]},{\"@type\":\"WebPage\",\"@id\":\"https:\\\/\\\/www.manabi.gob.ec\\\/index.php\\\/aniversario-olmedo-y-puerto-lopez\\\/\",\"url\":\"https:\\\/\\\/www.manabi.gob.ec\\\/index.php\\\/aniversario-olmedo-y-puerto-lopez\\\/\",\"name\":\"ANIVERSARIO OLMEDO Y PUERTO L\u00d3PEZ - Prefectura de Manab\u00ed\",\"isPartOf\":{\"@id\":\"https:\\\/\\\/www.manabi.gob.ec\\\/#website\"},\"primaryImageOfPage\":{\"@id\":\"https:\\\/\\\/www.manabi.gob.ec\\\/index.php\\\/aniversario-olmedo-y-puerto-lopez\\\/#primaryimage\"},\"image\":{\"@id\":\"https:\\\/\\\/www.manabi.gob.ec\\\/index.php\\\/aniversario-olmedo-y-puerto-lopez\\\/#primaryimage\"},\"thumbnailUrl\":\"\",\"datePublished\":\"2019-09-03T21:09:09+00:00\",\"author\":{\"@id\":\"https:\\\/\\\/www.manabi.gob.ec\\\/#\\\/schema\\\/person\\\/cfc71bd68fe2703b779edcc292a49722\"},\"description\":\"El pasado 31 de agosto los cantones Olmedo y Puerto L\u00f3pez celebraron un a\u00f1o m\u00e1s de cantonizaci\u00f3n.\",\"breadcrumb\":{\"@id\":\"https:\\\/\\\/www.manabi.gob.ec\\\/index.php\\\/aniversario-olmedo-y-puerto-lopez\\\/#breadcrumb\"},\"inLanguage\":\"es\",\"potentialAction\":[{\"@type\":\"ReadAction\",\"target\":[\"https:\\\/\\\/www.manabi.gob.ec\\\/index.php\\\/aniversario-olmedo-y-puerto-lopez\\\/\"]}]},{\"@type\":\"ImageObject\",\"inLanguage\":\"es\",\"@id\":\"https:\\\/\\\/www.manabi.gob.ec\\\/index.php\\\/aniversario-olmedo-y-puerto-lopez\\\/#primaryimage\",\"url\":\"\",\"contentUrl\":\"\"},{\"@type\":\"BreadcrumbList\",\"@id\":\"https:\\\/\\\/www.manabi.gob.ec\\\/index.php\\\/aniversario-olmedo-y-puerto-lopez\\\/#breadcrumb\",\"itemListElement\":[{\"@type\":\"ListItem\",\"position\":1,\"name\":\"Portada\",\"item\":\"https:\\\/\\\/www.manabi.gob.ec\\\/\"},{\"@type\":\"ListItem\",\"position\":2,\"name\":\"ANIVERSARIO OLMEDO Y PUERTO L\u00d3PEZ\"}]},{\"@type\":\"WebSite\",\"@id\":\"https:\\\/\\\/www.manabi.gob.ec\\\/#website\",\"url\":\"https:\\\/\\\/www.manabi.gob.ec\\\/\",\"name\":\"Prefectura de Manab\u00ed\",\"description\":\"P\u00e1gina web de la prefectura\",\"potentialAction\":[{\"@type\":\"SearchAction\",\"target\":{\"@type\":\"EntryPoint\",\"urlTemplate\":\"https:\\\/\\\/www.manabi.gob.ec\\\/?s={search_term_string}\"},\"query-input\":{\"@type\":\"PropertyValueSpecification\",\"valueRequired\":true,\"valueName\":\"search_term_string\"}}],\"inLanguage\":\"es\"},{\"@type\":\"Person\",\"@id\":\"https:\\\/\\\/www.manabi.gob.ec\\\/#\\\/schema\\\/person\\\/cfc71bd68fe2703b779edcc292a49722\",\"name\":\"admin\",\"image\":{\"@type\":\"ImageObject\",\"inLanguage\":\"es\",\"@id\":\"https:\\\/\\\/secure.gravatar.com\\\/avatar\\\/23e9f919492b0a2f65aa168e0d8c5c867ea853b61deffbadf08c7031e15b8d78?s=96&d=mm&r=g\",\"url\":\"https:\\\/\\\/secure.gravatar.com\\\/avatar\\\/23e9f919492b0a2f65aa168e0d8c5c867ea853b61deffbadf08c7031e15b8d78?s=96&d=mm&r=g\",\"contentUrl\":\"https:\\\/\\\/secure.gravatar.com\\\/avatar\\\/23e9f919492b0a2f65aa168e0d8c5c867ea853b61deffbadf08c7031e15b8d78?s=96&d=mm&r=g\",\"caption\":\"admin\"},\"sameAs\":[\"http:\\\/\\\/www.manabi.gob.ec\"],\"url\":\"https:\\\/\\\/www.manabi.gob.ec\\\/index.php\\\/author\\\/admin\\\/\"}]}<\/script>\n<!-- \/ Yoast SEO plugin. -->","yoast_head_json":{"title":"ANIVERSARIO OLMEDO Y PUERTO L\u00d3PEZ - Prefectura de Manab\u00ed","description":"El pasado 31 de agosto los cantones Olmedo y Puerto L\u00f3pez celebraron un a\u00f1o m\u00e1s de cantonizaci\u00f3n.","robots":{"index":"index","follow":"follow","max-snippet":"max-snippet:-1","max-image-preview":"max-image-preview:large","max-video-preview":"max-video-preview:-1"},"canonical":"https:\/\/www.manabi.gob.ec\/index.php\/aniversario-olmedo-y-puerto-lopez\/","og_locale":"es_ES","og_type":"article","og_title":"ANIVERSARIO OLMEDO Y PUERTO L\u00d3PEZ - Prefectura de Manab\u00ed","og_description":"El pasado 31 de agosto los cantones Olmedo y Puerto L\u00f3pez celebraron un a\u00f1o m\u00e1s de cantonizaci\u00f3n.","og_url":"https:\/\/www.manabi.gob.ec\/index.php\/aniversario-olmedo-y-puerto-lopez\/","og_site_name":"Prefectura de Manab\u00ed","article_published_time":"2019-09-03T21:09:09+00:00","author":"admin","twitter_card":"summary_large_image","twitter_misc":{"Escrito por":"admin","Tiempo de lectura":"1 minuto"},"schema":{"@context":"https:\/\/schema.org","@graph":[{"@type":"Article","@id":"https:\/\/www.manabi.gob.ec\/index.php\/aniversario-olmedo-y-puerto-lopez\/#article","isPartOf":{"@id":"https:\/\/www.manabi.gob.ec\/index.php\/aniversario-olmedo-y-puerto-lopez\/"},"author":{"name":"admin","@id":"https:\/\/www.manabi.gob.ec\/#\/schema\/person\/cfc71bd68fe2703b779edcc292a49722"},"headline":"ANIVERSARIO OLMEDO Y PUERTO L\u00d3PEZ","datePublished":"2019-09-03T21:09:09+00:00","mainEntityOfPage":{"@id":"https:\/\/www.manabi.gob.ec\/index.php\/aniversario-olmedo-y-puerto-lopez\/"},"wordCount":252,"commentCount":0,"image":{"@id":"https:\/\/www.manabi.gob.ec\/index.php\/aniversario-olmedo-y-puerto-lopez\/#primaryimage"},"thumbnailUrl":"","articleSection":["Noticias","Todas"],"inLanguage":"es","potentialAction":[{"@type":"CommentAction","name":"Comment","target":["https:\/\/www.manabi.gob.ec\/index.php\/aniversario-olmedo-y-puerto-lopez\/#respond"]}]},{"@type":"WebPage","@id":"https:\/\/www.manabi.gob.ec\/index.php\/aniversario-olmedo-y-puerto-lopez\/","url":"https:\/\/www.manabi.gob.ec\/index.php\/aniversario-olmedo-y-puerto-lopez\/","name":"ANIVERSARIO OLMEDO Y PUERTO L\u00d3PEZ - Prefectura de Manab\u00ed","isPartOf":{"@id":"https:\/\/www.manabi.gob.ec\/#website"},"primaryImageOfPage":{"@id":"https:\/\/www.manabi.gob.ec\/index.php\/aniversario-olmedo-y-puerto-lopez\/#primaryimage"},"image":{"@id":"https:\/\/www.manabi.gob.ec\/index.php\/aniversario-olmedo-y-puerto-lopez\/#primaryimage"},"thumbnailUrl":"","datePublished":"2019-09-03T21:09:09+00:00","author":{"@id":"https:\/\/www.manabi.gob.ec\/#\/schema\/person\/cfc71bd68fe2703b779edcc292a49722"},"description":"El pasado 31 de agosto los cantones Olmedo y Puerto L\u00f3pez celebraron un a\u00f1o m\u00e1s de cantonizaci\u00f3n.","breadcrumb":{"@id":"https:\/\/www.manabi.gob.ec\/index.php\/aniversario-olmedo-y-puerto-lopez\/#breadcrumb"},"inLanguage":"es","potentialAction":[{"@type":"ReadAction","target":["https:\/\/www.manabi.gob.ec\/index.php\/aniversario-olmedo-y-puerto-lopez\/"]}]},{"@type":"ImageObject","inLanguage":"es","@id":"https:\/\/www.manabi.gob.ec\/index.php\/aniversario-olmedo-y-puerto-lopez\/#primaryimage","url":"","contentUrl":""},{"@type":"BreadcrumbList","@id":"https:\/\/www.manabi.gob.ec\/index.php\/aniversario-olmedo-y-puerto-lopez\/#breadcrumb","itemListElement":[{"@type":"ListItem","position":1,"name":"Portada","item":"https:\/\/www.manabi.gob.ec\/"},{"@type":"ListItem","position":2,"name":"ANIVERSARIO OLMEDO Y PUERTO L\u00d3PEZ"}]},{"@type":"WebSite","@id":"https:\/\/www.manabi.gob.ec\/#website","url":"https:\/\/www.manabi.gob.ec\/","name":"Prefectura de Manab\u00ed","description":"P\u00e1gina web de la prefectura","potentialAction":[{"@type":"SearchAction","target":{"@type":"EntryPoint","urlTemplate":"https:\/\/www.manabi.gob.ec\/?s={search_term_string}"},"query-input":{"@type":"PropertyValueSpecification","valueRequired":true,"valueName":"search_term_string"}}],"inLanguage":"es"},{"@type":"Person","@id":"https:\/\/www.manabi.gob.ec\/#\/schema\/person\/cfc71bd68fe2703b779edcc292a49722","name":"admin","image":{"@type":"ImageObject","inLanguage":"es","@id":"https:\/\/secure.gravatar.com\/avatar\/23e9f919492b0a2f65aa168e0d8c5c867ea853b61deffbadf08c7031e15b8d78?s=96&d=mm&r=g","url":"https:\/\/secure.gravatar.com\/avatar\/23e9f919492b0a2f65aa168e0d8c5c867ea853b61deffbadf08c7031e15b8d78?s=96&d=mm&r=g","contentUrl":"https:\/\/secure.gravatar.com\/avatar\/23e9f919492b0a2f65aa168e0d8c5c867ea853b61deffbadf08c7031e15b8d78?s=96&d=mm&r=g","caption":"admin"},"sameAs":["http:\/\/www.manabi.gob.ec"],"url":"https:\/\/www.manabi.gob.ec\/index.php\/author\/admin\/"}]}},"jetpack_featured_media_url":"","_links":{"self":[{"href":"https:\/\/www.manabi.gob.ec\/index.php\/wp-json\/wp\/v2\/posts\/13435","targetHints":{"allow":["GET"]}}],"collection":[{"href":"https:\/\/www.manabi.gob.ec\/index.php\/wp-json\/wp\/v2\/posts"}],"about":[{"href":"https:\/\/www.manabi.gob.ec\/index.php\/wp-json\/wp\/v2\/types\/post"}],"author":[{"embeddable":true,"href":"https:\/\/www.manabi.gob.ec\/index.php\/wp-json\/wp\/v2\/users\/1"}],"replies":[{"embeddable":true,"href":"https:\/\/www.manabi.gob.ec\/index.php\/wp-json\/wp\/v2\/comments?post=13435"}],"version-history":[{"count":0,"href":"https:\/\/www.manabi.gob.ec\/index.php\/wp-json\/wp\/v2\/posts\/13435\/revisions"}],"wp:featuredmedia":[{"embeddable":true,"href":"https:\/\/www.manabi.gob.ec\/index.php\/wp-json\/"}],"wp:attachment":[{"href":"https:\/\/www.manabi.gob.ec\/index.php\/wp-json\/wp\/v2\/media?parent=13435"}],"wp:term":[{"taxonomy":"category","embeddable":true,"href":"https:\/\/www.manabi.gob.ec\/index.php\/wp-json\/wp\/v2\/categories?post=13435"},{"taxonomy":"post_tag","embeddable":true,"href":"https:\/\/www.manabi.gob.ec\/index.php\/wp-json\/wp\/v2\/tags?post=13435"}],"curies":[{"name":"wp","href":"https:\/\/api.w.org\/{rel}","templated":true}]}}