{"id":13446,"date":"2019-09-09T14:41:56","date_gmt":"2019-09-09T19:41:56","guid":{"rendered":"http:\/\/www.manabi.gob.ec\/?p=13446"},"modified":"2019-09-09T14:41:56","modified_gmt":"2019-09-09T19:41:56","slug":"prefecto-se-reune-con-lideres-campesinos-de-manabi","status":"publish","type":"post","link":"https:\/\/www.manabi.gob.ec\/index.php\/prefecto-se-reune-con-lideres-campesinos-de-manabi\/","title":{"rendered":"PREFECTO SE RE\u00daNE CON L\u00cdDERES CAMPESINOS DE MANAB\u00cd"},"content":{"rendered":"<p style=\"text-align: justify;\">Una reuni\u00f3n de trabajo y coordinaci\u00f3n de acciones mantuvo el prefecto Leonardo Orlando con l\u00edderes comunitarios de Manab\u00ed. La cita se dio este s\u00e1bado en Portoviejo en el sitio Los \u00c1ngeles de la parroquia Col\u00f3n.<\/p>\n<p style=\"text-align: justify;\">En el encuentro Orlando ratific\u00f3 el compromiso de su administraci\u00f3n con el campo y la convicci\u00f3n de sumar todos los esfuerzos para pagar la deuda hist\u00f3rica que ha existido con los agricultores.<\/p>\n<p style=\"text-align: justify;\">El Prefecto resalt\u00f3 que se interviene intensamente en actividades como la apertura de v\u00edas rurales y el fomento la producci\u00f3n. \u201cEn di\u00e1logo permanente con las comunidades estamos construyendo juntos una visi\u00f3n de desarrollo con equidad y solidaridad\u201d, se\u00f1al\u00f3 Orlando.<\/p>\n<p style=\"text-align: justify;\">Entre las obras que fueron explicadas est\u00e1n los ejes viales que permitir\u00e1n la conexi\u00f3n de la costa con el interior de la provincia y que dinamizar\u00e1n la econom\u00eda productiva y tur\u00edstica.<\/p>\n<p style=\"text-align: justify;\">\u201cVamos a escribir p\u00e1ginas brillantes en la historia pero juntos porque tenemos en nuestra tierra muchos Alfaros, Olmedos, Quijotes, Correas y vamos a defender la Revoluci\u00f3n\u201d, expres\u00f3.<\/p>\n<p style=\"text-align: justify;\">En la cita, Dilmo P\u00e1rraga, presidente de la Uni\u00f3n Provincial de Organizaciones Campesinas Manabitas (UPOCAM), destac\u00f3 la lucha hist\u00f3rica de los agricultores de esta provincia y asegur\u00f3 que \u201cvamos a respaldar todo lo que tenga que ver con el desarrollo de Manab\u00ed\u00bb.<\/p>\n<p style=\"text-align: justify;\">Jorge Andrade, dirigente campesino y anfitri\u00f3n del encuentro, resalt\u00f3 la confianza que hay en la administraci\u00f3n provincial. \u00abQueremos que Leonardo Orlando sea el director de orquesta de los campesinos y de los pescadores\u00bb, expres\u00f3 Andrade.<\/p>\n","protected":false},"excerpt":{"rendered":"<p>Una reuni\u00f3n de trabajo y coordinaci\u00f3n de acciones mantuvo el prefecto Leonardo Orlando con l\u00edderes comunitarios de Manab\u00ed. La cita se dio este s\u00e1bado en Portoviejo en el sitio Los \u00c1ngeles de la parroquia Col\u00f3n. En el encuentro Orlando ratific\u00f3 el compromiso de su administraci\u00f3n con el campo y la convicci\u00f3n de sumar todos los [&hellip;]<\/p>\n","protected":false},"author":1,"featured_media":13447,"comment_status":"open","ping_status":"open","sticky":false,"template":"","format":"standard","meta":{"_joinchat":[],"footnotes":""},"categories":[92,91],"tags":[],"class_list":["post-13446","post","type-post","status-publish","format-standard","has-post-thumbnail","hentry","category-noticias-manabi","category-todas"],"yoast_head":"<!-- This site is optimized with the Yoast SEO plugin v27.4 - https:\/\/yoast.com\/product\/yoast-seo-wordpress\/ -->\n<title>PREFECTO SE RE\u00daNE CON L\u00cdDERES CAMPESINOS DE MANAB\u00cd - Prefectura de Manab\u00ed<\/title>\n<meta name=\"description\" content=\"Una reuni\u00f3n de trabajo y coordinaci\u00f3n de acciones mantuvo el prefecto Leonardo Orlando con l\u00edderes comunitarios de Manab\u00ed. La cita se dio este s\u00e1bado en Portoviejo en el sitio Los \u00c1ngeles de la parroquia Col\u00f3n.\" \/>\n<meta name=\"robots\" content=\"index, follow, max-snippet:-1, max-image-preview:large, max-video-preview:-1\" \/>\n<link rel=\"canonical\" href=\"https:\/\/www.manabi.gob.ec\/index.php\/prefecto-se-reune-con-lideres-campesinos-de-manabi\/\" \/>\n<meta property=\"og:locale\" content=\"es_ES\" \/>\n<meta property=\"og:type\" content=\"article\" \/>\n<meta property=\"og:title\" content=\"PREFECTO SE RE\u00daNE CON L\u00cdDERES CAMPESINOS DE MANAB\u00cd - Prefectura de Manab\u00ed\" \/>\n<meta property=\"og:description\" content=\"Una reuni\u00f3n de trabajo y coordinaci\u00f3n de acciones mantuvo el prefecto Leonardo Orlando con l\u00edderes comunitarios de Manab\u00ed. La cita se dio este s\u00e1bado en Portoviejo en el sitio Los \u00c1ngeles de la parroquia Col\u00f3n.\" \/>\n<meta property=\"og:url\" content=\"https:\/\/www.manabi.gob.ec\/index.php\/prefecto-se-reune-con-lideres-campesinos-de-manabi\/\" \/>\n<meta property=\"og:site_name\" content=\"Prefectura de Manab\u00ed\" \/>\n<meta property=\"article:published_time\" content=\"2019-09-09T19:41:56+00:00\" \/>\n<meta name=\"author\" content=\"admin\" \/>\n<meta name=\"twitter:card\" content=\"summary_large_image\" \/>\n<meta name=\"twitter:label1\" content=\"Escrito por\" \/>\n\t<meta name=\"twitter:data1\" content=\"admin\" \/>\n\t<meta name=\"twitter:label2\" content=\"Tiempo de lectura\" \/>\n\t<meta name=\"twitter:data2\" content=\"1 minuto\" \/>\n<script type=\"application\/ld+json\" class=\"yoast-schema-graph\">{\"@context\":\"https:\\\/\\\/schema.org\",\"@graph\":[{\"@type\":\"Article\",\"@id\":\"https:\\\/\\\/www.manabi.gob.ec\\\/index.php\\\/prefecto-se-reune-con-lideres-campesinos-de-manabi\\\/#article\",\"isPartOf\":{\"@id\":\"https:\\\/\\\/www.manabi.gob.ec\\\/index.php\\\/prefecto-se-reune-con-lideres-campesinos-de-manabi\\\/\"},\"author\":{\"name\":\"admin\",\"@id\":\"https:\\\/\\\/www.manabi.gob.ec\\\/#\\\/schema\\\/person\\\/cfc71bd68fe2703b779edcc292a49722\"},\"headline\":\"PREFECTO SE RE\u00daNE CON L\u00cdDERES CAMPESINOS DE MANAB\u00cd\",\"datePublished\":\"2019-09-09T19:41:56+00:00\",\"mainEntityOfPage\":{\"@id\":\"https:\\\/\\\/www.manabi.gob.ec\\\/index.php\\\/prefecto-se-reune-con-lideres-campesinos-de-manabi\\\/\"},\"wordCount\":277,\"commentCount\":0,\"image\":{\"@id\":\"https:\\\/\\\/www.manabi.gob.ec\\\/index.php\\\/prefecto-se-reune-con-lideres-campesinos-de-manabi\\\/#primaryimage\"},\"thumbnailUrl\":\"\",\"articleSection\":[\"Noticias\",\"Todas\"],\"inLanguage\":\"es\",\"potentialAction\":[{\"@type\":\"CommentAction\",\"name\":\"Comment\",\"target\":[\"https:\\\/\\\/www.manabi.gob.ec\\\/index.php\\\/prefecto-se-reune-con-lideres-campesinos-de-manabi\\\/#respond\"]}]},{\"@type\":\"WebPage\",\"@id\":\"https:\\\/\\\/www.manabi.gob.ec\\\/index.php\\\/prefecto-se-reune-con-lideres-campesinos-de-manabi\\\/\",\"url\":\"https:\\\/\\\/www.manabi.gob.ec\\\/index.php\\\/prefecto-se-reune-con-lideres-campesinos-de-manabi\\\/\",\"name\":\"PREFECTO SE RE\u00daNE CON L\u00cdDERES CAMPESINOS DE MANAB\u00cd - Prefectura de Manab\u00ed\",\"isPartOf\":{\"@id\":\"https:\\\/\\\/www.manabi.gob.ec\\\/#website\"},\"primaryImageOfPage\":{\"@id\":\"https:\\\/\\\/www.manabi.gob.ec\\\/index.php\\\/prefecto-se-reune-con-lideres-campesinos-de-manabi\\\/#primaryimage\"},\"image\":{\"@id\":\"https:\\\/\\\/www.manabi.gob.ec\\\/index.php\\\/prefecto-se-reune-con-lideres-campesinos-de-manabi\\\/#primaryimage\"},\"thumbnailUrl\":\"\",\"datePublished\":\"2019-09-09T19:41:56+00:00\",\"author\":{\"@id\":\"https:\\\/\\\/www.manabi.gob.ec\\\/#\\\/schema\\\/person\\\/cfc71bd68fe2703b779edcc292a49722\"},\"description\":\"Una reuni\u00f3n de trabajo y coordinaci\u00f3n de acciones mantuvo el prefecto Leonardo Orlando con l\u00edderes comunitarios de Manab\u00ed. La cita se dio este s\u00e1bado en Portoviejo en el sitio Los \u00c1ngeles de la parroquia Col\u00f3n.\",\"breadcrumb\":{\"@id\":\"https:\\\/\\\/www.manabi.gob.ec\\\/index.php\\\/prefecto-se-reune-con-lideres-campesinos-de-manabi\\\/#breadcrumb\"},\"inLanguage\":\"es\",\"potentialAction\":[{\"@type\":\"ReadAction\",\"target\":[\"https:\\\/\\\/www.manabi.gob.ec\\\/index.php\\\/prefecto-se-reune-con-lideres-campesinos-de-manabi\\\/\"]}]},{\"@type\":\"ImageObject\",\"inLanguage\":\"es\",\"@id\":\"https:\\\/\\\/www.manabi.gob.ec\\\/index.php\\\/prefecto-se-reune-con-lideres-campesinos-de-manabi\\\/#primaryimage\",\"url\":\"\",\"contentUrl\":\"\"},{\"@type\":\"BreadcrumbList\",\"@id\":\"https:\\\/\\\/www.manabi.gob.ec\\\/index.php\\\/prefecto-se-reune-con-lideres-campesinos-de-manabi\\\/#breadcrumb\",\"itemListElement\":[{\"@type\":\"ListItem\",\"position\":1,\"name\":\"Portada\",\"item\":\"https:\\\/\\\/www.manabi.gob.ec\\\/\"},{\"@type\":\"ListItem\",\"position\":2,\"name\":\"PREFECTO SE RE\u00daNE CON L\u00cdDERES CAMPESINOS DE MANAB\u00cd\"}]},{\"@type\":\"WebSite\",\"@id\":\"https:\\\/\\\/www.manabi.gob.ec\\\/#website\",\"url\":\"https:\\\/\\\/www.manabi.gob.ec\\\/\",\"name\":\"Prefectura de Manab\u00ed\",\"description\":\"P\u00e1gina web de la prefectura\",\"potentialAction\":[{\"@type\":\"SearchAction\",\"target\":{\"@type\":\"EntryPoint\",\"urlTemplate\":\"https:\\\/\\\/www.manabi.gob.ec\\\/?s={search_term_string}\"},\"query-input\":{\"@type\":\"PropertyValueSpecification\",\"valueRequired\":true,\"valueName\":\"search_term_string\"}}],\"inLanguage\":\"es\"},{\"@type\":\"Person\",\"@id\":\"https:\\\/\\\/www.manabi.gob.ec\\\/#\\\/schema\\\/person\\\/cfc71bd68fe2703b779edcc292a49722\",\"name\":\"admin\",\"image\":{\"@type\":\"ImageObject\",\"inLanguage\":\"es\",\"@id\":\"https:\\\/\\\/secure.gravatar.com\\\/avatar\\\/23e9f919492b0a2f65aa168e0d8c5c867ea853b61deffbadf08c7031e15b8d78?s=96&d=mm&r=g\",\"url\":\"https:\\\/\\\/secure.gravatar.com\\\/avatar\\\/23e9f919492b0a2f65aa168e0d8c5c867ea853b61deffbadf08c7031e15b8d78?s=96&d=mm&r=g\",\"contentUrl\":\"https:\\\/\\\/secure.gravatar.com\\\/avatar\\\/23e9f919492b0a2f65aa168e0d8c5c867ea853b61deffbadf08c7031e15b8d78?s=96&d=mm&r=g\",\"caption\":\"admin\"},\"sameAs\":[\"http:\\\/\\\/www.manabi.gob.ec\"],\"url\":\"https:\\\/\\\/www.manabi.gob.ec\\\/index.php\\\/author\\\/admin\\\/\"}]}<\/script>\n<!-- \/ Yoast SEO plugin. -->","yoast_head_json":{"title":"PREFECTO SE RE\u00daNE CON L\u00cdDERES CAMPESINOS DE MANAB\u00cd - Prefectura de Manab\u00ed","description":"Una reuni\u00f3n de trabajo y coordinaci\u00f3n de acciones mantuvo el prefecto Leonardo Orlando con l\u00edderes comunitarios de Manab\u00ed. La cita se dio este s\u00e1bado en Portoviejo en el sitio Los \u00c1ngeles de la parroquia Col\u00f3n.","robots":{"index":"index","follow":"follow","max-snippet":"max-snippet:-1","max-image-preview":"max-image-preview:large","max-video-preview":"max-video-preview:-1"},"canonical":"https:\/\/www.manabi.gob.ec\/index.php\/prefecto-se-reune-con-lideres-campesinos-de-manabi\/","og_locale":"es_ES","og_type":"article","og_title":"PREFECTO SE RE\u00daNE CON L\u00cdDERES CAMPESINOS DE MANAB\u00cd - Prefectura de Manab\u00ed","og_description":"Una reuni\u00f3n de trabajo y coordinaci\u00f3n de acciones mantuvo el prefecto Leonardo Orlando con l\u00edderes comunitarios de Manab\u00ed. La cita se dio este s\u00e1bado en Portoviejo en el sitio Los \u00c1ngeles de la parroquia Col\u00f3n.","og_url":"https:\/\/www.manabi.gob.ec\/index.php\/prefecto-se-reune-con-lideres-campesinos-de-manabi\/","og_site_name":"Prefectura de Manab\u00ed","article_published_time":"2019-09-09T19:41:56+00:00","author":"admin","twitter_card":"summary_large_image","twitter_misc":{"Escrito por":"admin","Tiempo de lectura":"1 minuto"},"schema":{"@context":"https:\/\/schema.org","@graph":[{"@type":"Article","@id":"https:\/\/www.manabi.gob.ec\/index.php\/prefecto-se-reune-con-lideres-campesinos-de-manabi\/#article","isPartOf":{"@id":"https:\/\/www.manabi.gob.ec\/index.php\/prefecto-se-reune-con-lideres-campesinos-de-manabi\/"},"author":{"name":"admin","@id":"https:\/\/www.manabi.gob.ec\/#\/schema\/person\/cfc71bd68fe2703b779edcc292a49722"},"headline":"PREFECTO SE RE\u00daNE CON L\u00cdDERES CAMPESINOS DE MANAB\u00cd","datePublished":"2019-09-09T19:41:56+00:00","mainEntityOfPage":{"@id":"https:\/\/www.manabi.gob.ec\/index.php\/prefecto-se-reune-con-lideres-campesinos-de-manabi\/"},"wordCount":277,"commentCount":0,"image":{"@id":"https:\/\/www.manabi.gob.ec\/index.php\/prefecto-se-reune-con-lideres-campesinos-de-manabi\/#primaryimage"},"thumbnailUrl":"","articleSection":["Noticias","Todas"],"inLanguage":"es","potentialAction":[{"@type":"CommentAction","name":"Comment","target":["https:\/\/www.manabi.gob.ec\/index.php\/prefecto-se-reune-con-lideres-campesinos-de-manabi\/#respond"]}]},{"@type":"WebPage","@id":"https:\/\/www.manabi.gob.ec\/index.php\/prefecto-se-reune-con-lideres-campesinos-de-manabi\/","url":"https:\/\/www.manabi.gob.ec\/index.php\/prefecto-se-reune-con-lideres-campesinos-de-manabi\/","name":"PREFECTO SE RE\u00daNE CON L\u00cdDERES CAMPESINOS DE MANAB\u00cd - Prefectura de Manab\u00ed","isPartOf":{"@id":"https:\/\/www.manabi.gob.ec\/#website"},"primaryImageOfPage":{"@id":"https:\/\/www.manabi.gob.ec\/index.php\/prefecto-se-reune-con-lideres-campesinos-de-manabi\/#primaryimage"},"image":{"@id":"https:\/\/www.manabi.gob.ec\/index.php\/prefecto-se-reune-con-lideres-campesinos-de-manabi\/#primaryimage"},"thumbnailUrl":"","datePublished":"2019-09-09T19:41:56+00:00","author":{"@id":"https:\/\/www.manabi.gob.ec\/#\/schema\/person\/cfc71bd68fe2703b779edcc292a49722"},"description":"Una reuni\u00f3n de trabajo y coordinaci\u00f3n de acciones mantuvo el prefecto Leonardo Orlando con l\u00edderes comunitarios de Manab\u00ed. La cita se dio este s\u00e1bado en Portoviejo en el sitio Los \u00c1ngeles de la parroquia Col\u00f3n.","breadcrumb":{"@id":"https:\/\/www.manabi.gob.ec\/index.php\/prefecto-se-reune-con-lideres-campesinos-de-manabi\/#breadcrumb"},"inLanguage":"es","potentialAction":[{"@type":"ReadAction","target":["https:\/\/www.manabi.gob.ec\/index.php\/prefecto-se-reune-con-lideres-campesinos-de-manabi\/"]}]},{"@type":"ImageObject","inLanguage":"es","@id":"https:\/\/www.manabi.gob.ec\/index.php\/prefecto-se-reune-con-lideres-campesinos-de-manabi\/#primaryimage","url":"","contentUrl":""},{"@type":"BreadcrumbList","@id":"https:\/\/www.manabi.gob.ec\/index.php\/prefecto-se-reune-con-lideres-campesinos-de-manabi\/#breadcrumb","itemListElement":[{"@type":"ListItem","position":1,"name":"Portada","item":"https:\/\/www.manabi.gob.ec\/"},{"@type":"ListItem","position":2,"name":"PREFECTO SE RE\u00daNE CON L\u00cdDERES CAMPESINOS DE MANAB\u00cd"}]},{"@type":"WebSite","@id":"https:\/\/www.manabi.gob.ec\/#website","url":"https:\/\/www.manabi.gob.ec\/","name":"Prefectura de Manab\u00ed","description":"P\u00e1gina web de la prefectura","potentialAction":[{"@type":"SearchAction","target":{"@type":"EntryPoint","urlTemplate":"https:\/\/www.manabi.gob.ec\/?s={search_term_string}"},"query-input":{"@type":"PropertyValueSpecification","valueRequired":true,"valueName":"search_term_string"}}],"inLanguage":"es"},{"@type":"Person","@id":"https:\/\/www.manabi.gob.ec\/#\/schema\/person\/cfc71bd68fe2703b779edcc292a49722","name":"admin","image":{"@type":"ImageObject","inLanguage":"es","@id":"https:\/\/secure.gravatar.com\/avatar\/23e9f919492b0a2f65aa168e0d8c5c867ea853b61deffbadf08c7031e15b8d78?s=96&d=mm&r=g","url":"https:\/\/secure.gravatar.com\/avatar\/23e9f919492b0a2f65aa168e0d8c5c867ea853b61deffbadf08c7031e15b8d78?s=96&d=mm&r=g","contentUrl":"https:\/\/secure.gravatar.com\/avatar\/23e9f919492b0a2f65aa168e0d8c5c867ea853b61deffbadf08c7031e15b8d78?s=96&d=mm&r=g","caption":"admin"},"sameAs":["http:\/\/www.manabi.gob.ec"],"url":"https:\/\/www.manabi.gob.ec\/index.php\/author\/admin\/"}]}},"jetpack_featured_media_url":"","_links":{"self":[{"href":"https:\/\/www.manabi.gob.ec\/index.php\/wp-json\/wp\/v2\/posts\/13446","targetHints":{"allow":["GET"]}}],"collection":[{"href":"https:\/\/www.manabi.gob.ec\/index.php\/wp-json\/wp\/v2\/posts"}],"about":[{"href":"https:\/\/www.manabi.gob.ec\/index.php\/wp-json\/wp\/v2\/types\/post"}],"author":[{"embeddable":true,"href":"https:\/\/www.manabi.gob.ec\/index.php\/wp-json\/wp\/v2\/users\/1"}],"replies":[{"embeddable":true,"href":"https:\/\/www.manabi.gob.ec\/index.php\/wp-json\/wp\/v2\/comments?post=13446"}],"version-history":[{"count":0,"href":"https:\/\/www.manabi.gob.ec\/index.php\/wp-json\/wp\/v2\/posts\/13446\/revisions"}],"wp:featuredmedia":[{"embeddable":true,"href":"https:\/\/www.manabi.gob.ec\/index.php\/wp-json\/"}],"wp:attachment":[{"href":"https:\/\/www.manabi.gob.ec\/index.php\/wp-json\/wp\/v2\/media?parent=13446"}],"wp:term":[{"taxonomy":"category","embeddable":true,"href":"https:\/\/www.manabi.gob.ec\/index.php\/wp-json\/wp\/v2\/categories?post=13446"},{"taxonomy":"post_tag","embeddable":true,"href":"https:\/\/www.manabi.gob.ec\/index.php\/wp-json\/wp\/v2\/tags?post=13446"}],"curies":[{"name":"wp","href":"https:\/\/api.w.org\/{rel}","templated":true}]}}