{"id":13449,"date":"2019-09-11T20:21:52","date_gmt":"2019-09-12T01:21:52","guid":{"rendered":"http:\/\/www.manabi.gob.ec\/?p=13449"},"modified":"2019-09-11T20:21:52","modified_gmt":"2019-09-12T01:21:52","slug":"en-canton-24-de-mayo-viceprefecta-participo-de-desfile-y-asamblea-ciudadana","status":"publish","type":"post","link":"https:\/\/www.manabi.gob.ec\/index.php\/en-canton-24-de-mayo-viceprefecta-participo-de-desfile-y-asamblea-ciudadana\/","title":{"rendered":"EN CANT\u00d3N 24 DE MAYO, VICEPREFECTA PARTICIP\u00d3 DE DESFILE Y ASAMBLEA CIUDADANA"},"content":{"rendered":"<p style=\"text-align: justify;\">La viceprefecta Kelly Buenaventura, particip\u00f3 en representaci\u00f3n del prefecto de Manab\u00ed, Leonardo Orlando, del desfile c\u00edvico-militar y asamblea ciudadana,\u00a0 por los 75 a\u00f1os de la primera Asamblea Pro Cantonizaci\u00f3n de 24 de Mayo.<\/p>\n<p style=\"text-align: justify;\">En la asamblea\u00a0cantonal de Participaci\u00f3n Ciudadana, comunidades de las parroquias Sucre, Noboa, Bellavista, Sixto Dur\u00e1n Ball\u00e9n,\u00a0 estuvieron presentes a trav\u00e9s de delegaciones conformadas por ciudadanos que acudieron hasta el coliseo de la localidad.<\/p>\n<p style=\"text-align: justify;\">En su intervenci\u00f3n la Viceprefecta de Manab\u00ed, expres\u00f3 el saludo fraterno del prefecto Leonardo \u00a0Orlando, que a trav\u00e9s de su administraci\u00f3n de puertas abiertas de equidad y justicia social, lidera una propuesta de cambio en busca de mejores d\u00edas para la gente \u00a0del campo. \u201cEn convenio con municipios y parroquias trabajamos para \u00a0fortalecer el turismo, vialidad, ambiente, y otros.<\/p>\n<p style=\"text-align: justify;\">El alcalde del cant\u00f3n \u00a0Duval Valeriano, entreg\u00f3 \u00a0una artesan\u00eda elaborada \u00a0en ca\u00f1a, en forma de una carreta que representa el empuje y fortaleza del cant\u00f3n. \u00a0\u00abMe siento emocionado de contar con la presencia de la Viceprefecta de Manab\u00ed, \u00a0 una mujer que trabaja por el desarrollo de la provincia de la mano de nuestro Prefecto Leonardo Orlando.<\/p>\n<p style=\"text-align: justify;\">Valeriano, invoc\u00f3 a la unidad de los habitantes del cant\u00f3n, y resalt\u00f3 las potencialidades en los sectores agropecuario y tur\u00edstico, que mediante proyectos en conjunto con la Prefectura de Manab\u00ed, se planifica trabajar.<\/p>\n","protected":false},"excerpt":{"rendered":"<p>La viceprefecta Kelly Buenaventura, particip\u00f3 en representaci\u00f3n del prefecto de Manab\u00ed, Leonardo Orlando, del desfile c\u00edvico-militar y asamblea ciudadana,\u00a0 por los 75 a\u00f1os de la primera Asamblea Pro Cantonizaci\u00f3n de 24 de Mayo. En la asamblea\u00a0cantonal de Participaci\u00f3n Ciudadana, comunidades de las parroquias Sucre, Noboa, Bellavista, Sixto Dur\u00e1n Ball\u00e9n,\u00a0 estuvieron presentes a trav\u00e9s de delegaciones [&hellip;]<\/p>\n","protected":false},"author":1,"featured_media":13450,"comment_status":"open","ping_status":"open","sticky":false,"template":"","format":"standard","meta":{"_joinchat":[],"footnotes":""},"categories":[92,91],"tags":[],"class_list":["post-13449","post","type-post","status-publish","format-standard","has-post-thumbnail","hentry","category-noticias-manabi","category-todas"],"yoast_head":"<!-- This site is optimized with the Yoast SEO plugin v27.4 - https:\/\/yoast.com\/product\/yoast-seo-wordpress\/ -->\n<title>EN CANT\u00d3N 24 DE MAYO, VICEPREFECTA PARTICIP\u00d3 DE DESFILE Y ASAMBLEA CIUDADANA - Prefectura de Manab\u00ed<\/title>\n<meta name=\"robots\" content=\"index, follow, max-snippet:-1, max-image-preview:large, max-video-preview:-1\" \/>\n<link rel=\"canonical\" href=\"https:\/\/www.manabi.gob.ec\/index.php\/en-canton-24-de-mayo-viceprefecta-participo-de-desfile-y-asamblea-ciudadana\/\" \/>\n<meta property=\"og:locale\" content=\"es_ES\" \/>\n<meta property=\"og:type\" content=\"article\" \/>\n<meta property=\"og:title\" content=\"EN CANT\u00d3N 24 DE MAYO, VICEPREFECTA PARTICIP\u00d3 DE DESFILE Y ASAMBLEA CIUDADANA - Prefectura de Manab\u00ed\" \/>\n<meta property=\"og:description\" content=\"La viceprefecta Kelly Buenaventura, particip\u00f3 en representaci\u00f3n del prefecto de Manab\u00ed, Leonardo Orlando, del desfile c\u00edvico-militar y asamblea ciudadana,\u00a0 por los 75 a\u00f1os de la primera Asamblea Pro Cantonizaci\u00f3n de 24 de Mayo. En la asamblea\u00a0cantonal de Participaci\u00f3n Ciudadana, comunidades de las parroquias Sucre, Noboa, Bellavista, Sixto Dur\u00e1n Ball\u00e9n,\u00a0 estuvieron presentes a trav\u00e9s de delegaciones [&hellip;]\" \/>\n<meta property=\"og:url\" content=\"https:\/\/www.manabi.gob.ec\/index.php\/en-canton-24-de-mayo-viceprefecta-participo-de-desfile-y-asamblea-ciudadana\/\" \/>\n<meta property=\"og:site_name\" content=\"Prefectura de Manab\u00ed\" \/>\n<meta property=\"article:published_time\" content=\"2019-09-12T01:21:52+00:00\" \/>\n<meta name=\"author\" content=\"admin\" \/>\n<meta name=\"twitter:card\" content=\"summary_large_image\" \/>\n<meta name=\"twitter:label1\" content=\"Escrito por\" \/>\n\t<meta name=\"twitter:data1\" content=\"admin\" \/>\n\t<meta name=\"twitter:label2\" content=\"Tiempo de lectura\" \/>\n\t<meta name=\"twitter:data2\" content=\"1 minuto\" \/>\n<script type=\"application\/ld+json\" class=\"yoast-schema-graph\">{\"@context\":\"https:\\\/\\\/schema.org\",\"@graph\":[{\"@type\":\"Article\",\"@id\":\"https:\\\/\\\/www.manabi.gob.ec\\\/index.php\\\/en-canton-24-de-mayo-viceprefecta-participo-de-desfile-y-asamblea-ciudadana\\\/#article\",\"isPartOf\":{\"@id\":\"https:\\\/\\\/www.manabi.gob.ec\\\/index.php\\\/en-canton-24-de-mayo-viceprefecta-participo-de-desfile-y-asamblea-ciudadana\\\/\"},\"author\":{\"name\":\"admin\",\"@id\":\"https:\\\/\\\/www.manabi.gob.ec\\\/#\\\/schema\\\/person\\\/cfc71bd68fe2703b779edcc292a49722\"},\"headline\":\"EN CANT\u00d3N 24 DE MAYO, VICEPREFECTA PARTICIP\u00d3 DE DESFILE Y ASAMBLEA CIUDADANA\",\"datePublished\":\"2019-09-12T01:21:52+00:00\",\"mainEntityOfPage\":{\"@id\":\"https:\\\/\\\/www.manabi.gob.ec\\\/index.php\\\/en-canton-24-de-mayo-viceprefecta-participo-de-desfile-y-asamblea-ciudadana\\\/\"},\"wordCount\":243,\"commentCount\":0,\"image\":{\"@id\":\"https:\\\/\\\/www.manabi.gob.ec\\\/index.php\\\/en-canton-24-de-mayo-viceprefecta-participo-de-desfile-y-asamblea-ciudadana\\\/#primaryimage\"},\"thumbnailUrl\":\"\",\"articleSection\":[\"Noticias\",\"Todas\"],\"inLanguage\":\"es\",\"potentialAction\":[{\"@type\":\"CommentAction\",\"name\":\"Comment\",\"target\":[\"https:\\\/\\\/www.manabi.gob.ec\\\/index.php\\\/en-canton-24-de-mayo-viceprefecta-participo-de-desfile-y-asamblea-ciudadana\\\/#respond\"]}]},{\"@type\":\"WebPage\",\"@id\":\"https:\\\/\\\/www.manabi.gob.ec\\\/index.php\\\/en-canton-24-de-mayo-viceprefecta-participo-de-desfile-y-asamblea-ciudadana\\\/\",\"url\":\"https:\\\/\\\/www.manabi.gob.ec\\\/index.php\\\/en-canton-24-de-mayo-viceprefecta-participo-de-desfile-y-asamblea-ciudadana\\\/\",\"name\":\"EN CANT\u00d3N 24 DE MAYO, VICEPREFECTA PARTICIP\u00d3 DE DESFILE Y ASAMBLEA CIUDADANA - Prefectura de Manab\u00ed\",\"isPartOf\":{\"@id\":\"https:\\\/\\\/www.manabi.gob.ec\\\/#website\"},\"primaryImageOfPage\":{\"@id\":\"https:\\\/\\\/www.manabi.gob.ec\\\/index.php\\\/en-canton-24-de-mayo-viceprefecta-participo-de-desfile-y-asamblea-ciudadana\\\/#primaryimage\"},\"image\":{\"@id\":\"https:\\\/\\\/www.manabi.gob.ec\\\/index.php\\\/en-canton-24-de-mayo-viceprefecta-participo-de-desfile-y-asamblea-ciudadana\\\/#primaryimage\"},\"thumbnailUrl\":\"\",\"datePublished\":\"2019-09-12T01:21:52+00:00\",\"author\":{\"@id\":\"https:\\\/\\\/www.manabi.gob.ec\\\/#\\\/schema\\\/person\\\/cfc71bd68fe2703b779edcc292a49722\"},\"breadcrumb\":{\"@id\":\"https:\\\/\\\/www.manabi.gob.ec\\\/index.php\\\/en-canton-24-de-mayo-viceprefecta-participo-de-desfile-y-asamblea-ciudadana\\\/#breadcrumb\"},\"inLanguage\":\"es\",\"potentialAction\":[{\"@type\":\"ReadAction\",\"target\":[\"https:\\\/\\\/www.manabi.gob.ec\\\/index.php\\\/en-canton-24-de-mayo-viceprefecta-participo-de-desfile-y-asamblea-ciudadana\\\/\"]}]},{\"@type\":\"ImageObject\",\"inLanguage\":\"es\",\"@id\":\"https:\\\/\\\/www.manabi.gob.ec\\\/index.php\\\/en-canton-24-de-mayo-viceprefecta-participo-de-desfile-y-asamblea-ciudadana\\\/#primaryimage\",\"url\":\"\",\"contentUrl\":\"\"},{\"@type\":\"BreadcrumbList\",\"@id\":\"https:\\\/\\\/www.manabi.gob.ec\\\/index.php\\\/en-canton-24-de-mayo-viceprefecta-participo-de-desfile-y-asamblea-ciudadana\\\/#breadcrumb\",\"itemListElement\":[{\"@type\":\"ListItem\",\"position\":1,\"name\":\"Portada\",\"item\":\"https:\\\/\\\/www.manabi.gob.ec\\\/\"},{\"@type\":\"ListItem\",\"position\":2,\"name\":\"EN CANT\u00d3N 24 DE MAYO, VICEPREFECTA PARTICIP\u00d3 DE DESFILE Y ASAMBLEA CIUDADANA\"}]},{\"@type\":\"WebSite\",\"@id\":\"https:\\\/\\\/www.manabi.gob.ec\\\/#website\",\"url\":\"https:\\\/\\\/www.manabi.gob.ec\\\/\",\"name\":\"Prefectura de Manab\u00ed\",\"description\":\"P\u00e1gina web de la prefectura\",\"potentialAction\":[{\"@type\":\"SearchAction\",\"target\":{\"@type\":\"EntryPoint\",\"urlTemplate\":\"https:\\\/\\\/www.manabi.gob.ec\\\/?s={search_term_string}\"},\"query-input\":{\"@type\":\"PropertyValueSpecification\",\"valueRequired\":true,\"valueName\":\"search_term_string\"}}],\"inLanguage\":\"es\"},{\"@type\":\"Person\",\"@id\":\"https:\\\/\\\/www.manabi.gob.ec\\\/#\\\/schema\\\/person\\\/cfc71bd68fe2703b779edcc292a49722\",\"name\":\"admin\",\"image\":{\"@type\":\"ImageObject\",\"inLanguage\":\"es\",\"@id\":\"https:\\\/\\\/secure.gravatar.com\\\/avatar\\\/23e9f919492b0a2f65aa168e0d8c5c867ea853b61deffbadf08c7031e15b8d78?s=96&d=mm&r=g\",\"url\":\"https:\\\/\\\/secure.gravatar.com\\\/avatar\\\/23e9f919492b0a2f65aa168e0d8c5c867ea853b61deffbadf08c7031e15b8d78?s=96&d=mm&r=g\",\"contentUrl\":\"https:\\\/\\\/secure.gravatar.com\\\/avatar\\\/23e9f919492b0a2f65aa168e0d8c5c867ea853b61deffbadf08c7031e15b8d78?s=96&d=mm&r=g\",\"caption\":\"admin\"},\"sameAs\":[\"http:\\\/\\\/www.manabi.gob.ec\"],\"url\":\"https:\\\/\\\/www.manabi.gob.ec\\\/index.php\\\/author\\\/admin\\\/\"}]}<\/script>\n<!-- \/ Yoast SEO plugin. -->","yoast_head_json":{"title":"EN CANT\u00d3N 24 DE MAYO, VICEPREFECTA PARTICIP\u00d3 DE DESFILE Y ASAMBLEA CIUDADANA - Prefectura de Manab\u00ed","robots":{"index":"index","follow":"follow","max-snippet":"max-snippet:-1","max-image-preview":"max-image-preview:large","max-video-preview":"max-video-preview:-1"},"canonical":"https:\/\/www.manabi.gob.ec\/index.php\/en-canton-24-de-mayo-viceprefecta-participo-de-desfile-y-asamblea-ciudadana\/","og_locale":"es_ES","og_type":"article","og_title":"EN CANT\u00d3N 24 DE MAYO, VICEPREFECTA PARTICIP\u00d3 DE DESFILE Y ASAMBLEA CIUDADANA - Prefectura de Manab\u00ed","og_description":"La viceprefecta Kelly Buenaventura, particip\u00f3 en representaci\u00f3n del prefecto de Manab\u00ed, Leonardo Orlando, del desfile c\u00edvico-militar y asamblea ciudadana,\u00a0 por los 75 a\u00f1os de la primera Asamblea Pro Cantonizaci\u00f3n de 24 de Mayo. En la asamblea\u00a0cantonal de Participaci\u00f3n Ciudadana, comunidades de las parroquias Sucre, Noboa, Bellavista, Sixto Dur\u00e1n Ball\u00e9n,\u00a0 estuvieron presentes a trav\u00e9s de delegaciones [&hellip;]","og_url":"https:\/\/www.manabi.gob.ec\/index.php\/en-canton-24-de-mayo-viceprefecta-participo-de-desfile-y-asamblea-ciudadana\/","og_site_name":"Prefectura de Manab\u00ed","article_published_time":"2019-09-12T01:21:52+00:00","author":"admin","twitter_card":"summary_large_image","twitter_misc":{"Escrito por":"admin","Tiempo de lectura":"1 minuto"},"schema":{"@context":"https:\/\/schema.org","@graph":[{"@type":"Article","@id":"https:\/\/www.manabi.gob.ec\/index.php\/en-canton-24-de-mayo-viceprefecta-participo-de-desfile-y-asamblea-ciudadana\/#article","isPartOf":{"@id":"https:\/\/www.manabi.gob.ec\/index.php\/en-canton-24-de-mayo-viceprefecta-participo-de-desfile-y-asamblea-ciudadana\/"},"author":{"name":"admin","@id":"https:\/\/www.manabi.gob.ec\/#\/schema\/person\/cfc71bd68fe2703b779edcc292a49722"},"headline":"EN CANT\u00d3N 24 DE MAYO, VICEPREFECTA PARTICIP\u00d3 DE DESFILE Y ASAMBLEA CIUDADANA","datePublished":"2019-09-12T01:21:52+00:00","mainEntityOfPage":{"@id":"https:\/\/www.manabi.gob.ec\/index.php\/en-canton-24-de-mayo-viceprefecta-participo-de-desfile-y-asamblea-ciudadana\/"},"wordCount":243,"commentCount":0,"image":{"@id":"https:\/\/www.manabi.gob.ec\/index.php\/en-canton-24-de-mayo-viceprefecta-participo-de-desfile-y-asamblea-ciudadana\/#primaryimage"},"thumbnailUrl":"","articleSection":["Noticias","Todas"],"inLanguage":"es","potentialAction":[{"@type":"CommentAction","name":"Comment","target":["https:\/\/www.manabi.gob.ec\/index.php\/en-canton-24-de-mayo-viceprefecta-participo-de-desfile-y-asamblea-ciudadana\/#respond"]}]},{"@type":"WebPage","@id":"https:\/\/www.manabi.gob.ec\/index.php\/en-canton-24-de-mayo-viceprefecta-participo-de-desfile-y-asamblea-ciudadana\/","url":"https:\/\/www.manabi.gob.ec\/index.php\/en-canton-24-de-mayo-viceprefecta-participo-de-desfile-y-asamblea-ciudadana\/","name":"EN CANT\u00d3N 24 DE MAYO, VICEPREFECTA PARTICIP\u00d3 DE DESFILE Y ASAMBLEA CIUDADANA - Prefectura de Manab\u00ed","isPartOf":{"@id":"https:\/\/www.manabi.gob.ec\/#website"},"primaryImageOfPage":{"@id":"https:\/\/www.manabi.gob.ec\/index.php\/en-canton-24-de-mayo-viceprefecta-participo-de-desfile-y-asamblea-ciudadana\/#primaryimage"},"image":{"@id":"https:\/\/www.manabi.gob.ec\/index.php\/en-canton-24-de-mayo-viceprefecta-participo-de-desfile-y-asamblea-ciudadana\/#primaryimage"},"thumbnailUrl":"","datePublished":"2019-09-12T01:21:52+00:00","author":{"@id":"https:\/\/www.manabi.gob.ec\/#\/schema\/person\/cfc71bd68fe2703b779edcc292a49722"},"breadcrumb":{"@id":"https:\/\/www.manabi.gob.ec\/index.php\/en-canton-24-de-mayo-viceprefecta-participo-de-desfile-y-asamblea-ciudadana\/#breadcrumb"},"inLanguage":"es","potentialAction":[{"@type":"ReadAction","target":["https:\/\/www.manabi.gob.ec\/index.php\/en-canton-24-de-mayo-viceprefecta-participo-de-desfile-y-asamblea-ciudadana\/"]}]},{"@type":"ImageObject","inLanguage":"es","@id":"https:\/\/www.manabi.gob.ec\/index.php\/en-canton-24-de-mayo-viceprefecta-participo-de-desfile-y-asamblea-ciudadana\/#primaryimage","url":"","contentUrl":""},{"@type":"BreadcrumbList","@id":"https:\/\/www.manabi.gob.ec\/index.php\/en-canton-24-de-mayo-viceprefecta-participo-de-desfile-y-asamblea-ciudadana\/#breadcrumb","itemListElement":[{"@type":"ListItem","position":1,"name":"Portada","item":"https:\/\/www.manabi.gob.ec\/"},{"@type":"ListItem","position":2,"name":"EN CANT\u00d3N 24 DE MAYO, VICEPREFECTA PARTICIP\u00d3 DE DESFILE Y ASAMBLEA CIUDADANA"}]},{"@type":"WebSite","@id":"https:\/\/www.manabi.gob.ec\/#website","url":"https:\/\/www.manabi.gob.ec\/","name":"Prefectura de Manab\u00ed","description":"P\u00e1gina web de la prefectura","potentialAction":[{"@type":"SearchAction","target":{"@type":"EntryPoint","urlTemplate":"https:\/\/www.manabi.gob.ec\/?s={search_term_string}"},"query-input":{"@type":"PropertyValueSpecification","valueRequired":true,"valueName":"search_term_string"}}],"inLanguage":"es"},{"@type":"Person","@id":"https:\/\/www.manabi.gob.ec\/#\/schema\/person\/cfc71bd68fe2703b779edcc292a49722","name":"admin","image":{"@type":"ImageObject","inLanguage":"es","@id":"https:\/\/secure.gravatar.com\/avatar\/23e9f919492b0a2f65aa168e0d8c5c867ea853b61deffbadf08c7031e15b8d78?s=96&d=mm&r=g","url":"https:\/\/secure.gravatar.com\/avatar\/23e9f919492b0a2f65aa168e0d8c5c867ea853b61deffbadf08c7031e15b8d78?s=96&d=mm&r=g","contentUrl":"https:\/\/secure.gravatar.com\/avatar\/23e9f919492b0a2f65aa168e0d8c5c867ea853b61deffbadf08c7031e15b8d78?s=96&d=mm&r=g","caption":"admin"},"sameAs":["http:\/\/www.manabi.gob.ec"],"url":"https:\/\/www.manabi.gob.ec\/index.php\/author\/admin\/"}]}},"jetpack_featured_media_url":"","_links":{"self":[{"href":"https:\/\/www.manabi.gob.ec\/index.php\/wp-json\/wp\/v2\/posts\/13449","targetHints":{"allow":["GET"]}}],"collection":[{"href":"https:\/\/www.manabi.gob.ec\/index.php\/wp-json\/wp\/v2\/posts"}],"about":[{"href":"https:\/\/www.manabi.gob.ec\/index.php\/wp-json\/wp\/v2\/types\/post"}],"author":[{"embeddable":true,"href":"https:\/\/www.manabi.gob.ec\/index.php\/wp-json\/wp\/v2\/users\/1"}],"replies":[{"embeddable":true,"href":"https:\/\/www.manabi.gob.ec\/index.php\/wp-json\/wp\/v2\/comments?post=13449"}],"version-history":[{"count":0,"href":"https:\/\/www.manabi.gob.ec\/index.php\/wp-json\/wp\/v2\/posts\/13449\/revisions"}],"wp:featuredmedia":[{"embeddable":true,"href":"https:\/\/www.manabi.gob.ec\/index.php\/wp-json\/"}],"wp:attachment":[{"href":"https:\/\/www.manabi.gob.ec\/index.php\/wp-json\/wp\/v2\/media?parent=13449"}],"wp:term":[{"taxonomy":"category","embeddable":true,"href":"https:\/\/www.manabi.gob.ec\/index.php\/wp-json\/wp\/v2\/categories?post=13449"},{"taxonomy":"post_tag","embeddable":true,"href":"https:\/\/www.manabi.gob.ec\/index.php\/wp-json\/wp\/v2\/tags?post=13449"}],"curies":[{"name":"wp","href":"https:\/\/api.w.org\/{rel}","templated":true}]}}