{"id":13472,"date":"2019-09-18T20:53:09","date_gmt":"2019-09-19T01:53:09","guid":{"rendered":"http:\/\/www.manabi.gob.ec\/?p=13472"},"modified":"2019-09-18T20:53:09","modified_gmt":"2019-09-19T01:53:09","slug":"4-213-ciudadanos-beneficiados-con-convenios-de-ayuda-social","status":"publish","type":"post","link":"https:\/\/www.manabi.gob.ec\/index.php\/4-213-ciudadanos-beneficiados-con-convenios-de-ayuda-social\/","title":{"rendered":"4.213 ciudadanos beneficiados con convenios de ayuda social"},"content":{"rendered":"<p style=\"text-align: justify;\">4.213 personas que pertenecen a grupos de atenci\u00f3n prioritaria se benefician con la firma de 24 convenios realizada por el Gobierno de Manab\u00ed, en el marco de su Operaci\u00f3n Justicia Social. El prefecto Leonardo Orlando,\u00a0 y la viceprefecta de Manab\u00ed, Kelly Buenaventura, presidieron el acto, en el que participaron alcaldes y presidentes de gobiernos parroquiales.<\/p>\n<p style=\"text-align: justify;\">\n<p style=\"text-align: justify;\">La alegr\u00eda y emoci\u00f3n, fueron la t\u00f3nica de este evento que se cumpli\u00f3 la tarde del lunes 16 de septiembre, en las instalaciones de la Universidad San Gregorio de Portoviejo, en medio de un derroche de talento y ternura por parte de ni\u00f1os, ni\u00f1as, adolescentes, y adultos, que con sus diferentes problemas de discapacidad, danzaron y cantaron.<\/p>\n<p style=\"text-align: justify;\">\n<p style=\"text-align: justify;\">El prefecto Leonardo Orlando, en su intervenci\u00f3n destac\u00f3 su apoyo a este grupo en una sola frase\u00a0 \u201cNunca m\u00e1s estar\u00e1n solos\u201d, y dijo que este es el inicio de lo que se har\u00e1 desde el Gobierno de Manab\u00ed para atender a los m\u00e1s vulnerables. Estos proyectos transforman vidas, y vamos a seguir trabajando con justicia, solidaridad y equidad social\u201d, expres\u00f3.<\/p>\n<p style=\"text-align: justify;\">\n<p style=\"text-align: justify;\">Orlando tambi\u00e9n resalt\u00f3 el talento que hay en los grupos prioritarios. \u201cHemos visto un derroche de\u00a0 ternura, arte, y cultura, un ejemplo de fe, lucha, amor, y esperanza, que nos invita a seguir trabajando por su desarrollo y calidad de vida\u201d.<\/p>\n<p style=\"text-align: justify;\">\n<p style=\"text-align: justify;\"><strong>Detalle de convenios:<\/strong><\/p>\n<p style=\"text-align: justify;\">14 son\u00a0 para atenci\u00f3n de 2.223 personas con discapacidad de los cantones El Carmen, Chone, Sucre, Bol\u00edvar, Portoviejo, y Jipijapa.<\/p>\n<p style=\"text-align: justify;\">6\u00a0 convenios para atenci\u00f3n de\u00a0 690 adultos mayores de San Vicente, Sucre, Tosagua, Bol\u00edvar, Portoviejo, Manta.<\/p>\n<p style=\"text-align: justify;\">2 de atenci\u00f3n de 600 personas\u00a0 v\u00edctimas de violencia dom\u00e9stica y sexual, de los cantones Jaramij\u00f3 y Bol\u00edvar.<\/p>\n<p style=\"text-align: justify;\">1 de emprendimientos en el cant\u00f3n Jun\u00edn, con beneficio para 100 personas.<\/p>\n<p style=\"text-align: justify;\">1 para atenci\u00f3n de los centros de apoyo tecnol\u00f3gicos y capacitaci\u00f3n en La Manga del Cura. Se benefician 600 personas.<\/p>\n<p style=\"text-align: justify;\">\n<p style=\"text-align: justify;\"><strong>Inversi\u00f3n<\/strong><\/p>\n<p style=\"text-align: justify;\">El Gobierno de Manab\u00ed aportar\u00e1 244.445,80 d\u00f3lares para la ejecuci\u00f3n de los 24 convenios, los Gobiernos cantonales, municipales, parroquiales, y las organizaciones sociales con un monto de 188.911,79. El total de inversi\u00f3n del proyecto es de 433.357,59 d\u00f3lares.<\/p>\n","protected":false},"excerpt":{"rendered":"<p>4.213 personas que pertenecen a grupos de atenci\u00f3n prioritaria se benefician con la firma de 24 convenios realizada por el Gobierno de Manab\u00ed, en el marco de su Operaci\u00f3n Justicia Social. El prefecto Leonardo Orlando,\u00a0 y la viceprefecta de Manab\u00ed, Kelly Buenaventura, presidieron el acto, en el que participaron alcaldes y presidentes de gobiernos parroquiales. [&hellip;]<\/p>\n","protected":false},"author":1,"featured_media":13473,"comment_status":"open","ping_status":"open","sticky":false,"template":"","format":"standard","meta":{"_joinchat":[],"footnotes":""},"categories":[92,91],"tags":[],"class_list":["post-13472","post","type-post","status-publish","format-standard","has-post-thumbnail","hentry","category-noticias-manabi","category-todas"],"yoast_head":"<!-- This site is optimized with the Yoast SEO plugin v27.4 - https:\/\/yoast.com\/product\/yoast-seo-wordpress\/ -->\n<title>4.213 ciudadanos beneficiados con convenios de ayuda social - Prefectura de Manab\u00ed<\/title>\n<meta name=\"robots\" content=\"index, follow, max-snippet:-1, max-image-preview:large, max-video-preview:-1\" \/>\n<link rel=\"canonical\" href=\"https:\/\/www.manabi.gob.ec\/index.php\/4-213-ciudadanos-beneficiados-con-convenios-de-ayuda-social\/\" \/>\n<meta property=\"og:locale\" content=\"es_ES\" \/>\n<meta property=\"og:type\" content=\"article\" \/>\n<meta property=\"og:title\" content=\"4.213 ciudadanos beneficiados con convenios de ayuda social - Prefectura de Manab\u00ed\" \/>\n<meta property=\"og:description\" content=\"4.213 personas que pertenecen a grupos de atenci\u00f3n prioritaria se benefician con la firma de 24 convenios realizada por el Gobierno de Manab\u00ed, en el marco de su Operaci\u00f3n Justicia Social. El prefecto Leonardo Orlando,\u00a0 y la viceprefecta de Manab\u00ed, Kelly Buenaventura, presidieron el acto, en el que participaron alcaldes y presidentes de gobiernos parroquiales. [&hellip;]\" \/>\n<meta property=\"og:url\" content=\"https:\/\/www.manabi.gob.ec\/index.php\/4-213-ciudadanos-beneficiados-con-convenios-de-ayuda-social\/\" \/>\n<meta property=\"og:site_name\" content=\"Prefectura de Manab\u00ed\" \/>\n<meta property=\"article:published_time\" content=\"2019-09-19T01:53:09+00:00\" \/>\n<meta name=\"author\" content=\"admin\" \/>\n<meta name=\"twitter:card\" content=\"summary_large_image\" \/>\n<meta name=\"twitter:label1\" content=\"Escrito por\" \/>\n\t<meta name=\"twitter:data1\" content=\"admin\" \/>\n\t<meta name=\"twitter:label2\" content=\"Tiempo de lectura\" \/>\n\t<meta name=\"twitter:data2\" content=\"2 minutos\" \/>\n<script type=\"application\/ld+json\" class=\"yoast-schema-graph\">{\"@context\":\"https:\\\/\\\/schema.org\",\"@graph\":[{\"@type\":\"Article\",\"@id\":\"https:\\\/\\\/www.manabi.gob.ec\\\/index.php\\\/4-213-ciudadanos-beneficiados-con-convenios-de-ayuda-social\\\/#article\",\"isPartOf\":{\"@id\":\"https:\\\/\\\/www.manabi.gob.ec\\\/index.php\\\/4-213-ciudadanos-beneficiados-con-convenios-de-ayuda-social\\\/\"},\"author\":{\"name\":\"admin\",\"@id\":\"https:\\\/\\\/www.manabi.gob.ec\\\/#\\\/schema\\\/person\\\/cfc71bd68fe2703b779edcc292a49722\"},\"headline\":\"4.213 ciudadanos beneficiados con convenios de ayuda social\",\"datePublished\":\"2019-09-19T01:53:09+00:00\",\"mainEntityOfPage\":{\"@id\":\"https:\\\/\\\/www.manabi.gob.ec\\\/index.php\\\/4-213-ciudadanos-beneficiados-con-convenios-de-ayuda-social\\\/\"},\"wordCount\":361,\"commentCount\":0,\"image\":{\"@id\":\"https:\\\/\\\/www.manabi.gob.ec\\\/index.php\\\/4-213-ciudadanos-beneficiados-con-convenios-de-ayuda-social\\\/#primaryimage\"},\"thumbnailUrl\":\"\",\"articleSection\":[\"Noticias\",\"Todas\"],\"inLanguage\":\"es\",\"potentialAction\":[{\"@type\":\"CommentAction\",\"name\":\"Comment\",\"target\":[\"https:\\\/\\\/www.manabi.gob.ec\\\/index.php\\\/4-213-ciudadanos-beneficiados-con-convenios-de-ayuda-social\\\/#respond\"]}]},{\"@type\":\"WebPage\",\"@id\":\"https:\\\/\\\/www.manabi.gob.ec\\\/index.php\\\/4-213-ciudadanos-beneficiados-con-convenios-de-ayuda-social\\\/\",\"url\":\"https:\\\/\\\/www.manabi.gob.ec\\\/index.php\\\/4-213-ciudadanos-beneficiados-con-convenios-de-ayuda-social\\\/\",\"name\":\"4.213 ciudadanos beneficiados con convenios de ayuda social - Prefectura de Manab\u00ed\",\"isPartOf\":{\"@id\":\"https:\\\/\\\/www.manabi.gob.ec\\\/#website\"},\"primaryImageOfPage\":{\"@id\":\"https:\\\/\\\/www.manabi.gob.ec\\\/index.php\\\/4-213-ciudadanos-beneficiados-con-convenios-de-ayuda-social\\\/#primaryimage\"},\"image\":{\"@id\":\"https:\\\/\\\/www.manabi.gob.ec\\\/index.php\\\/4-213-ciudadanos-beneficiados-con-convenios-de-ayuda-social\\\/#primaryimage\"},\"thumbnailUrl\":\"\",\"datePublished\":\"2019-09-19T01:53:09+00:00\",\"author\":{\"@id\":\"https:\\\/\\\/www.manabi.gob.ec\\\/#\\\/schema\\\/person\\\/cfc71bd68fe2703b779edcc292a49722\"},\"breadcrumb\":{\"@id\":\"https:\\\/\\\/www.manabi.gob.ec\\\/index.php\\\/4-213-ciudadanos-beneficiados-con-convenios-de-ayuda-social\\\/#breadcrumb\"},\"inLanguage\":\"es\",\"potentialAction\":[{\"@type\":\"ReadAction\",\"target\":[\"https:\\\/\\\/www.manabi.gob.ec\\\/index.php\\\/4-213-ciudadanos-beneficiados-con-convenios-de-ayuda-social\\\/\"]}]},{\"@type\":\"ImageObject\",\"inLanguage\":\"es\",\"@id\":\"https:\\\/\\\/www.manabi.gob.ec\\\/index.php\\\/4-213-ciudadanos-beneficiados-con-convenios-de-ayuda-social\\\/#primaryimage\",\"url\":\"\",\"contentUrl\":\"\"},{\"@type\":\"BreadcrumbList\",\"@id\":\"https:\\\/\\\/www.manabi.gob.ec\\\/index.php\\\/4-213-ciudadanos-beneficiados-con-convenios-de-ayuda-social\\\/#breadcrumb\",\"itemListElement\":[{\"@type\":\"ListItem\",\"position\":1,\"name\":\"Portada\",\"item\":\"https:\\\/\\\/www.manabi.gob.ec\\\/\"},{\"@type\":\"ListItem\",\"position\":2,\"name\":\"4.213 ciudadanos beneficiados con convenios de ayuda social\"}]},{\"@type\":\"WebSite\",\"@id\":\"https:\\\/\\\/www.manabi.gob.ec\\\/#website\",\"url\":\"https:\\\/\\\/www.manabi.gob.ec\\\/\",\"name\":\"Prefectura de Manab\u00ed\",\"description\":\"P\u00e1gina web de la prefectura\",\"potentialAction\":[{\"@type\":\"SearchAction\",\"target\":{\"@type\":\"EntryPoint\",\"urlTemplate\":\"https:\\\/\\\/www.manabi.gob.ec\\\/?s={search_term_string}\"},\"query-input\":{\"@type\":\"PropertyValueSpecification\",\"valueRequired\":true,\"valueName\":\"search_term_string\"}}],\"inLanguage\":\"es\"},{\"@type\":\"Person\",\"@id\":\"https:\\\/\\\/www.manabi.gob.ec\\\/#\\\/schema\\\/person\\\/cfc71bd68fe2703b779edcc292a49722\",\"name\":\"admin\",\"image\":{\"@type\":\"ImageObject\",\"inLanguage\":\"es\",\"@id\":\"https:\\\/\\\/secure.gravatar.com\\\/avatar\\\/23e9f919492b0a2f65aa168e0d8c5c867ea853b61deffbadf08c7031e15b8d78?s=96&d=mm&r=g\",\"url\":\"https:\\\/\\\/secure.gravatar.com\\\/avatar\\\/23e9f919492b0a2f65aa168e0d8c5c867ea853b61deffbadf08c7031e15b8d78?s=96&d=mm&r=g\",\"contentUrl\":\"https:\\\/\\\/secure.gravatar.com\\\/avatar\\\/23e9f919492b0a2f65aa168e0d8c5c867ea853b61deffbadf08c7031e15b8d78?s=96&d=mm&r=g\",\"caption\":\"admin\"},\"sameAs\":[\"http:\\\/\\\/www.manabi.gob.ec\"],\"url\":\"https:\\\/\\\/www.manabi.gob.ec\\\/index.php\\\/author\\\/admin\\\/\"}]}<\/script>\n<!-- \/ Yoast SEO plugin. -->","yoast_head_json":{"title":"4.213 ciudadanos beneficiados con convenios de ayuda social - Prefectura de Manab\u00ed","robots":{"index":"index","follow":"follow","max-snippet":"max-snippet:-1","max-image-preview":"max-image-preview:large","max-video-preview":"max-video-preview:-1"},"canonical":"https:\/\/www.manabi.gob.ec\/index.php\/4-213-ciudadanos-beneficiados-con-convenios-de-ayuda-social\/","og_locale":"es_ES","og_type":"article","og_title":"4.213 ciudadanos beneficiados con convenios de ayuda social - Prefectura de Manab\u00ed","og_description":"4.213 personas que pertenecen a grupos de atenci\u00f3n prioritaria se benefician con la firma de 24 convenios realizada por el Gobierno de Manab\u00ed, en el marco de su Operaci\u00f3n Justicia Social. El prefecto Leonardo Orlando,\u00a0 y la viceprefecta de Manab\u00ed, Kelly Buenaventura, presidieron el acto, en el que participaron alcaldes y presidentes de gobiernos parroquiales. [&hellip;]","og_url":"https:\/\/www.manabi.gob.ec\/index.php\/4-213-ciudadanos-beneficiados-con-convenios-de-ayuda-social\/","og_site_name":"Prefectura de Manab\u00ed","article_published_time":"2019-09-19T01:53:09+00:00","author":"admin","twitter_card":"summary_large_image","twitter_misc":{"Escrito por":"admin","Tiempo de lectura":"2 minutos"},"schema":{"@context":"https:\/\/schema.org","@graph":[{"@type":"Article","@id":"https:\/\/www.manabi.gob.ec\/index.php\/4-213-ciudadanos-beneficiados-con-convenios-de-ayuda-social\/#article","isPartOf":{"@id":"https:\/\/www.manabi.gob.ec\/index.php\/4-213-ciudadanos-beneficiados-con-convenios-de-ayuda-social\/"},"author":{"name":"admin","@id":"https:\/\/www.manabi.gob.ec\/#\/schema\/person\/cfc71bd68fe2703b779edcc292a49722"},"headline":"4.213 ciudadanos beneficiados con convenios de ayuda social","datePublished":"2019-09-19T01:53:09+00:00","mainEntityOfPage":{"@id":"https:\/\/www.manabi.gob.ec\/index.php\/4-213-ciudadanos-beneficiados-con-convenios-de-ayuda-social\/"},"wordCount":361,"commentCount":0,"image":{"@id":"https:\/\/www.manabi.gob.ec\/index.php\/4-213-ciudadanos-beneficiados-con-convenios-de-ayuda-social\/#primaryimage"},"thumbnailUrl":"","articleSection":["Noticias","Todas"],"inLanguage":"es","potentialAction":[{"@type":"CommentAction","name":"Comment","target":["https:\/\/www.manabi.gob.ec\/index.php\/4-213-ciudadanos-beneficiados-con-convenios-de-ayuda-social\/#respond"]}]},{"@type":"WebPage","@id":"https:\/\/www.manabi.gob.ec\/index.php\/4-213-ciudadanos-beneficiados-con-convenios-de-ayuda-social\/","url":"https:\/\/www.manabi.gob.ec\/index.php\/4-213-ciudadanos-beneficiados-con-convenios-de-ayuda-social\/","name":"4.213 ciudadanos beneficiados con convenios de ayuda social - Prefectura de Manab\u00ed","isPartOf":{"@id":"https:\/\/www.manabi.gob.ec\/#website"},"primaryImageOfPage":{"@id":"https:\/\/www.manabi.gob.ec\/index.php\/4-213-ciudadanos-beneficiados-con-convenios-de-ayuda-social\/#primaryimage"},"image":{"@id":"https:\/\/www.manabi.gob.ec\/index.php\/4-213-ciudadanos-beneficiados-con-convenios-de-ayuda-social\/#primaryimage"},"thumbnailUrl":"","datePublished":"2019-09-19T01:53:09+00:00","author":{"@id":"https:\/\/www.manabi.gob.ec\/#\/schema\/person\/cfc71bd68fe2703b779edcc292a49722"},"breadcrumb":{"@id":"https:\/\/www.manabi.gob.ec\/index.php\/4-213-ciudadanos-beneficiados-con-convenios-de-ayuda-social\/#breadcrumb"},"inLanguage":"es","potentialAction":[{"@type":"ReadAction","target":["https:\/\/www.manabi.gob.ec\/index.php\/4-213-ciudadanos-beneficiados-con-convenios-de-ayuda-social\/"]}]},{"@type":"ImageObject","inLanguage":"es","@id":"https:\/\/www.manabi.gob.ec\/index.php\/4-213-ciudadanos-beneficiados-con-convenios-de-ayuda-social\/#primaryimage","url":"","contentUrl":""},{"@type":"BreadcrumbList","@id":"https:\/\/www.manabi.gob.ec\/index.php\/4-213-ciudadanos-beneficiados-con-convenios-de-ayuda-social\/#breadcrumb","itemListElement":[{"@type":"ListItem","position":1,"name":"Portada","item":"https:\/\/www.manabi.gob.ec\/"},{"@type":"ListItem","position":2,"name":"4.213 ciudadanos beneficiados con convenios de ayuda social"}]},{"@type":"WebSite","@id":"https:\/\/www.manabi.gob.ec\/#website","url":"https:\/\/www.manabi.gob.ec\/","name":"Prefectura de Manab\u00ed","description":"P\u00e1gina web de la prefectura","potentialAction":[{"@type":"SearchAction","target":{"@type":"EntryPoint","urlTemplate":"https:\/\/www.manabi.gob.ec\/?s={search_term_string}"},"query-input":{"@type":"PropertyValueSpecification","valueRequired":true,"valueName":"search_term_string"}}],"inLanguage":"es"},{"@type":"Person","@id":"https:\/\/www.manabi.gob.ec\/#\/schema\/person\/cfc71bd68fe2703b779edcc292a49722","name":"admin","image":{"@type":"ImageObject","inLanguage":"es","@id":"https:\/\/secure.gravatar.com\/avatar\/23e9f919492b0a2f65aa168e0d8c5c867ea853b61deffbadf08c7031e15b8d78?s=96&d=mm&r=g","url":"https:\/\/secure.gravatar.com\/avatar\/23e9f919492b0a2f65aa168e0d8c5c867ea853b61deffbadf08c7031e15b8d78?s=96&d=mm&r=g","contentUrl":"https:\/\/secure.gravatar.com\/avatar\/23e9f919492b0a2f65aa168e0d8c5c867ea853b61deffbadf08c7031e15b8d78?s=96&d=mm&r=g","caption":"admin"},"sameAs":["http:\/\/www.manabi.gob.ec"],"url":"https:\/\/www.manabi.gob.ec\/index.php\/author\/admin\/"}]}},"jetpack_featured_media_url":"","_links":{"self":[{"href":"https:\/\/www.manabi.gob.ec\/index.php\/wp-json\/wp\/v2\/posts\/13472","targetHints":{"allow":["GET"]}}],"collection":[{"href":"https:\/\/www.manabi.gob.ec\/index.php\/wp-json\/wp\/v2\/posts"}],"about":[{"href":"https:\/\/www.manabi.gob.ec\/index.php\/wp-json\/wp\/v2\/types\/post"}],"author":[{"embeddable":true,"href":"https:\/\/www.manabi.gob.ec\/index.php\/wp-json\/wp\/v2\/users\/1"}],"replies":[{"embeddable":true,"href":"https:\/\/www.manabi.gob.ec\/index.php\/wp-json\/wp\/v2\/comments?post=13472"}],"version-history":[{"count":0,"href":"https:\/\/www.manabi.gob.ec\/index.php\/wp-json\/wp\/v2\/posts\/13472\/revisions"}],"wp:featuredmedia":[{"embeddable":true,"href":"https:\/\/www.manabi.gob.ec\/index.php\/wp-json\/"}],"wp:attachment":[{"href":"https:\/\/www.manabi.gob.ec\/index.php\/wp-json\/wp\/v2\/media?parent=13472"}],"wp:term":[{"taxonomy":"category","embeddable":true,"href":"https:\/\/www.manabi.gob.ec\/index.php\/wp-json\/wp\/v2\/categories?post=13472"},{"taxonomy":"post_tag","embeddable":true,"href":"https:\/\/www.manabi.gob.ec\/index.php\/wp-json\/wp\/v2\/tags?post=13472"}],"curies":[{"name":"wp","href":"https:\/\/api.w.org\/{rel}","templated":true}]}}