{"id":13510,"date":"2019-10-17T14:57:55","date_gmt":"2019-10-17T19:57:55","guid":{"rendered":"http:\/\/www.manabi.gob.ec\/?p=13510"},"modified":"2019-10-17T14:57:55","modified_gmt":"2019-10-17T19:57:55","slug":"portoviejo-celebra-199-anos-de-independencia","status":"publish","type":"post","link":"https:\/\/www.manabi.gob.ec\/index.php\/portoviejo-celebra-199-anos-de-independencia\/","title":{"rendered":"Portoviejo celebra 199 a\u00f1os de Independencia."},"content":{"rendered":"<p>&nbsp;<br \/>\nEl Gobierno de Manab\u00ed despliega una importante intervenci\u00f3n en este cant\u00f3n:<\/p>\n<ul>\n<li><strong>Convenio Gobierno de Manab\u00ed y GAD Portoviejo<\/strong><\/li>\n<\/ul>\n<p style=\"text-align: justify;\">Se trabaja en convenio 50\/50 en la reconstrucci\u00f3n y mantenimiento de once calles de Portoviejo.<\/p>\n<p><strong>Parroquia\u00a0\u00a0Picoaz\u00e1<\/strong><br \/>\n1.- Calle San Crist\u00f3bal desde la Autopista del Valle Manab\u00ed Guillen hasta la calle de ingreso a Picoaz\u00e1.<br \/>\n2.- Ingreso al Milagro desde calle paralela a la Efr\u00e9n Loor hasta la abscisa 0 + 680.<br \/>\n<strong>Parroquia San Pablo<\/strong><br \/>\n1.- Callej\u00f3n 2, desde la calle 20 de Julio hasta la calle 26 de Mayo<br \/>\n<strong>\u00a0Parroquia Andr\u00e9s de Vera<\/strong><br \/>\n1.- Calle Chimborazo desde la calle Vicente Mac\u00edas hasta la calle Che Guevara.<br \/>\n2- Calle Pedro Schumacher, desde la calle Pedro Moncayo hasta la calle 26 de septiembre.<br \/>\n3.- Calle Divino Ni\u00f1o desde la Le\u00f3n Febres Cordero hasta la Alberto Cede\u00f1o Due\u00f1as.<br \/>\n<strong>Parroquia 12 de marzo<\/strong><br \/>\n1.- Calle San Francisco de As\u00eds entre la calle Venezuela y San Rafael<br \/>\n<strong>\u00a0Parroquia Francisco Pacheco<\/strong><br \/>\n1.- Calle Herm\u00f3genes Barcia desde la v\u00eda a Pachinche hasta el final.<br \/>\n2.- Avenida Guayaquil desde la Rocafuerte\u00a0\u00a0hasta la calle Acapulco (intersecci\u00f3n con la calle 21 de Noviembre).<br \/>\nEn esta calle se trabaja en el redise\u00f1o del ancho de la v\u00eda y ciertas obras complementarias como: Muros cuneras, gradas, agua potable y alcantarillado.<br \/>\n<strong>Parroquia Sim\u00f3n Bol\u00edvar<\/strong><br \/>\n1.- Calle de Portoviejo desde la calle San Eloy hasta la v\u00eda a Santa Ana.<br \/>\n2.- Calle de Portoviejo desde el sector Guiferza hasta la curva del Naranjo<br \/>\n<strong>\u00a0Parroquia Col\u00f3n<\/strong><br \/>\n1.- Calle 24 de Mayo\u00a0\u00a0desde la v\u00eda a Santa Ana hasta la calle Portoviejo \u2013 Cady.<br \/>\n<strong>Avance de obra:<\/strong>\u00a030 %<br \/>\n<strong>Inversi\u00f3n:<\/strong>\u00a01 mill\u00f3n 188 mil 307 d\u00f3lares con 82 centavos<\/p>\n<ul>\n<li><strong>Calles con carpeta asf\u00e1ltica de 2 pulgadas:<\/strong><\/li>\n<\/ul>\n<p><strong>\u00a0<\/strong><\/p>\n<ol>\n<li>Calle San Crist\u00f3bal desde la Autopista del Valle Manab\u00ed Guillen hasta la calle de ingreso a Picoaz\u00e1.<\/li>\n<li>Calle Chimborazo desde la calle Vicente Mac\u00edas hasta la calle Che Guevara.<\/li>\n<\/ol>\n<p>Estas dos calles est\u00e1n a nivel de carpeta asf\u00e1ltica de 2 pulgadas solo falta se\u00f1alizaci\u00f3n<\/p>\n<ul>\n<li><strong>Calles a nivel de doble riego:<\/strong><\/li>\n<\/ul>\n<p><strong>\u00a0<\/strong><br \/>\nIngreso al Milagro desde calle paralela a la Efr\u00e9n Loor hasta la abscisa 0 + 680.<\/p>\n<ol>\n<li>Calle Divino Ni\u00f1o desde la Le\u00f3n Febres Cordero hasta la Alberto Cede\u00f1o Due\u00f1as.<\/li>\n<li>Calle de Portoviejo desde la calle San Eloy hasta la v\u00eda a Santa Ana.<\/li>\n<\/ol>\n<p>&nbsp;<br \/>\nFuente:\u00a0Roberto S\u00e1nchez y Alejandro Palma, t\u00e9cnicos del Gobierno de Manab\u00ed<br \/>\n&nbsp;<br \/>\n<strong>V\u00cdAS MEDIANTE ADMINISTRACI\u00d2N DIRECTA<\/strong><\/p>\n<p style=\"text-align: justify;\">Reconformaci\u00f3n y reposici\u00f3n con material granular base en la v\u00eda Cuatro Esquinas\u00a0\u00a0&#8211; Pachinche Adentro, en una distancia aproximada de 14,20 kil\u00f3metros.<\/p>\n<p>&nbsp;<\/p>\n<ul>\n<li><strong>Parroquia San Pl\u00e1cido<\/strong><\/li>\n<\/ul>\n<p>Acabado de obra b\u00e1sica de la v\u00edas: Tres Caminos \u2013 La Victoria, Las Losas \u2013 San Miguel, La Victoria.<br \/>\nReapertura y Resanteo de 25.55 kil\u00f3metros de caminos veraneros<\/p>\n<ul>\n<li><strong>Parroquia Chirijos<\/strong><\/li>\n<\/ul>\n<p>Reapertura y Resanteo e 6,40 kil\u00f3metros de caminos veraneros<\/p>\n<ul>\n<li><strong>Parroquia Alhajuela<\/strong><\/li>\n<\/ul>\n<p>Reapertura y Resanteo de 16,10 kil\u00f3metros de caminos veraneros<br \/>\nParroquia Calder\u00f3n: Reapertura de 17,50 kil\u00f3metros de caminos veraneros<br \/>\n<strong>\u00a0<\/strong><br \/>\n<strong>EJE VIAL CENTRO SUR<\/strong><\/p>\n<p style=\"text-align: justify;\">Portoviejo y sus comunidades rurales se benefician con el Eje Vial Centro Sur: Este permitir\u00e1 conectar productivos cantones como Montecristi, Rocafuerte, Portoviejo Jun\u00edn, Tosagua, Bol\u00edvar y Pichincha. Comunidades de Portoviejo se favorecen directamente con tramos de v\u00edas como Higuer\u00f3n &#8211; Puerto Higuer\u00f3n &#8211; Correagua y Elvira &#8211; Las Gilces &#8211; La Boca.<\/p>\n<p><strong>Desarrollo Humano:<\/strong><br \/>\n&nbsp;<\/p>\n<ul>\n<li><strong>Centro de Desarrollo Infantil:<\/strong><\/li>\n<\/ul>\n<p>747 ni\u00f1os y\u00a0\u00a0ni\u00f1as,\u00a0\u00a0de 1 a 3 a\u00f1os reciben atenci\u00f3n en estimulaci\u00f3n\u00a0 temprana y mejoramiento nutricional en los Centros de Desarrollo Infantil (CDI), gracias a un\u00a0convenio entre el Gobierno de Manab\u00ed y\u00a0el Ministerio de Inclusi\u00f3n Econ\u00f3mica y\u00a0 Social (MIES)<br \/>\n&nbsp;<\/p>\n<ul>\n<li><strong>180\u00a0<\/strong>ni\u00f1os y ni\u00f1as en Picoaz\u00e1<\/li>\n<li><strong>234\u00a0<\/strong>ni\u00f1os y ni\u00f1as en Andr\u00e9s de Vera<\/li>\n<li><strong>108\u00a0<\/strong>ni\u00f1os y ni\u00f1as en Col\u00f3n<\/li>\n<li><strong>117<\/strong>ni\u00f1os y ni\u00f1as en Rio Chico<\/li>\n<li><strong>36<\/strong>ni\u00f1os y ni\u00f1as en Sim\u00f3n Bol\u00edvar<\/li>\n<li><strong>36<\/strong>ni\u00f1os y ni\u00f1as en Calder\u00f3n<\/li>\n<li><strong>36<\/strong>ni\u00f1os y ni\u00f1as en San Placido<\/li>\n<\/ul>\n<p><strong>\u00a0<\/strong><\/p>\n<ul>\n<li><strong>Proyecto \u201cRompiendo Barreras e Integrando Sue\u00f1os\u201d<\/strong><\/li>\n<\/ul>\n<p><strong>\u00a0<\/strong><\/p>\n<ul>\n<li><strong>2313<\/strong> Beneficiados<\/li>\n<\/ul>\n<p>Las personas con discapacidad reciben terapias ocupacional, f\u00edsica, de lenguaje, hipoterapia y canoterapia.<br \/>\nEstas actividades se realizan en convenio con varias Fundaciones como:<br \/>\nCongregaci\u00f3n \u00c1ngel de la Guarda, Fundaci\u00f3n de Atenci\u00f3n y Desarrollo Integral a la ni\u00f1a, ni\u00f1o, adolescentes y familia (Fundaci\u00f3n Fadinnaf), Asociaci\u00f3n de Personas con Discapacidad en Portoviejo (ADISPOR), Fundaci\u00f3n Ayuda Mutua San Jorge, Arquidi\u00f3cesis de Portoviejo,<br \/>\n&nbsp;<\/p>\n<ul>\n<li><strong>Proyecto Entrenando Valores \/ F\u00fatbol<\/strong><\/li>\n<\/ul>\n<p>En las parroquia Calder\u00f3n, Pueblo Nuevo y Chirijos en convenio con los Gobiernos Parroquiales se realizan las escuelas deportivas \u2013 recreativas de f\u00fatbol.<br \/>\n<strong>\u00a0<\/strong><strong>Riego y Drenaje<\/strong><br \/>\n&nbsp;<\/p>\n<ul>\n<li><strong>Plan de Contingencia ante invierno:<\/strong><\/li>\n<\/ul>\n<p><strong>\u00a0<\/strong><\/p>\n<ul>\n<li>83 kil\u00f3metros de canales de riego y drenaje del cant\u00f3n Portoviejo ser\u00e1n desazolvados por el Gobierno de Manab\u00ed y el Municipio de Portoviejo.<\/li>\n<li>Se tiene planificado intervenir en 21 tramos de los Esteros Pachinche, Mapasingue, en las Quebradas Estancia Vieja, San Ignacio, Las Lozas \u2013 El Naranjo, Monte Santo Gal\u00e1pagos, La Solita, Las Canteras, Canal San Jos\u00e9, Rio Chico Escuela Miguel Alcivar, El Tigre, La Encantada, Maconta, Bijahual, Ronc\u00f3n \u2013 Rio Chamotete, y; en los canales de Riego San Jos\u00e9 Picoaz\u00e1 Higuer\u00f3n Adentro, Miraflores &#8211;\u00a0\u00a0Pisloy 1 y 2.<\/li>\n<li>Con la limpieza de canales de riego y drenajes de Poza Honda se benefician los cantones Portoviejo, Rocafuerte y Sucre. Favoreciendo a agricultores del valle de los r\u00edos Portoviejo y Chico.<\/li>\n<li>Se est\u00e1 rehabilitando la tuber\u00eda de impulsi\u00f3n del sistema de riego tecnificado a nivel de parcelas en la comunidad Floresta de la parroquia Calder\u00f3n. Se benefician 147 hect\u00e1reas y 130 familias.<\/li>\n<\/ul>\n<p><strong>Ambiente:<\/strong><\/p>\n<ul>\n<li>El Gobierno de Manab\u00ed y el Municipio de Portoviejo tienen planificado entregar plantas para sembrar en zonas de riesgos de San Pablo y El Flor\u00f3n<\/li>\n<li>Se tiene previsto realizar un repoblamiento forestal con Ceibo y otras especies nativas en la parroquia Picoaz\u00e1 (Cerro Jaboncillo).<\/li>\n<li>Construcci\u00f3n de viveros temporales en las parroquias Calder\u00f3n y Chirijos.<\/li>\n<li>Se contin\u00faa la entrega de plantas ornamentales y frutales a instituciones educativas con el acompa\u00f1amiento de charlas ambientales en reforestaci\u00f3n.<\/li>\n<li>Fomento Productivo<\/li>\n<li>Proyecto Fomento a la Producci\u00f3n Agropecuaria Campesina Familiar para activar el Sistema de Seguridad Alimentaria<\/li>\n<li>110 beneficiarios de las parroquias Alhajuela, Abd\u00f3n Calder\u00f3n y Chirijos.<\/li>\n<\/ul>\n<p><strong>\u00a0\u00a0\u00a0\u00a0\u00a0\u00a0\u00a0\u00a0\u00a0\u00a0\u00a0\u00a0\u00a0\u00a0\u00a0\u00a0\u00a0\u00a0\u00a0\u00a0\u00a0\u00a0\u00a0\u00a0\u00a0\u00a0\u00a0\u00a0\u00a0\u00a0\u00a0\u00a0\u00a0\u00a0\u00a0\u00a0\u00a0\u00a0\u00a0\u00a0\u00a0\u00a0\u00a0\u00a0\u00a0\u00a0\u00a0\u00a0\u00a0\u00a0 <\/strong><br \/>\n<strong>Asociaciones y Organizaciones Beneficiadas:<\/strong><\/p>\n<ul>\n<li>Parroquia Alhajuela: Comit\u00e9 Nueva Esperanza<\/li>\n<li>Parroquia Abd\u00f3n Calder\u00f3n: Asociaci\u00f3n\u00a0\u00a0Agropecuaria 24 de Enero, Asociaci\u00f3n de Producci\u00f3n Agropecuaria Unidad Tierra y Progreso y el Comit\u00e9 de Desarrollo Social de la comunidad La Balsa<\/li>\n<li>Parroquia Chirijo: Asociaci\u00f3n Campesina Jes\u00fas Mar\u00eda\u00a0\u00a0y Asociaci\u00f3n Agropecuaria Nuevos Amigos<\/li>\n<\/ul>\n","protected":false},"excerpt":{"rendered":"<p>&nbsp; El Gobierno de Manab\u00ed despliega una importante intervenci\u00f3n en este cant\u00f3n: Convenio Gobierno de Manab\u00ed y GAD Portoviejo Se trabaja en convenio 50\/50 en la reconstrucci\u00f3n y mantenimiento de once calles de Portoviejo. Parroquia\u00a0\u00a0Picoaz\u00e1 1.- Calle San Crist\u00f3bal desde la Autopista del Valle Manab\u00ed Guillen hasta la calle de ingreso a Picoaz\u00e1. 2.- Ingreso [&hellip;]<\/p>\n","protected":false},"author":1,"featured_media":13511,"comment_status":"open","ping_status":"open","sticky":false,"template":"","format":"standard","meta":{"_joinchat":[],"footnotes":""},"categories":[92,91],"tags":[],"class_list":["post-13510","post","type-post","status-publish","format-standard","has-post-thumbnail","hentry","category-noticias-manabi","category-todas"],"yoast_head":"<!-- This site is optimized with the Yoast SEO plugin v27.4 - https:\/\/yoast.com\/product\/yoast-seo-wordpress\/ -->\n<title>Portoviejo celebra 199 a\u00f1os de Independencia. - Prefectura de Manab\u00ed<\/title>\n<meta name=\"robots\" content=\"index, follow, max-snippet:-1, max-image-preview:large, max-video-preview:-1\" \/>\n<link rel=\"canonical\" href=\"https:\/\/www.manabi.gob.ec\/index.php\/portoviejo-celebra-199-anos-de-independencia\/\" \/>\n<meta property=\"og:locale\" content=\"es_ES\" \/>\n<meta property=\"og:type\" content=\"article\" \/>\n<meta property=\"og:title\" content=\"Portoviejo celebra 199 a\u00f1os de Independencia. - Prefectura de Manab\u00ed\" \/>\n<meta property=\"og:description\" content=\"&nbsp; El Gobierno de Manab\u00ed despliega una importante intervenci\u00f3n en este cant\u00f3n: Convenio Gobierno de Manab\u00ed y GAD Portoviejo Se trabaja en convenio 50\/50 en la reconstrucci\u00f3n y mantenimiento de once calles de Portoviejo. Parroquia\u00a0\u00a0Picoaz\u00e1 1.- Calle San Crist\u00f3bal desde la Autopista del Valle Manab\u00ed Guillen hasta la calle de ingreso a Picoaz\u00e1. 2.- Ingreso [&hellip;]\" \/>\n<meta property=\"og:url\" content=\"https:\/\/www.manabi.gob.ec\/index.php\/portoviejo-celebra-199-anos-de-independencia\/\" \/>\n<meta property=\"og:site_name\" content=\"Prefectura de Manab\u00ed\" \/>\n<meta property=\"article:published_time\" content=\"2019-10-17T19:57:55+00:00\" \/>\n<meta property=\"og:image\" content=\"https:\/\/www.manabi.gob.ec\/wp-content\/uploads\/2019\/10\/Portoviejo-5.jpeg\" \/>\n\t<meta property=\"og:image:width\" content=\"1280\" \/>\n\t<meta property=\"og:image:height\" content=\"853\" \/>\n\t<meta property=\"og:image:type\" content=\"image\/jpeg\" \/>\n<meta name=\"author\" content=\"admin\" \/>\n<meta name=\"twitter:card\" content=\"summary_large_image\" \/>\n<meta name=\"twitter:label1\" content=\"Escrito por\" \/>\n\t<meta name=\"twitter:data1\" content=\"admin\" \/>\n\t<meta name=\"twitter:label2\" content=\"Tiempo de lectura\" \/>\n\t<meta name=\"twitter:data2\" content=\"6 minutos\" \/>\n<script type=\"application\/ld+json\" class=\"yoast-schema-graph\">{\"@context\":\"https:\\\/\\\/schema.org\",\"@graph\":[{\"@type\":\"Article\",\"@id\":\"https:\\\/\\\/www.manabi.gob.ec\\\/index.php\\\/portoviejo-celebra-199-anos-de-independencia\\\/#article\",\"isPartOf\":{\"@id\":\"https:\\\/\\\/www.manabi.gob.ec\\\/index.php\\\/portoviejo-celebra-199-anos-de-independencia\\\/\"},\"author\":{\"name\":\"admin\",\"@id\":\"https:\\\/\\\/www.manabi.gob.ec\\\/#\\\/schema\\\/person\\\/cfc71bd68fe2703b779edcc292a49722\"},\"headline\":\"Portoviejo celebra 199 a\u00f1os de Independencia.\",\"datePublished\":\"2019-10-17T19:57:55+00:00\",\"mainEntityOfPage\":{\"@id\":\"https:\\\/\\\/www.manabi.gob.ec\\\/index.php\\\/portoviejo-celebra-199-anos-de-independencia\\\/\"},\"wordCount\":1116,\"commentCount\":0,\"image\":{\"@id\":\"https:\\\/\\\/www.manabi.gob.ec\\\/index.php\\\/portoviejo-celebra-199-anos-de-independencia\\\/#primaryimage\"},\"thumbnailUrl\":\"https:\\\/\\\/www.manabi.gob.ec\\\/wp-content\\\/uploads\\\/2019\\\/10\\\/Portoviejo-5.jpeg\",\"articleSection\":[\"Noticias\",\"Todas\"],\"inLanguage\":\"es\",\"potentialAction\":[{\"@type\":\"CommentAction\",\"name\":\"Comment\",\"target\":[\"https:\\\/\\\/www.manabi.gob.ec\\\/index.php\\\/portoviejo-celebra-199-anos-de-independencia\\\/#respond\"]}]},{\"@type\":\"WebPage\",\"@id\":\"https:\\\/\\\/www.manabi.gob.ec\\\/index.php\\\/portoviejo-celebra-199-anos-de-independencia\\\/\",\"url\":\"https:\\\/\\\/www.manabi.gob.ec\\\/index.php\\\/portoviejo-celebra-199-anos-de-independencia\\\/\",\"name\":\"Portoviejo celebra 199 a\u00f1os de Independencia. - Prefectura de Manab\u00ed\",\"isPartOf\":{\"@id\":\"https:\\\/\\\/www.manabi.gob.ec\\\/#website\"},\"primaryImageOfPage\":{\"@id\":\"https:\\\/\\\/www.manabi.gob.ec\\\/index.php\\\/portoviejo-celebra-199-anos-de-independencia\\\/#primaryimage\"},\"image\":{\"@id\":\"https:\\\/\\\/www.manabi.gob.ec\\\/index.php\\\/portoviejo-celebra-199-anos-de-independencia\\\/#primaryimage\"},\"thumbnailUrl\":\"https:\\\/\\\/www.manabi.gob.ec\\\/wp-content\\\/uploads\\\/2019\\\/10\\\/Portoviejo-5.jpeg\",\"datePublished\":\"2019-10-17T19:57:55+00:00\",\"author\":{\"@id\":\"https:\\\/\\\/www.manabi.gob.ec\\\/#\\\/schema\\\/person\\\/cfc71bd68fe2703b779edcc292a49722\"},\"breadcrumb\":{\"@id\":\"https:\\\/\\\/www.manabi.gob.ec\\\/index.php\\\/portoviejo-celebra-199-anos-de-independencia\\\/#breadcrumb\"},\"inLanguage\":\"es\",\"potentialAction\":[{\"@type\":\"ReadAction\",\"target\":[\"https:\\\/\\\/www.manabi.gob.ec\\\/index.php\\\/portoviejo-celebra-199-anos-de-independencia\\\/\"]}]},{\"@type\":\"ImageObject\",\"inLanguage\":\"es\",\"@id\":\"https:\\\/\\\/www.manabi.gob.ec\\\/index.php\\\/portoviejo-celebra-199-anos-de-independencia\\\/#primaryimage\",\"url\":\"https:\\\/\\\/www.manabi.gob.ec\\\/wp-content\\\/uploads\\\/2019\\\/10\\\/Portoviejo-5.jpeg\",\"contentUrl\":\"https:\\\/\\\/www.manabi.gob.ec\\\/wp-content\\\/uploads\\\/2019\\\/10\\\/Portoviejo-5.jpeg\",\"width\":1280,\"height\":853},{\"@type\":\"BreadcrumbList\",\"@id\":\"https:\\\/\\\/www.manabi.gob.ec\\\/index.php\\\/portoviejo-celebra-199-anos-de-independencia\\\/#breadcrumb\",\"itemListElement\":[{\"@type\":\"ListItem\",\"position\":1,\"name\":\"Portada\",\"item\":\"https:\\\/\\\/www.manabi.gob.ec\\\/\"},{\"@type\":\"ListItem\",\"position\":2,\"name\":\"Portoviejo celebra 199 a\u00f1os de Independencia.\"}]},{\"@type\":\"WebSite\",\"@id\":\"https:\\\/\\\/www.manabi.gob.ec\\\/#website\",\"url\":\"https:\\\/\\\/www.manabi.gob.ec\\\/\",\"name\":\"Prefectura de Manab\u00ed\",\"description\":\"P\u00e1gina web de la prefectura\",\"potentialAction\":[{\"@type\":\"SearchAction\",\"target\":{\"@type\":\"EntryPoint\",\"urlTemplate\":\"https:\\\/\\\/www.manabi.gob.ec\\\/?s={search_term_string}\"},\"query-input\":{\"@type\":\"PropertyValueSpecification\",\"valueRequired\":true,\"valueName\":\"search_term_string\"}}],\"inLanguage\":\"es\"},{\"@type\":\"Person\",\"@id\":\"https:\\\/\\\/www.manabi.gob.ec\\\/#\\\/schema\\\/person\\\/cfc71bd68fe2703b779edcc292a49722\",\"name\":\"admin\",\"image\":{\"@type\":\"ImageObject\",\"inLanguage\":\"es\",\"@id\":\"https:\\\/\\\/secure.gravatar.com\\\/avatar\\\/23e9f919492b0a2f65aa168e0d8c5c867ea853b61deffbadf08c7031e15b8d78?s=96&d=mm&r=g\",\"url\":\"https:\\\/\\\/secure.gravatar.com\\\/avatar\\\/23e9f919492b0a2f65aa168e0d8c5c867ea853b61deffbadf08c7031e15b8d78?s=96&d=mm&r=g\",\"contentUrl\":\"https:\\\/\\\/secure.gravatar.com\\\/avatar\\\/23e9f919492b0a2f65aa168e0d8c5c867ea853b61deffbadf08c7031e15b8d78?s=96&d=mm&r=g\",\"caption\":\"admin\"},\"sameAs\":[\"http:\\\/\\\/www.manabi.gob.ec\"],\"url\":\"https:\\\/\\\/www.manabi.gob.ec\\\/index.php\\\/author\\\/admin\\\/\"}]}<\/script>\n<!-- \/ Yoast SEO plugin. -->","yoast_head_json":{"title":"Portoviejo celebra 199 a\u00f1os de Independencia. - Prefectura de Manab\u00ed","robots":{"index":"index","follow":"follow","max-snippet":"max-snippet:-1","max-image-preview":"max-image-preview:large","max-video-preview":"max-video-preview:-1"},"canonical":"https:\/\/www.manabi.gob.ec\/index.php\/portoviejo-celebra-199-anos-de-independencia\/","og_locale":"es_ES","og_type":"article","og_title":"Portoviejo celebra 199 a\u00f1os de Independencia. - Prefectura de Manab\u00ed","og_description":"&nbsp; El Gobierno de Manab\u00ed despliega una importante intervenci\u00f3n en este cant\u00f3n: Convenio Gobierno de Manab\u00ed y GAD Portoviejo Se trabaja en convenio 50\/50 en la reconstrucci\u00f3n y mantenimiento de once calles de Portoviejo. Parroquia\u00a0\u00a0Picoaz\u00e1 1.- Calle San Crist\u00f3bal desde la Autopista del Valle Manab\u00ed Guillen hasta la calle de ingreso a Picoaz\u00e1. 2.- Ingreso [&hellip;]","og_url":"https:\/\/www.manabi.gob.ec\/index.php\/portoviejo-celebra-199-anos-de-independencia\/","og_site_name":"Prefectura de Manab\u00ed","article_published_time":"2019-10-17T19:57:55+00:00","og_image":[{"width":1280,"height":853,"url":"https:\/\/www.manabi.gob.ec\/wp-content\/uploads\/2019\/10\/Portoviejo-5.jpeg","type":"image\/jpeg"}],"author":"admin","twitter_card":"summary_large_image","twitter_misc":{"Escrito por":"admin","Tiempo de lectura":"6 minutos"},"schema":{"@context":"https:\/\/schema.org","@graph":[{"@type":"Article","@id":"https:\/\/www.manabi.gob.ec\/index.php\/portoviejo-celebra-199-anos-de-independencia\/#article","isPartOf":{"@id":"https:\/\/www.manabi.gob.ec\/index.php\/portoviejo-celebra-199-anos-de-independencia\/"},"author":{"name":"admin","@id":"https:\/\/www.manabi.gob.ec\/#\/schema\/person\/cfc71bd68fe2703b779edcc292a49722"},"headline":"Portoviejo celebra 199 a\u00f1os de Independencia.","datePublished":"2019-10-17T19:57:55+00:00","mainEntityOfPage":{"@id":"https:\/\/www.manabi.gob.ec\/index.php\/portoviejo-celebra-199-anos-de-independencia\/"},"wordCount":1116,"commentCount":0,"image":{"@id":"https:\/\/www.manabi.gob.ec\/index.php\/portoviejo-celebra-199-anos-de-independencia\/#primaryimage"},"thumbnailUrl":"https:\/\/www.manabi.gob.ec\/wp-content\/uploads\/2019\/10\/Portoviejo-5.jpeg","articleSection":["Noticias","Todas"],"inLanguage":"es","potentialAction":[{"@type":"CommentAction","name":"Comment","target":["https:\/\/www.manabi.gob.ec\/index.php\/portoviejo-celebra-199-anos-de-independencia\/#respond"]}]},{"@type":"WebPage","@id":"https:\/\/www.manabi.gob.ec\/index.php\/portoviejo-celebra-199-anos-de-independencia\/","url":"https:\/\/www.manabi.gob.ec\/index.php\/portoviejo-celebra-199-anos-de-independencia\/","name":"Portoviejo celebra 199 a\u00f1os de Independencia. - Prefectura de Manab\u00ed","isPartOf":{"@id":"https:\/\/www.manabi.gob.ec\/#website"},"primaryImageOfPage":{"@id":"https:\/\/www.manabi.gob.ec\/index.php\/portoviejo-celebra-199-anos-de-independencia\/#primaryimage"},"image":{"@id":"https:\/\/www.manabi.gob.ec\/index.php\/portoviejo-celebra-199-anos-de-independencia\/#primaryimage"},"thumbnailUrl":"https:\/\/www.manabi.gob.ec\/wp-content\/uploads\/2019\/10\/Portoviejo-5.jpeg","datePublished":"2019-10-17T19:57:55+00:00","author":{"@id":"https:\/\/www.manabi.gob.ec\/#\/schema\/person\/cfc71bd68fe2703b779edcc292a49722"},"breadcrumb":{"@id":"https:\/\/www.manabi.gob.ec\/index.php\/portoviejo-celebra-199-anos-de-independencia\/#breadcrumb"},"inLanguage":"es","potentialAction":[{"@type":"ReadAction","target":["https:\/\/www.manabi.gob.ec\/index.php\/portoviejo-celebra-199-anos-de-independencia\/"]}]},{"@type":"ImageObject","inLanguage":"es","@id":"https:\/\/www.manabi.gob.ec\/index.php\/portoviejo-celebra-199-anos-de-independencia\/#primaryimage","url":"https:\/\/www.manabi.gob.ec\/wp-content\/uploads\/2019\/10\/Portoviejo-5.jpeg","contentUrl":"https:\/\/www.manabi.gob.ec\/wp-content\/uploads\/2019\/10\/Portoviejo-5.jpeg","width":1280,"height":853},{"@type":"BreadcrumbList","@id":"https:\/\/www.manabi.gob.ec\/index.php\/portoviejo-celebra-199-anos-de-independencia\/#breadcrumb","itemListElement":[{"@type":"ListItem","position":1,"name":"Portada","item":"https:\/\/www.manabi.gob.ec\/"},{"@type":"ListItem","position":2,"name":"Portoviejo celebra 199 a\u00f1os de Independencia."}]},{"@type":"WebSite","@id":"https:\/\/www.manabi.gob.ec\/#website","url":"https:\/\/www.manabi.gob.ec\/","name":"Prefectura de Manab\u00ed","description":"P\u00e1gina web de la prefectura","potentialAction":[{"@type":"SearchAction","target":{"@type":"EntryPoint","urlTemplate":"https:\/\/www.manabi.gob.ec\/?s={search_term_string}"},"query-input":{"@type":"PropertyValueSpecification","valueRequired":true,"valueName":"search_term_string"}}],"inLanguage":"es"},{"@type":"Person","@id":"https:\/\/www.manabi.gob.ec\/#\/schema\/person\/cfc71bd68fe2703b779edcc292a49722","name":"admin","image":{"@type":"ImageObject","inLanguage":"es","@id":"https:\/\/secure.gravatar.com\/avatar\/23e9f919492b0a2f65aa168e0d8c5c867ea853b61deffbadf08c7031e15b8d78?s=96&d=mm&r=g","url":"https:\/\/secure.gravatar.com\/avatar\/23e9f919492b0a2f65aa168e0d8c5c867ea853b61deffbadf08c7031e15b8d78?s=96&d=mm&r=g","contentUrl":"https:\/\/secure.gravatar.com\/avatar\/23e9f919492b0a2f65aa168e0d8c5c867ea853b61deffbadf08c7031e15b8d78?s=96&d=mm&r=g","caption":"admin"},"sameAs":["http:\/\/www.manabi.gob.ec"],"url":"https:\/\/www.manabi.gob.ec\/index.php\/author\/admin\/"}]}},"jetpack_featured_media_url":"https:\/\/www.manabi.gob.ec\/wp-content\/uploads\/2019\/10\/Portoviejo-5.jpeg","_links":{"self":[{"href":"https:\/\/www.manabi.gob.ec\/index.php\/wp-json\/wp\/v2\/posts\/13510","targetHints":{"allow":["GET"]}}],"collection":[{"href":"https:\/\/www.manabi.gob.ec\/index.php\/wp-json\/wp\/v2\/posts"}],"about":[{"href":"https:\/\/www.manabi.gob.ec\/index.php\/wp-json\/wp\/v2\/types\/post"}],"author":[{"embeddable":true,"href":"https:\/\/www.manabi.gob.ec\/index.php\/wp-json\/wp\/v2\/users\/1"}],"replies":[{"embeddable":true,"href":"https:\/\/www.manabi.gob.ec\/index.php\/wp-json\/wp\/v2\/comments?post=13510"}],"version-history":[{"count":0,"href":"https:\/\/www.manabi.gob.ec\/index.php\/wp-json\/wp\/v2\/posts\/13510\/revisions"}],"wp:featuredmedia":[{"embeddable":true,"href":"https:\/\/www.manabi.gob.ec\/index.php\/wp-json\/wp\/v2\/media\/13511"}],"wp:attachment":[{"href":"https:\/\/www.manabi.gob.ec\/index.php\/wp-json\/wp\/v2\/media?parent=13510"}],"wp:term":[{"taxonomy":"category","embeddable":true,"href":"https:\/\/www.manabi.gob.ec\/index.php\/wp-json\/wp\/v2\/categories?post=13510"},{"taxonomy":"post_tag","embeddable":true,"href":"https:\/\/www.manabi.gob.ec\/index.php\/wp-json\/wp\/v2\/tags?post=13510"}],"curies":[{"name":"wp","href":"https:\/\/api.w.org\/{rel}","templated":true}]}}