{"id":13517,"date":"2019-10-25T22:28:39","date_gmt":"2019-10-26T03:28:39","guid":{"rendered":"http:\/\/www.manabi.gob.ec\/?p=13517"},"modified":"2019-10-25T22:28:39","modified_gmt":"2019-10-26T03:28:39","slug":"una-amplia-via-alegra-a-comunidades-rurales-en-el-canton-bolivar","status":"publish","type":"post","link":"https:\/\/www.manabi.gob.ec\/index.php\/una-amplia-via-alegra-a-comunidades-rurales-en-el-canton-bolivar\/","title":{"rendered":"Una amplia v\u00eda alegra a comunidades  rurales en el cant\u00f3n Bol\u00edvar"},"content":{"rendered":"<p style=\"text-align: justify;\">Una emocionante jornada de trabajo mantuvieron miembros de comunidades del cant\u00f3n Bol\u00edvar con el prefecto Leonardo Orlando y otras autoridades. Inspeccionaron las obras que unen a decenas de comunidades con una amplia y mejorada v\u00eda.<\/p>\n<p style=\"text-align: justify;\">Cientos de ciudadanos de la parroquia Calceta compartieron este domingo junto a Orlando, la viceprefecta Kelly Buenaventura; el alcalde de Bol\u00edvar, Walther Cevallos, en el sitio La Mariposa.<\/p>\n<p style=\"text-align: justify;\">En este lugar se aprecia ya la magnitud de los trabajos: una amplia y adecuada v\u00eda que forma parte del eje vial que une a comunidades como Tigre, El Guasmo, Lecher\u00eda, La Mariposa, Culebra (11 km de terrapl\u00e9n ejecutado); Culebra-Mulatos (7 km por ejecutar); Mulatos-Quimba-Bijagual (3,5 km ejecutado); Bijagual-El Aguacate-La Majagua (6,5 Km por ejecutar). Son en total una red vial rural de 28 kil\u00f3metros que une importantes zonas productivas.<\/p>\n<p style=\"text-align: justify;\">\u201cVemos que el arreglo de las v\u00edas se est\u00e1 haciendo realidad \u00a1Qu\u00e9 alegr\u00eda ver un camino m\u00e1s amplio, m\u00e1s plano y en un tiempo asfaltado!\u201d, dijo visiblemente emocionado Vinicio Laaz, dirigente de la comunidad Tigre 2.<\/p>\n<p style=\"text-align: justify;\">Carlos Intriago, representante de Bijagual, destac\u00f3 la celeridad con la que se han ejecutado las obras: \u201cPareciera que tuvieran m\u00e1s tiempo Prefecto y Alcalde. Han estado cumpliendo las obras prometidas \u00a1Darle carretera al campo es abrirle paso a la producci\u00f3n!\u201d, resalt\u00f3.<\/p>\n<p style=\"text-align: justify;\">El prefecto Leonardo Orlando expres\u00f3 que se busca realizar obras para compensar las d\u00e9cadas de abandono que han sufrido decenas de comunidades aisladas en la parte alta de la represa La Esperanza. \u201c\u00a1Hoy queremos sembrar una nueva esperanza en el coraz\u00f3n y la mente de ustedes! Nuestra principal ideolog\u00eda es estar al servicio de la familia; el ser humano sobre el capital\u201d, dijo Orlando en un sentido discurso.<\/p>\n","protected":false},"excerpt":{"rendered":"<p>Una emocionante jornada de trabajo mantuvieron miembros de comunidades del cant\u00f3n Bol\u00edvar con el prefecto Leonardo Orlando y otras autoridades. Inspeccionaron las obras que unen a decenas de comunidades con una amplia y mejorada v\u00eda. Cientos de ciudadanos de la parroquia Calceta compartieron este domingo junto a Orlando, la viceprefecta Kelly Buenaventura; el alcalde de [&hellip;]<\/p>\n","protected":false},"author":1,"featured_media":13518,"comment_status":"open","ping_status":"open","sticky":false,"template":"","format":"standard","meta":{"_joinchat":[],"footnotes":""},"categories":[92,91],"tags":[],"class_list":["post-13517","post","type-post","status-publish","format-standard","has-post-thumbnail","hentry","category-noticias-manabi","category-todas"],"yoast_head":"<!-- This site is optimized with the Yoast SEO plugin v27.4 - https:\/\/yoast.com\/product\/yoast-seo-wordpress\/ -->\n<title>Una amplia v\u00eda alegra a comunidades rurales en el cant\u00f3n Bol\u00edvar - Prefectura de Manab\u00ed<\/title>\n<meta name=\"robots\" content=\"index, follow, max-snippet:-1, max-image-preview:large, max-video-preview:-1\" \/>\n<link rel=\"canonical\" href=\"https:\/\/www.manabi.gob.ec\/index.php\/una-amplia-via-alegra-a-comunidades-rurales-en-el-canton-bolivar\/\" \/>\n<meta property=\"og:locale\" content=\"es_ES\" \/>\n<meta property=\"og:type\" content=\"article\" \/>\n<meta property=\"og:title\" content=\"Una amplia v\u00eda alegra a comunidades rurales en el cant\u00f3n Bol\u00edvar - Prefectura de Manab\u00ed\" \/>\n<meta property=\"og:description\" content=\"Una emocionante jornada de trabajo mantuvieron miembros de comunidades del cant\u00f3n Bol\u00edvar con el prefecto Leonardo Orlando y otras autoridades. Inspeccionaron las obras que unen a decenas de comunidades con una amplia y mejorada v\u00eda. Cientos de ciudadanos de la parroquia Calceta compartieron este domingo junto a Orlando, la viceprefecta Kelly Buenaventura; el alcalde de [&hellip;]\" \/>\n<meta property=\"og:url\" content=\"https:\/\/www.manabi.gob.ec\/index.php\/una-amplia-via-alegra-a-comunidades-rurales-en-el-canton-bolivar\/\" \/>\n<meta property=\"og:site_name\" content=\"Prefectura de Manab\u00ed\" \/>\n<meta property=\"article:published_time\" content=\"2019-10-26T03:28:39+00:00\" \/>\n<meta property=\"og:image\" content=\"https:\/\/www.manabi.gob.ec\/wp-content\/uploads\/2019\/10\/Recorridos-obras-v\u00edas-en-Calceta-Bol\u00edvar-3.jpeg\" \/>\n\t<meta property=\"og:image:width\" content=\"1074\" \/>\n\t<meta property=\"og:image:height\" content=\"716\" \/>\n\t<meta property=\"og:image:type\" content=\"image\/jpeg\" \/>\n<meta name=\"author\" content=\"admin\" \/>\n<meta name=\"twitter:card\" content=\"summary_large_image\" \/>\n<meta name=\"twitter:label1\" content=\"Escrito por\" \/>\n\t<meta name=\"twitter:data1\" content=\"admin\" \/>\n\t<meta name=\"twitter:label2\" content=\"Tiempo de lectura\" \/>\n\t<meta name=\"twitter:data2\" content=\"1 minuto\" \/>\n<script type=\"application\/ld+json\" class=\"yoast-schema-graph\">{\"@context\":\"https:\\\/\\\/schema.org\",\"@graph\":[{\"@type\":\"Article\",\"@id\":\"https:\\\/\\\/www.manabi.gob.ec\\\/index.php\\\/una-amplia-via-alegra-a-comunidades-rurales-en-el-canton-bolivar\\\/#article\",\"isPartOf\":{\"@id\":\"https:\\\/\\\/www.manabi.gob.ec\\\/index.php\\\/una-amplia-via-alegra-a-comunidades-rurales-en-el-canton-bolivar\\\/\"},\"author\":{\"name\":\"admin\",\"@id\":\"https:\\\/\\\/www.manabi.gob.ec\\\/#\\\/schema\\\/person\\\/cfc71bd68fe2703b779edcc292a49722\"},\"headline\":\"Una amplia v\u00eda alegra a comunidades rurales en el cant\u00f3n Bol\u00edvar\",\"datePublished\":\"2019-10-26T03:28:39+00:00\",\"mainEntityOfPage\":{\"@id\":\"https:\\\/\\\/www.manabi.gob.ec\\\/index.php\\\/una-amplia-via-alegra-a-comunidades-rurales-en-el-canton-bolivar\\\/\"},\"wordCount\":303,\"commentCount\":0,\"image\":{\"@id\":\"https:\\\/\\\/www.manabi.gob.ec\\\/index.php\\\/una-amplia-via-alegra-a-comunidades-rurales-en-el-canton-bolivar\\\/#primaryimage\"},\"thumbnailUrl\":\"https:\\\/\\\/www.manabi.gob.ec\\\/wp-content\\\/uploads\\\/2019\\\/10\\\/Recorridos-obras-v\u00edas-en-Calceta-Bol\u00edvar-3.jpeg\",\"articleSection\":[\"Noticias\",\"Todas\"],\"inLanguage\":\"es\",\"potentialAction\":[{\"@type\":\"CommentAction\",\"name\":\"Comment\",\"target\":[\"https:\\\/\\\/www.manabi.gob.ec\\\/index.php\\\/una-amplia-via-alegra-a-comunidades-rurales-en-el-canton-bolivar\\\/#respond\"]}]},{\"@type\":\"WebPage\",\"@id\":\"https:\\\/\\\/www.manabi.gob.ec\\\/index.php\\\/una-amplia-via-alegra-a-comunidades-rurales-en-el-canton-bolivar\\\/\",\"url\":\"https:\\\/\\\/www.manabi.gob.ec\\\/index.php\\\/una-amplia-via-alegra-a-comunidades-rurales-en-el-canton-bolivar\\\/\",\"name\":\"Una amplia v\u00eda alegra a comunidades rurales en el cant\u00f3n Bol\u00edvar - Prefectura de Manab\u00ed\",\"isPartOf\":{\"@id\":\"https:\\\/\\\/www.manabi.gob.ec\\\/#website\"},\"primaryImageOfPage\":{\"@id\":\"https:\\\/\\\/www.manabi.gob.ec\\\/index.php\\\/una-amplia-via-alegra-a-comunidades-rurales-en-el-canton-bolivar\\\/#primaryimage\"},\"image\":{\"@id\":\"https:\\\/\\\/www.manabi.gob.ec\\\/index.php\\\/una-amplia-via-alegra-a-comunidades-rurales-en-el-canton-bolivar\\\/#primaryimage\"},\"thumbnailUrl\":\"https:\\\/\\\/www.manabi.gob.ec\\\/wp-content\\\/uploads\\\/2019\\\/10\\\/Recorridos-obras-v\u00edas-en-Calceta-Bol\u00edvar-3.jpeg\",\"datePublished\":\"2019-10-26T03:28:39+00:00\",\"author\":{\"@id\":\"https:\\\/\\\/www.manabi.gob.ec\\\/#\\\/schema\\\/person\\\/cfc71bd68fe2703b779edcc292a49722\"},\"breadcrumb\":{\"@id\":\"https:\\\/\\\/www.manabi.gob.ec\\\/index.php\\\/una-amplia-via-alegra-a-comunidades-rurales-en-el-canton-bolivar\\\/#breadcrumb\"},\"inLanguage\":\"es\",\"potentialAction\":[{\"@type\":\"ReadAction\",\"target\":[\"https:\\\/\\\/www.manabi.gob.ec\\\/index.php\\\/una-amplia-via-alegra-a-comunidades-rurales-en-el-canton-bolivar\\\/\"]}]},{\"@type\":\"ImageObject\",\"inLanguage\":\"es\",\"@id\":\"https:\\\/\\\/www.manabi.gob.ec\\\/index.php\\\/una-amplia-via-alegra-a-comunidades-rurales-en-el-canton-bolivar\\\/#primaryimage\",\"url\":\"https:\\\/\\\/www.manabi.gob.ec\\\/wp-content\\\/uploads\\\/2019\\\/10\\\/Recorridos-obras-v\u00edas-en-Calceta-Bol\u00edvar-3.jpeg\",\"contentUrl\":\"https:\\\/\\\/www.manabi.gob.ec\\\/wp-content\\\/uploads\\\/2019\\\/10\\\/Recorridos-obras-v\u00edas-en-Calceta-Bol\u00edvar-3.jpeg\",\"width\":1074,\"height\":716},{\"@type\":\"BreadcrumbList\",\"@id\":\"https:\\\/\\\/www.manabi.gob.ec\\\/index.php\\\/una-amplia-via-alegra-a-comunidades-rurales-en-el-canton-bolivar\\\/#breadcrumb\",\"itemListElement\":[{\"@type\":\"ListItem\",\"position\":1,\"name\":\"Portada\",\"item\":\"https:\\\/\\\/www.manabi.gob.ec\\\/\"},{\"@type\":\"ListItem\",\"position\":2,\"name\":\"Una amplia v\u00eda alegra a comunidades rurales en el cant\u00f3n Bol\u00edvar\"}]},{\"@type\":\"WebSite\",\"@id\":\"https:\\\/\\\/www.manabi.gob.ec\\\/#website\",\"url\":\"https:\\\/\\\/www.manabi.gob.ec\\\/\",\"name\":\"Prefectura de Manab\u00ed\",\"description\":\"P\u00e1gina web de la prefectura\",\"potentialAction\":[{\"@type\":\"SearchAction\",\"target\":{\"@type\":\"EntryPoint\",\"urlTemplate\":\"https:\\\/\\\/www.manabi.gob.ec\\\/?s={search_term_string}\"},\"query-input\":{\"@type\":\"PropertyValueSpecification\",\"valueRequired\":true,\"valueName\":\"search_term_string\"}}],\"inLanguage\":\"es\"},{\"@type\":\"Person\",\"@id\":\"https:\\\/\\\/www.manabi.gob.ec\\\/#\\\/schema\\\/person\\\/cfc71bd68fe2703b779edcc292a49722\",\"name\":\"admin\",\"image\":{\"@type\":\"ImageObject\",\"inLanguage\":\"es\",\"@id\":\"https:\\\/\\\/secure.gravatar.com\\\/avatar\\\/23e9f919492b0a2f65aa168e0d8c5c867ea853b61deffbadf08c7031e15b8d78?s=96&d=mm&r=g\",\"url\":\"https:\\\/\\\/secure.gravatar.com\\\/avatar\\\/23e9f919492b0a2f65aa168e0d8c5c867ea853b61deffbadf08c7031e15b8d78?s=96&d=mm&r=g\",\"contentUrl\":\"https:\\\/\\\/secure.gravatar.com\\\/avatar\\\/23e9f919492b0a2f65aa168e0d8c5c867ea853b61deffbadf08c7031e15b8d78?s=96&d=mm&r=g\",\"caption\":\"admin\"},\"sameAs\":[\"http:\\\/\\\/www.manabi.gob.ec\"],\"url\":\"https:\\\/\\\/www.manabi.gob.ec\\\/index.php\\\/author\\\/admin\\\/\"}]}<\/script>\n<!-- \/ Yoast SEO plugin. -->","yoast_head_json":{"title":"Una amplia v\u00eda alegra a comunidades rurales en el cant\u00f3n Bol\u00edvar - Prefectura de Manab\u00ed","robots":{"index":"index","follow":"follow","max-snippet":"max-snippet:-1","max-image-preview":"max-image-preview:large","max-video-preview":"max-video-preview:-1"},"canonical":"https:\/\/www.manabi.gob.ec\/index.php\/una-amplia-via-alegra-a-comunidades-rurales-en-el-canton-bolivar\/","og_locale":"es_ES","og_type":"article","og_title":"Una amplia v\u00eda alegra a comunidades rurales en el cant\u00f3n Bol\u00edvar - Prefectura de Manab\u00ed","og_description":"Una emocionante jornada de trabajo mantuvieron miembros de comunidades del cant\u00f3n Bol\u00edvar con el prefecto Leonardo Orlando y otras autoridades. Inspeccionaron las obras que unen a decenas de comunidades con una amplia y mejorada v\u00eda. Cientos de ciudadanos de la parroquia Calceta compartieron este domingo junto a Orlando, la viceprefecta Kelly Buenaventura; el alcalde de [&hellip;]","og_url":"https:\/\/www.manabi.gob.ec\/index.php\/una-amplia-via-alegra-a-comunidades-rurales-en-el-canton-bolivar\/","og_site_name":"Prefectura de Manab\u00ed","article_published_time":"2019-10-26T03:28:39+00:00","og_image":[{"width":1074,"height":716,"url":"https:\/\/www.manabi.gob.ec\/wp-content\/uploads\/2019\/10\/Recorridos-obras-v\u00edas-en-Calceta-Bol\u00edvar-3.jpeg","type":"image\/jpeg"}],"author":"admin","twitter_card":"summary_large_image","twitter_misc":{"Escrito por":"admin","Tiempo de lectura":"1 minuto"},"schema":{"@context":"https:\/\/schema.org","@graph":[{"@type":"Article","@id":"https:\/\/www.manabi.gob.ec\/index.php\/una-amplia-via-alegra-a-comunidades-rurales-en-el-canton-bolivar\/#article","isPartOf":{"@id":"https:\/\/www.manabi.gob.ec\/index.php\/una-amplia-via-alegra-a-comunidades-rurales-en-el-canton-bolivar\/"},"author":{"name":"admin","@id":"https:\/\/www.manabi.gob.ec\/#\/schema\/person\/cfc71bd68fe2703b779edcc292a49722"},"headline":"Una amplia v\u00eda alegra a comunidades rurales en el cant\u00f3n Bol\u00edvar","datePublished":"2019-10-26T03:28:39+00:00","mainEntityOfPage":{"@id":"https:\/\/www.manabi.gob.ec\/index.php\/una-amplia-via-alegra-a-comunidades-rurales-en-el-canton-bolivar\/"},"wordCount":303,"commentCount":0,"image":{"@id":"https:\/\/www.manabi.gob.ec\/index.php\/una-amplia-via-alegra-a-comunidades-rurales-en-el-canton-bolivar\/#primaryimage"},"thumbnailUrl":"https:\/\/www.manabi.gob.ec\/wp-content\/uploads\/2019\/10\/Recorridos-obras-v\u00edas-en-Calceta-Bol\u00edvar-3.jpeg","articleSection":["Noticias","Todas"],"inLanguage":"es","potentialAction":[{"@type":"CommentAction","name":"Comment","target":["https:\/\/www.manabi.gob.ec\/index.php\/una-amplia-via-alegra-a-comunidades-rurales-en-el-canton-bolivar\/#respond"]}]},{"@type":"WebPage","@id":"https:\/\/www.manabi.gob.ec\/index.php\/una-amplia-via-alegra-a-comunidades-rurales-en-el-canton-bolivar\/","url":"https:\/\/www.manabi.gob.ec\/index.php\/una-amplia-via-alegra-a-comunidades-rurales-en-el-canton-bolivar\/","name":"Una amplia v\u00eda alegra a comunidades rurales en el cant\u00f3n Bol\u00edvar - Prefectura de Manab\u00ed","isPartOf":{"@id":"https:\/\/www.manabi.gob.ec\/#website"},"primaryImageOfPage":{"@id":"https:\/\/www.manabi.gob.ec\/index.php\/una-amplia-via-alegra-a-comunidades-rurales-en-el-canton-bolivar\/#primaryimage"},"image":{"@id":"https:\/\/www.manabi.gob.ec\/index.php\/una-amplia-via-alegra-a-comunidades-rurales-en-el-canton-bolivar\/#primaryimage"},"thumbnailUrl":"https:\/\/www.manabi.gob.ec\/wp-content\/uploads\/2019\/10\/Recorridos-obras-v\u00edas-en-Calceta-Bol\u00edvar-3.jpeg","datePublished":"2019-10-26T03:28:39+00:00","author":{"@id":"https:\/\/www.manabi.gob.ec\/#\/schema\/person\/cfc71bd68fe2703b779edcc292a49722"},"breadcrumb":{"@id":"https:\/\/www.manabi.gob.ec\/index.php\/una-amplia-via-alegra-a-comunidades-rurales-en-el-canton-bolivar\/#breadcrumb"},"inLanguage":"es","potentialAction":[{"@type":"ReadAction","target":["https:\/\/www.manabi.gob.ec\/index.php\/una-amplia-via-alegra-a-comunidades-rurales-en-el-canton-bolivar\/"]}]},{"@type":"ImageObject","inLanguage":"es","@id":"https:\/\/www.manabi.gob.ec\/index.php\/una-amplia-via-alegra-a-comunidades-rurales-en-el-canton-bolivar\/#primaryimage","url":"https:\/\/www.manabi.gob.ec\/wp-content\/uploads\/2019\/10\/Recorridos-obras-v\u00edas-en-Calceta-Bol\u00edvar-3.jpeg","contentUrl":"https:\/\/www.manabi.gob.ec\/wp-content\/uploads\/2019\/10\/Recorridos-obras-v\u00edas-en-Calceta-Bol\u00edvar-3.jpeg","width":1074,"height":716},{"@type":"BreadcrumbList","@id":"https:\/\/www.manabi.gob.ec\/index.php\/una-amplia-via-alegra-a-comunidades-rurales-en-el-canton-bolivar\/#breadcrumb","itemListElement":[{"@type":"ListItem","position":1,"name":"Portada","item":"https:\/\/www.manabi.gob.ec\/"},{"@type":"ListItem","position":2,"name":"Una amplia v\u00eda alegra a comunidades rurales en el cant\u00f3n Bol\u00edvar"}]},{"@type":"WebSite","@id":"https:\/\/www.manabi.gob.ec\/#website","url":"https:\/\/www.manabi.gob.ec\/","name":"Prefectura de Manab\u00ed","description":"P\u00e1gina web de la prefectura","potentialAction":[{"@type":"SearchAction","target":{"@type":"EntryPoint","urlTemplate":"https:\/\/www.manabi.gob.ec\/?s={search_term_string}"},"query-input":{"@type":"PropertyValueSpecification","valueRequired":true,"valueName":"search_term_string"}}],"inLanguage":"es"},{"@type":"Person","@id":"https:\/\/www.manabi.gob.ec\/#\/schema\/person\/cfc71bd68fe2703b779edcc292a49722","name":"admin","image":{"@type":"ImageObject","inLanguage":"es","@id":"https:\/\/secure.gravatar.com\/avatar\/23e9f919492b0a2f65aa168e0d8c5c867ea853b61deffbadf08c7031e15b8d78?s=96&d=mm&r=g","url":"https:\/\/secure.gravatar.com\/avatar\/23e9f919492b0a2f65aa168e0d8c5c867ea853b61deffbadf08c7031e15b8d78?s=96&d=mm&r=g","contentUrl":"https:\/\/secure.gravatar.com\/avatar\/23e9f919492b0a2f65aa168e0d8c5c867ea853b61deffbadf08c7031e15b8d78?s=96&d=mm&r=g","caption":"admin"},"sameAs":["http:\/\/www.manabi.gob.ec"],"url":"https:\/\/www.manabi.gob.ec\/index.php\/author\/admin\/"}]}},"jetpack_featured_media_url":"https:\/\/www.manabi.gob.ec\/wp-content\/uploads\/2019\/10\/Recorridos-obras-v\u00edas-en-Calceta-Bol\u00edvar-3.jpeg","_links":{"self":[{"href":"https:\/\/www.manabi.gob.ec\/index.php\/wp-json\/wp\/v2\/posts\/13517","targetHints":{"allow":["GET"]}}],"collection":[{"href":"https:\/\/www.manabi.gob.ec\/index.php\/wp-json\/wp\/v2\/posts"}],"about":[{"href":"https:\/\/www.manabi.gob.ec\/index.php\/wp-json\/wp\/v2\/types\/post"}],"author":[{"embeddable":true,"href":"https:\/\/www.manabi.gob.ec\/index.php\/wp-json\/wp\/v2\/users\/1"}],"replies":[{"embeddable":true,"href":"https:\/\/www.manabi.gob.ec\/index.php\/wp-json\/wp\/v2\/comments?post=13517"}],"version-history":[{"count":0,"href":"https:\/\/www.manabi.gob.ec\/index.php\/wp-json\/wp\/v2\/posts\/13517\/revisions"}],"wp:featuredmedia":[{"embeddable":true,"href":"https:\/\/www.manabi.gob.ec\/index.php\/wp-json\/wp\/v2\/media\/13518"}],"wp:attachment":[{"href":"https:\/\/www.manabi.gob.ec\/index.php\/wp-json\/wp\/v2\/media?parent=13517"}],"wp:term":[{"taxonomy":"category","embeddable":true,"href":"https:\/\/www.manabi.gob.ec\/index.php\/wp-json\/wp\/v2\/categories?post=13517"},{"taxonomy":"post_tag","embeddable":true,"href":"https:\/\/www.manabi.gob.ec\/index.php\/wp-json\/wp\/v2\/tags?post=13517"}],"curies":[{"name":"wp","href":"https:\/\/api.w.org\/{rel}","templated":true}]}}