{"id":13525,"date":"2019-10-29T15:03:34","date_gmt":"2019-10-29T20:03:34","guid":{"rendered":"http:\/\/www.manabi.gob.ec\/?p=13525"},"modified":"2019-10-29T15:03:34","modified_gmt":"2019-10-29T20:03:34","slug":"gobierno-de-manabi-entrego-plantas-y-tachos-para-desechos-solidos-en-jipijapa","status":"publish","type":"post","link":"https:\/\/www.manabi.gob.ec\/index.php\/gobierno-de-manabi-entrego-plantas-y-tachos-para-desechos-solidos-en-jipijapa\/","title":{"rendered":"Gobierno de Manab\u00ed entreg\u00f3 plantas y tachos para desechos s\u00f3lidos en Jipijapa"},"content":{"rendered":"<p style=\"text-align: justify;\">Un total de 175 plantas se entregaron en la Unidad Educativa \u201c8 de Enero\u201d, la escuela unidocente \u201cEloy Alfaro Delgado\u201d, agricultores, y a padres de familia del cant\u00f3n Jipijapa. La viceprefecta Kelly Buenaventura particip\u00f3 de los actos, donde tambi\u00e9n se capacitaron en temas ambientales a estudiantes y docentes.<\/p>\n<p style=\"text-align: justify;\">\n<p style=\"text-align: justify;\">La actividad se desarroll\u00f3 en el marco de la \u201cOperaci\u00f3n Sembrando Vida\u201d, y la campa\u00f1a \u201cAdoptemos un \u00e1rbol: Padrinos Verdes\u201d, que lleva adelante el Gobierno de Manab\u00ed, dijo Ana L\u00eda Rivadeneira, directora de Gesti\u00f3n Ambiental, Reforestaci\u00f3n, y Riesgos de la entidad provincial.<\/p>\n<p style=\"text-align: justify;\">\n<p style=\"text-align: justify;\">Rivadeneira adem\u00e1s explic\u00f3 que en la UE. \u201c8 de Enero\u201d, ubicada en la ciudad de Jipijapa\u00a0 se entregaron y sembraron 75 plantas y 40 tachos para recolecci\u00f3n de desechos org\u00e1nicos e inorg\u00e1nicos. En la escuela unidocente\u00a0 \u201cEloy Alfaro Delgado\u201d, de la comunidad Los Laureles de la parroquia Julcuy se entregaron y sembraron 30 plantas. All\u00ed 14 estudiantes de 5 a 11 a\u00f1os de edad y su docente apadrinaron cada uno dos \u00e1rboles. El resto de plantas fueron entregadas a agricultores y padres de familia.<\/p>\n<p style=\"text-align: justify;\">\n<p style=\"text-align: justify;\">Las especies entregadas fueron: cascol, mirto, neen, pechiche, aguacate, grosella, palma botella enana, flor de ni\u00f1o, entre otras plantas maderables, frutales y ornamentales.<\/p>\n<p style=\"text-align: justify;\">\n<p style=\"text-align: justify;\">La viceprefecta, Kelly Buenaventura, dio un mensaje positivo a los estudiantes en el que los invit\u00f3 a ser responsables y asumir el compromiso del cuidado de las plantas sembradas. \u201cPor cada \u00e1rbol que siembran tendr\u00e1n una recompensa, un aire puro que les brindar\u00e1 un ambiente fresco y saludable. En diciembre me comprometo a visitarles y ver\u00e9 si han cuidado sus arbolitos de los que ahora ustedes son sus padrinos\u201d, expres\u00f3 la autoridad.<\/p>\n<p style=\"text-align: justify;\">\n<p style=\"text-align: justify;\">Jaqueline Tep\u00e1n Cho\u00e9z, rectora de la UE. \u201c8 de Enero\u201d, en su intervenci\u00f3n dijo que los\u00a0 docentes de la instituci\u00f3n se dar\u00e1n el tiempo de cuidar las plantas en temporada de vacaciones, y har\u00e1n seguimiento para que los actuales y nuevos estudiantes que ingresen est\u00e9n pendientes del cuidado y crecimiento del arbolito.<\/p>\n<p><strong>\u00a0<\/strong><\/p>\n","protected":false},"excerpt":{"rendered":"<p>Un total de 175 plantas se entregaron en la Unidad Educativa \u201c8 de Enero\u201d, la escuela unidocente \u201cEloy Alfaro Delgado\u201d, agricultores, y a padres de familia del cant\u00f3n Jipijapa. La viceprefecta Kelly Buenaventura particip\u00f3 de los actos, donde tambi\u00e9n se capacitaron en temas ambientales a estudiantes y docentes. La actividad se desarroll\u00f3 en el marco [&hellip;]<\/p>\n","protected":false},"author":1,"featured_media":13526,"comment_status":"open","ping_status":"open","sticky":false,"template":"","format":"standard","meta":{"_joinchat":[],"footnotes":""},"categories":[92,91],"tags":[],"class_list":["post-13525","post","type-post","status-publish","format-standard","has-post-thumbnail","hentry","category-noticias-manabi","category-todas"],"yoast_head":"<!-- This site is optimized with the Yoast SEO plugin v27.4 - https:\/\/yoast.com\/product\/yoast-seo-wordpress\/ -->\n<title>Gobierno de Manab\u00ed entreg\u00f3 plantas y tachos para desechos s\u00f3lidos en Jipijapa - Prefectura de Manab\u00ed<\/title>\n<meta name=\"robots\" content=\"index, follow, max-snippet:-1, max-image-preview:large, max-video-preview:-1\" \/>\n<link rel=\"canonical\" href=\"https:\/\/www.manabi.gob.ec\/index.php\/gobierno-de-manabi-entrego-plantas-y-tachos-para-desechos-solidos-en-jipijapa\/\" \/>\n<meta property=\"og:locale\" content=\"es_ES\" \/>\n<meta property=\"og:type\" content=\"article\" \/>\n<meta property=\"og:title\" content=\"Gobierno de Manab\u00ed entreg\u00f3 plantas y tachos para desechos s\u00f3lidos en Jipijapa - Prefectura de Manab\u00ed\" \/>\n<meta property=\"og:description\" content=\"Un total de 175 plantas se entregaron en la Unidad Educativa \u201c8 de Enero\u201d, la escuela unidocente \u201cEloy Alfaro Delgado\u201d, agricultores, y a padres de familia del cant\u00f3n Jipijapa. La viceprefecta Kelly Buenaventura particip\u00f3 de los actos, donde tambi\u00e9n se capacitaron en temas ambientales a estudiantes y docentes. La actividad se desarroll\u00f3 en el marco [&hellip;]\" \/>\n<meta property=\"og:url\" content=\"https:\/\/www.manabi.gob.ec\/index.php\/gobierno-de-manabi-entrego-plantas-y-tachos-para-desechos-solidos-en-jipijapa\/\" \/>\n<meta property=\"og:site_name\" content=\"Prefectura de Manab\u00ed\" \/>\n<meta property=\"article:published_time\" content=\"2019-10-29T20:03:34+00:00\" \/>\n<meta property=\"og:image\" content=\"https:\/\/www.manabi.gob.ec\/wp-content\/uploads\/2019\/10\/WhatsApp-Image-2019-10-22-at-11.04.22-1.jpeg\" \/>\n\t<meta property=\"og:image:width\" content=\"1280\" \/>\n\t<meta property=\"og:image:height\" content=\"853\" \/>\n\t<meta property=\"og:image:type\" content=\"image\/jpeg\" \/>\n<meta name=\"author\" content=\"admin\" \/>\n<meta name=\"twitter:card\" content=\"summary_large_image\" \/>\n<meta name=\"twitter:label1\" content=\"Escrito por\" \/>\n\t<meta name=\"twitter:data1\" content=\"admin\" \/>\n\t<meta name=\"twitter:label2\" content=\"Tiempo de lectura\" \/>\n\t<meta name=\"twitter:data2\" content=\"2 minutos\" \/>\n<script type=\"application\/ld+json\" class=\"yoast-schema-graph\">{\"@context\":\"https:\\\/\\\/schema.org\",\"@graph\":[{\"@type\":\"Article\",\"@id\":\"https:\\\/\\\/www.manabi.gob.ec\\\/index.php\\\/gobierno-de-manabi-entrego-plantas-y-tachos-para-desechos-solidos-en-jipijapa\\\/#article\",\"isPartOf\":{\"@id\":\"https:\\\/\\\/www.manabi.gob.ec\\\/index.php\\\/gobierno-de-manabi-entrego-plantas-y-tachos-para-desechos-solidos-en-jipijapa\\\/\"},\"author\":{\"name\":\"admin\",\"@id\":\"https:\\\/\\\/www.manabi.gob.ec\\\/#\\\/schema\\\/person\\\/cfc71bd68fe2703b779edcc292a49722\"},\"headline\":\"Gobierno de Manab\u00ed entreg\u00f3 plantas y tachos para desechos s\u00f3lidos en Jipijapa\",\"datePublished\":\"2019-10-29T20:03:34+00:00\",\"mainEntityOfPage\":{\"@id\":\"https:\\\/\\\/www.manabi.gob.ec\\\/index.php\\\/gobierno-de-manabi-entrego-plantas-y-tachos-para-desechos-solidos-en-jipijapa\\\/\"},\"wordCount\":345,\"commentCount\":0,\"image\":{\"@id\":\"https:\\\/\\\/www.manabi.gob.ec\\\/index.php\\\/gobierno-de-manabi-entrego-plantas-y-tachos-para-desechos-solidos-en-jipijapa\\\/#primaryimage\"},\"thumbnailUrl\":\"https:\\\/\\\/www.manabi.gob.ec\\\/wp-content\\\/uploads\\\/2019\\\/10\\\/WhatsApp-Image-2019-10-22-at-11.04.22-1.jpeg\",\"articleSection\":[\"Noticias\",\"Todas\"],\"inLanguage\":\"es\",\"potentialAction\":[{\"@type\":\"CommentAction\",\"name\":\"Comment\",\"target\":[\"https:\\\/\\\/www.manabi.gob.ec\\\/index.php\\\/gobierno-de-manabi-entrego-plantas-y-tachos-para-desechos-solidos-en-jipijapa\\\/#respond\"]}]},{\"@type\":\"WebPage\",\"@id\":\"https:\\\/\\\/www.manabi.gob.ec\\\/index.php\\\/gobierno-de-manabi-entrego-plantas-y-tachos-para-desechos-solidos-en-jipijapa\\\/\",\"url\":\"https:\\\/\\\/www.manabi.gob.ec\\\/index.php\\\/gobierno-de-manabi-entrego-plantas-y-tachos-para-desechos-solidos-en-jipijapa\\\/\",\"name\":\"Gobierno de Manab\u00ed entreg\u00f3 plantas y tachos para desechos s\u00f3lidos en Jipijapa - Prefectura de Manab\u00ed\",\"isPartOf\":{\"@id\":\"https:\\\/\\\/www.manabi.gob.ec\\\/#website\"},\"primaryImageOfPage\":{\"@id\":\"https:\\\/\\\/www.manabi.gob.ec\\\/index.php\\\/gobierno-de-manabi-entrego-plantas-y-tachos-para-desechos-solidos-en-jipijapa\\\/#primaryimage\"},\"image\":{\"@id\":\"https:\\\/\\\/www.manabi.gob.ec\\\/index.php\\\/gobierno-de-manabi-entrego-plantas-y-tachos-para-desechos-solidos-en-jipijapa\\\/#primaryimage\"},\"thumbnailUrl\":\"https:\\\/\\\/www.manabi.gob.ec\\\/wp-content\\\/uploads\\\/2019\\\/10\\\/WhatsApp-Image-2019-10-22-at-11.04.22-1.jpeg\",\"datePublished\":\"2019-10-29T20:03:34+00:00\",\"author\":{\"@id\":\"https:\\\/\\\/www.manabi.gob.ec\\\/#\\\/schema\\\/person\\\/cfc71bd68fe2703b779edcc292a49722\"},\"breadcrumb\":{\"@id\":\"https:\\\/\\\/www.manabi.gob.ec\\\/index.php\\\/gobierno-de-manabi-entrego-plantas-y-tachos-para-desechos-solidos-en-jipijapa\\\/#breadcrumb\"},\"inLanguage\":\"es\",\"potentialAction\":[{\"@type\":\"ReadAction\",\"target\":[\"https:\\\/\\\/www.manabi.gob.ec\\\/index.php\\\/gobierno-de-manabi-entrego-plantas-y-tachos-para-desechos-solidos-en-jipijapa\\\/\"]}]},{\"@type\":\"ImageObject\",\"inLanguage\":\"es\",\"@id\":\"https:\\\/\\\/www.manabi.gob.ec\\\/index.php\\\/gobierno-de-manabi-entrego-plantas-y-tachos-para-desechos-solidos-en-jipijapa\\\/#primaryimage\",\"url\":\"https:\\\/\\\/www.manabi.gob.ec\\\/wp-content\\\/uploads\\\/2019\\\/10\\\/WhatsApp-Image-2019-10-22-at-11.04.22-1.jpeg\",\"contentUrl\":\"https:\\\/\\\/www.manabi.gob.ec\\\/wp-content\\\/uploads\\\/2019\\\/10\\\/WhatsApp-Image-2019-10-22-at-11.04.22-1.jpeg\",\"width\":1280,\"height\":853},{\"@type\":\"BreadcrumbList\",\"@id\":\"https:\\\/\\\/www.manabi.gob.ec\\\/index.php\\\/gobierno-de-manabi-entrego-plantas-y-tachos-para-desechos-solidos-en-jipijapa\\\/#breadcrumb\",\"itemListElement\":[{\"@type\":\"ListItem\",\"position\":1,\"name\":\"Portada\",\"item\":\"https:\\\/\\\/www.manabi.gob.ec\\\/\"},{\"@type\":\"ListItem\",\"position\":2,\"name\":\"Gobierno de Manab\u00ed entreg\u00f3 plantas y tachos para desechos s\u00f3lidos en Jipijapa\"}]},{\"@type\":\"WebSite\",\"@id\":\"https:\\\/\\\/www.manabi.gob.ec\\\/#website\",\"url\":\"https:\\\/\\\/www.manabi.gob.ec\\\/\",\"name\":\"Prefectura de Manab\u00ed\",\"description\":\"P\u00e1gina web de la prefectura\",\"potentialAction\":[{\"@type\":\"SearchAction\",\"target\":{\"@type\":\"EntryPoint\",\"urlTemplate\":\"https:\\\/\\\/www.manabi.gob.ec\\\/?s={search_term_string}\"},\"query-input\":{\"@type\":\"PropertyValueSpecification\",\"valueRequired\":true,\"valueName\":\"search_term_string\"}}],\"inLanguage\":\"es\"},{\"@type\":\"Person\",\"@id\":\"https:\\\/\\\/www.manabi.gob.ec\\\/#\\\/schema\\\/person\\\/cfc71bd68fe2703b779edcc292a49722\",\"name\":\"admin\",\"image\":{\"@type\":\"ImageObject\",\"inLanguage\":\"es\",\"@id\":\"https:\\\/\\\/secure.gravatar.com\\\/avatar\\\/23e9f919492b0a2f65aa168e0d8c5c867ea853b61deffbadf08c7031e15b8d78?s=96&d=mm&r=g\",\"url\":\"https:\\\/\\\/secure.gravatar.com\\\/avatar\\\/23e9f919492b0a2f65aa168e0d8c5c867ea853b61deffbadf08c7031e15b8d78?s=96&d=mm&r=g\",\"contentUrl\":\"https:\\\/\\\/secure.gravatar.com\\\/avatar\\\/23e9f919492b0a2f65aa168e0d8c5c867ea853b61deffbadf08c7031e15b8d78?s=96&d=mm&r=g\",\"caption\":\"admin\"},\"sameAs\":[\"http:\\\/\\\/www.manabi.gob.ec\"],\"url\":\"https:\\\/\\\/www.manabi.gob.ec\\\/index.php\\\/author\\\/admin\\\/\"}]}<\/script>\n<!-- \/ Yoast SEO plugin. -->","yoast_head_json":{"title":"Gobierno de Manab\u00ed entreg\u00f3 plantas y tachos para desechos s\u00f3lidos en Jipijapa - Prefectura de Manab\u00ed","robots":{"index":"index","follow":"follow","max-snippet":"max-snippet:-1","max-image-preview":"max-image-preview:large","max-video-preview":"max-video-preview:-1"},"canonical":"https:\/\/www.manabi.gob.ec\/index.php\/gobierno-de-manabi-entrego-plantas-y-tachos-para-desechos-solidos-en-jipijapa\/","og_locale":"es_ES","og_type":"article","og_title":"Gobierno de Manab\u00ed entreg\u00f3 plantas y tachos para desechos s\u00f3lidos en Jipijapa - Prefectura de Manab\u00ed","og_description":"Un total de 175 plantas se entregaron en la Unidad Educativa \u201c8 de Enero\u201d, la escuela unidocente \u201cEloy Alfaro Delgado\u201d, agricultores, y a padres de familia del cant\u00f3n Jipijapa. La viceprefecta Kelly Buenaventura particip\u00f3 de los actos, donde tambi\u00e9n se capacitaron en temas ambientales a estudiantes y docentes. La actividad se desarroll\u00f3 en el marco [&hellip;]","og_url":"https:\/\/www.manabi.gob.ec\/index.php\/gobierno-de-manabi-entrego-plantas-y-tachos-para-desechos-solidos-en-jipijapa\/","og_site_name":"Prefectura de Manab\u00ed","article_published_time":"2019-10-29T20:03:34+00:00","og_image":[{"width":1280,"height":853,"url":"https:\/\/www.manabi.gob.ec\/wp-content\/uploads\/2019\/10\/WhatsApp-Image-2019-10-22-at-11.04.22-1.jpeg","type":"image\/jpeg"}],"author":"admin","twitter_card":"summary_large_image","twitter_misc":{"Escrito por":"admin","Tiempo de lectura":"2 minutos"},"schema":{"@context":"https:\/\/schema.org","@graph":[{"@type":"Article","@id":"https:\/\/www.manabi.gob.ec\/index.php\/gobierno-de-manabi-entrego-plantas-y-tachos-para-desechos-solidos-en-jipijapa\/#article","isPartOf":{"@id":"https:\/\/www.manabi.gob.ec\/index.php\/gobierno-de-manabi-entrego-plantas-y-tachos-para-desechos-solidos-en-jipijapa\/"},"author":{"name":"admin","@id":"https:\/\/www.manabi.gob.ec\/#\/schema\/person\/cfc71bd68fe2703b779edcc292a49722"},"headline":"Gobierno de Manab\u00ed entreg\u00f3 plantas y tachos para desechos s\u00f3lidos en Jipijapa","datePublished":"2019-10-29T20:03:34+00:00","mainEntityOfPage":{"@id":"https:\/\/www.manabi.gob.ec\/index.php\/gobierno-de-manabi-entrego-plantas-y-tachos-para-desechos-solidos-en-jipijapa\/"},"wordCount":345,"commentCount":0,"image":{"@id":"https:\/\/www.manabi.gob.ec\/index.php\/gobierno-de-manabi-entrego-plantas-y-tachos-para-desechos-solidos-en-jipijapa\/#primaryimage"},"thumbnailUrl":"https:\/\/www.manabi.gob.ec\/wp-content\/uploads\/2019\/10\/WhatsApp-Image-2019-10-22-at-11.04.22-1.jpeg","articleSection":["Noticias","Todas"],"inLanguage":"es","potentialAction":[{"@type":"CommentAction","name":"Comment","target":["https:\/\/www.manabi.gob.ec\/index.php\/gobierno-de-manabi-entrego-plantas-y-tachos-para-desechos-solidos-en-jipijapa\/#respond"]}]},{"@type":"WebPage","@id":"https:\/\/www.manabi.gob.ec\/index.php\/gobierno-de-manabi-entrego-plantas-y-tachos-para-desechos-solidos-en-jipijapa\/","url":"https:\/\/www.manabi.gob.ec\/index.php\/gobierno-de-manabi-entrego-plantas-y-tachos-para-desechos-solidos-en-jipijapa\/","name":"Gobierno de Manab\u00ed entreg\u00f3 plantas y tachos para desechos s\u00f3lidos en Jipijapa - Prefectura de Manab\u00ed","isPartOf":{"@id":"https:\/\/www.manabi.gob.ec\/#website"},"primaryImageOfPage":{"@id":"https:\/\/www.manabi.gob.ec\/index.php\/gobierno-de-manabi-entrego-plantas-y-tachos-para-desechos-solidos-en-jipijapa\/#primaryimage"},"image":{"@id":"https:\/\/www.manabi.gob.ec\/index.php\/gobierno-de-manabi-entrego-plantas-y-tachos-para-desechos-solidos-en-jipijapa\/#primaryimage"},"thumbnailUrl":"https:\/\/www.manabi.gob.ec\/wp-content\/uploads\/2019\/10\/WhatsApp-Image-2019-10-22-at-11.04.22-1.jpeg","datePublished":"2019-10-29T20:03:34+00:00","author":{"@id":"https:\/\/www.manabi.gob.ec\/#\/schema\/person\/cfc71bd68fe2703b779edcc292a49722"},"breadcrumb":{"@id":"https:\/\/www.manabi.gob.ec\/index.php\/gobierno-de-manabi-entrego-plantas-y-tachos-para-desechos-solidos-en-jipijapa\/#breadcrumb"},"inLanguage":"es","potentialAction":[{"@type":"ReadAction","target":["https:\/\/www.manabi.gob.ec\/index.php\/gobierno-de-manabi-entrego-plantas-y-tachos-para-desechos-solidos-en-jipijapa\/"]}]},{"@type":"ImageObject","inLanguage":"es","@id":"https:\/\/www.manabi.gob.ec\/index.php\/gobierno-de-manabi-entrego-plantas-y-tachos-para-desechos-solidos-en-jipijapa\/#primaryimage","url":"https:\/\/www.manabi.gob.ec\/wp-content\/uploads\/2019\/10\/WhatsApp-Image-2019-10-22-at-11.04.22-1.jpeg","contentUrl":"https:\/\/www.manabi.gob.ec\/wp-content\/uploads\/2019\/10\/WhatsApp-Image-2019-10-22-at-11.04.22-1.jpeg","width":1280,"height":853},{"@type":"BreadcrumbList","@id":"https:\/\/www.manabi.gob.ec\/index.php\/gobierno-de-manabi-entrego-plantas-y-tachos-para-desechos-solidos-en-jipijapa\/#breadcrumb","itemListElement":[{"@type":"ListItem","position":1,"name":"Portada","item":"https:\/\/www.manabi.gob.ec\/"},{"@type":"ListItem","position":2,"name":"Gobierno de Manab\u00ed entreg\u00f3 plantas y tachos para desechos s\u00f3lidos en Jipijapa"}]},{"@type":"WebSite","@id":"https:\/\/www.manabi.gob.ec\/#website","url":"https:\/\/www.manabi.gob.ec\/","name":"Prefectura de Manab\u00ed","description":"P\u00e1gina web de la prefectura","potentialAction":[{"@type":"SearchAction","target":{"@type":"EntryPoint","urlTemplate":"https:\/\/www.manabi.gob.ec\/?s={search_term_string}"},"query-input":{"@type":"PropertyValueSpecification","valueRequired":true,"valueName":"search_term_string"}}],"inLanguage":"es"},{"@type":"Person","@id":"https:\/\/www.manabi.gob.ec\/#\/schema\/person\/cfc71bd68fe2703b779edcc292a49722","name":"admin","image":{"@type":"ImageObject","inLanguage":"es","@id":"https:\/\/secure.gravatar.com\/avatar\/23e9f919492b0a2f65aa168e0d8c5c867ea853b61deffbadf08c7031e15b8d78?s=96&d=mm&r=g","url":"https:\/\/secure.gravatar.com\/avatar\/23e9f919492b0a2f65aa168e0d8c5c867ea853b61deffbadf08c7031e15b8d78?s=96&d=mm&r=g","contentUrl":"https:\/\/secure.gravatar.com\/avatar\/23e9f919492b0a2f65aa168e0d8c5c867ea853b61deffbadf08c7031e15b8d78?s=96&d=mm&r=g","caption":"admin"},"sameAs":["http:\/\/www.manabi.gob.ec"],"url":"https:\/\/www.manabi.gob.ec\/index.php\/author\/admin\/"}]}},"jetpack_featured_media_url":"https:\/\/www.manabi.gob.ec\/wp-content\/uploads\/2019\/10\/WhatsApp-Image-2019-10-22-at-11.04.22-1.jpeg","_links":{"self":[{"href":"https:\/\/www.manabi.gob.ec\/index.php\/wp-json\/wp\/v2\/posts\/13525","targetHints":{"allow":["GET"]}}],"collection":[{"href":"https:\/\/www.manabi.gob.ec\/index.php\/wp-json\/wp\/v2\/posts"}],"about":[{"href":"https:\/\/www.manabi.gob.ec\/index.php\/wp-json\/wp\/v2\/types\/post"}],"author":[{"embeddable":true,"href":"https:\/\/www.manabi.gob.ec\/index.php\/wp-json\/wp\/v2\/users\/1"}],"replies":[{"embeddable":true,"href":"https:\/\/www.manabi.gob.ec\/index.php\/wp-json\/wp\/v2\/comments?post=13525"}],"version-history":[{"count":0,"href":"https:\/\/www.manabi.gob.ec\/index.php\/wp-json\/wp\/v2\/posts\/13525\/revisions"}],"wp:featuredmedia":[{"embeddable":true,"href":"https:\/\/www.manabi.gob.ec\/index.php\/wp-json\/wp\/v2\/media\/13526"}],"wp:attachment":[{"href":"https:\/\/www.manabi.gob.ec\/index.php\/wp-json\/wp\/v2\/media?parent=13525"}],"wp:term":[{"taxonomy":"category","embeddable":true,"href":"https:\/\/www.manabi.gob.ec\/index.php\/wp-json\/wp\/v2\/categories?post=13525"},{"taxonomy":"post_tag","embeddable":true,"href":"https:\/\/www.manabi.gob.ec\/index.php\/wp-json\/wp\/v2\/tags?post=13525"}],"curies":[{"name":"wp","href":"https:\/\/api.w.org\/{rel}","templated":true}]}}