{"id":13527,"date":"2019-10-29T15:05:00","date_gmt":"2019-10-29T20:05:00","guid":{"rendered":"http:\/\/www.manabi.gob.ec\/?p=13527"},"modified":"2019-10-29T15:05:00","modified_gmt":"2019-10-29T20:05:00","slug":"agricultores-de-jipijapa-se-reunen-con-la-viceprefecta","status":"publish","type":"post","link":"https:\/\/www.manabi.gob.ec\/index.php\/agricultores-de-jipijapa-se-reunen-con-la-viceprefecta\/","title":{"rendered":"Agricultores de Jipijapa se re\u00fanen con la Viceprefecta"},"content":{"rendered":"<p style=\"text-align: justify;\">La viceprefecta Kelly Buenaventura, mantuvo una reuni\u00f3n de trabajo con socios de las Aso. Agropecuaria Los Laureles de la comunidad Los Laureles en la parroquia Julcuy Jipijapa, donde hablaron sobre temas de vialidad, riego y producci\u00f3n.<\/p>\n<p style=\"text-align: justify;\">Se coordinaron acciones para la intervenci\u00f3n vial en 15 kil\u00f3metros de la v\u00eda Los Laureles hasta llegar a la estatal, que beneficiar\u00e1 a sitios cercanos como Los Esteros, Los Laureles Arriba, San Gregorio y El Cerrito.<\/p>\n<p style=\"text-align: justify;\">\u00abSomos un Gobierno de equidad y justicia social. Nuestro objetivo es llegar hasta el \u00faltimo rinc\u00f3n de Manab\u00ed. Atender al que m\u00e1s necesita y abrir v\u00edas en donde nunca se lo ha hecho, porque eso es equidad y justicia social, y es en lo que trabajamos y estamos comprometidos junto al prefecto de Manab\u00ed Leonardo Orlando\u00bb, expres\u00f3 la Viceprefecta.<\/p>\n<p>&nbsp;<\/p>\n","protected":false},"excerpt":{"rendered":"<p>La viceprefecta Kelly Buenaventura, mantuvo una reuni\u00f3n de trabajo con socios de las Aso. Agropecuaria Los Laureles de la comunidad Los Laureles en la parroquia Julcuy Jipijapa, donde hablaron sobre temas de vialidad, riego y producci\u00f3n. Se coordinaron acciones para la intervenci\u00f3n vial en 15 kil\u00f3metros de la v\u00eda Los Laureles hasta llegar a la [&hellip;]<\/p>\n","protected":false},"author":1,"featured_media":13528,"comment_status":"open","ping_status":"open","sticky":false,"template":"","format":"standard","meta":{"_joinchat":[],"footnotes":""},"categories":[92,91],"tags":[],"class_list":["post-13527","post","type-post","status-publish","format-standard","has-post-thumbnail","hentry","category-noticias-manabi","category-todas"],"yoast_head":"<!-- This site is optimized with the Yoast SEO plugin v27.4 - https:\/\/yoast.com\/product\/yoast-seo-wordpress\/ -->\n<title>Agricultores de Jipijapa se re\u00fanen con la Viceprefecta - Prefectura de Manab\u00ed<\/title>\n<meta name=\"robots\" content=\"index, follow, max-snippet:-1, max-image-preview:large, max-video-preview:-1\" \/>\n<link rel=\"canonical\" href=\"https:\/\/www.manabi.gob.ec\/index.php\/agricultores-de-jipijapa-se-reunen-con-la-viceprefecta\/\" \/>\n<meta property=\"og:locale\" content=\"es_ES\" \/>\n<meta property=\"og:type\" content=\"article\" \/>\n<meta property=\"og:title\" content=\"Agricultores de Jipijapa se re\u00fanen con la Viceprefecta - Prefectura de Manab\u00ed\" \/>\n<meta property=\"og:description\" content=\"La viceprefecta Kelly Buenaventura, mantuvo una reuni\u00f3n de trabajo con socios de las Aso. Agropecuaria Los Laureles de la comunidad Los Laureles en la parroquia Julcuy Jipijapa, donde hablaron sobre temas de vialidad, riego y producci\u00f3n. Se coordinaron acciones para la intervenci\u00f3n vial en 15 kil\u00f3metros de la v\u00eda Los Laureles hasta llegar a la [&hellip;]\" \/>\n<meta property=\"og:url\" content=\"https:\/\/www.manabi.gob.ec\/index.php\/agricultores-de-jipijapa-se-reunen-con-la-viceprefecta\/\" \/>\n<meta property=\"og:site_name\" content=\"Prefectura de Manab\u00ed\" \/>\n<meta property=\"article:published_time\" content=\"2019-10-29T20:05:00+00:00\" \/>\n<meta property=\"og:image\" content=\"https:\/\/www.manabi.gob.ec\/wp-content\/uploads\/2019\/10\/WhatsApp-Image-2019-10-22-at-13.33.50.jpeg\" \/>\n\t<meta property=\"og:image:width\" content=\"1280\" \/>\n\t<meta property=\"og:image:height\" content=\"853\" \/>\n\t<meta property=\"og:image:type\" content=\"image\/jpeg\" \/>\n<meta name=\"author\" content=\"admin\" \/>\n<meta name=\"twitter:card\" content=\"summary_large_image\" \/>\n<meta name=\"twitter:label1\" content=\"Escrito por\" \/>\n\t<meta name=\"twitter:data1\" content=\"admin\" \/>\n\t<meta name=\"twitter:label2\" content=\"Tiempo de lectura\" \/>\n\t<meta name=\"twitter:data2\" content=\"1 minuto\" \/>\n<script type=\"application\/ld+json\" class=\"yoast-schema-graph\">{\"@context\":\"https:\\\/\\\/schema.org\",\"@graph\":[{\"@type\":\"Article\",\"@id\":\"https:\\\/\\\/www.manabi.gob.ec\\\/index.php\\\/agricultores-de-jipijapa-se-reunen-con-la-viceprefecta\\\/#article\",\"isPartOf\":{\"@id\":\"https:\\\/\\\/www.manabi.gob.ec\\\/index.php\\\/agricultores-de-jipijapa-se-reunen-con-la-viceprefecta\\\/\"},\"author\":{\"name\":\"admin\",\"@id\":\"https:\\\/\\\/www.manabi.gob.ec\\\/#\\\/schema\\\/person\\\/cfc71bd68fe2703b779edcc292a49722\"},\"headline\":\"Agricultores de Jipijapa se re\u00fanen con la Viceprefecta\",\"datePublished\":\"2019-10-29T20:05:00+00:00\",\"mainEntityOfPage\":{\"@id\":\"https:\\\/\\\/www.manabi.gob.ec\\\/index.php\\\/agricultores-de-jipijapa-se-reunen-con-la-viceprefecta\\\/\"},\"wordCount\":148,\"commentCount\":0,\"image\":{\"@id\":\"https:\\\/\\\/www.manabi.gob.ec\\\/index.php\\\/agricultores-de-jipijapa-se-reunen-con-la-viceprefecta\\\/#primaryimage\"},\"thumbnailUrl\":\"https:\\\/\\\/www.manabi.gob.ec\\\/wp-content\\\/uploads\\\/2019\\\/10\\\/WhatsApp-Image-2019-10-22-at-13.33.50.jpeg\",\"articleSection\":[\"Noticias\",\"Todas\"],\"inLanguage\":\"es\",\"potentialAction\":[{\"@type\":\"CommentAction\",\"name\":\"Comment\",\"target\":[\"https:\\\/\\\/www.manabi.gob.ec\\\/index.php\\\/agricultores-de-jipijapa-se-reunen-con-la-viceprefecta\\\/#respond\"]}]},{\"@type\":\"WebPage\",\"@id\":\"https:\\\/\\\/www.manabi.gob.ec\\\/index.php\\\/agricultores-de-jipijapa-se-reunen-con-la-viceprefecta\\\/\",\"url\":\"https:\\\/\\\/www.manabi.gob.ec\\\/index.php\\\/agricultores-de-jipijapa-se-reunen-con-la-viceprefecta\\\/\",\"name\":\"Agricultores de Jipijapa se re\u00fanen con la Viceprefecta - Prefectura de Manab\u00ed\",\"isPartOf\":{\"@id\":\"https:\\\/\\\/www.manabi.gob.ec\\\/#website\"},\"primaryImageOfPage\":{\"@id\":\"https:\\\/\\\/www.manabi.gob.ec\\\/index.php\\\/agricultores-de-jipijapa-se-reunen-con-la-viceprefecta\\\/#primaryimage\"},\"image\":{\"@id\":\"https:\\\/\\\/www.manabi.gob.ec\\\/index.php\\\/agricultores-de-jipijapa-se-reunen-con-la-viceprefecta\\\/#primaryimage\"},\"thumbnailUrl\":\"https:\\\/\\\/www.manabi.gob.ec\\\/wp-content\\\/uploads\\\/2019\\\/10\\\/WhatsApp-Image-2019-10-22-at-13.33.50.jpeg\",\"datePublished\":\"2019-10-29T20:05:00+00:00\",\"author\":{\"@id\":\"https:\\\/\\\/www.manabi.gob.ec\\\/#\\\/schema\\\/person\\\/cfc71bd68fe2703b779edcc292a49722\"},\"breadcrumb\":{\"@id\":\"https:\\\/\\\/www.manabi.gob.ec\\\/index.php\\\/agricultores-de-jipijapa-se-reunen-con-la-viceprefecta\\\/#breadcrumb\"},\"inLanguage\":\"es\",\"potentialAction\":[{\"@type\":\"ReadAction\",\"target\":[\"https:\\\/\\\/www.manabi.gob.ec\\\/index.php\\\/agricultores-de-jipijapa-se-reunen-con-la-viceprefecta\\\/\"]}]},{\"@type\":\"ImageObject\",\"inLanguage\":\"es\",\"@id\":\"https:\\\/\\\/www.manabi.gob.ec\\\/index.php\\\/agricultores-de-jipijapa-se-reunen-con-la-viceprefecta\\\/#primaryimage\",\"url\":\"https:\\\/\\\/www.manabi.gob.ec\\\/wp-content\\\/uploads\\\/2019\\\/10\\\/WhatsApp-Image-2019-10-22-at-13.33.50.jpeg\",\"contentUrl\":\"https:\\\/\\\/www.manabi.gob.ec\\\/wp-content\\\/uploads\\\/2019\\\/10\\\/WhatsApp-Image-2019-10-22-at-13.33.50.jpeg\",\"width\":1280,\"height\":853},{\"@type\":\"BreadcrumbList\",\"@id\":\"https:\\\/\\\/www.manabi.gob.ec\\\/index.php\\\/agricultores-de-jipijapa-se-reunen-con-la-viceprefecta\\\/#breadcrumb\",\"itemListElement\":[{\"@type\":\"ListItem\",\"position\":1,\"name\":\"Portada\",\"item\":\"https:\\\/\\\/www.manabi.gob.ec\\\/\"},{\"@type\":\"ListItem\",\"position\":2,\"name\":\"Agricultores de Jipijapa se re\u00fanen con la Viceprefecta\"}]},{\"@type\":\"WebSite\",\"@id\":\"https:\\\/\\\/www.manabi.gob.ec\\\/#website\",\"url\":\"https:\\\/\\\/www.manabi.gob.ec\\\/\",\"name\":\"Prefectura de Manab\u00ed\",\"description\":\"P\u00e1gina web de la prefectura\",\"potentialAction\":[{\"@type\":\"SearchAction\",\"target\":{\"@type\":\"EntryPoint\",\"urlTemplate\":\"https:\\\/\\\/www.manabi.gob.ec\\\/?s={search_term_string}\"},\"query-input\":{\"@type\":\"PropertyValueSpecification\",\"valueRequired\":true,\"valueName\":\"search_term_string\"}}],\"inLanguage\":\"es\"},{\"@type\":\"Person\",\"@id\":\"https:\\\/\\\/www.manabi.gob.ec\\\/#\\\/schema\\\/person\\\/cfc71bd68fe2703b779edcc292a49722\",\"name\":\"admin\",\"image\":{\"@type\":\"ImageObject\",\"inLanguage\":\"es\",\"@id\":\"https:\\\/\\\/secure.gravatar.com\\\/avatar\\\/23e9f919492b0a2f65aa168e0d8c5c867ea853b61deffbadf08c7031e15b8d78?s=96&d=mm&r=g\",\"url\":\"https:\\\/\\\/secure.gravatar.com\\\/avatar\\\/23e9f919492b0a2f65aa168e0d8c5c867ea853b61deffbadf08c7031e15b8d78?s=96&d=mm&r=g\",\"contentUrl\":\"https:\\\/\\\/secure.gravatar.com\\\/avatar\\\/23e9f919492b0a2f65aa168e0d8c5c867ea853b61deffbadf08c7031e15b8d78?s=96&d=mm&r=g\",\"caption\":\"admin\"},\"sameAs\":[\"http:\\\/\\\/www.manabi.gob.ec\"],\"url\":\"https:\\\/\\\/www.manabi.gob.ec\\\/index.php\\\/author\\\/admin\\\/\"}]}<\/script>\n<!-- \/ Yoast SEO plugin. -->","yoast_head_json":{"title":"Agricultores de Jipijapa se re\u00fanen con la Viceprefecta - Prefectura de Manab\u00ed","robots":{"index":"index","follow":"follow","max-snippet":"max-snippet:-1","max-image-preview":"max-image-preview:large","max-video-preview":"max-video-preview:-1"},"canonical":"https:\/\/www.manabi.gob.ec\/index.php\/agricultores-de-jipijapa-se-reunen-con-la-viceprefecta\/","og_locale":"es_ES","og_type":"article","og_title":"Agricultores de Jipijapa se re\u00fanen con la Viceprefecta - Prefectura de Manab\u00ed","og_description":"La viceprefecta Kelly Buenaventura, mantuvo una reuni\u00f3n de trabajo con socios de las Aso. Agropecuaria Los Laureles de la comunidad Los Laureles en la parroquia Julcuy Jipijapa, donde hablaron sobre temas de vialidad, riego y producci\u00f3n. Se coordinaron acciones para la intervenci\u00f3n vial en 15 kil\u00f3metros de la v\u00eda Los Laureles hasta llegar a la [&hellip;]","og_url":"https:\/\/www.manabi.gob.ec\/index.php\/agricultores-de-jipijapa-se-reunen-con-la-viceprefecta\/","og_site_name":"Prefectura de Manab\u00ed","article_published_time":"2019-10-29T20:05:00+00:00","og_image":[{"width":1280,"height":853,"url":"https:\/\/www.manabi.gob.ec\/wp-content\/uploads\/2019\/10\/WhatsApp-Image-2019-10-22-at-13.33.50.jpeg","type":"image\/jpeg"}],"author":"admin","twitter_card":"summary_large_image","twitter_misc":{"Escrito por":"admin","Tiempo de lectura":"1 minuto"},"schema":{"@context":"https:\/\/schema.org","@graph":[{"@type":"Article","@id":"https:\/\/www.manabi.gob.ec\/index.php\/agricultores-de-jipijapa-se-reunen-con-la-viceprefecta\/#article","isPartOf":{"@id":"https:\/\/www.manabi.gob.ec\/index.php\/agricultores-de-jipijapa-se-reunen-con-la-viceprefecta\/"},"author":{"name":"admin","@id":"https:\/\/www.manabi.gob.ec\/#\/schema\/person\/cfc71bd68fe2703b779edcc292a49722"},"headline":"Agricultores de Jipijapa se re\u00fanen con la Viceprefecta","datePublished":"2019-10-29T20:05:00+00:00","mainEntityOfPage":{"@id":"https:\/\/www.manabi.gob.ec\/index.php\/agricultores-de-jipijapa-se-reunen-con-la-viceprefecta\/"},"wordCount":148,"commentCount":0,"image":{"@id":"https:\/\/www.manabi.gob.ec\/index.php\/agricultores-de-jipijapa-se-reunen-con-la-viceprefecta\/#primaryimage"},"thumbnailUrl":"https:\/\/www.manabi.gob.ec\/wp-content\/uploads\/2019\/10\/WhatsApp-Image-2019-10-22-at-13.33.50.jpeg","articleSection":["Noticias","Todas"],"inLanguage":"es","potentialAction":[{"@type":"CommentAction","name":"Comment","target":["https:\/\/www.manabi.gob.ec\/index.php\/agricultores-de-jipijapa-se-reunen-con-la-viceprefecta\/#respond"]}]},{"@type":"WebPage","@id":"https:\/\/www.manabi.gob.ec\/index.php\/agricultores-de-jipijapa-se-reunen-con-la-viceprefecta\/","url":"https:\/\/www.manabi.gob.ec\/index.php\/agricultores-de-jipijapa-se-reunen-con-la-viceprefecta\/","name":"Agricultores de Jipijapa se re\u00fanen con la Viceprefecta - Prefectura de Manab\u00ed","isPartOf":{"@id":"https:\/\/www.manabi.gob.ec\/#website"},"primaryImageOfPage":{"@id":"https:\/\/www.manabi.gob.ec\/index.php\/agricultores-de-jipijapa-se-reunen-con-la-viceprefecta\/#primaryimage"},"image":{"@id":"https:\/\/www.manabi.gob.ec\/index.php\/agricultores-de-jipijapa-se-reunen-con-la-viceprefecta\/#primaryimage"},"thumbnailUrl":"https:\/\/www.manabi.gob.ec\/wp-content\/uploads\/2019\/10\/WhatsApp-Image-2019-10-22-at-13.33.50.jpeg","datePublished":"2019-10-29T20:05:00+00:00","author":{"@id":"https:\/\/www.manabi.gob.ec\/#\/schema\/person\/cfc71bd68fe2703b779edcc292a49722"},"breadcrumb":{"@id":"https:\/\/www.manabi.gob.ec\/index.php\/agricultores-de-jipijapa-se-reunen-con-la-viceprefecta\/#breadcrumb"},"inLanguage":"es","potentialAction":[{"@type":"ReadAction","target":["https:\/\/www.manabi.gob.ec\/index.php\/agricultores-de-jipijapa-se-reunen-con-la-viceprefecta\/"]}]},{"@type":"ImageObject","inLanguage":"es","@id":"https:\/\/www.manabi.gob.ec\/index.php\/agricultores-de-jipijapa-se-reunen-con-la-viceprefecta\/#primaryimage","url":"https:\/\/www.manabi.gob.ec\/wp-content\/uploads\/2019\/10\/WhatsApp-Image-2019-10-22-at-13.33.50.jpeg","contentUrl":"https:\/\/www.manabi.gob.ec\/wp-content\/uploads\/2019\/10\/WhatsApp-Image-2019-10-22-at-13.33.50.jpeg","width":1280,"height":853},{"@type":"BreadcrumbList","@id":"https:\/\/www.manabi.gob.ec\/index.php\/agricultores-de-jipijapa-se-reunen-con-la-viceprefecta\/#breadcrumb","itemListElement":[{"@type":"ListItem","position":1,"name":"Portada","item":"https:\/\/www.manabi.gob.ec\/"},{"@type":"ListItem","position":2,"name":"Agricultores de Jipijapa se re\u00fanen con la Viceprefecta"}]},{"@type":"WebSite","@id":"https:\/\/www.manabi.gob.ec\/#website","url":"https:\/\/www.manabi.gob.ec\/","name":"Prefectura de Manab\u00ed","description":"P\u00e1gina web de la prefectura","potentialAction":[{"@type":"SearchAction","target":{"@type":"EntryPoint","urlTemplate":"https:\/\/www.manabi.gob.ec\/?s={search_term_string}"},"query-input":{"@type":"PropertyValueSpecification","valueRequired":true,"valueName":"search_term_string"}}],"inLanguage":"es"},{"@type":"Person","@id":"https:\/\/www.manabi.gob.ec\/#\/schema\/person\/cfc71bd68fe2703b779edcc292a49722","name":"admin","image":{"@type":"ImageObject","inLanguage":"es","@id":"https:\/\/secure.gravatar.com\/avatar\/23e9f919492b0a2f65aa168e0d8c5c867ea853b61deffbadf08c7031e15b8d78?s=96&d=mm&r=g","url":"https:\/\/secure.gravatar.com\/avatar\/23e9f919492b0a2f65aa168e0d8c5c867ea853b61deffbadf08c7031e15b8d78?s=96&d=mm&r=g","contentUrl":"https:\/\/secure.gravatar.com\/avatar\/23e9f919492b0a2f65aa168e0d8c5c867ea853b61deffbadf08c7031e15b8d78?s=96&d=mm&r=g","caption":"admin"},"sameAs":["http:\/\/www.manabi.gob.ec"],"url":"https:\/\/www.manabi.gob.ec\/index.php\/author\/admin\/"}]}},"jetpack_featured_media_url":"https:\/\/www.manabi.gob.ec\/wp-content\/uploads\/2019\/10\/WhatsApp-Image-2019-10-22-at-13.33.50.jpeg","_links":{"self":[{"href":"https:\/\/www.manabi.gob.ec\/index.php\/wp-json\/wp\/v2\/posts\/13527","targetHints":{"allow":["GET"]}}],"collection":[{"href":"https:\/\/www.manabi.gob.ec\/index.php\/wp-json\/wp\/v2\/posts"}],"about":[{"href":"https:\/\/www.manabi.gob.ec\/index.php\/wp-json\/wp\/v2\/types\/post"}],"author":[{"embeddable":true,"href":"https:\/\/www.manabi.gob.ec\/index.php\/wp-json\/wp\/v2\/users\/1"}],"replies":[{"embeddable":true,"href":"https:\/\/www.manabi.gob.ec\/index.php\/wp-json\/wp\/v2\/comments?post=13527"}],"version-history":[{"count":0,"href":"https:\/\/www.manabi.gob.ec\/index.php\/wp-json\/wp\/v2\/posts\/13527\/revisions"}],"wp:featuredmedia":[{"embeddable":true,"href":"https:\/\/www.manabi.gob.ec\/index.php\/wp-json\/wp\/v2\/media\/13528"}],"wp:attachment":[{"href":"https:\/\/www.manabi.gob.ec\/index.php\/wp-json\/wp\/v2\/media?parent=13527"}],"wp:term":[{"taxonomy":"category","embeddable":true,"href":"https:\/\/www.manabi.gob.ec\/index.php\/wp-json\/wp\/v2\/categories?post=13527"},{"taxonomy":"post_tag","embeddable":true,"href":"https:\/\/www.manabi.gob.ec\/index.php\/wp-json\/wp\/v2\/tags?post=13527"}],"curies":[{"name":"wp","href":"https:\/\/api.w.org\/{rel}","templated":true}]}}