{"id":13535,"date":"2019-10-29T15:11:59","date_gmt":"2019-10-29T20:11:59","guid":{"rendered":"http:\/\/www.manabi.gob.ec\/?p=13535"},"modified":"2019-10-29T15:11:59","modified_gmt":"2019-10-29T20:11:59","slug":"150-cafetaleros-manabitas-se-muestran-al-mundo","status":"publish","type":"post","link":"https:\/\/www.manabi.gob.ec\/index.php\/150-cafetaleros-manabitas-se-muestran-al-mundo\/","title":{"rendered":"150 cafetaleros manabitas se muestran al mundo"},"content":{"rendered":"<p style=\"text-align: justify;\">M\u00e1s de 150 productores de caf\u00e9 manabita participan de una de las ferias m\u00e1s relevante del a\u00f1o denominada \u201cTe van a conocer Compa\u201d. La actividad es organizada por la empresa Wolfpack con el apoyo del Gobierno de Manab\u00ed.<\/p>\n<p style=\"text-align: justify;\">\n<p style=\"text-align: justify;\">Del 23 hasta el 27 de octubre se realizan actividades que permiten poner en contacto representantes de empresas cafeteras del mundo, mediante 12 catadores internacionales. En su visita a Manab\u00ed se contactan con agricultores, empresas productoras, haciendas y fincas cafeteras.<\/p>\n<p style=\"text-align: justify;\">\n<p style=\"text-align: justify;\">En el evento se abren importantes nexos para fomentar la comercializaci\u00f3n internacional con una negociaci\u00f3n directa, precios justos y eliminando intermediarios.<\/p>\n<p style=\"text-align: justify;\">\n<p style=\"text-align: justify;\">Luisa Pi\u00f1eda, gerente de Wolfpack,\u00a0 destac\u00f3 que no podemos competir con el mundo en volumen, pero s\u00ed en calidad. \u201cQueremos lograr que el agricultor asuma la posici\u00f3n de que su caf\u00e9 puede ser exquisito en los paladares del mundo\u201d, dijo.<\/p>\n<p style=\"text-align: justify;\">\n<p style=\"text-align: justify;\">Jenny Zambrano, propietaria de Caf\u00e9 Pionero de Flavio Alfaro, expres\u00f3 la importancia de estas actividades y asegur\u00f3 que es una experiencia enriquecedora que abre posibilidades ante el mundo. \u201cNo solo se trata de dar empleo sino de lograr oportunidades de desarrollo para nuestros agricultores de caf\u00e9\u201d, se\u00f1al\u00f3.<\/p>\n<p style=\"text-align: justify;\">\n<p style=\"text-align: justify;\">Con el apoyo del Gobierno de Manab\u00ed el domingo 27 de octubre se desarrollar\u00e1 en Portoviejo, en el Parque La Rotonda a las 10h00, la premiaci\u00f3n de los mejores productores de caf\u00e9 de la provincia.<\/p>\n<p><strong>\u00a0<\/strong><\/p>\n","protected":false},"excerpt":{"rendered":"<p>M\u00e1s de 150 productores de caf\u00e9 manabita participan de una de las ferias m\u00e1s relevante del a\u00f1o denominada \u201cTe van a conocer Compa\u201d. La actividad es organizada por la empresa Wolfpack con el apoyo del Gobierno de Manab\u00ed. Del 23 hasta el 27 de octubre se realizan actividades que permiten poner en contacto representantes de [&hellip;]<\/p>\n","protected":false},"author":1,"featured_media":13536,"comment_status":"open","ping_status":"open","sticky":false,"template":"","format":"standard","meta":{"_joinchat":[],"footnotes":""},"categories":[92,91],"tags":[],"class_list":["post-13535","post","type-post","status-publish","format-standard","has-post-thumbnail","hentry","category-noticias-manabi","category-todas"],"yoast_head":"<!-- This site is optimized with the Yoast SEO plugin v27.4 - https:\/\/yoast.com\/product\/yoast-seo-wordpress\/ -->\n<title>150 cafetaleros manabitas se muestran al mundo - Prefectura de Manab\u00ed<\/title>\n<meta name=\"robots\" content=\"index, follow, max-snippet:-1, max-image-preview:large, max-video-preview:-1\" \/>\n<link rel=\"canonical\" href=\"https:\/\/www.manabi.gob.ec\/index.php\/150-cafetaleros-manabitas-se-muestran-al-mundo\/\" \/>\n<meta property=\"og:locale\" content=\"es_ES\" \/>\n<meta property=\"og:type\" content=\"article\" \/>\n<meta property=\"og:title\" content=\"150 cafetaleros manabitas se muestran al mundo - Prefectura de Manab\u00ed\" \/>\n<meta property=\"og:description\" content=\"M\u00e1s de 150 productores de caf\u00e9 manabita participan de una de las ferias m\u00e1s relevante del a\u00f1o denominada \u201cTe van a conocer Compa\u201d. La actividad es organizada por la empresa Wolfpack con el apoyo del Gobierno de Manab\u00ed. Del 23 hasta el 27 de octubre se realizan actividades que permiten poner en contacto representantes de [&hellip;]\" \/>\n<meta property=\"og:url\" content=\"https:\/\/www.manabi.gob.ec\/index.php\/150-cafetaleros-manabitas-se-muestran-al-mundo\/\" \/>\n<meta property=\"og:site_name\" content=\"Prefectura de Manab\u00ed\" \/>\n<meta property=\"article:published_time\" content=\"2019-10-29T20:11:59+00:00\" \/>\n<meta property=\"og:image\" content=\"https:\/\/www.manabi.gob.ec\/wp-content\/uploads\/2019\/10\/Evento-sobre-caf\u00e9-manabita-3.jpeg\" \/>\n\t<meta property=\"og:image:width\" content=\"1280\" \/>\n\t<meta property=\"og:image:height\" content=\"853\" \/>\n\t<meta property=\"og:image:type\" content=\"image\/jpeg\" \/>\n<meta name=\"author\" content=\"admin\" \/>\n<meta name=\"twitter:card\" content=\"summary_large_image\" \/>\n<meta name=\"twitter:label1\" content=\"Escrito por\" \/>\n\t<meta name=\"twitter:data1\" content=\"admin\" \/>\n\t<meta name=\"twitter:label2\" content=\"Tiempo de lectura\" \/>\n\t<meta name=\"twitter:data2\" content=\"1 minuto\" \/>\n<script type=\"application\/ld+json\" class=\"yoast-schema-graph\">{\"@context\":\"https:\\\/\\\/schema.org\",\"@graph\":[{\"@type\":\"Article\",\"@id\":\"https:\\\/\\\/www.manabi.gob.ec\\\/index.php\\\/150-cafetaleros-manabitas-se-muestran-al-mundo\\\/#article\",\"isPartOf\":{\"@id\":\"https:\\\/\\\/www.manabi.gob.ec\\\/index.php\\\/150-cafetaleros-manabitas-se-muestran-al-mundo\\\/\"},\"author\":{\"name\":\"admin\",\"@id\":\"https:\\\/\\\/www.manabi.gob.ec\\\/#\\\/schema\\\/person\\\/cfc71bd68fe2703b779edcc292a49722\"},\"headline\":\"150 cafetaleros manabitas se muestran al mundo\",\"datePublished\":\"2019-10-29T20:11:59+00:00\",\"mainEntityOfPage\":{\"@id\":\"https:\\\/\\\/www.manabi.gob.ec\\\/index.php\\\/150-cafetaleros-manabitas-se-muestran-al-mundo\\\/\"},\"wordCount\":231,\"commentCount\":0,\"image\":{\"@id\":\"https:\\\/\\\/www.manabi.gob.ec\\\/index.php\\\/150-cafetaleros-manabitas-se-muestran-al-mundo\\\/#primaryimage\"},\"thumbnailUrl\":\"https:\\\/\\\/www.manabi.gob.ec\\\/wp-content\\\/uploads\\\/2019\\\/10\\\/Evento-sobre-caf\u00e9-manabita-3.jpeg\",\"articleSection\":[\"Noticias\",\"Todas\"],\"inLanguage\":\"es\",\"potentialAction\":[{\"@type\":\"CommentAction\",\"name\":\"Comment\",\"target\":[\"https:\\\/\\\/www.manabi.gob.ec\\\/index.php\\\/150-cafetaleros-manabitas-se-muestran-al-mundo\\\/#respond\"]}]},{\"@type\":\"WebPage\",\"@id\":\"https:\\\/\\\/www.manabi.gob.ec\\\/index.php\\\/150-cafetaleros-manabitas-se-muestran-al-mundo\\\/\",\"url\":\"https:\\\/\\\/www.manabi.gob.ec\\\/index.php\\\/150-cafetaleros-manabitas-se-muestran-al-mundo\\\/\",\"name\":\"150 cafetaleros manabitas se muestran al mundo - Prefectura de Manab\u00ed\",\"isPartOf\":{\"@id\":\"https:\\\/\\\/www.manabi.gob.ec\\\/#website\"},\"primaryImageOfPage\":{\"@id\":\"https:\\\/\\\/www.manabi.gob.ec\\\/index.php\\\/150-cafetaleros-manabitas-se-muestran-al-mundo\\\/#primaryimage\"},\"image\":{\"@id\":\"https:\\\/\\\/www.manabi.gob.ec\\\/index.php\\\/150-cafetaleros-manabitas-se-muestran-al-mundo\\\/#primaryimage\"},\"thumbnailUrl\":\"https:\\\/\\\/www.manabi.gob.ec\\\/wp-content\\\/uploads\\\/2019\\\/10\\\/Evento-sobre-caf\u00e9-manabita-3.jpeg\",\"datePublished\":\"2019-10-29T20:11:59+00:00\",\"author\":{\"@id\":\"https:\\\/\\\/www.manabi.gob.ec\\\/#\\\/schema\\\/person\\\/cfc71bd68fe2703b779edcc292a49722\"},\"breadcrumb\":{\"@id\":\"https:\\\/\\\/www.manabi.gob.ec\\\/index.php\\\/150-cafetaleros-manabitas-se-muestran-al-mundo\\\/#breadcrumb\"},\"inLanguage\":\"es\",\"potentialAction\":[{\"@type\":\"ReadAction\",\"target\":[\"https:\\\/\\\/www.manabi.gob.ec\\\/index.php\\\/150-cafetaleros-manabitas-se-muestran-al-mundo\\\/\"]}]},{\"@type\":\"ImageObject\",\"inLanguage\":\"es\",\"@id\":\"https:\\\/\\\/www.manabi.gob.ec\\\/index.php\\\/150-cafetaleros-manabitas-se-muestran-al-mundo\\\/#primaryimage\",\"url\":\"https:\\\/\\\/www.manabi.gob.ec\\\/wp-content\\\/uploads\\\/2019\\\/10\\\/Evento-sobre-caf\u00e9-manabita-3.jpeg\",\"contentUrl\":\"https:\\\/\\\/www.manabi.gob.ec\\\/wp-content\\\/uploads\\\/2019\\\/10\\\/Evento-sobre-caf\u00e9-manabita-3.jpeg\",\"width\":1280,\"height\":853},{\"@type\":\"BreadcrumbList\",\"@id\":\"https:\\\/\\\/www.manabi.gob.ec\\\/index.php\\\/150-cafetaleros-manabitas-se-muestran-al-mundo\\\/#breadcrumb\",\"itemListElement\":[{\"@type\":\"ListItem\",\"position\":1,\"name\":\"Portada\",\"item\":\"https:\\\/\\\/www.manabi.gob.ec\\\/\"},{\"@type\":\"ListItem\",\"position\":2,\"name\":\"150 cafetaleros manabitas se muestran al mundo\"}]},{\"@type\":\"WebSite\",\"@id\":\"https:\\\/\\\/www.manabi.gob.ec\\\/#website\",\"url\":\"https:\\\/\\\/www.manabi.gob.ec\\\/\",\"name\":\"Prefectura de Manab\u00ed\",\"description\":\"P\u00e1gina web de la prefectura\",\"potentialAction\":[{\"@type\":\"SearchAction\",\"target\":{\"@type\":\"EntryPoint\",\"urlTemplate\":\"https:\\\/\\\/www.manabi.gob.ec\\\/?s={search_term_string}\"},\"query-input\":{\"@type\":\"PropertyValueSpecification\",\"valueRequired\":true,\"valueName\":\"search_term_string\"}}],\"inLanguage\":\"es\"},{\"@type\":\"Person\",\"@id\":\"https:\\\/\\\/www.manabi.gob.ec\\\/#\\\/schema\\\/person\\\/cfc71bd68fe2703b779edcc292a49722\",\"name\":\"admin\",\"image\":{\"@type\":\"ImageObject\",\"inLanguage\":\"es\",\"@id\":\"https:\\\/\\\/secure.gravatar.com\\\/avatar\\\/23e9f919492b0a2f65aa168e0d8c5c867ea853b61deffbadf08c7031e15b8d78?s=96&d=mm&r=g\",\"url\":\"https:\\\/\\\/secure.gravatar.com\\\/avatar\\\/23e9f919492b0a2f65aa168e0d8c5c867ea853b61deffbadf08c7031e15b8d78?s=96&d=mm&r=g\",\"contentUrl\":\"https:\\\/\\\/secure.gravatar.com\\\/avatar\\\/23e9f919492b0a2f65aa168e0d8c5c867ea853b61deffbadf08c7031e15b8d78?s=96&d=mm&r=g\",\"caption\":\"admin\"},\"sameAs\":[\"http:\\\/\\\/www.manabi.gob.ec\"],\"url\":\"https:\\\/\\\/www.manabi.gob.ec\\\/index.php\\\/author\\\/admin\\\/\"}]}<\/script>\n<!-- \/ Yoast SEO plugin. -->","yoast_head_json":{"title":"150 cafetaleros manabitas se muestran al mundo - Prefectura de Manab\u00ed","robots":{"index":"index","follow":"follow","max-snippet":"max-snippet:-1","max-image-preview":"max-image-preview:large","max-video-preview":"max-video-preview:-1"},"canonical":"https:\/\/www.manabi.gob.ec\/index.php\/150-cafetaleros-manabitas-se-muestran-al-mundo\/","og_locale":"es_ES","og_type":"article","og_title":"150 cafetaleros manabitas se muestran al mundo - Prefectura de Manab\u00ed","og_description":"M\u00e1s de 150 productores de caf\u00e9 manabita participan de una de las ferias m\u00e1s relevante del a\u00f1o denominada \u201cTe van a conocer Compa\u201d. La actividad es organizada por la empresa Wolfpack con el apoyo del Gobierno de Manab\u00ed. Del 23 hasta el 27 de octubre se realizan actividades que permiten poner en contacto representantes de [&hellip;]","og_url":"https:\/\/www.manabi.gob.ec\/index.php\/150-cafetaleros-manabitas-se-muestran-al-mundo\/","og_site_name":"Prefectura de Manab\u00ed","article_published_time":"2019-10-29T20:11:59+00:00","og_image":[{"width":1280,"height":853,"url":"https:\/\/www.manabi.gob.ec\/wp-content\/uploads\/2019\/10\/Evento-sobre-caf\u00e9-manabita-3.jpeg","type":"image\/jpeg"}],"author":"admin","twitter_card":"summary_large_image","twitter_misc":{"Escrito por":"admin","Tiempo de lectura":"1 minuto"},"schema":{"@context":"https:\/\/schema.org","@graph":[{"@type":"Article","@id":"https:\/\/www.manabi.gob.ec\/index.php\/150-cafetaleros-manabitas-se-muestran-al-mundo\/#article","isPartOf":{"@id":"https:\/\/www.manabi.gob.ec\/index.php\/150-cafetaleros-manabitas-se-muestran-al-mundo\/"},"author":{"name":"admin","@id":"https:\/\/www.manabi.gob.ec\/#\/schema\/person\/cfc71bd68fe2703b779edcc292a49722"},"headline":"150 cafetaleros manabitas se muestran al mundo","datePublished":"2019-10-29T20:11:59+00:00","mainEntityOfPage":{"@id":"https:\/\/www.manabi.gob.ec\/index.php\/150-cafetaleros-manabitas-se-muestran-al-mundo\/"},"wordCount":231,"commentCount":0,"image":{"@id":"https:\/\/www.manabi.gob.ec\/index.php\/150-cafetaleros-manabitas-se-muestran-al-mundo\/#primaryimage"},"thumbnailUrl":"https:\/\/www.manabi.gob.ec\/wp-content\/uploads\/2019\/10\/Evento-sobre-caf\u00e9-manabita-3.jpeg","articleSection":["Noticias","Todas"],"inLanguage":"es","potentialAction":[{"@type":"CommentAction","name":"Comment","target":["https:\/\/www.manabi.gob.ec\/index.php\/150-cafetaleros-manabitas-se-muestran-al-mundo\/#respond"]}]},{"@type":"WebPage","@id":"https:\/\/www.manabi.gob.ec\/index.php\/150-cafetaleros-manabitas-se-muestran-al-mundo\/","url":"https:\/\/www.manabi.gob.ec\/index.php\/150-cafetaleros-manabitas-se-muestran-al-mundo\/","name":"150 cafetaleros manabitas se muestran al mundo - Prefectura de Manab\u00ed","isPartOf":{"@id":"https:\/\/www.manabi.gob.ec\/#website"},"primaryImageOfPage":{"@id":"https:\/\/www.manabi.gob.ec\/index.php\/150-cafetaleros-manabitas-se-muestran-al-mundo\/#primaryimage"},"image":{"@id":"https:\/\/www.manabi.gob.ec\/index.php\/150-cafetaleros-manabitas-se-muestran-al-mundo\/#primaryimage"},"thumbnailUrl":"https:\/\/www.manabi.gob.ec\/wp-content\/uploads\/2019\/10\/Evento-sobre-caf\u00e9-manabita-3.jpeg","datePublished":"2019-10-29T20:11:59+00:00","author":{"@id":"https:\/\/www.manabi.gob.ec\/#\/schema\/person\/cfc71bd68fe2703b779edcc292a49722"},"breadcrumb":{"@id":"https:\/\/www.manabi.gob.ec\/index.php\/150-cafetaleros-manabitas-se-muestran-al-mundo\/#breadcrumb"},"inLanguage":"es","potentialAction":[{"@type":"ReadAction","target":["https:\/\/www.manabi.gob.ec\/index.php\/150-cafetaleros-manabitas-se-muestran-al-mundo\/"]}]},{"@type":"ImageObject","inLanguage":"es","@id":"https:\/\/www.manabi.gob.ec\/index.php\/150-cafetaleros-manabitas-se-muestran-al-mundo\/#primaryimage","url":"https:\/\/www.manabi.gob.ec\/wp-content\/uploads\/2019\/10\/Evento-sobre-caf\u00e9-manabita-3.jpeg","contentUrl":"https:\/\/www.manabi.gob.ec\/wp-content\/uploads\/2019\/10\/Evento-sobre-caf\u00e9-manabita-3.jpeg","width":1280,"height":853},{"@type":"BreadcrumbList","@id":"https:\/\/www.manabi.gob.ec\/index.php\/150-cafetaleros-manabitas-se-muestran-al-mundo\/#breadcrumb","itemListElement":[{"@type":"ListItem","position":1,"name":"Portada","item":"https:\/\/www.manabi.gob.ec\/"},{"@type":"ListItem","position":2,"name":"150 cafetaleros manabitas se muestran al mundo"}]},{"@type":"WebSite","@id":"https:\/\/www.manabi.gob.ec\/#website","url":"https:\/\/www.manabi.gob.ec\/","name":"Prefectura de Manab\u00ed","description":"P\u00e1gina web de la prefectura","potentialAction":[{"@type":"SearchAction","target":{"@type":"EntryPoint","urlTemplate":"https:\/\/www.manabi.gob.ec\/?s={search_term_string}"},"query-input":{"@type":"PropertyValueSpecification","valueRequired":true,"valueName":"search_term_string"}}],"inLanguage":"es"},{"@type":"Person","@id":"https:\/\/www.manabi.gob.ec\/#\/schema\/person\/cfc71bd68fe2703b779edcc292a49722","name":"admin","image":{"@type":"ImageObject","inLanguage":"es","@id":"https:\/\/secure.gravatar.com\/avatar\/23e9f919492b0a2f65aa168e0d8c5c867ea853b61deffbadf08c7031e15b8d78?s=96&d=mm&r=g","url":"https:\/\/secure.gravatar.com\/avatar\/23e9f919492b0a2f65aa168e0d8c5c867ea853b61deffbadf08c7031e15b8d78?s=96&d=mm&r=g","contentUrl":"https:\/\/secure.gravatar.com\/avatar\/23e9f919492b0a2f65aa168e0d8c5c867ea853b61deffbadf08c7031e15b8d78?s=96&d=mm&r=g","caption":"admin"},"sameAs":["http:\/\/www.manabi.gob.ec"],"url":"https:\/\/www.manabi.gob.ec\/index.php\/author\/admin\/"}]}},"jetpack_featured_media_url":"https:\/\/www.manabi.gob.ec\/wp-content\/uploads\/2019\/10\/Evento-sobre-caf\u00e9-manabita-3.jpeg","_links":{"self":[{"href":"https:\/\/www.manabi.gob.ec\/index.php\/wp-json\/wp\/v2\/posts\/13535","targetHints":{"allow":["GET"]}}],"collection":[{"href":"https:\/\/www.manabi.gob.ec\/index.php\/wp-json\/wp\/v2\/posts"}],"about":[{"href":"https:\/\/www.manabi.gob.ec\/index.php\/wp-json\/wp\/v2\/types\/post"}],"author":[{"embeddable":true,"href":"https:\/\/www.manabi.gob.ec\/index.php\/wp-json\/wp\/v2\/users\/1"}],"replies":[{"embeddable":true,"href":"https:\/\/www.manabi.gob.ec\/index.php\/wp-json\/wp\/v2\/comments?post=13535"}],"version-history":[{"count":0,"href":"https:\/\/www.manabi.gob.ec\/index.php\/wp-json\/wp\/v2\/posts\/13535\/revisions"}],"wp:featuredmedia":[{"embeddable":true,"href":"https:\/\/www.manabi.gob.ec\/index.php\/wp-json\/wp\/v2\/media\/13536"}],"wp:attachment":[{"href":"https:\/\/www.manabi.gob.ec\/index.php\/wp-json\/wp\/v2\/media?parent=13535"}],"wp:term":[{"taxonomy":"category","embeddable":true,"href":"https:\/\/www.manabi.gob.ec\/index.php\/wp-json\/wp\/v2\/categories?post=13535"},{"taxonomy":"post_tag","embeddable":true,"href":"https:\/\/www.manabi.gob.ec\/index.php\/wp-json\/wp\/v2\/tags?post=13535"}],"curies":[{"name":"wp","href":"https:\/\/api.w.org\/{rel}","templated":true}]}}