{"id":13537,"date":"2019-10-29T16:10:06","date_gmt":"2019-10-29T21:10:06","guid":{"rendered":"http:\/\/www.manabi.gob.ec\/?p=13537"},"modified":"2019-10-29T16:10:06","modified_gmt":"2019-10-29T21:10:06","slug":"comunidades-de-pichincha-se-benefician-con-obras-viales","status":"publish","type":"post","link":"https:\/\/www.manabi.gob.ec\/index.php\/comunidades-de-pichincha-se-benefician-con-obras-viales\/","title":{"rendered":"Comunidades de Pichincha se benefician con obras viales"},"content":{"rendered":"<p style=\"text-align: justify;\">\u00abEs un sue\u00f1o de d\u00e9cadas para los habitantes de R\u00edo Vendido y a\u00fan nos quedan muchos m\u00e1s desaf\u00edos que cumplir en la vialidad rural de Barraganete; una parroquia que ha estado en el olvido a pesar de contribuir a la riqueza h\u00eddrica del pa\u00eds\u201d, dijo el prefecto Leonardo Orlando.<\/p>\n<p style=\"text-align: justify;\">Sus palabras las dio en el evento donde se realiz\u00f3 la entrega a las comunidades de las obras en la v\u00eda Tres Puntas &#8211; R\u00edo Vendido. Junto al alcalde de Pichincha, Domingo L\u00f3pez; y al presidente de la Junta Parroquial de Barraganete, Luis Laines; recorrieron los 8.5 kil\u00f3metros de esta v\u00eda que tuvo trabajos de mejoramiento en coordinaci\u00f3n con el Municipio y el Gobierno parroquial.<\/p>\n<p style=\"text-align: justify;\">Mauricio Garc\u00eda Mu\u00f1oz, presidente de la comunidad R\u00edo Vendido, expres\u00f3 emocionado: \u00abMi agradecimiento al Prefecto por su coraz\u00f3n inmenso y atendernos. Que Dios le de el doble\u00bb..<\/p>\n<p style=\"text-align: justify;\">La v\u00eda tiene 8,5 kil\u00f3metros, pertenece a la parroquia Barraganete, y beneficia a las comunidades: La Conga, Los Pedros, P\u00e1ramo, 12 de Octubre, La Chonta, Los Laureles, La Chivera, El Desecho, La Raspadura, Ma\u00edz, Pescado, Valle del Pescado, Rancho Oscuro y otras.<\/p>\n<p style=\"text-align: justify;\">Adem\u00e1s, el Prefecto constat\u00f3 el trabajo que se est\u00e1 realizando en las v\u00edas: La Pancora &#8211; El P\u00e1ramo &#8211; Membrillo, y Guayabo &#8211; El Toro que conectar\u00e1n zonas de alta productividad.<\/p>\n<p style=\"text-align: justify;\"><strong>RECORRIDO<\/strong><\/p>\n<p style=\"text-align: justify;\">En su visita de este viernes a Pichincha, el Prefecto ratific\u00f3 que el Gobierno de Manab\u00ed\u00a0proyecta la construcci\u00f3n de un puente que permita unir Barraganete con la cabecera cantonal de Pichincha.<\/p>\n<p style=\"text-align: justify;\">Destac\u00f3 la necesidad de esta obra para beneficiar a comunidades que han sufrido m\u00e1s de tres d\u00e9cadas de aislamiento. Junto al alcalde de Pichincha, Domingo L\u00f3pez, concejales rurales y presidentes de Gobiernos Parroquiales particip\u00f3 de recorridos en varias comunidades.<\/p>\n<p style=\"text-align: justify;\">\nLas autoridades inspeccionaron las obras viales en el anillo de integraci\u00f3n Bajo Verde &#8211; Cerradales &#8211; Tachel Arriba &#8211; La Isla. El Prefecto ratific\u00f3 su compromiso con el desarrollo vial de la zona para fomentar la producci\u00f3n y combatir el aislamiento que han tenido.<\/p>\n<p style=\"text-align: justify;\">El alcalde Domingo L\u00f3pez resalt\u00f3 el trabajo conjunto con la Prefectura y destac\u00f3 que continuar\u00e1 la cooperaci\u00f3n para ampliar la cobertura de obras en las comunidades.<\/p>\n<p>&nbsp;<\/p>\n","protected":false},"excerpt":{"rendered":"<p>\u00abEs un sue\u00f1o de d\u00e9cadas para los habitantes de R\u00edo Vendido y a\u00fan nos quedan muchos m\u00e1s desaf\u00edos que cumplir en la vialidad rural de Barraganete; una parroquia que ha estado en el olvido a pesar de contribuir a la riqueza h\u00eddrica del pa\u00eds\u201d, dijo el prefecto Leonardo Orlando. Sus palabras las dio en el [&hellip;]<\/p>\n","protected":false},"author":1,"featured_media":13538,"comment_status":"open","ping_status":"open","sticky":false,"template":"","format":"standard","meta":{"_joinchat":[],"footnotes":""},"categories":[92,91],"tags":[],"class_list":["post-13537","post","type-post","status-publish","format-standard","has-post-thumbnail","hentry","category-noticias-manabi","category-todas"],"yoast_head":"<!-- This site is optimized with the Yoast SEO plugin v27.4 - https:\/\/yoast.com\/product\/yoast-seo-wordpress\/ -->\n<title>Comunidades de Pichincha se benefician con obras viales - Prefectura de Manab\u00ed<\/title>\n<meta name=\"robots\" content=\"index, follow, max-snippet:-1, max-image-preview:large, max-video-preview:-1\" \/>\n<link rel=\"canonical\" href=\"https:\/\/www.manabi.gob.ec\/index.php\/comunidades-de-pichincha-se-benefician-con-obras-viales\/\" \/>\n<meta property=\"og:locale\" content=\"es_ES\" \/>\n<meta property=\"og:type\" content=\"article\" \/>\n<meta property=\"og:title\" content=\"Comunidades de Pichincha se benefician con obras viales - Prefectura de Manab\u00ed\" \/>\n<meta property=\"og:description\" content=\"\u00abEs un sue\u00f1o de d\u00e9cadas para los habitantes de R\u00edo Vendido y a\u00fan nos quedan muchos m\u00e1s desaf\u00edos que cumplir en la vialidad rural de Barraganete; una parroquia que ha estado en el olvido a pesar de contribuir a la riqueza h\u00eddrica del pa\u00eds\u201d, dijo el prefecto Leonardo Orlando. Sus palabras las dio en el [&hellip;]\" \/>\n<meta property=\"og:url\" content=\"https:\/\/www.manabi.gob.ec\/index.php\/comunidades-de-pichincha-se-benefician-con-obras-viales\/\" \/>\n<meta property=\"og:site_name\" content=\"Prefectura de Manab\u00ed\" \/>\n<meta property=\"article:published_time\" content=\"2019-10-29T21:10:06+00:00\" \/>\n<meta property=\"og:image\" content=\"https:\/\/www.manabi.gob.ec\/wp-content\/uploads\/2019\/10\/Inauguran-OK-V\u00eda-Tres-Puntas-R\u00edo-Vendido-5.jpeg\" \/>\n\t<meta property=\"og:image:width\" content=\"1280\" \/>\n\t<meta property=\"og:image:height\" content=\"853\" \/>\n\t<meta property=\"og:image:type\" content=\"image\/jpeg\" \/>\n<meta name=\"author\" content=\"admin\" \/>\n<meta name=\"twitter:card\" content=\"summary_large_image\" \/>\n<meta name=\"twitter:label1\" content=\"Escrito por\" \/>\n\t<meta name=\"twitter:data1\" content=\"admin\" \/>\n\t<meta name=\"twitter:label2\" content=\"Tiempo de lectura\" \/>\n\t<meta name=\"twitter:data2\" content=\"2 minutos\" \/>\n<script type=\"application\/ld+json\" class=\"yoast-schema-graph\">{\"@context\":\"https:\\\/\\\/schema.org\",\"@graph\":[{\"@type\":\"Article\",\"@id\":\"https:\\\/\\\/www.manabi.gob.ec\\\/index.php\\\/comunidades-de-pichincha-se-benefician-con-obras-viales\\\/#article\",\"isPartOf\":{\"@id\":\"https:\\\/\\\/www.manabi.gob.ec\\\/index.php\\\/comunidades-de-pichincha-se-benefician-con-obras-viales\\\/\"},\"author\":{\"name\":\"admin\",\"@id\":\"https:\\\/\\\/www.manabi.gob.ec\\\/#\\\/schema\\\/person\\\/cfc71bd68fe2703b779edcc292a49722\"},\"headline\":\"Comunidades de Pichincha se benefician con obras viales\",\"datePublished\":\"2019-10-29T21:10:06+00:00\",\"mainEntityOfPage\":{\"@id\":\"https:\\\/\\\/www.manabi.gob.ec\\\/index.php\\\/comunidades-de-pichincha-se-benefician-con-obras-viales\\\/\"},\"wordCount\":396,\"commentCount\":0,\"image\":{\"@id\":\"https:\\\/\\\/www.manabi.gob.ec\\\/index.php\\\/comunidades-de-pichincha-se-benefician-con-obras-viales\\\/#primaryimage\"},\"thumbnailUrl\":\"https:\\\/\\\/www.manabi.gob.ec\\\/wp-content\\\/uploads\\\/2019\\\/10\\\/Inauguran-OK-V\u00eda-Tres-Puntas-R\u00edo-Vendido-5.jpeg\",\"articleSection\":[\"Noticias\",\"Todas\"],\"inLanguage\":\"es\",\"potentialAction\":[{\"@type\":\"CommentAction\",\"name\":\"Comment\",\"target\":[\"https:\\\/\\\/www.manabi.gob.ec\\\/index.php\\\/comunidades-de-pichincha-se-benefician-con-obras-viales\\\/#respond\"]}]},{\"@type\":\"WebPage\",\"@id\":\"https:\\\/\\\/www.manabi.gob.ec\\\/index.php\\\/comunidades-de-pichincha-se-benefician-con-obras-viales\\\/\",\"url\":\"https:\\\/\\\/www.manabi.gob.ec\\\/index.php\\\/comunidades-de-pichincha-se-benefician-con-obras-viales\\\/\",\"name\":\"Comunidades de Pichincha se benefician con obras viales - Prefectura de Manab\u00ed\",\"isPartOf\":{\"@id\":\"https:\\\/\\\/www.manabi.gob.ec\\\/#website\"},\"primaryImageOfPage\":{\"@id\":\"https:\\\/\\\/www.manabi.gob.ec\\\/index.php\\\/comunidades-de-pichincha-se-benefician-con-obras-viales\\\/#primaryimage\"},\"image\":{\"@id\":\"https:\\\/\\\/www.manabi.gob.ec\\\/index.php\\\/comunidades-de-pichincha-se-benefician-con-obras-viales\\\/#primaryimage\"},\"thumbnailUrl\":\"https:\\\/\\\/www.manabi.gob.ec\\\/wp-content\\\/uploads\\\/2019\\\/10\\\/Inauguran-OK-V\u00eda-Tres-Puntas-R\u00edo-Vendido-5.jpeg\",\"datePublished\":\"2019-10-29T21:10:06+00:00\",\"author\":{\"@id\":\"https:\\\/\\\/www.manabi.gob.ec\\\/#\\\/schema\\\/person\\\/cfc71bd68fe2703b779edcc292a49722\"},\"breadcrumb\":{\"@id\":\"https:\\\/\\\/www.manabi.gob.ec\\\/index.php\\\/comunidades-de-pichincha-se-benefician-con-obras-viales\\\/#breadcrumb\"},\"inLanguage\":\"es\",\"potentialAction\":[{\"@type\":\"ReadAction\",\"target\":[\"https:\\\/\\\/www.manabi.gob.ec\\\/index.php\\\/comunidades-de-pichincha-se-benefician-con-obras-viales\\\/\"]}]},{\"@type\":\"ImageObject\",\"inLanguage\":\"es\",\"@id\":\"https:\\\/\\\/www.manabi.gob.ec\\\/index.php\\\/comunidades-de-pichincha-se-benefician-con-obras-viales\\\/#primaryimage\",\"url\":\"https:\\\/\\\/www.manabi.gob.ec\\\/wp-content\\\/uploads\\\/2019\\\/10\\\/Inauguran-OK-V\u00eda-Tres-Puntas-R\u00edo-Vendido-5.jpeg\",\"contentUrl\":\"https:\\\/\\\/www.manabi.gob.ec\\\/wp-content\\\/uploads\\\/2019\\\/10\\\/Inauguran-OK-V\u00eda-Tres-Puntas-R\u00edo-Vendido-5.jpeg\",\"width\":1280,\"height\":853},{\"@type\":\"BreadcrumbList\",\"@id\":\"https:\\\/\\\/www.manabi.gob.ec\\\/index.php\\\/comunidades-de-pichincha-se-benefician-con-obras-viales\\\/#breadcrumb\",\"itemListElement\":[{\"@type\":\"ListItem\",\"position\":1,\"name\":\"Portada\",\"item\":\"https:\\\/\\\/www.manabi.gob.ec\\\/\"},{\"@type\":\"ListItem\",\"position\":2,\"name\":\"Comunidades de Pichincha se benefician con obras viales\"}]},{\"@type\":\"WebSite\",\"@id\":\"https:\\\/\\\/www.manabi.gob.ec\\\/#website\",\"url\":\"https:\\\/\\\/www.manabi.gob.ec\\\/\",\"name\":\"Prefectura de Manab\u00ed\",\"description\":\"P\u00e1gina web de la prefectura\",\"potentialAction\":[{\"@type\":\"SearchAction\",\"target\":{\"@type\":\"EntryPoint\",\"urlTemplate\":\"https:\\\/\\\/www.manabi.gob.ec\\\/?s={search_term_string}\"},\"query-input\":{\"@type\":\"PropertyValueSpecification\",\"valueRequired\":true,\"valueName\":\"search_term_string\"}}],\"inLanguage\":\"es\"},{\"@type\":\"Person\",\"@id\":\"https:\\\/\\\/www.manabi.gob.ec\\\/#\\\/schema\\\/person\\\/cfc71bd68fe2703b779edcc292a49722\",\"name\":\"admin\",\"image\":{\"@type\":\"ImageObject\",\"inLanguage\":\"es\",\"@id\":\"https:\\\/\\\/secure.gravatar.com\\\/avatar\\\/23e9f919492b0a2f65aa168e0d8c5c867ea853b61deffbadf08c7031e15b8d78?s=96&d=mm&r=g\",\"url\":\"https:\\\/\\\/secure.gravatar.com\\\/avatar\\\/23e9f919492b0a2f65aa168e0d8c5c867ea853b61deffbadf08c7031e15b8d78?s=96&d=mm&r=g\",\"contentUrl\":\"https:\\\/\\\/secure.gravatar.com\\\/avatar\\\/23e9f919492b0a2f65aa168e0d8c5c867ea853b61deffbadf08c7031e15b8d78?s=96&d=mm&r=g\",\"caption\":\"admin\"},\"sameAs\":[\"http:\\\/\\\/www.manabi.gob.ec\"],\"url\":\"https:\\\/\\\/www.manabi.gob.ec\\\/index.php\\\/author\\\/admin\\\/\"}]}<\/script>\n<!-- \/ Yoast SEO plugin. -->","yoast_head_json":{"title":"Comunidades de Pichincha se benefician con obras viales - Prefectura de Manab\u00ed","robots":{"index":"index","follow":"follow","max-snippet":"max-snippet:-1","max-image-preview":"max-image-preview:large","max-video-preview":"max-video-preview:-1"},"canonical":"https:\/\/www.manabi.gob.ec\/index.php\/comunidades-de-pichincha-se-benefician-con-obras-viales\/","og_locale":"es_ES","og_type":"article","og_title":"Comunidades de Pichincha se benefician con obras viales - Prefectura de Manab\u00ed","og_description":"\u00abEs un sue\u00f1o de d\u00e9cadas para los habitantes de R\u00edo Vendido y a\u00fan nos quedan muchos m\u00e1s desaf\u00edos que cumplir en la vialidad rural de Barraganete; una parroquia que ha estado en el olvido a pesar de contribuir a la riqueza h\u00eddrica del pa\u00eds\u201d, dijo el prefecto Leonardo Orlando. Sus palabras las dio en el [&hellip;]","og_url":"https:\/\/www.manabi.gob.ec\/index.php\/comunidades-de-pichincha-se-benefician-con-obras-viales\/","og_site_name":"Prefectura de Manab\u00ed","article_published_time":"2019-10-29T21:10:06+00:00","og_image":[{"width":1280,"height":853,"url":"https:\/\/www.manabi.gob.ec\/wp-content\/uploads\/2019\/10\/Inauguran-OK-V\u00eda-Tres-Puntas-R\u00edo-Vendido-5.jpeg","type":"image\/jpeg"}],"author":"admin","twitter_card":"summary_large_image","twitter_misc":{"Escrito por":"admin","Tiempo de lectura":"2 minutos"},"schema":{"@context":"https:\/\/schema.org","@graph":[{"@type":"Article","@id":"https:\/\/www.manabi.gob.ec\/index.php\/comunidades-de-pichincha-se-benefician-con-obras-viales\/#article","isPartOf":{"@id":"https:\/\/www.manabi.gob.ec\/index.php\/comunidades-de-pichincha-se-benefician-con-obras-viales\/"},"author":{"name":"admin","@id":"https:\/\/www.manabi.gob.ec\/#\/schema\/person\/cfc71bd68fe2703b779edcc292a49722"},"headline":"Comunidades de Pichincha se benefician con obras viales","datePublished":"2019-10-29T21:10:06+00:00","mainEntityOfPage":{"@id":"https:\/\/www.manabi.gob.ec\/index.php\/comunidades-de-pichincha-se-benefician-con-obras-viales\/"},"wordCount":396,"commentCount":0,"image":{"@id":"https:\/\/www.manabi.gob.ec\/index.php\/comunidades-de-pichincha-se-benefician-con-obras-viales\/#primaryimage"},"thumbnailUrl":"https:\/\/www.manabi.gob.ec\/wp-content\/uploads\/2019\/10\/Inauguran-OK-V\u00eda-Tres-Puntas-R\u00edo-Vendido-5.jpeg","articleSection":["Noticias","Todas"],"inLanguage":"es","potentialAction":[{"@type":"CommentAction","name":"Comment","target":["https:\/\/www.manabi.gob.ec\/index.php\/comunidades-de-pichincha-se-benefician-con-obras-viales\/#respond"]}]},{"@type":"WebPage","@id":"https:\/\/www.manabi.gob.ec\/index.php\/comunidades-de-pichincha-se-benefician-con-obras-viales\/","url":"https:\/\/www.manabi.gob.ec\/index.php\/comunidades-de-pichincha-se-benefician-con-obras-viales\/","name":"Comunidades de Pichincha se benefician con obras viales - Prefectura de Manab\u00ed","isPartOf":{"@id":"https:\/\/www.manabi.gob.ec\/#website"},"primaryImageOfPage":{"@id":"https:\/\/www.manabi.gob.ec\/index.php\/comunidades-de-pichincha-se-benefician-con-obras-viales\/#primaryimage"},"image":{"@id":"https:\/\/www.manabi.gob.ec\/index.php\/comunidades-de-pichincha-se-benefician-con-obras-viales\/#primaryimage"},"thumbnailUrl":"https:\/\/www.manabi.gob.ec\/wp-content\/uploads\/2019\/10\/Inauguran-OK-V\u00eda-Tres-Puntas-R\u00edo-Vendido-5.jpeg","datePublished":"2019-10-29T21:10:06+00:00","author":{"@id":"https:\/\/www.manabi.gob.ec\/#\/schema\/person\/cfc71bd68fe2703b779edcc292a49722"},"breadcrumb":{"@id":"https:\/\/www.manabi.gob.ec\/index.php\/comunidades-de-pichincha-se-benefician-con-obras-viales\/#breadcrumb"},"inLanguage":"es","potentialAction":[{"@type":"ReadAction","target":["https:\/\/www.manabi.gob.ec\/index.php\/comunidades-de-pichincha-se-benefician-con-obras-viales\/"]}]},{"@type":"ImageObject","inLanguage":"es","@id":"https:\/\/www.manabi.gob.ec\/index.php\/comunidades-de-pichincha-se-benefician-con-obras-viales\/#primaryimage","url":"https:\/\/www.manabi.gob.ec\/wp-content\/uploads\/2019\/10\/Inauguran-OK-V\u00eda-Tres-Puntas-R\u00edo-Vendido-5.jpeg","contentUrl":"https:\/\/www.manabi.gob.ec\/wp-content\/uploads\/2019\/10\/Inauguran-OK-V\u00eda-Tres-Puntas-R\u00edo-Vendido-5.jpeg","width":1280,"height":853},{"@type":"BreadcrumbList","@id":"https:\/\/www.manabi.gob.ec\/index.php\/comunidades-de-pichincha-se-benefician-con-obras-viales\/#breadcrumb","itemListElement":[{"@type":"ListItem","position":1,"name":"Portada","item":"https:\/\/www.manabi.gob.ec\/"},{"@type":"ListItem","position":2,"name":"Comunidades de Pichincha se benefician con obras viales"}]},{"@type":"WebSite","@id":"https:\/\/www.manabi.gob.ec\/#website","url":"https:\/\/www.manabi.gob.ec\/","name":"Prefectura de Manab\u00ed","description":"P\u00e1gina web de la prefectura","potentialAction":[{"@type":"SearchAction","target":{"@type":"EntryPoint","urlTemplate":"https:\/\/www.manabi.gob.ec\/?s={search_term_string}"},"query-input":{"@type":"PropertyValueSpecification","valueRequired":true,"valueName":"search_term_string"}}],"inLanguage":"es"},{"@type":"Person","@id":"https:\/\/www.manabi.gob.ec\/#\/schema\/person\/cfc71bd68fe2703b779edcc292a49722","name":"admin","image":{"@type":"ImageObject","inLanguage":"es","@id":"https:\/\/secure.gravatar.com\/avatar\/23e9f919492b0a2f65aa168e0d8c5c867ea853b61deffbadf08c7031e15b8d78?s=96&d=mm&r=g","url":"https:\/\/secure.gravatar.com\/avatar\/23e9f919492b0a2f65aa168e0d8c5c867ea853b61deffbadf08c7031e15b8d78?s=96&d=mm&r=g","contentUrl":"https:\/\/secure.gravatar.com\/avatar\/23e9f919492b0a2f65aa168e0d8c5c867ea853b61deffbadf08c7031e15b8d78?s=96&d=mm&r=g","caption":"admin"},"sameAs":["http:\/\/www.manabi.gob.ec"],"url":"https:\/\/www.manabi.gob.ec\/index.php\/author\/admin\/"}]}},"jetpack_featured_media_url":"https:\/\/www.manabi.gob.ec\/wp-content\/uploads\/2019\/10\/Inauguran-OK-V\u00eda-Tres-Puntas-R\u00edo-Vendido-5.jpeg","_links":{"self":[{"href":"https:\/\/www.manabi.gob.ec\/index.php\/wp-json\/wp\/v2\/posts\/13537","targetHints":{"allow":["GET"]}}],"collection":[{"href":"https:\/\/www.manabi.gob.ec\/index.php\/wp-json\/wp\/v2\/posts"}],"about":[{"href":"https:\/\/www.manabi.gob.ec\/index.php\/wp-json\/wp\/v2\/types\/post"}],"author":[{"embeddable":true,"href":"https:\/\/www.manabi.gob.ec\/index.php\/wp-json\/wp\/v2\/users\/1"}],"replies":[{"embeddable":true,"href":"https:\/\/www.manabi.gob.ec\/index.php\/wp-json\/wp\/v2\/comments?post=13537"}],"version-history":[{"count":0,"href":"https:\/\/www.manabi.gob.ec\/index.php\/wp-json\/wp\/v2\/posts\/13537\/revisions"}],"wp:featuredmedia":[{"embeddable":true,"href":"https:\/\/www.manabi.gob.ec\/index.php\/wp-json\/wp\/v2\/media\/13538"}],"wp:attachment":[{"href":"https:\/\/www.manabi.gob.ec\/index.php\/wp-json\/wp\/v2\/media?parent=13537"}],"wp:term":[{"taxonomy":"category","embeddable":true,"href":"https:\/\/www.manabi.gob.ec\/index.php\/wp-json\/wp\/v2\/categories?post=13537"},{"taxonomy":"post_tag","embeddable":true,"href":"https:\/\/www.manabi.gob.ec\/index.php\/wp-json\/wp\/v2\/tags?post=13537"}],"curies":[{"name":"wp","href":"https:\/\/api.w.org\/{rel}","templated":true}]}}