{"id":13558,"date":"2019-11-08T14:45:32","date_gmt":"2019-11-08T19:45:32","guid":{"rendered":"http:\/\/www.manabi.gob.ec\/?p=13558"},"modified":"2019-11-08T14:45:32","modified_gmt":"2019-11-08T19:45:32","slug":"presupuesto-del-2020-fue-aprobado-en-primer-debate-por-la-corporacion-provincial","status":"publish","type":"post","link":"https:\/\/www.manabi.gob.ec\/index.php\/presupuesto-del-2020-fue-aprobado-en-primer-debate-por-la-corporacion-provincial\/","title":{"rendered":"Presupuesto del 2020 fue aprobado en primer debate por la Corporaci\u00f3n Provincial"},"content":{"rendered":"<p style=\"text-align: justify;\">Este mi\u00e9rcoles 30 de octubre, la Corporaci\u00f3n Provincial de Manab\u00ed sesion\u00f3 en Portoviejo para conocer y tratar en primer debate el proyecto de proforma presupuestaria 2020 para el Gobierno de Manab\u00ed.<\/p>\n<p style=\"text-align: justify;\">\n<p style=\"text-align: justify;\">Alcaldes, presidentes de gobiernos parroquiales o sus delegados, quienes forman parte de este cuerpo legislativo, aprobaron por unanimidad en primer debate la proforma presupuestaria 2020 que asciende a 199\u2019519.961.46 d\u00f3lares.<\/p>\n<p style=\"text-align: justify;\">\n<p style=\"text-align: justify;\">Este presupuesto pas\u00f3 al estudio de la Comisi\u00f3n de Planificaci\u00f3n y Presupuesto de la Corporaci\u00f3n para su posterior tratamiento en segundo debate. La aprobaci\u00f3n definitiva debe darse antes de finalizar el a\u00f1o conforme a lo establecido en el COOTAD y otras normativas.<\/p>\n<p style=\"text-align: justify;\">\n<p style=\"text-align: justify;\">El prefecto Leonardo Orlando explic\u00f3 que este presupuesto contiene una visi\u00f3n de equidad y justicia, llegando con obras y proyectos a todos los cantones, dando prioridad a aquellos que han sido hist\u00f3ricamente excluidos. \u201cVamos a cumplir con el mandato de pagar la deuda con el campo y vamos a llevar proyectos para su desarrollo\u201d, resalt\u00f3.<\/p>\n<p style=\"text-align: justify;\">\n<p style=\"text-align: justify;\">La alcaldesa de Sucre y miembro del Consejo Provincial de Planificaci\u00f3n, \u00a0Ingrid Zambrano, destac\u00f3 que este presupuesto ha sido construido sobre la base de la participaci\u00f3n ciudadana en asambleas que se han dado en todos los cantones.<\/p>\n<p style=\"text-align: justify;\">\n<p style=\"text-align: justify;\">En la sesi\u00f3n tambi\u00e9n se acord\u00f3 que la autoridad provincial y los alcaldes y presidentes de gobiernos parroquiales de la Corporaci\u00f3n mantendr\u00e1n una reuni\u00f3n de trabajo pr\u00f3ximamente para ahondar la cooperaci\u00f3n y el flujo de informaci\u00f3n sobre la intervenci\u00f3n y obras que se realizan en la provincia.<\/p>\n","protected":false},"excerpt":{"rendered":"<p>Este mi\u00e9rcoles 30 de octubre, la Corporaci\u00f3n Provincial de Manab\u00ed sesion\u00f3 en Portoviejo para conocer y tratar en primer debate el proyecto de proforma presupuestaria 2020 para el Gobierno de Manab\u00ed. Alcaldes, presidentes de gobiernos parroquiales o sus delegados, quienes forman parte de este cuerpo legislativo, aprobaron por unanimidad en primer debate la proforma presupuestaria [&hellip;]<\/p>\n","protected":false},"author":1,"featured_media":13559,"comment_status":"open","ping_status":"open","sticky":false,"template":"","format":"standard","meta":{"_joinchat":[],"footnotes":""},"categories":[92,91],"tags":[],"class_list":["post-13558","post","type-post","status-publish","format-standard","has-post-thumbnail","hentry","category-noticias-manabi","category-todas"],"yoast_head":"<!-- This site is optimized with the Yoast SEO plugin v27.4 - https:\/\/yoast.com\/product\/yoast-seo-wordpress\/ -->\n<title>Presupuesto del 2020 fue aprobado en primer debate por la Corporaci\u00f3n Provincial - Prefectura de Manab\u00ed<\/title>\n<meta name=\"robots\" content=\"index, follow, max-snippet:-1, max-image-preview:large, max-video-preview:-1\" \/>\n<link rel=\"canonical\" href=\"https:\/\/www.manabi.gob.ec\/index.php\/presupuesto-del-2020-fue-aprobado-en-primer-debate-por-la-corporacion-provincial\/\" \/>\n<meta property=\"og:locale\" content=\"es_ES\" \/>\n<meta property=\"og:type\" content=\"article\" \/>\n<meta property=\"og:title\" content=\"Presupuesto del 2020 fue aprobado en primer debate por la Corporaci\u00f3n Provincial - Prefectura de Manab\u00ed\" \/>\n<meta property=\"og:description\" content=\"Este mi\u00e9rcoles 30 de octubre, la Corporaci\u00f3n Provincial de Manab\u00ed sesion\u00f3 en Portoviejo para conocer y tratar en primer debate el proyecto de proforma presupuestaria 2020 para el Gobierno de Manab\u00ed. Alcaldes, presidentes de gobiernos parroquiales o sus delegados, quienes forman parte de este cuerpo legislativo, aprobaron por unanimidad en primer debate la proforma presupuestaria [&hellip;]\" \/>\n<meta property=\"og:url\" content=\"https:\/\/www.manabi.gob.ec\/index.php\/presupuesto-del-2020-fue-aprobado-en-primer-debate-por-la-corporacion-provincial\/\" \/>\n<meta property=\"og:site_name\" content=\"Prefectura de Manab\u00ed\" \/>\n<meta property=\"article:published_time\" content=\"2019-11-08T19:45:32+00:00\" \/>\n<meta name=\"author\" content=\"admin\" \/>\n<meta name=\"twitter:card\" content=\"summary_large_image\" \/>\n<meta name=\"twitter:label1\" content=\"Escrito por\" \/>\n\t<meta name=\"twitter:data1\" content=\"admin\" \/>\n\t<meta name=\"twitter:label2\" content=\"Tiempo de lectura\" \/>\n\t<meta name=\"twitter:data2\" content=\"1 minuto\" \/>\n<script type=\"application\/ld+json\" class=\"yoast-schema-graph\">{\"@context\":\"https:\\\/\\\/schema.org\",\"@graph\":[{\"@type\":\"Article\",\"@id\":\"https:\\\/\\\/www.manabi.gob.ec\\\/index.php\\\/presupuesto-del-2020-fue-aprobado-en-primer-debate-por-la-corporacion-provincial\\\/#article\",\"isPartOf\":{\"@id\":\"https:\\\/\\\/www.manabi.gob.ec\\\/index.php\\\/presupuesto-del-2020-fue-aprobado-en-primer-debate-por-la-corporacion-provincial\\\/\"},\"author\":{\"name\":\"admin\",\"@id\":\"https:\\\/\\\/www.manabi.gob.ec\\\/#\\\/schema\\\/person\\\/cfc71bd68fe2703b779edcc292a49722\"},\"headline\":\"Presupuesto del 2020 fue aprobado en primer debate por la Corporaci\u00f3n Provincial\",\"datePublished\":\"2019-11-08T19:45:32+00:00\",\"mainEntityOfPage\":{\"@id\":\"https:\\\/\\\/www.manabi.gob.ec\\\/index.php\\\/presupuesto-del-2020-fue-aprobado-en-primer-debate-por-la-corporacion-provincial\\\/\"},\"wordCount\":271,\"commentCount\":0,\"image\":{\"@id\":\"https:\\\/\\\/www.manabi.gob.ec\\\/index.php\\\/presupuesto-del-2020-fue-aprobado-en-primer-debate-por-la-corporacion-provincial\\\/#primaryimage\"},\"thumbnailUrl\":\"\",\"articleSection\":[\"Noticias\",\"Todas\"],\"inLanguage\":\"es\",\"potentialAction\":[{\"@type\":\"CommentAction\",\"name\":\"Comment\",\"target\":[\"https:\\\/\\\/www.manabi.gob.ec\\\/index.php\\\/presupuesto-del-2020-fue-aprobado-en-primer-debate-por-la-corporacion-provincial\\\/#respond\"]}]},{\"@type\":\"WebPage\",\"@id\":\"https:\\\/\\\/www.manabi.gob.ec\\\/index.php\\\/presupuesto-del-2020-fue-aprobado-en-primer-debate-por-la-corporacion-provincial\\\/\",\"url\":\"https:\\\/\\\/www.manabi.gob.ec\\\/index.php\\\/presupuesto-del-2020-fue-aprobado-en-primer-debate-por-la-corporacion-provincial\\\/\",\"name\":\"Presupuesto del 2020 fue aprobado en primer debate por la Corporaci\u00f3n Provincial - Prefectura de Manab\u00ed\",\"isPartOf\":{\"@id\":\"https:\\\/\\\/www.manabi.gob.ec\\\/#website\"},\"primaryImageOfPage\":{\"@id\":\"https:\\\/\\\/www.manabi.gob.ec\\\/index.php\\\/presupuesto-del-2020-fue-aprobado-en-primer-debate-por-la-corporacion-provincial\\\/#primaryimage\"},\"image\":{\"@id\":\"https:\\\/\\\/www.manabi.gob.ec\\\/index.php\\\/presupuesto-del-2020-fue-aprobado-en-primer-debate-por-la-corporacion-provincial\\\/#primaryimage\"},\"thumbnailUrl\":\"\",\"datePublished\":\"2019-11-08T19:45:32+00:00\",\"author\":{\"@id\":\"https:\\\/\\\/www.manabi.gob.ec\\\/#\\\/schema\\\/person\\\/cfc71bd68fe2703b779edcc292a49722\"},\"breadcrumb\":{\"@id\":\"https:\\\/\\\/www.manabi.gob.ec\\\/index.php\\\/presupuesto-del-2020-fue-aprobado-en-primer-debate-por-la-corporacion-provincial\\\/#breadcrumb\"},\"inLanguage\":\"es\",\"potentialAction\":[{\"@type\":\"ReadAction\",\"target\":[\"https:\\\/\\\/www.manabi.gob.ec\\\/index.php\\\/presupuesto-del-2020-fue-aprobado-en-primer-debate-por-la-corporacion-provincial\\\/\"]}]},{\"@type\":\"ImageObject\",\"inLanguage\":\"es\",\"@id\":\"https:\\\/\\\/www.manabi.gob.ec\\\/index.php\\\/presupuesto-del-2020-fue-aprobado-en-primer-debate-por-la-corporacion-provincial\\\/#primaryimage\",\"url\":\"\",\"contentUrl\":\"\"},{\"@type\":\"BreadcrumbList\",\"@id\":\"https:\\\/\\\/www.manabi.gob.ec\\\/index.php\\\/presupuesto-del-2020-fue-aprobado-en-primer-debate-por-la-corporacion-provincial\\\/#breadcrumb\",\"itemListElement\":[{\"@type\":\"ListItem\",\"position\":1,\"name\":\"Portada\",\"item\":\"https:\\\/\\\/www.manabi.gob.ec\\\/\"},{\"@type\":\"ListItem\",\"position\":2,\"name\":\"Presupuesto del 2020 fue aprobado en primer debate por la Corporaci\u00f3n Provincial\"}]},{\"@type\":\"WebSite\",\"@id\":\"https:\\\/\\\/www.manabi.gob.ec\\\/#website\",\"url\":\"https:\\\/\\\/www.manabi.gob.ec\\\/\",\"name\":\"Prefectura de Manab\u00ed\",\"description\":\"P\u00e1gina web de la prefectura\",\"potentialAction\":[{\"@type\":\"SearchAction\",\"target\":{\"@type\":\"EntryPoint\",\"urlTemplate\":\"https:\\\/\\\/www.manabi.gob.ec\\\/?s={search_term_string}\"},\"query-input\":{\"@type\":\"PropertyValueSpecification\",\"valueRequired\":true,\"valueName\":\"search_term_string\"}}],\"inLanguage\":\"es\"},{\"@type\":\"Person\",\"@id\":\"https:\\\/\\\/www.manabi.gob.ec\\\/#\\\/schema\\\/person\\\/cfc71bd68fe2703b779edcc292a49722\",\"name\":\"admin\",\"image\":{\"@type\":\"ImageObject\",\"inLanguage\":\"es\",\"@id\":\"https:\\\/\\\/secure.gravatar.com\\\/avatar\\\/23e9f919492b0a2f65aa168e0d8c5c867ea853b61deffbadf08c7031e15b8d78?s=96&d=mm&r=g\",\"url\":\"https:\\\/\\\/secure.gravatar.com\\\/avatar\\\/23e9f919492b0a2f65aa168e0d8c5c867ea853b61deffbadf08c7031e15b8d78?s=96&d=mm&r=g\",\"contentUrl\":\"https:\\\/\\\/secure.gravatar.com\\\/avatar\\\/23e9f919492b0a2f65aa168e0d8c5c867ea853b61deffbadf08c7031e15b8d78?s=96&d=mm&r=g\",\"caption\":\"admin\"},\"sameAs\":[\"http:\\\/\\\/www.manabi.gob.ec\"],\"url\":\"https:\\\/\\\/www.manabi.gob.ec\\\/index.php\\\/author\\\/admin\\\/\"}]}<\/script>\n<!-- \/ Yoast SEO plugin. -->","yoast_head_json":{"title":"Presupuesto del 2020 fue aprobado en primer debate por la Corporaci\u00f3n Provincial - Prefectura de Manab\u00ed","robots":{"index":"index","follow":"follow","max-snippet":"max-snippet:-1","max-image-preview":"max-image-preview:large","max-video-preview":"max-video-preview:-1"},"canonical":"https:\/\/www.manabi.gob.ec\/index.php\/presupuesto-del-2020-fue-aprobado-en-primer-debate-por-la-corporacion-provincial\/","og_locale":"es_ES","og_type":"article","og_title":"Presupuesto del 2020 fue aprobado en primer debate por la Corporaci\u00f3n Provincial - Prefectura de Manab\u00ed","og_description":"Este mi\u00e9rcoles 30 de octubre, la Corporaci\u00f3n Provincial de Manab\u00ed sesion\u00f3 en Portoviejo para conocer y tratar en primer debate el proyecto de proforma presupuestaria 2020 para el Gobierno de Manab\u00ed. Alcaldes, presidentes de gobiernos parroquiales o sus delegados, quienes forman parte de este cuerpo legislativo, aprobaron por unanimidad en primer debate la proforma presupuestaria [&hellip;]","og_url":"https:\/\/www.manabi.gob.ec\/index.php\/presupuesto-del-2020-fue-aprobado-en-primer-debate-por-la-corporacion-provincial\/","og_site_name":"Prefectura de Manab\u00ed","article_published_time":"2019-11-08T19:45:32+00:00","author":"admin","twitter_card":"summary_large_image","twitter_misc":{"Escrito por":"admin","Tiempo de lectura":"1 minuto"},"schema":{"@context":"https:\/\/schema.org","@graph":[{"@type":"Article","@id":"https:\/\/www.manabi.gob.ec\/index.php\/presupuesto-del-2020-fue-aprobado-en-primer-debate-por-la-corporacion-provincial\/#article","isPartOf":{"@id":"https:\/\/www.manabi.gob.ec\/index.php\/presupuesto-del-2020-fue-aprobado-en-primer-debate-por-la-corporacion-provincial\/"},"author":{"name":"admin","@id":"https:\/\/www.manabi.gob.ec\/#\/schema\/person\/cfc71bd68fe2703b779edcc292a49722"},"headline":"Presupuesto del 2020 fue aprobado en primer debate por la Corporaci\u00f3n Provincial","datePublished":"2019-11-08T19:45:32+00:00","mainEntityOfPage":{"@id":"https:\/\/www.manabi.gob.ec\/index.php\/presupuesto-del-2020-fue-aprobado-en-primer-debate-por-la-corporacion-provincial\/"},"wordCount":271,"commentCount":0,"image":{"@id":"https:\/\/www.manabi.gob.ec\/index.php\/presupuesto-del-2020-fue-aprobado-en-primer-debate-por-la-corporacion-provincial\/#primaryimage"},"thumbnailUrl":"","articleSection":["Noticias","Todas"],"inLanguage":"es","potentialAction":[{"@type":"CommentAction","name":"Comment","target":["https:\/\/www.manabi.gob.ec\/index.php\/presupuesto-del-2020-fue-aprobado-en-primer-debate-por-la-corporacion-provincial\/#respond"]}]},{"@type":"WebPage","@id":"https:\/\/www.manabi.gob.ec\/index.php\/presupuesto-del-2020-fue-aprobado-en-primer-debate-por-la-corporacion-provincial\/","url":"https:\/\/www.manabi.gob.ec\/index.php\/presupuesto-del-2020-fue-aprobado-en-primer-debate-por-la-corporacion-provincial\/","name":"Presupuesto del 2020 fue aprobado en primer debate por la Corporaci\u00f3n Provincial - Prefectura de Manab\u00ed","isPartOf":{"@id":"https:\/\/www.manabi.gob.ec\/#website"},"primaryImageOfPage":{"@id":"https:\/\/www.manabi.gob.ec\/index.php\/presupuesto-del-2020-fue-aprobado-en-primer-debate-por-la-corporacion-provincial\/#primaryimage"},"image":{"@id":"https:\/\/www.manabi.gob.ec\/index.php\/presupuesto-del-2020-fue-aprobado-en-primer-debate-por-la-corporacion-provincial\/#primaryimage"},"thumbnailUrl":"","datePublished":"2019-11-08T19:45:32+00:00","author":{"@id":"https:\/\/www.manabi.gob.ec\/#\/schema\/person\/cfc71bd68fe2703b779edcc292a49722"},"breadcrumb":{"@id":"https:\/\/www.manabi.gob.ec\/index.php\/presupuesto-del-2020-fue-aprobado-en-primer-debate-por-la-corporacion-provincial\/#breadcrumb"},"inLanguage":"es","potentialAction":[{"@type":"ReadAction","target":["https:\/\/www.manabi.gob.ec\/index.php\/presupuesto-del-2020-fue-aprobado-en-primer-debate-por-la-corporacion-provincial\/"]}]},{"@type":"ImageObject","inLanguage":"es","@id":"https:\/\/www.manabi.gob.ec\/index.php\/presupuesto-del-2020-fue-aprobado-en-primer-debate-por-la-corporacion-provincial\/#primaryimage","url":"","contentUrl":""},{"@type":"BreadcrumbList","@id":"https:\/\/www.manabi.gob.ec\/index.php\/presupuesto-del-2020-fue-aprobado-en-primer-debate-por-la-corporacion-provincial\/#breadcrumb","itemListElement":[{"@type":"ListItem","position":1,"name":"Portada","item":"https:\/\/www.manabi.gob.ec\/"},{"@type":"ListItem","position":2,"name":"Presupuesto del 2020 fue aprobado en primer debate por la Corporaci\u00f3n Provincial"}]},{"@type":"WebSite","@id":"https:\/\/www.manabi.gob.ec\/#website","url":"https:\/\/www.manabi.gob.ec\/","name":"Prefectura de Manab\u00ed","description":"P\u00e1gina web de la prefectura","potentialAction":[{"@type":"SearchAction","target":{"@type":"EntryPoint","urlTemplate":"https:\/\/www.manabi.gob.ec\/?s={search_term_string}"},"query-input":{"@type":"PropertyValueSpecification","valueRequired":true,"valueName":"search_term_string"}}],"inLanguage":"es"},{"@type":"Person","@id":"https:\/\/www.manabi.gob.ec\/#\/schema\/person\/cfc71bd68fe2703b779edcc292a49722","name":"admin","image":{"@type":"ImageObject","inLanguage":"es","@id":"https:\/\/secure.gravatar.com\/avatar\/23e9f919492b0a2f65aa168e0d8c5c867ea853b61deffbadf08c7031e15b8d78?s=96&d=mm&r=g","url":"https:\/\/secure.gravatar.com\/avatar\/23e9f919492b0a2f65aa168e0d8c5c867ea853b61deffbadf08c7031e15b8d78?s=96&d=mm&r=g","contentUrl":"https:\/\/secure.gravatar.com\/avatar\/23e9f919492b0a2f65aa168e0d8c5c867ea853b61deffbadf08c7031e15b8d78?s=96&d=mm&r=g","caption":"admin"},"sameAs":["http:\/\/www.manabi.gob.ec"],"url":"https:\/\/www.manabi.gob.ec\/index.php\/author\/admin\/"}]}},"jetpack_featured_media_url":"","_links":{"self":[{"href":"https:\/\/www.manabi.gob.ec\/index.php\/wp-json\/wp\/v2\/posts\/13558","targetHints":{"allow":["GET"]}}],"collection":[{"href":"https:\/\/www.manabi.gob.ec\/index.php\/wp-json\/wp\/v2\/posts"}],"about":[{"href":"https:\/\/www.manabi.gob.ec\/index.php\/wp-json\/wp\/v2\/types\/post"}],"author":[{"embeddable":true,"href":"https:\/\/www.manabi.gob.ec\/index.php\/wp-json\/wp\/v2\/users\/1"}],"replies":[{"embeddable":true,"href":"https:\/\/www.manabi.gob.ec\/index.php\/wp-json\/wp\/v2\/comments?post=13558"}],"version-history":[{"count":0,"href":"https:\/\/www.manabi.gob.ec\/index.php\/wp-json\/wp\/v2\/posts\/13558\/revisions"}],"wp:featuredmedia":[{"embeddable":true,"href":"https:\/\/www.manabi.gob.ec\/index.php\/wp-json\/"}],"wp:attachment":[{"href":"https:\/\/www.manabi.gob.ec\/index.php\/wp-json\/wp\/v2\/media?parent=13558"}],"wp:term":[{"taxonomy":"category","embeddable":true,"href":"https:\/\/www.manabi.gob.ec\/index.php\/wp-json\/wp\/v2\/categories?post=13558"},{"taxonomy":"post_tag","embeddable":true,"href":"https:\/\/www.manabi.gob.ec\/index.php\/wp-json\/wp\/v2\/tags?post=13558"}],"curies":[{"name":"wp","href":"https:\/\/api.w.org\/{rel}","templated":true}]}}