{"id":13562,"date":"2019-11-19T14:31:43","date_gmt":"2019-11-19T19:31:43","guid":{"rendered":"http:\/\/www.manabi.gob.ec\/?p=13562"},"modified":"2019-11-19T14:31:43","modified_gmt":"2019-11-19T19:31:43","slug":"firman-contratos-para-construccion-de-siete-puentes-en-comunidades-de-manabi","status":"publish","type":"post","link":"https:\/\/www.manabi.gob.ec\/index.php\/firman-contratos-para-construccion-de-siete-puentes-en-comunidades-de-manabi\/","title":{"rendered":"Firman contratos para construcci\u00f3n de siete puentes en comunidades de Manab\u00ed"},"content":{"rendered":"<p style=\"text-align: justify;\">En un acto p\u00fablico, con la presencia de representantes de comunidades, contratistas y ciudadan\u00eda en general se realizar\u00e1 la firma de los contratos para la construcci\u00f3n de siete puentes en Manab\u00ed.<\/p>\n<p style=\"text-align: justify;\">El evento se desarrollar\u00e1 este<strong> lunes 11 de noviembre<\/strong>, en Portoviejo, en el paraninfo Paulo Emilio Mac\u00edas de la <strong>Universidad T\u00e9cnica de Manab\u00ed <\/strong>(UTM) desde las <strong>10h30<\/strong>.<\/p>\n<p style=\"text-align: justify;\">La inversi\u00f3n en estos siete puentes suma 1\u2019363.605,71 d\u00f3lares y se benefician decenas de comunidades productivas que ver\u00e1n mejorada su conectividad.<\/p>\n<p style=\"text-align: justify;\">Las obras corresponde a construcci\u00f3n de puentes de hormig\u00f3n armado en los siguiente puntos:<\/p>\n<ol>\n<li style=\"text-align: justify;\">Sector El Cady de la parroquia Col\u00f3n del cant\u00f3n Portoviejo. Contratista: Eduardo Javier Mac\u00edas Mendoza. Monto: $217.453,57.<\/li>\n<li style=\"text-align: justify;\">Sector: Sobre el estero Mes\u00edas, ubicado en el sitio Las Gilces de la parroquia Crucita de Portoviejo. Contratista: Jorge Luis Intriago Moreira. Monto: $158.974,02<\/li>\n<li style=\"text-align: justify;\">Sector: Sobre el Estero San Francisco, ubicado en la v\u00eda Sanc\u00e1n \u2013 Ca\u00f1itas \u2013 Los Algodones de la parroquia Sucre del cant\u00f3n 24 de Mayo. Contratista: Walter Adalberto L\u00f3pez Constante. Monto: $166.610,49<\/li>\n<li style=\"text-align: justify;\">Sector: Sobre el Estero R\u00edo Bravo, ubicado en la v\u00eda San Isidro R\u00edo Grande de la parroquia San Isidro del cant\u00f3n Sucre. Contratista: Roc\u00edo del Pilar Y\u00e1nez Navarrete. Monto: $192.131,52<\/li>\n<li style=\"text-align: justify;\">Sector: Sobre el r\u00edo La Am\u00e9rica, ubicado en el sitio El Mico de la parroquia El Anegado del cant\u00f3n Jipijapa. Contratista: Dar\u00edo Gabriel Quijije Pihuave. Monto: $247.070,44.<\/li>\n<li style=\"text-align: justify;\">Sector: Sobre El Estero Hondo, ubicado en el sector La Poza de Agua de la v\u00eda Paj\u00e1n \u2013 Campozano de la parroquia Campozano del cant\u00f3n Paj\u00e1n. Contratista: V\u00edctor Jos\u00e9 Ibarra Cede\u00f1o. Monto: $199.462,48<\/li>\n<li style=\"text-align: justify;\">Sector: Sitio Monte Oscuro de la parroquia Santa Ana del cant\u00f3n Santa Ana. Contratista: Carlos Ar\u00edstides Garc\u00eda Pinargote. Monto: $181.903,19.<\/li>\n<\/ol>\n","protected":false},"excerpt":{"rendered":"<p>En un acto p\u00fablico, con la presencia de representantes de comunidades, contratistas y ciudadan\u00eda en general se realizar\u00e1 la firma de los contratos para la construcci\u00f3n de siete puentes en Manab\u00ed. El evento se desarrollar\u00e1 este lunes 11 de noviembre, en Portoviejo, en el paraninfo Paulo Emilio Mac\u00edas de la Universidad T\u00e9cnica de Manab\u00ed (UTM) [&hellip;]<\/p>\n","protected":false},"author":1,"featured_media":13563,"comment_status":"open","ping_status":"open","sticky":false,"template":"","format":"standard","meta":{"_joinchat":[],"footnotes":""},"categories":[92,91],"tags":[],"class_list":["post-13562","post","type-post","status-publish","format-standard","has-post-thumbnail","hentry","category-noticias-manabi","category-todas"],"yoast_head":"<!-- This site is optimized with the Yoast SEO plugin v27.4 - https:\/\/yoast.com\/product\/yoast-seo-wordpress\/ -->\n<title>Firman contratos para construcci\u00f3n de siete puentes en comunidades de Manab\u00ed - Prefectura de Manab\u00ed<\/title>\n<meta name=\"robots\" content=\"index, follow, max-snippet:-1, max-image-preview:large, max-video-preview:-1\" \/>\n<link rel=\"canonical\" href=\"https:\/\/www.manabi.gob.ec\/index.php\/firman-contratos-para-construccion-de-siete-puentes-en-comunidades-de-manabi\/\" \/>\n<meta property=\"og:locale\" content=\"es_ES\" \/>\n<meta property=\"og:type\" content=\"article\" \/>\n<meta property=\"og:title\" content=\"Firman contratos para construcci\u00f3n de siete puentes en comunidades de Manab\u00ed - Prefectura de Manab\u00ed\" \/>\n<meta property=\"og:description\" content=\"En un acto p\u00fablico, con la presencia de representantes de comunidades, contratistas y ciudadan\u00eda en general se realizar\u00e1 la firma de los contratos para la construcci\u00f3n de siete puentes en Manab\u00ed. El evento se desarrollar\u00e1 este lunes 11 de noviembre, en Portoviejo, en el paraninfo Paulo Emilio Mac\u00edas de la Universidad T\u00e9cnica de Manab\u00ed (UTM) [&hellip;]\" \/>\n<meta property=\"og:url\" content=\"https:\/\/www.manabi.gob.ec\/index.php\/firman-contratos-para-construccion-de-siete-puentes-en-comunidades-de-manabi\/\" \/>\n<meta property=\"og:site_name\" content=\"Prefectura de Manab\u00ed\" \/>\n<meta property=\"article:published_time\" content=\"2019-11-19T19:31:43+00:00\" \/>\n<meta name=\"author\" content=\"admin\" \/>\n<meta name=\"twitter:card\" content=\"summary_large_image\" \/>\n<meta name=\"twitter:label1\" content=\"Escrito por\" \/>\n\t<meta name=\"twitter:data1\" content=\"admin\" \/>\n\t<meta name=\"twitter:label2\" content=\"Tiempo de lectura\" \/>\n\t<meta name=\"twitter:data2\" content=\"2 minutos\" \/>\n<script type=\"application\/ld+json\" class=\"yoast-schema-graph\">{\"@context\":\"https:\\\/\\\/schema.org\",\"@graph\":[{\"@type\":\"Article\",\"@id\":\"https:\\\/\\\/www.manabi.gob.ec\\\/index.php\\\/firman-contratos-para-construccion-de-siete-puentes-en-comunidades-de-manabi\\\/#article\",\"isPartOf\":{\"@id\":\"https:\\\/\\\/www.manabi.gob.ec\\\/index.php\\\/firman-contratos-para-construccion-de-siete-puentes-en-comunidades-de-manabi\\\/\"},\"author\":{\"name\":\"admin\",\"@id\":\"https:\\\/\\\/www.manabi.gob.ec\\\/#\\\/schema\\\/person\\\/cfc71bd68fe2703b779edcc292a49722\"},\"headline\":\"Firman contratos para construcci\u00f3n de siete puentes en comunidades de Manab\u00ed\",\"datePublished\":\"2019-11-19T19:31:43+00:00\",\"mainEntityOfPage\":{\"@id\":\"https:\\\/\\\/www.manabi.gob.ec\\\/index.php\\\/firman-contratos-para-construccion-de-siete-puentes-en-comunidades-de-manabi\\\/\"},\"wordCount\":313,\"commentCount\":0,\"image\":{\"@id\":\"https:\\\/\\\/www.manabi.gob.ec\\\/index.php\\\/firman-contratos-para-construccion-de-siete-puentes-en-comunidades-de-manabi\\\/#primaryimage\"},\"thumbnailUrl\":\"\",\"articleSection\":[\"Noticias\",\"Todas\"],\"inLanguage\":\"es\",\"potentialAction\":[{\"@type\":\"CommentAction\",\"name\":\"Comment\",\"target\":[\"https:\\\/\\\/www.manabi.gob.ec\\\/index.php\\\/firman-contratos-para-construccion-de-siete-puentes-en-comunidades-de-manabi\\\/#respond\"]}]},{\"@type\":\"WebPage\",\"@id\":\"https:\\\/\\\/www.manabi.gob.ec\\\/index.php\\\/firman-contratos-para-construccion-de-siete-puentes-en-comunidades-de-manabi\\\/\",\"url\":\"https:\\\/\\\/www.manabi.gob.ec\\\/index.php\\\/firman-contratos-para-construccion-de-siete-puentes-en-comunidades-de-manabi\\\/\",\"name\":\"Firman contratos para construcci\u00f3n de siete puentes en comunidades de Manab\u00ed - Prefectura de Manab\u00ed\",\"isPartOf\":{\"@id\":\"https:\\\/\\\/www.manabi.gob.ec\\\/#website\"},\"primaryImageOfPage\":{\"@id\":\"https:\\\/\\\/www.manabi.gob.ec\\\/index.php\\\/firman-contratos-para-construccion-de-siete-puentes-en-comunidades-de-manabi\\\/#primaryimage\"},\"image\":{\"@id\":\"https:\\\/\\\/www.manabi.gob.ec\\\/index.php\\\/firman-contratos-para-construccion-de-siete-puentes-en-comunidades-de-manabi\\\/#primaryimage\"},\"thumbnailUrl\":\"\",\"datePublished\":\"2019-11-19T19:31:43+00:00\",\"author\":{\"@id\":\"https:\\\/\\\/www.manabi.gob.ec\\\/#\\\/schema\\\/person\\\/cfc71bd68fe2703b779edcc292a49722\"},\"breadcrumb\":{\"@id\":\"https:\\\/\\\/www.manabi.gob.ec\\\/index.php\\\/firman-contratos-para-construccion-de-siete-puentes-en-comunidades-de-manabi\\\/#breadcrumb\"},\"inLanguage\":\"es\",\"potentialAction\":[{\"@type\":\"ReadAction\",\"target\":[\"https:\\\/\\\/www.manabi.gob.ec\\\/index.php\\\/firman-contratos-para-construccion-de-siete-puentes-en-comunidades-de-manabi\\\/\"]}]},{\"@type\":\"ImageObject\",\"inLanguage\":\"es\",\"@id\":\"https:\\\/\\\/www.manabi.gob.ec\\\/index.php\\\/firman-contratos-para-construccion-de-siete-puentes-en-comunidades-de-manabi\\\/#primaryimage\",\"url\":\"\",\"contentUrl\":\"\"},{\"@type\":\"BreadcrumbList\",\"@id\":\"https:\\\/\\\/www.manabi.gob.ec\\\/index.php\\\/firman-contratos-para-construccion-de-siete-puentes-en-comunidades-de-manabi\\\/#breadcrumb\",\"itemListElement\":[{\"@type\":\"ListItem\",\"position\":1,\"name\":\"Portada\",\"item\":\"https:\\\/\\\/www.manabi.gob.ec\\\/\"},{\"@type\":\"ListItem\",\"position\":2,\"name\":\"Firman contratos para construcci\u00f3n de siete puentes en comunidades de Manab\u00ed\"}]},{\"@type\":\"WebSite\",\"@id\":\"https:\\\/\\\/www.manabi.gob.ec\\\/#website\",\"url\":\"https:\\\/\\\/www.manabi.gob.ec\\\/\",\"name\":\"Prefectura de Manab\u00ed\",\"description\":\"P\u00e1gina web de la prefectura\",\"potentialAction\":[{\"@type\":\"SearchAction\",\"target\":{\"@type\":\"EntryPoint\",\"urlTemplate\":\"https:\\\/\\\/www.manabi.gob.ec\\\/?s={search_term_string}\"},\"query-input\":{\"@type\":\"PropertyValueSpecification\",\"valueRequired\":true,\"valueName\":\"search_term_string\"}}],\"inLanguage\":\"es\"},{\"@type\":\"Person\",\"@id\":\"https:\\\/\\\/www.manabi.gob.ec\\\/#\\\/schema\\\/person\\\/cfc71bd68fe2703b779edcc292a49722\",\"name\":\"admin\",\"image\":{\"@type\":\"ImageObject\",\"inLanguage\":\"es\",\"@id\":\"https:\\\/\\\/secure.gravatar.com\\\/avatar\\\/23e9f919492b0a2f65aa168e0d8c5c867ea853b61deffbadf08c7031e15b8d78?s=96&d=mm&r=g\",\"url\":\"https:\\\/\\\/secure.gravatar.com\\\/avatar\\\/23e9f919492b0a2f65aa168e0d8c5c867ea853b61deffbadf08c7031e15b8d78?s=96&d=mm&r=g\",\"contentUrl\":\"https:\\\/\\\/secure.gravatar.com\\\/avatar\\\/23e9f919492b0a2f65aa168e0d8c5c867ea853b61deffbadf08c7031e15b8d78?s=96&d=mm&r=g\",\"caption\":\"admin\"},\"sameAs\":[\"http:\\\/\\\/www.manabi.gob.ec\"],\"url\":\"https:\\\/\\\/www.manabi.gob.ec\\\/index.php\\\/author\\\/admin\\\/\"}]}<\/script>\n<!-- \/ Yoast SEO plugin. -->","yoast_head_json":{"title":"Firman contratos para construcci\u00f3n de siete puentes en comunidades de Manab\u00ed - Prefectura de Manab\u00ed","robots":{"index":"index","follow":"follow","max-snippet":"max-snippet:-1","max-image-preview":"max-image-preview:large","max-video-preview":"max-video-preview:-1"},"canonical":"https:\/\/www.manabi.gob.ec\/index.php\/firman-contratos-para-construccion-de-siete-puentes-en-comunidades-de-manabi\/","og_locale":"es_ES","og_type":"article","og_title":"Firman contratos para construcci\u00f3n de siete puentes en comunidades de Manab\u00ed - Prefectura de Manab\u00ed","og_description":"En un acto p\u00fablico, con la presencia de representantes de comunidades, contratistas y ciudadan\u00eda en general se realizar\u00e1 la firma de los contratos para la construcci\u00f3n de siete puentes en Manab\u00ed. El evento se desarrollar\u00e1 este lunes 11 de noviembre, en Portoviejo, en el paraninfo Paulo Emilio Mac\u00edas de la Universidad T\u00e9cnica de Manab\u00ed (UTM) [&hellip;]","og_url":"https:\/\/www.manabi.gob.ec\/index.php\/firman-contratos-para-construccion-de-siete-puentes-en-comunidades-de-manabi\/","og_site_name":"Prefectura de Manab\u00ed","article_published_time":"2019-11-19T19:31:43+00:00","author":"admin","twitter_card":"summary_large_image","twitter_misc":{"Escrito por":"admin","Tiempo de lectura":"2 minutos"},"schema":{"@context":"https:\/\/schema.org","@graph":[{"@type":"Article","@id":"https:\/\/www.manabi.gob.ec\/index.php\/firman-contratos-para-construccion-de-siete-puentes-en-comunidades-de-manabi\/#article","isPartOf":{"@id":"https:\/\/www.manabi.gob.ec\/index.php\/firman-contratos-para-construccion-de-siete-puentes-en-comunidades-de-manabi\/"},"author":{"name":"admin","@id":"https:\/\/www.manabi.gob.ec\/#\/schema\/person\/cfc71bd68fe2703b779edcc292a49722"},"headline":"Firman contratos para construcci\u00f3n de siete puentes en comunidades de Manab\u00ed","datePublished":"2019-11-19T19:31:43+00:00","mainEntityOfPage":{"@id":"https:\/\/www.manabi.gob.ec\/index.php\/firman-contratos-para-construccion-de-siete-puentes-en-comunidades-de-manabi\/"},"wordCount":313,"commentCount":0,"image":{"@id":"https:\/\/www.manabi.gob.ec\/index.php\/firman-contratos-para-construccion-de-siete-puentes-en-comunidades-de-manabi\/#primaryimage"},"thumbnailUrl":"","articleSection":["Noticias","Todas"],"inLanguage":"es","potentialAction":[{"@type":"CommentAction","name":"Comment","target":["https:\/\/www.manabi.gob.ec\/index.php\/firman-contratos-para-construccion-de-siete-puentes-en-comunidades-de-manabi\/#respond"]}]},{"@type":"WebPage","@id":"https:\/\/www.manabi.gob.ec\/index.php\/firman-contratos-para-construccion-de-siete-puentes-en-comunidades-de-manabi\/","url":"https:\/\/www.manabi.gob.ec\/index.php\/firman-contratos-para-construccion-de-siete-puentes-en-comunidades-de-manabi\/","name":"Firman contratos para construcci\u00f3n de siete puentes en comunidades de Manab\u00ed - Prefectura de Manab\u00ed","isPartOf":{"@id":"https:\/\/www.manabi.gob.ec\/#website"},"primaryImageOfPage":{"@id":"https:\/\/www.manabi.gob.ec\/index.php\/firman-contratos-para-construccion-de-siete-puentes-en-comunidades-de-manabi\/#primaryimage"},"image":{"@id":"https:\/\/www.manabi.gob.ec\/index.php\/firman-contratos-para-construccion-de-siete-puentes-en-comunidades-de-manabi\/#primaryimage"},"thumbnailUrl":"","datePublished":"2019-11-19T19:31:43+00:00","author":{"@id":"https:\/\/www.manabi.gob.ec\/#\/schema\/person\/cfc71bd68fe2703b779edcc292a49722"},"breadcrumb":{"@id":"https:\/\/www.manabi.gob.ec\/index.php\/firman-contratos-para-construccion-de-siete-puentes-en-comunidades-de-manabi\/#breadcrumb"},"inLanguage":"es","potentialAction":[{"@type":"ReadAction","target":["https:\/\/www.manabi.gob.ec\/index.php\/firman-contratos-para-construccion-de-siete-puentes-en-comunidades-de-manabi\/"]}]},{"@type":"ImageObject","inLanguage":"es","@id":"https:\/\/www.manabi.gob.ec\/index.php\/firman-contratos-para-construccion-de-siete-puentes-en-comunidades-de-manabi\/#primaryimage","url":"","contentUrl":""},{"@type":"BreadcrumbList","@id":"https:\/\/www.manabi.gob.ec\/index.php\/firman-contratos-para-construccion-de-siete-puentes-en-comunidades-de-manabi\/#breadcrumb","itemListElement":[{"@type":"ListItem","position":1,"name":"Portada","item":"https:\/\/www.manabi.gob.ec\/"},{"@type":"ListItem","position":2,"name":"Firman contratos para construcci\u00f3n de siete puentes en comunidades de Manab\u00ed"}]},{"@type":"WebSite","@id":"https:\/\/www.manabi.gob.ec\/#website","url":"https:\/\/www.manabi.gob.ec\/","name":"Prefectura de Manab\u00ed","description":"P\u00e1gina web de la prefectura","potentialAction":[{"@type":"SearchAction","target":{"@type":"EntryPoint","urlTemplate":"https:\/\/www.manabi.gob.ec\/?s={search_term_string}"},"query-input":{"@type":"PropertyValueSpecification","valueRequired":true,"valueName":"search_term_string"}}],"inLanguage":"es"},{"@type":"Person","@id":"https:\/\/www.manabi.gob.ec\/#\/schema\/person\/cfc71bd68fe2703b779edcc292a49722","name":"admin","image":{"@type":"ImageObject","inLanguage":"es","@id":"https:\/\/secure.gravatar.com\/avatar\/23e9f919492b0a2f65aa168e0d8c5c867ea853b61deffbadf08c7031e15b8d78?s=96&d=mm&r=g","url":"https:\/\/secure.gravatar.com\/avatar\/23e9f919492b0a2f65aa168e0d8c5c867ea853b61deffbadf08c7031e15b8d78?s=96&d=mm&r=g","contentUrl":"https:\/\/secure.gravatar.com\/avatar\/23e9f919492b0a2f65aa168e0d8c5c867ea853b61deffbadf08c7031e15b8d78?s=96&d=mm&r=g","caption":"admin"},"sameAs":["http:\/\/www.manabi.gob.ec"],"url":"https:\/\/www.manabi.gob.ec\/index.php\/author\/admin\/"}]}},"jetpack_featured_media_url":"","_links":{"self":[{"href":"https:\/\/www.manabi.gob.ec\/index.php\/wp-json\/wp\/v2\/posts\/13562","targetHints":{"allow":["GET"]}}],"collection":[{"href":"https:\/\/www.manabi.gob.ec\/index.php\/wp-json\/wp\/v2\/posts"}],"about":[{"href":"https:\/\/www.manabi.gob.ec\/index.php\/wp-json\/wp\/v2\/types\/post"}],"author":[{"embeddable":true,"href":"https:\/\/www.manabi.gob.ec\/index.php\/wp-json\/wp\/v2\/users\/1"}],"replies":[{"embeddable":true,"href":"https:\/\/www.manabi.gob.ec\/index.php\/wp-json\/wp\/v2\/comments?post=13562"}],"version-history":[{"count":0,"href":"https:\/\/www.manabi.gob.ec\/index.php\/wp-json\/wp\/v2\/posts\/13562\/revisions"}],"wp:featuredmedia":[{"embeddable":true,"href":"https:\/\/www.manabi.gob.ec\/index.php\/wp-json\/"}],"wp:attachment":[{"href":"https:\/\/www.manabi.gob.ec\/index.php\/wp-json\/wp\/v2\/media?parent=13562"}],"wp:term":[{"taxonomy":"category","embeddable":true,"href":"https:\/\/www.manabi.gob.ec\/index.php\/wp-json\/wp\/v2\/categories?post=13562"},{"taxonomy":"post_tag","embeddable":true,"href":"https:\/\/www.manabi.gob.ec\/index.php\/wp-json\/wp\/v2\/tags?post=13562"}],"curies":[{"name":"wp","href":"https:\/\/api.w.org\/{rel}","templated":true}]}}