{"id":13565,"date":"2019-11-19T14:55:17","date_gmt":"2019-11-19T19:55:17","guid":{"rendered":"http:\/\/www.manabi.gob.ec\/?p=13565"},"modified":"2019-11-19T14:55:17","modified_gmt":"2019-11-19T19:55:17","slug":"cuatro-dias-para-mostrar-lo-mejor-de-manabi","status":"publish","type":"post","link":"https:\/\/www.manabi.gob.ec\/index.php\/cuatro-dias-para-mostrar-lo-mejor-de-manabi\/","title":{"rendered":"Cuatro d\u00edas para mostrar lo mejor de Manab\u00ed"},"content":{"rendered":"<p style=\"text-align: justify;\">Este jueves fue abierto al p\u00fablico el Sal\u00f3n del Emprendimiento \u201cManab\u00ed Vive 2019\u201d, un evento que hasta el pr\u00f3ximo domingo mostrar\u00e1 m\u00e1s de 200 innovadoras propuestas.<\/p>\n<p style=\"text-align: justify;\">M\u00e1s de 150 emprendedores manabitas y 50 nacionales se exhiben gratuitamente en el Bellavista Club en Portoviejo en una muestra organizada por el Gobierno de Manab\u00ed, Consorcio de Gobiernos Aut\u00f3nomos Provinciales del Ecuador (Congope), empresa privada y otros.<\/p>\n<p style=\"text-align: justify;\">Adem\u00e1s de la exposici\u00f3n de productos y servicios, durante los cuatro d\u00edas habr\u00e1 talleres, conferencias, ruedas de negocios, shows de todo tipo, muestra gastron\u00f3mica y m\u00e1s.<\/p>\n<p style=\"text-align: justify;\">El prefecto Leonardo Orlando destac\u00f3 que los emprendedores son claves para la econom\u00eda porque toman la riqueza de nuestra producci\u00f3n y le dan valor agregado con innovaci\u00f3n y llevando recursos hacia sus familias. \u201cM\u00e1s de la cuarta parte de los emprendedores pertenecen a la zona rural\u201d, resalt\u00f3 el Prefecto.<\/p>\n<p style=\"text-align: justify;\">Fausto Romero, director de Fomento Productivo del Congope, resalt\u00f3 que en las ruedas de negocios participan importantes firmas como Supermaxi, Fybeca, AK\u00cd, y otras que se contactan con emprendedores locales para llevar sus productos a sus perchas.<\/p>\n<p style=\"text-align: justify;\">Domingo L\u00f3pez, alcalde de Pichincha y presidente AME Manab\u00ed, resalt\u00f3 que el evento es primordial para mostrar toda la riqueza de la provincia al pa\u00eds y al mundo. Luc\u00eda Fern\u00e1ndez, presidenta de la C\u00e1mara\u00a0 de Comercio de Manta, subray\u00f3 que desde la Prefectura hay una visi\u00f3n clara para promover la producci\u00f3n y el desarrollo de forma estrat\u00e9gica.<\/p>\n<p style=\"text-align: justify;\">El mi\u00e9rcoles se realiz\u00f3 en parque La Rotonda una noche cultural que dio la bienvenida a las delegaciones y expositores. Con danza, m\u00fasica, amorfinos y m\u00e1s se celebr\u00f3 el inici\u00f3 del Sal\u00f3n del Emprendimiento \u201cManab\u00ed Vive 2019\u201d.<\/p>\n<p>&nbsp;<\/p>\n","protected":false},"excerpt":{"rendered":"<p>Este jueves fue abierto al p\u00fablico el Sal\u00f3n del Emprendimiento \u201cManab\u00ed Vive 2019\u201d, un evento que hasta el pr\u00f3ximo domingo mostrar\u00e1 m\u00e1s de 200 innovadoras propuestas. M\u00e1s de 150 emprendedores manabitas y 50 nacionales se exhiben gratuitamente en el Bellavista Club en Portoviejo en una muestra organizada por el Gobierno de Manab\u00ed, Consorcio de Gobiernos [&hellip;]<\/p>\n","protected":false},"author":1,"featured_media":13566,"comment_status":"open","ping_status":"open","sticky":false,"template":"","format":"standard","meta":{"_joinchat":[],"footnotes":""},"categories":[92,91],"tags":[],"class_list":["post-13565","post","type-post","status-publish","format-standard","has-post-thumbnail","hentry","category-noticias-manabi","category-todas"],"yoast_head":"<!-- This site is optimized with the Yoast SEO plugin v27.4 - https:\/\/yoast.com\/product\/yoast-seo-wordpress\/ -->\n<title>Cuatro d\u00edas para mostrar lo mejor de Manab\u00ed - Prefectura de Manab\u00ed<\/title>\n<meta name=\"robots\" content=\"index, follow, max-snippet:-1, max-image-preview:large, max-video-preview:-1\" \/>\n<link rel=\"canonical\" href=\"https:\/\/www.manabi.gob.ec\/index.php\/cuatro-dias-para-mostrar-lo-mejor-de-manabi\/\" \/>\n<meta property=\"og:locale\" content=\"es_ES\" \/>\n<meta property=\"og:type\" content=\"article\" \/>\n<meta property=\"og:title\" content=\"Cuatro d\u00edas para mostrar lo mejor de Manab\u00ed - Prefectura de Manab\u00ed\" \/>\n<meta property=\"og:description\" content=\"Este jueves fue abierto al p\u00fablico el Sal\u00f3n del Emprendimiento \u201cManab\u00ed Vive 2019\u201d, un evento que hasta el pr\u00f3ximo domingo mostrar\u00e1 m\u00e1s de 200 innovadoras propuestas. M\u00e1s de 150 emprendedores manabitas y 50 nacionales se exhiben gratuitamente en el Bellavista Club en Portoviejo en una muestra organizada por el Gobierno de Manab\u00ed, Consorcio de Gobiernos [&hellip;]\" \/>\n<meta property=\"og:url\" content=\"https:\/\/www.manabi.gob.ec\/index.php\/cuatro-dias-para-mostrar-lo-mejor-de-manabi\/\" \/>\n<meta property=\"og:site_name\" content=\"Prefectura de Manab\u00ed\" \/>\n<meta property=\"article:published_time\" content=\"2019-11-19T19:55:17+00:00\" \/>\n<meta name=\"author\" content=\"admin\" \/>\n<meta name=\"twitter:card\" content=\"summary_large_image\" \/>\n<meta name=\"twitter:label1\" content=\"Escrito por\" \/>\n\t<meta name=\"twitter:data1\" content=\"admin\" \/>\n\t<meta name=\"twitter:label2\" content=\"Tiempo de lectura\" \/>\n\t<meta name=\"twitter:data2\" content=\"1 minuto\" \/>\n<script type=\"application\/ld+json\" class=\"yoast-schema-graph\">{\"@context\":\"https:\\\/\\\/schema.org\",\"@graph\":[{\"@type\":\"Article\",\"@id\":\"https:\\\/\\\/www.manabi.gob.ec\\\/index.php\\\/cuatro-dias-para-mostrar-lo-mejor-de-manabi\\\/#article\",\"isPartOf\":{\"@id\":\"https:\\\/\\\/www.manabi.gob.ec\\\/index.php\\\/cuatro-dias-para-mostrar-lo-mejor-de-manabi\\\/\"},\"author\":{\"name\":\"admin\",\"@id\":\"https:\\\/\\\/www.manabi.gob.ec\\\/#\\\/schema\\\/person\\\/cfc71bd68fe2703b779edcc292a49722\"},\"headline\":\"Cuatro d\u00edas para mostrar lo mejor de Manab\u00ed\",\"datePublished\":\"2019-11-19T19:55:17+00:00\",\"mainEntityOfPage\":{\"@id\":\"https:\\\/\\\/www.manabi.gob.ec\\\/index.php\\\/cuatro-dias-para-mostrar-lo-mejor-de-manabi\\\/\"},\"wordCount\":302,\"commentCount\":0,\"image\":{\"@id\":\"https:\\\/\\\/www.manabi.gob.ec\\\/index.php\\\/cuatro-dias-para-mostrar-lo-mejor-de-manabi\\\/#primaryimage\"},\"thumbnailUrl\":\"\",\"articleSection\":[\"Noticias\",\"Todas\"],\"inLanguage\":\"es\",\"potentialAction\":[{\"@type\":\"CommentAction\",\"name\":\"Comment\",\"target\":[\"https:\\\/\\\/www.manabi.gob.ec\\\/index.php\\\/cuatro-dias-para-mostrar-lo-mejor-de-manabi\\\/#respond\"]}]},{\"@type\":\"WebPage\",\"@id\":\"https:\\\/\\\/www.manabi.gob.ec\\\/index.php\\\/cuatro-dias-para-mostrar-lo-mejor-de-manabi\\\/\",\"url\":\"https:\\\/\\\/www.manabi.gob.ec\\\/index.php\\\/cuatro-dias-para-mostrar-lo-mejor-de-manabi\\\/\",\"name\":\"Cuatro d\u00edas para mostrar lo mejor de Manab\u00ed - Prefectura de Manab\u00ed\",\"isPartOf\":{\"@id\":\"https:\\\/\\\/www.manabi.gob.ec\\\/#website\"},\"primaryImageOfPage\":{\"@id\":\"https:\\\/\\\/www.manabi.gob.ec\\\/index.php\\\/cuatro-dias-para-mostrar-lo-mejor-de-manabi\\\/#primaryimage\"},\"image\":{\"@id\":\"https:\\\/\\\/www.manabi.gob.ec\\\/index.php\\\/cuatro-dias-para-mostrar-lo-mejor-de-manabi\\\/#primaryimage\"},\"thumbnailUrl\":\"\",\"datePublished\":\"2019-11-19T19:55:17+00:00\",\"author\":{\"@id\":\"https:\\\/\\\/www.manabi.gob.ec\\\/#\\\/schema\\\/person\\\/cfc71bd68fe2703b779edcc292a49722\"},\"breadcrumb\":{\"@id\":\"https:\\\/\\\/www.manabi.gob.ec\\\/index.php\\\/cuatro-dias-para-mostrar-lo-mejor-de-manabi\\\/#breadcrumb\"},\"inLanguage\":\"es\",\"potentialAction\":[{\"@type\":\"ReadAction\",\"target\":[\"https:\\\/\\\/www.manabi.gob.ec\\\/index.php\\\/cuatro-dias-para-mostrar-lo-mejor-de-manabi\\\/\"]}]},{\"@type\":\"ImageObject\",\"inLanguage\":\"es\",\"@id\":\"https:\\\/\\\/www.manabi.gob.ec\\\/index.php\\\/cuatro-dias-para-mostrar-lo-mejor-de-manabi\\\/#primaryimage\",\"url\":\"\",\"contentUrl\":\"\"},{\"@type\":\"BreadcrumbList\",\"@id\":\"https:\\\/\\\/www.manabi.gob.ec\\\/index.php\\\/cuatro-dias-para-mostrar-lo-mejor-de-manabi\\\/#breadcrumb\",\"itemListElement\":[{\"@type\":\"ListItem\",\"position\":1,\"name\":\"Portada\",\"item\":\"https:\\\/\\\/www.manabi.gob.ec\\\/\"},{\"@type\":\"ListItem\",\"position\":2,\"name\":\"Cuatro d\u00edas para mostrar lo mejor de Manab\u00ed\"}]},{\"@type\":\"WebSite\",\"@id\":\"https:\\\/\\\/www.manabi.gob.ec\\\/#website\",\"url\":\"https:\\\/\\\/www.manabi.gob.ec\\\/\",\"name\":\"Prefectura de Manab\u00ed\",\"description\":\"P\u00e1gina web de la prefectura\",\"potentialAction\":[{\"@type\":\"SearchAction\",\"target\":{\"@type\":\"EntryPoint\",\"urlTemplate\":\"https:\\\/\\\/www.manabi.gob.ec\\\/?s={search_term_string}\"},\"query-input\":{\"@type\":\"PropertyValueSpecification\",\"valueRequired\":true,\"valueName\":\"search_term_string\"}}],\"inLanguage\":\"es\"},{\"@type\":\"Person\",\"@id\":\"https:\\\/\\\/www.manabi.gob.ec\\\/#\\\/schema\\\/person\\\/cfc71bd68fe2703b779edcc292a49722\",\"name\":\"admin\",\"image\":{\"@type\":\"ImageObject\",\"inLanguage\":\"es\",\"@id\":\"https:\\\/\\\/secure.gravatar.com\\\/avatar\\\/23e9f919492b0a2f65aa168e0d8c5c867ea853b61deffbadf08c7031e15b8d78?s=96&d=mm&r=g\",\"url\":\"https:\\\/\\\/secure.gravatar.com\\\/avatar\\\/23e9f919492b0a2f65aa168e0d8c5c867ea853b61deffbadf08c7031e15b8d78?s=96&d=mm&r=g\",\"contentUrl\":\"https:\\\/\\\/secure.gravatar.com\\\/avatar\\\/23e9f919492b0a2f65aa168e0d8c5c867ea853b61deffbadf08c7031e15b8d78?s=96&d=mm&r=g\",\"caption\":\"admin\"},\"sameAs\":[\"http:\\\/\\\/www.manabi.gob.ec\"],\"url\":\"https:\\\/\\\/www.manabi.gob.ec\\\/index.php\\\/author\\\/admin\\\/\"}]}<\/script>\n<!-- \/ Yoast SEO plugin. -->","yoast_head_json":{"title":"Cuatro d\u00edas para mostrar lo mejor de Manab\u00ed - Prefectura de Manab\u00ed","robots":{"index":"index","follow":"follow","max-snippet":"max-snippet:-1","max-image-preview":"max-image-preview:large","max-video-preview":"max-video-preview:-1"},"canonical":"https:\/\/www.manabi.gob.ec\/index.php\/cuatro-dias-para-mostrar-lo-mejor-de-manabi\/","og_locale":"es_ES","og_type":"article","og_title":"Cuatro d\u00edas para mostrar lo mejor de Manab\u00ed - Prefectura de Manab\u00ed","og_description":"Este jueves fue abierto al p\u00fablico el Sal\u00f3n del Emprendimiento \u201cManab\u00ed Vive 2019\u201d, un evento que hasta el pr\u00f3ximo domingo mostrar\u00e1 m\u00e1s de 200 innovadoras propuestas. M\u00e1s de 150 emprendedores manabitas y 50 nacionales se exhiben gratuitamente en el Bellavista Club en Portoviejo en una muestra organizada por el Gobierno de Manab\u00ed, Consorcio de Gobiernos [&hellip;]","og_url":"https:\/\/www.manabi.gob.ec\/index.php\/cuatro-dias-para-mostrar-lo-mejor-de-manabi\/","og_site_name":"Prefectura de Manab\u00ed","article_published_time":"2019-11-19T19:55:17+00:00","author":"admin","twitter_card":"summary_large_image","twitter_misc":{"Escrito por":"admin","Tiempo de lectura":"1 minuto"},"schema":{"@context":"https:\/\/schema.org","@graph":[{"@type":"Article","@id":"https:\/\/www.manabi.gob.ec\/index.php\/cuatro-dias-para-mostrar-lo-mejor-de-manabi\/#article","isPartOf":{"@id":"https:\/\/www.manabi.gob.ec\/index.php\/cuatro-dias-para-mostrar-lo-mejor-de-manabi\/"},"author":{"name":"admin","@id":"https:\/\/www.manabi.gob.ec\/#\/schema\/person\/cfc71bd68fe2703b779edcc292a49722"},"headline":"Cuatro d\u00edas para mostrar lo mejor de Manab\u00ed","datePublished":"2019-11-19T19:55:17+00:00","mainEntityOfPage":{"@id":"https:\/\/www.manabi.gob.ec\/index.php\/cuatro-dias-para-mostrar-lo-mejor-de-manabi\/"},"wordCount":302,"commentCount":0,"image":{"@id":"https:\/\/www.manabi.gob.ec\/index.php\/cuatro-dias-para-mostrar-lo-mejor-de-manabi\/#primaryimage"},"thumbnailUrl":"","articleSection":["Noticias","Todas"],"inLanguage":"es","potentialAction":[{"@type":"CommentAction","name":"Comment","target":["https:\/\/www.manabi.gob.ec\/index.php\/cuatro-dias-para-mostrar-lo-mejor-de-manabi\/#respond"]}]},{"@type":"WebPage","@id":"https:\/\/www.manabi.gob.ec\/index.php\/cuatro-dias-para-mostrar-lo-mejor-de-manabi\/","url":"https:\/\/www.manabi.gob.ec\/index.php\/cuatro-dias-para-mostrar-lo-mejor-de-manabi\/","name":"Cuatro d\u00edas para mostrar lo mejor de Manab\u00ed - Prefectura de Manab\u00ed","isPartOf":{"@id":"https:\/\/www.manabi.gob.ec\/#website"},"primaryImageOfPage":{"@id":"https:\/\/www.manabi.gob.ec\/index.php\/cuatro-dias-para-mostrar-lo-mejor-de-manabi\/#primaryimage"},"image":{"@id":"https:\/\/www.manabi.gob.ec\/index.php\/cuatro-dias-para-mostrar-lo-mejor-de-manabi\/#primaryimage"},"thumbnailUrl":"","datePublished":"2019-11-19T19:55:17+00:00","author":{"@id":"https:\/\/www.manabi.gob.ec\/#\/schema\/person\/cfc71bd68fe2703b779edcc292a49722"},"breadcrumb":{"@id":"https:\/\/www.manabi.gob.ec\/index.php\/cuatro-dias-para-mostrar-lo-mejor-de-manabi\/#breadcrumb"},"inLanguage":"es","potentialAction":[{"@type":"ReadAction","target":["https:\/\/www.manabi.gob.ec\/index.php\/cuatro-dias-para-mostrar-lo-mejor-de-manabi\/"]}]},{"@type":"ImageObject","inLanguage":"es","@id":"https:\/\/www.manabi.gob.ec\/index.php\/cuatro-dias-para-mostrar-lo-mejor-de-manabi\/#primaryimage","url":"","contentUrl":""},{"@type":"BreadcrumbList","@id":"https:\/\/www.manabi.gob.ec\/index.php\/cuatro-dias-para-mostrar-lo-mejor-de-manabi\/#breadcrumb","itemListElement":[{"@type":"ListItem","position":1,"name":"Portada","item":"https:\/\/www.manabi.gob.ec\/"},{"@type":"ListItem","position":2,"name":"Cuatro d\u00edas para mostrar lo mejor de Manab\u00ed"}]},{"@type":"WebSite","@id":"https:\/\/www.manabi.gob.ec\/#website","url":"https:\/\/www.manabi.gob.ec\/","name":"Prefectura de Manab\u00ed","description":"P\u00e1gina web de la prefectura","potentialAction":[{"@type":"SearchAction","target":{"@type":"EntryPoint","urlTemplate":"https:\/\/www.manabi.gob.ec\/?s={search_term_string}"},"query-input":{"@type":"PropertyValueSpecification","valueRequired":true,"valueName":"search_term_string"}}],"inLanguage":"es"},{"@type":"Person","@id":"https:\/\/www.manabi.gob.ec\/#\/schema\/person\/cfc71bd68fe2703b779edcc292a49722","name":"admin","image":{"@type":"ImageObject","inLanguage":"es","@id":"https:\/\/secure.gravatar.com\/avatar\/23e9f919492b0a2f65aa168e0d8c5c867ea853b61deffbadf08c7031e15b8d78?s=96&d=mm&r=g","url":"https:\/\/secure.gravatar.com\/avatar\/23e9f919492b0a2f65aa168e0d8c5c867ea853b61deffbadf08c7031e15b8d78?s=96&d=mm&r=g","contentUrl":"https:\/\/secure.gravatar.com\/avatar\/23e9f919492b0a2f65aa168e0d8c5c867ea853b61deffbadf08c7031e15b8d78?s=96&d=mm&r=g","caption":"admin"},"sameAs":["http:\/\/www.manabi.gob.ec"],"url":"https:\/\/www.manabi.gob.ec\/index.php\/author\/admin\/"}]}},"jetpack_featured_media_url":"","_links":{"self":[{"href":"https:\/\/www.manabi.gob.ec\/index.php\/wp-json\/wp\/v2\/posts\/13565","targetHints":{"allow":["GET"]}}],"collection":[{"href":"https:\/\/www.manabi.gob.ec\/index.php\/wp-json\/wp\/v2\/posts"}],"about":[{"href":"https:\/\/www.manabi.gob.ec\/index.php\/wp-json\/wp\/v2\/types\/post"}],"author":[{"embeddable":true,"href":"https:\/\/www.manabi.gob.ec\/index.php\/wp-json\/wp\/v2\/users\/1"}],"replies":[{"embeddable":true,"href":"https:\/\/www.manabi.gob.ec\/index.php\/wp-json\/wp\/v2\/comments?post=13565"}],"version-history":[{"count":0,"href":"https:\/\/www.manabi.gob.ec\/index.php\/wp-json\/wp\/v2\/posts\/13565\/revisions"}],"wp:featuredmedia":[{"embeddable":true,"href":"https:\/\/www.manabi.gob.ec\/index.php\/wp-json\/"}],"wp:attachment":[{"href":"https:\/\/www.manabi.gob.ec\/index.php\/wp-json\/wp\/v2\/media?parent=13565"}],"wp:term":[{"taxonomy":"category","embeddable":true,"href":"https:\/\/www.manabi.gob.ec\/index.php\/wp-json\/wp\/v2\/categories?post=13565"},{"taxonomy":"post_tag","embeddable":true,"href":"https:\/\/www.manabi.gob.ec\/index.php\/wp-json\/wp\/v2\/tags?post=13565"}],"curies":[{"name":"wp","href":"https:\/\/api.w.org\/{rel}","templated":true}]}}