{"id":13568,"date":"2019-11-19T15:05:28","date_gmt":"2019-11-19T20:05:28","guid":{"rendered":"http:\/\/www.manabi.gob.ec\/?p=13568"},"modified":"2019-11-19T15:05:28","modified_gmt":"2019-11-19T20:05:28","slug":"emprendedores-fueron-premiados-por-sus-productos","status":"publish","type":"post","link":"https:\/\/www.manabi.gob.ec\/index.php\/emprendedores-fueron-premiados-por-sus-productos\/","title":{"rendered":"Emprendedores fueron premiados por sus productos"},"content":{"rendered":"<p style=\"text-align: justify;\">El Sal\u00f3n del Emprendimiento \u201cManab\u00ed Vive 2019\u201d cerr\u00f3 con \u00e9xito tras cuatro d\u00edas de masiva concurrencia. En la clausura se realiz\u00f3 la premiaci\u00f3n de los emprendedores que destacaron con sus productos.<\/p>\n<p style=\"text-align: justify;\">El prefecto Leonardo Orlando resalt\u00f3 que en la provincia hay un enorme talento para generar valor agregado con productos que pueden alcanzar mercados nacionales e internacionales. Subray\u00f3 que el Gobierno de Manab\u00ed mantendr\u00e1 un apoyo firme en el desarrollo, promoci\u00f3n y fortalecimiento de los negocios de los emprendedores.<\/p>\n<p style=\"text-align: justify;\">La tarde de este domingo se premiaron a los mejores expositores que estuvieron en el evento que reuni\u00f3 a m\u00e1s de 200 emprendedores del pa\u00eds y la provincia. Los reconocimientos, que tuvieron la participaci\u00f3n activa de la empresa privada, fueron entregados a los siguientes:<\/p>\n<p style=\"text-align: justify;\"><strong>Premio a la innovaci\u00f3n<\/strong><\/p>\n<p style=\"text-align: justify;\">Primer lugar fue para caf\u00e9 Salango (Puerto L\u00f3pez) que desarroll\u00f3 un sistema que incorpora un filtro para usarlo directamente sobre la taza. Los otros reconocimientos fueron para: Segundo lugar, Aceite Violeta; tercer lugar fertilizantes microcib; cuarto lugar, Vivi Spa.<\/p>\n<p style=\"text-align: justify;\"><strong>Premio Mi producto su ADN<\/strong><\/p>\n<p style=\"text-align: justify;\">Primer lugar fue para el rompope Amorfino que destac\u00f3 con su bebida de tiramis\u00fa. Segundo lugar, Prieta Pint\u00f3 Chifles; tercer lugar, dulcer\u00eda Los Almendros; y cuarto lugar, donas Divina Tentaci\u00f3n.<\/p>\n<p style=\"text-align: justify;\">Otros reconocimientos fueron para la mejor artesan\u00eda que recay\u00f3 sobre Galo Panta Reyna de Pedernales. \u00c9l cre\u00f3 una r\u00e9plica en miniatura de un horno tradicional de le\u00f1a que a su vez sirve para colocar inciensos. Otro premio fue para la ni\u00f1a Diana Vera Guerrero, quien se hizo acreedora a una beca en la Escuela Gastron\u00f3mica de Manab\u00ed para cumplir su sue\u00f1o de empezar sus estudios para convertirse en chef.<\/p>\n","protected":false},"excerpt":{"rendered":"<p>El Sal\u00f3n del Emprendimiento \u201cManab\u00ed Vive 2019\u201d cerr\u00f3 con \u00e9xito tras cuatro d\u00edas de masiva concurrencia. En la clausura se realiz\u00f3 la premiaci\u00f3n de los emprendedores que destacaron con sus productos. El prefecto Leonardo Orlando resalt\u00f3 que en la provincia hay un enorme talento para generar valor agregado con productos que pueden alcanzar mercados nacionales [&hellip;]<\/p>\n","protected":false},"author":1,"featured_media":13569,"comment_status":"open","ping_status":"open","sticky":false,"template":"","format":"standard","meta":{"_joinchat":[],"footnotes":""},"categories":[92,91],"tags":[],"class_list":["post-13568","post","type-post","status-publish","format-standard","has-post-thumbnail","hentry","category-noticias-manabi","category-todas"],"yoast_head":"<!-- This site is optimized with the Yoast SEO plugin v27.4 - https:\/\/yoast.com\/product\/yoast-seo-wordpress\/ -->\n<title>Emprendedores fueron premiados por sus productos - Prefectura de Manab\u00ed<\/title>\n<meta name=\"robots\" content=\"index, follow, max-snippet:-1, max-image-preview:large, max-video-preview:-1\" \/>\n<link rel=\"canonical\" href=\"https:\/\/www.manabi.gob.ec\/index.php\/emprendedores-fueron-premiados-por-sus-productos\/\" \/>\n<meta property=\"og:locale\" content=\"es_ES\" \/>\n<meta property=\"og:type\" content=\"article\" \/>\n<meta property=\"og:title\" content=\"Emprendedores fueron premiados por sus productos - Prefectura de Manab\u00ed\" \/>\n<meta property=\"og:description\" content=\"El Sal\u00f3n del Emprendimiento \u201cManab\u00ed Vive 2019\u201d cerr\u00f3 con \u00e9xito tras cuatro d\u00edas de masiva concurrencia. En la clausura se realiz\u00f3 la premiaci\u00f3n de los emprendedores que destacaron con sus productos. El prefecto Leonardo Orlando resalt\u00f3 que en la provincia hay un enorme talento para generar valor agregado con productos que pueden alcanzar mercados nacionales [&hellip;]\" \/>\n<meta property=\"og:url\" content=\"https:\/\/www.manabi.gob.ec\/index.php\/emprendedores-fueron-premiados-por-sus-productos\/\" \/>\n<meta property=\"og:site_name\" content=\"Prefectura de Manab\u00ed\" \/>\n<meta property=\"article:published_time\" content=\"2019-11-19T20:05:28+00:00\" \/>\n<meta name=\"author\" content=\"admin\" \/>\n<meta name=\"twitter:card\" content=\"summary_large_image\" \/>\n<meta name=\"twitter:label1\" content=\"Escrito por\" \/>\n\t<meta name=\"twitter:data1\" content=\"admin\" \/>\n\t<meta name=\"twitter:label2\" content=\"Tiempo de lectura\" \/>\n\t<meta name=\"twitter:data2\" content=\"1 minuto\" \/>\n<script type=\"application\/ld+json\" class=\"yoast-schema-graph\">{\"@context\":\"https:\\\/\\\/schema.org\",\"@graph\":[{\"@type\":\"Article\",\"@id\":\"https:\\\/\\\/www.manabi.gob.ec\\\/index.php\\\/emprendedores-fueron-premiados-por-sus-productos\\\/#article\",\"isPartOf\":{\"@id\":\"https:\\\/\\\/www.manabi.gob.ec\\\/index.php\\\/emprendedores-fueron-premiados-por-sus-productos\\\/\"},\"author\":{\"name\":\"admin\",\"@id\":\"https:\\\/\\\/www.manabi.gob.ec\\\/#\\\/schema\\\/person\\\/cfc71bd68fe2703b779edcc292a49722\"},\"headline\":\"Emprendedores fueron premiados por sus productos\",\"datePublished\":\"2019-11-19T20:05:28+00:00\",\"mainEntityOfPage\":{\"@id\":\"https:\\\/\\\/www.manabi.gob.ec\\\/index.php\\\/emprendedores-fueron-premiados-por-sus-productos\\\/\"},\"wordCount\":291,\"commentCount\":0,\"image\":{\"@id\":\"https:\\\/\\\/www.manabi.gob.ec\\\/index.php\\\/emprendedores-fueron-premiados-por-sus-productos\\\/#primaryimage\"},\"thumbnailUrl\":\"\",\"articleSection\":[\"Noticias\",\"Todas\"],\"inLanguage\":\"es\",\"potentialAction\":[{\"@type\":\"CommentAction\",\"name\":\"Comment\",\"target\":[\"https:\\\/\\\/www.manabi.gob.ec\\\/index.php\\\/emprendedores-fueron-premiados-por-sus-productos\\\/#respond\"]}]},{\"@type\":\"WebPage\",\"@id\":\"https:\\\/\\\/www.manabi.gob.ec\\\/index.php\\\/emprendedores-fueron-premiados-por-sus-productos\\\/\",\"url\":\"https:\\\/\\\/www.manabi.gob.ec\\\/index.php\\\/emprendedores-fueron-premiados-por-sus-productos\\\/\",\"name\":\"Emprendedores fueron premiados por sus productos - Prefectura de Manab\u00ed\",\"isPartOf\":{\"@id\":\"https:\\\/\\\/www.manabi.gob.ec\\\/#website\"},\"primaryImageOfPage\":{\"@id\":\"https:\\\/\\\/www.manabi.gob.ec\\\/index.php\\\/emprendedores-fueron-premiados-por-sus-productos\\\/#primaryimage\"},\"image\":{\"@id\":\"https:\\\/\\\/www.manabi.gob.ec\\\/index.php\\\/emprendedores-fueron-premiados-por-sus-productos\\\/#primaryimage\"},\"thumbnailUrl\":\"\",\"datePublished\":\"2019-11-19T20:05:28+00:00\",\"author\":{\"@id\":\"https:\\\/\\\/www.manabi.gob.ec\\\/#\\\/schema\\\/person\\\/cfc71bd68fe2703b779edcc292a49722\"},\"breadcrumb\":{\"@id\":\"https:\\\/\\\/www.manabi.gob.ec\\\/index.php\\\/emprendedores-fueron-premiados-por-sus-productos\\\/#breadcrumb\"},\"inLanguage\":\"es\",\"potentialAction\":[{\"@type\":\"ReadAction\",\"target\":[\"https:\\\/\\\/www.manabi.gob.ec\\\/index.php\\\/emprendedores-fueron-premiados-por-sus-productos\\\/\"]}]},{\"@type\":\"ImageObject\",\"inLanguage\":\"es\",\"@id\":\"https:\\\/\\\/www.manabi.gob.ec\\\/index.php\\\/emprendedores-fueron-premiados-por-sus-productos\\\/#primaryimage\",\"url\":\"\",\"contentUrl\":\"\"},{\"@type\":\"BreadcrumbList\",\"@id\":\"https:\\\/\\\/www.manabi.gob.ec\\\/index.php\\\/emprendedores-fueron-premiados-por-sus-productos\\\/#breadcrumb\",\"itemListElement\":[{\"@type\":\"ListItem\",\"position\":1,\"name\":\"Portada\",\"item\":\"https:\\\/\\\/www.manabi.gob.ec\\\/\"},{\"@type\":\"ListItem\",\"position\":2,\"name\":\"Emprendedores fueron premiados por sus productos\"}]},{\"@type\":\"WebSite\",\"@id\":\"https:\\\/\\\/www.manabi.gob.ec\\\/#website\",\"url\":\"https:\\\/\\\/www.manabi.gob.ec\\\/\",\"name\":\"Prefectura de Manab\u00ed\",\"description\":\"P\u00e1gina web de la prefectura\",\"potentialAction\":[{\"@type\":\"SearchAction\",\"target\":{\"@type\":\"EntryPoint\",\"urlTemplate\":\"https:\\\/\\\/www.manabi.gob.ec\\\/?s={search_term_string}\"},\"query-input\":{\"@type\":\"PropertyValueSpecification\",\"valueRequired\":true,\"valueName\":\"search_term_string\"}}],\"inLanguage\":\"es\"},{\"@type\":\"Person\",\"@id\":\"https:\\\/\\\/www.manabi.gob.ec\\\/#\\\/schema\\\/person\\\/cfc71bd68fe2703b779edcc292a49722\",\"name\":\"admin\",\"image\":{\"@type\":\"ImageObject\",\"inLanguage\":\"es\",\"@id\":\"https:\\\/\\\/secure.gravatar.com\\\/avatar\\\/23e9f919492b0a2f65aa168e0d8c5c867ea853b61deffbadf08c7031e15b8d78?s=96&d=mm&r=g\",\"url\":\"https:\\\/\\\/secure.gravatar.com\\\/avatar\\\/23e9f919492b0a2f65aa168e0d8c5c867ea853b61deffbadf08c7031e15b8d78?s=96&d=mm&r=g\",\"contentUrl\":\"https:\\\/\\\/secure.gravatar.com\\\/avatar\\\/23e9f919492b0a2f65aa168e0d8c5c867ea853b61deffbadf08c7031e15b8d78?s=96&d=mm&r=g\",\"caption\":\"admin\"},\"sameAs\":[\"http:\\\/\\\/www.manabi.gob.ec\"],\"url\":\"https:\\\/\\\/www.manabi.gob.ec\\\/index.php\\\/author\\\/admin\\\/\"}]}<\/script>\n<!-- \/ Yoast SEO plugin. -->","yoast_head_json":{"title":"Emprendedores fueron premiados por sus productos - Prefectura de Manab\u00ed","robots":{"index":"index","follow":"follow","max-snippet":"max-snippet:-1","max-image-preview":"max-image-preview:large","max-video-preview":"max-video-preview:-1"},"canonical":"https:\/\/www.manabi.gob.ec\/index.php\/emprendedores-fueron-premiados-por-sus-productos\/","og_locale":"es_ES","og_type":"article","og_title":"Emprendedores fueron premiados por sus productos - Prefectura de Manab\u00ed","og_description":"El Sal\u00f3n del Emprendimiento \u201cManab\u00ed Vive 2019\u201d cerr\u00f3 con \u00e9xito tras cuatro d\u00edas de masiva concurrencia. En la clausura se realiz\u00f3 la premiaci\u00f3n de los emprendedores que destacaron con sus productos. El prefecto Leonardo Orlando resalt\u00f3 que en la provincia hay un enorme talento para generar valor agregado con productos que pueden alcanzar mercados nacionales [&hellip;]","og_url":"https:\/\/www.manabi.gob.ec\/index.php\/emprendedores-fueron-premiados-por-sus-productos\/","og_site_name":"Prefectura de Manab\u00ed","article_published_time":"2019-11-19T20:05:28+00:00","author":"admin","twitter_card":"summary_large_image","twitter_misc":{"Escrito por":"admin","Tiempo de lectura":"1 minuto"},"schema":{"@context":"https:\/\/schema.org","@graph":[{"@type":"Article","@id":"https:\/\/www.manabi.gob.ec\/index.php\/emprendedores-fueron-premiados-por-sus-productos\/#article","isPartOf":{"@id":"https:\/\/www.manabi.gob.ec\/index.php\/emprendedores-fueron-premiados-por-sus-productos\/"},"author":{"name":"admin","@id":"https:\/\/www.manabi.gob.ec\/#\/schema\/person\/cfc71bd68fe2703b779edcc292a49722"},"headline":"Emprendedores fueron premiados por sus productos","datePublished":"2019-11-19T20:05:28+00:00","mainEntityOfPage":{"@id":"https:\/\/www.manabi.gob.ec\/index.php\/emprendedores-fueron-premiados-por-sus-productos\/"},"wordCount":291,"commentCount":0,"image":{"@id":"https:\/\/www.manabi.gob.ec\/index.php\/emprendedores-fueron-premiados-por-sus-productos\/#primaryimage"},"thumbnailUrl":"","articleSection":["Noticias","Todas"],"inLanguage":"es","potentialAction":[{"@type":"CommentAction","name":"Comment","target":["https:\/\/www.manabi.gob.ec\/index.php\/emprendedores-fueron-premiados-por-sus-productos\/#respond"]}]},{"@type":"WebPage","@id":"https:\/\/www.manabi.gob.ec\/index.php\/emprendedores-fueron-premiados-por-sus-productos\/","url":"https:\/\/www.manabi.gob.ec\/index.php\/emprendedores-fueron-premiados-por-sus-productos\/","name":"Emprendedores fueron premiados por sus productos - Prefectura de Manab\u00ed","isPartOf":{"@id":"https:\/\/www.manabi.gob.ec\/#website"},"primaryImageOfPage":{"@id":"https:\/\/www.manabi.gob.ec\/index.php\/emprendedores-fueron-premiados-por-sus-productos\/#primaryimage"},"image":{"@id":"https:\/\/www.manabi.gob.ec\/index.php\/emprendedores-fueron-premiados-por-sus-productos\/#primaryimage"},"thumbnailUrl":"","datePublished":"2019-11-19T20:05:28+00:00","author":{"@id":"https:\/\/www.manabi.gob.ec\/#\/schema\/person\/cfc71bd68fe2703b779edcc292a49722"},"breadcrumb":{"@id":"https:\/\/www.manabi.gob.ec\/index.php\/emprendedores-fueron-premiados-por-sus-productos\/#breadcrumb"},"inLanguage":"es","potentialAction":[{"@type":"ReadAction","target":["https:\/\/www.manabi.gob.ec\/index.php\/emprendedores-fueron-premiados-por-sus-productos\/"]}]},{"@type":"ImageObject","inLanguage":"es","@id":"https:\/\/www.manabi.gob.ec\/index.php\/emprendedores-fueron-premiados-por-sus-productos\/#primaryimage","url":"","contentUrl":""},{"@type":"BreadcrumbList","@id":"https:\/\/www.manabi.gob.ec\/index.php\/emprendedores-fueron-premiados-por-sus-productos\/#breadcrumb","itemListElement":[{"@type":"ListItem","position":1,"name":"Portada","item":"https:\/\/www.manabi.gob.ec\/"},{"@type":"ListItem","position":2,"name":"Emprendedores fueron premiados por sus productos"}]},{"@type":"WebSite","@id":"https:\/\/www.manabi.gob.ec\/#website","url":"https:\/\/www.manabi.gob.ec\/","name":"Prefectura de Manab\u00ed","description":"P\u00e1gina web de la prefectura","potentialAction":[{"@type":"SearchAction","target":{"@type":"EntryPoint","urlTemplate":"https:\/\/www.manabi.gob.ec\/?s={search_term_string}"},"query-input":{"@type":"PropertyValueSpecification","valueRequired":true,"valueName":"search_term_string"}}],"inLanguage":"es"},{"@type":"Person","@id":"https:\/\/www.manabi.gob.ec\/#\/schema\/person\/cfc71bd68fe2703b779edcc292a49722","name":"admin","image":{"@type":"ImageObject","inLanguage":"es","@id":"https:\/\/secure.gravatar.com\/avatar\/23e9f919492b0a2f65aa168e0d8c5c867ea853b61deffbadf08c7031e15b8d78?s=96&d=mm&r=g","url":"https:\/\/secure.gravatar.com\/avatar\/23e9f919492b0a2f65aa168e0d8c5c867ea853b61deffbadf08c7031e15b8d78?s=96&d=mm&r=g","contentUrl":"https:\/\/secure.gravatar.com\/avatar\/23e9f919492b0a2f65aa168e0d8c5c867ea853b61deffbadf08c7031e15b8d78?s=96&d=mm&r=g","caption":"admin"},"sameAs":["http:\/\/www.manabi.gob.ec"],"url":"https:\/\/www.manabi.gob.ec\/index.php\/author\/admin\/"}]}},"jetpack_featured_media_url":"","_links":{"self":[{"href":"https:\/\/www.manabi.gob.ec\/index.php\/wp-json\/wp\/v2\/posts\/13568","targetHints":{"allow":["GET"]}}],"collection":[{"href":"https:\/\/www.manabi.gob.ec\/index.php\/wp-json\/wp\/v2\/posts"}],"about":[{"href":"https:\/\/www.manabi.gob.ec\/index.php\/wp-json\/wp\/v2\/types\/post"}],"author":[{"embeddable":true,"href":"https:\/\/www.manabi.gob.ec\/index.php\/wp-json\/wp\/v2\/users\/1"}],"replies":[{"embeddable":true,"href":"https:\/\/www.manabi.gob.ec\/index.php\/wp-json\/wp\/v2\/comments?post=13568"}],"version-history":[{"count":0,"href":"https:\/\/www.manabi.gob.ec\/index.php\/wp-json\/wp\/v2\/posts\/13568\/revisions"}],"wp:featuredmedia":[{"embeddable":true,"href":"https:\/\/www.manabi.gob.ec\/index.php\/wp-json\/"}],"wp:attachment":[{"href":"https:\/\/www.manabi.gob.ec\/index.php\/wp-json\/wp\/v2\/media?parent=13568"}],"wp:term":[{"taxonomy":"category","embeddable":true,"href":"https:\/\/www.manabi.gob.ec\/index.php\/wp-json\/wp\/v2\/categories?post=13568"},{"taxonomy":"post_tag","embeddable":true,"href":"https:\/\/www.manabi.gob.ec\/index.php\/wp-json\/wp\/v2\/tags?post=13568"}],"curies":[{"name":"wp","href":"https:\/\/api.w.org\/{rel}","templated":true}]}}