{"id":13595,"date":"2019-11-22T14:50:32","date_gmt":"2019-11-22T19:50:32","guid":{"rendered":"http:\/\/www.manabi.gob.ec\/?p=13595"},"modified":"2019-11-22T14:50:32","modified_gmt":"2019-11-22T19:50:32","slug":"se-realizo-foro-de-politicas-publicas-para-la-innovacion-en-portoviejo","status":"publish","type":"post","link":"https:\/\/www.manabi.gob.ec\/index.php\/se-realizo-foro-de-politicas-publicas-para-la-innovacion-en-portoviejo\/","title":{"rendered":"Se realiz\u00f3 Foro de Pol\u00edticas P\u00fablicas para la Innovaci\u00f3n en Portoviejo"},"content":{"rendered":"<p style=\"text-align: justify;\">Como parte de la celebraci\u00f3n de la Semana Global del Emprendimiento Ecuador 2019, este lunes, se realiz\u00f3 en Portoviejo el Foro de Pol\u00edticas P\u00fablicas de Productividad, Innovaci\u00f3n y Tecnolog\u00eda, bajo el auspicio del Gobierno Provincial de Manab\u00ed, Startup Ecuador, universidades y otros aliados.<\/p>\n<p style=\"text-align: justify;\">\n<p style=\"text-align: justify;\">En la Universidad San Gregorio de Portoviejo, estudiantes e invitados escucharon las intervenciones del prefecto Leonardo Orlando, del presidente de la C\u00e1mara de Comercio Ecuatoriano-Americana, cap\u00edtulo Manab\u00ed, Nicol\u00e1s Trujillo; y, Ana Jumbo, docente de la Escuela Polit\u00e9cnica del Litoral.<\/p>\n<p style=\"text-align: justify;\">\n<p style=\"text-align: justify;\">Orlando resalt\u00f3 las fortalezas de Manab\u00ed: la productividad, sus fuentes variadas de alimentaci\u00f3n, las bondades del suelo y el empuje de su gente. \u201cEstos son insumos con los que estamos trabajando para el desarrollo de Manab\u00ed, a trav\u00e9s de planes y proyectos innovadores\u201d, dijo.<\/p>\n<p style=\"text-align: justify;\">\n<p style=\"text-align: justify;\">Para Nicol\u00e1s Trujillo, presidente de la C\u00e1mara de Comercio Ecuatoriano-Americana, cap\u00edtulo Manab\u00ed, el gran reto es mejorar la calidad de los emprendimientos y aportar mejor valor agregado.<\/p>\n<p style=\"text-align: justify;\">\n<p style=\"text-align: justify;\">Ana Jumbo, docente de la Escuela Polit\u00e9cnica del Litoral, se\u00f1al\u00f3 que el proyecto de la Ley de Emprendimiento va en buen camino en la Asamblea Nacional. \u201cEl cuerpo legal aborda temas como el crowdfunding (financiamiento colectivo de proyectos), sociedades simplificadas, financiamiento con capital semilla y la institucionalidad del emprendimiento\u201d, se\u00f1al\u00f3.<\/p>\n","protected":false},"excerpt":{"rendered":"<p>Como parte de la celebraci\u00f3n de la Semana Global del Emprendimiento Ecuador 2019, este lunes, se realiz\u00f3 en Portoviejo el Foro de Pol\u00edticas P\u00fablicas de Productividad, Innovaci\u00f3n y Tecnolog\u00eda, bajo el auspicio del Gobierno Provincial de Manab\u00ed, Startup Ecuador, universidades y otros aliados. En la Universidad San Gregorio de Portoviejo, estudiantes e invitados escucharon las [&hellip;]<\/p>\n","protected":false},"author":1,"featured_media":13596,"comment_status":"open","ping_status":"open","sticky":false,"template":"","format":"standard","meta":{"_joinchat":[],"footnotes":""},"categories":[92,91],"tags":[],"class_list":["post-13595","post","type-post","status-publish","format-standard","has-post-thumbnail","hentry","category-noticias-manabi","category-todas"],"yoast_head":"<!-- This site is optimized with the Yoast SEO plugin v27.4 - https:\/\/yoast.com\/product\/yoast-seo-wordpress\/ -->\n<title>Se realiz\u00f3 Foro de Pol\u00edticas P\u00fablicas para la Innovaci\u00f3n en Portoviejo - Prefectura de Manab\u00ed<\/title>\n<meta name=\"robots\" content=\"index, follow, max-snippet:-1, max-image-preview:large, max-video-preview:-1\" \/>\n<link rel=\"canonical\" href=\"https:\/\/www.manabi.gob.ec\/index.php\/se-realizo-foro-de-politicas-publicas-para-la-innovacion-en-portoviejo\/\" \/>\n<meta property=\"og:locale\" content=\"es_ES\" \/>\n<meta property=\"og:type\" content=\"article\" \/>\n<meta property=\"og:title\" content=\"Se realiz\u00f3 Foro de Pol\u00edticas P\u00fablicas para la Innovaci\u00f3n en Portoviejo - Prefectura de Manab\u00ed\" \/>\n<meta property=\"og:description\" content=\"Como parte de la celebraci\u00f3n de la Semana Global del Emprendimiento Ecuador 2019, este lunes, se realiz\u00f3 en Portoviejo el Foro de Pol\u00edticas P\u00fablicas de Productividad, Innovaci\u00f3n y Tecnolog\u00eda, bajo el auspicio del Gobierno Provincial de Manab\u00ed, Startup Ecuador, universidades y otros aliados. En la Universidad San Gregorio de Portoviejo, estudiantes e invitados escucharon las [&hellip;]\" \/>\n<meta property=\"og:url\" content=\"https:\/\/www.manabi.gob.ec\/index.php\/se-realizo-foro-de-politicas-publicas-para-la-innovacion-en-portoviejo\/\" \/>\n<meta property=\"og:site_name\" content=\"Prefectura de Manab\u00ed\" \/>\n<meta property=\"article:published_time\" content=\"2019-11-22T19:50:32+00:00\" \/>\n<meta name=\"author\" content=\"admin\" \/>\n<meta name=\"twitter:card\" content=\"summary_large_image\" \/>\n<meta name=\"twitter:label1\" content=\"Escrito por\" \/>\n\t<meta name=\"twitter:data1\" content=\"admin\" \/>\n\t<meta name=\"twitter:label2\" content=\"Tiempo de lectura\" \/>\n\t<meta name=\"twitter:data2\" content=\"1 minuto\" \/>\n<script type=\"application\/ld+json\" class=\"yoast-schema-graph\">{\"@context\":\"https:\\\/\\\/schema.org\",\"@graph\":[{\"@type\":\"Article\",\"@id\":\"https:\\\/\\\/www.manabi.gob.ec\\\/index.php\\\/se-realizo-foro-de-politicas-publicas-para-la-innovacion-en-portoviejo\\\/#article\",\"isPartOf\":{\"@id\":\"https:\\\/\\\/www.manabi.gob.ec\\\/index.php\\\/se-realizo-foro-de-politicas-publicas-para-la-innovacion-en-portoviejo\\\/\"},\"author\":{\"name\":\"admin\",\"@id\":\"https:\\\/\\\/www.manabi.gob.ec\\\/#\\\/schema\\\/person\\\/cfc71bd68fe2703b779edcc292a49722\"},\"headline\":\"Se realiz\u00f3 Foro de Pol\u00edticas P\u00fablicas para la Innovaci\u00f3n en Portoviejo\",\"datePublished\":\"2019-11-22T19:50:32+00:00\",\"mainEntityOfPage\":{\"@id\":\"https:\\\/\\\/www.manabi.gob.ec\\\/index.php\\\/se-realizo-foro-de-politicas-publicas-para-la-innovacion-en-portoviejo\\\/\"},\"wordCount\":233,\"commentCount\":0,\"image\":{\"@id\":\"https:\\\/\\\/www.manabi.gob.ec\\\/index.php\\\/se-realizo-foro-de-politicas-publicas-para-la-innovacion-en-portoviejo\\\/#primaryimage\"},\"thumbnailUrl\":\"\",\"articleSection\":[\"Noticias\",\"Todas\"],\"inLanguage\":\"es\",\"potentialAction\":[{\"@type\":\"CommentAction\",\"name\":\"Comment\",\"target\":[\"https:\\\/\\\/www.manabi.gob.ec\\\/index.php\\\/se-realizo-foro-de-politicas-publicas-para-la-innovacion-en-portoviejo\\\/#respond\"]}]},{\"@type\":\"WebPage\",\"@id\":\"https:\\\/\\\/www.manabi.gob.ec\\\/index.php\\\/se-realizo-foro-de-politicas-publicas-para-la-innovacion-en-portoviejo\\\/\",\"url\":\"https:\\\/\\\/www.manabi.gob.ec\\\/index.php\\\/se-realizo-foro-de-politicas-publicas-para-la-innovacion-en-portoviejo\\\/\",\"name\":\"Se realiz\u00f3 Foro de Pol\u00edticas P\u00fablicas para la Innovaci\u00f3n en Portoviejo - Prefectura de Manab\u00ed\",\"isPartOf\":{\"@id\":\"https:\\\/\\\/www.manabi.gob.ec\\\/#website\"},\"primaryImageOfPage\":{\"@id\":\"https:\\\/\\\/www.manabi.gob.ec\\\/index.php\\\/se-realizo-foro-de-politicas-publicas-para-la-innovacion-en-portoviejo\\\/#primaryimage\"},\"image\":{\"@id\":\"https:\\\/\\\/www.manabi.gob.ec\\\/index.php\\\/se-realizo-foro-de-politicas-publicas-para-la-innovacion-en-portoviejo\\\/#primaryimage\"},\"thumbnailUrl\":\"\",\"datePublished\":\"2019-11-22T19:50:32+00:00\",\"author\":{\"@id\":\"https:\\\/\\\/www.manabi.gob.ec\\\/#\\\/schema\\\/person\\\/cfc71bd68fe2703b779edcc292a49722\"},\"breadcrumb\":{\"@id\":\"https:\\\/\\\/www.manabi.gob.ec\\\/index.php\\\/se-realizo-foro-de-politicas-publicas-para-la-innovacion-en-portoviejo\\\/#breadcrumb\"},\"inLanguage\":\"es\",\"potentialAction\":[{\"@type\":\"ReadAction\",\"target\":[\"https:\\\/\\\/www.manabi.gob.ec\\\/index.php\\\/se-realizo-foro-de-politicas-publicas-para-la-innovacion-en-portoviejo\\\/\"]}]},{\"@type\":\"ImageObject\",\"inLanguage\":\"es\",\"@id\":\"https:\\\/\\\/www.manabi.gob.ec\\\/index.php\\\/se-realizo-foro-de-politicas-publicas-para-la-innovacion-en-portoviejo\\\/#primaryimage\",\"url\":\"\",\"contentUrl\":\"\"},{\"@type\":\"BreadcrumbList\",\"@id\":\"https:\\\/\\\/www.manabi.gob.ec\\\/index.php\\\/se-realizo-foro-de-politicas-publicas-para-la-innovacion-en-portoviejo\\\/#breadcrumb\",\"itemListElement\":[{\"@type\":\"ListItem\",\"position\":1,\"name\":\"Portada\",\"item\":\"https:\\\/\\\/www.manabi.gob.ec\\\/\"},{\"@type\":\"ListItem\",\"position\":2,\"name\":\"Se realiz\u00f3 Foro de Pol\u00edticas P\u00fablicas para la Innovaci\u00f3n en Portoviejo\"}]},{\"@type\":\"WebSite\",\"@id\":\"https:\\\/\\\/www.manabi.gob.ec\\\/#website\",\"url\":\"https:\\\/\\\/www.manabi.gob.ec\\\/\",\"name\":\"Prefectura de Manab\u00ed\",\"description\":\"P\u00e1gina web de la prefectura\",\"potentialAction\":[{\"@type\":\"SearchAction\",\"target\":{\"@type\":\"EntryPoint\",\"urlTemplate\":\"https:\\\/\\\/www.manabi.gob.ec\\\/?s={search_term_string}\"},\"query-input\":{\"@type\":\"PropertyValueSpecification\",\"valueRequired\":true,\"valueName\":\"search_term_string\"}}],\"inLanguage\":\"es\"},{\"@type\":\"Person\",\"@id\":\"https:\\\/\\\/www.manabi.gob.ec\\\/#\\\/schema\\\/person\\\/cfc71bd68fe2703b779edcc292a49722\",\"name\":\"admin\",\"image\":{\"@type\":\"ImageObject\",\"inLanguage\":\"es\",\"@id\":\"https:\\\/\\\/secure.gravatar.com\\\/avatar\\\/23e9f919492b0a2f65aa168e0d8c5c867ea853b61deffbadf08c7031e15b8d78?s=96&d=mm&r=g\",\"url\":\"https:\\\/\\\/secure.gravatar.com\\\/avatar\\\/23e9f919492b0a2f65aa168e0d8c5c867ea853b61deffbadf08c7031e15b8d78?s=96&d=mm&r=g\",\"contentUrl\":\"https:\\\/\\\/secure.gravatar.com\\\/avatar\\\/23e9f919492b0a2f65aa168e0d8c5c867ea853b61deffbadf08c7031e15b8d78?s=96&d=mm&r=g\",\"caption\":\"admin\"},\"sameAs\":[\"http:\\\/\\\/www.manabi.gob.ec\"],\"url\":\"https:\\\/\\\/www.manabi.gob.ec\\\/index.php\\\/author\\\/admin\\\/\"}]}<\/script>\n<!-- \/ Yoast SEO plugin. -->","yoast_head_json":{"title":"Se realiz\u00f3 Foro de Pol\u00edticas P\u00fablicas para la Innovaci\u00f3n en Portoviejo - Prefectura de Manab\u00ed","robots":{"index":"index","follow":"follow","max-snippet":"max-snippet:-1","max-image-preview":"max-image-preview:large","max-video-preview":"max-video-preview:-1"},"canonical":"https:\/\/www.manabi.gob.ec\/index.php\/se-realizo-foro-de-politicas-publicas-para-la-innovacion-en-portoviejo\/","og_locale":"es_ES","og_type":"article","og_title":"Se realiz\u00f3 Foro de Pol\u00edticas P\u00fablicas para la Innovaci\u00f3n en Portoviejo - Prefectura de Manab\u00ed","og_description":"Como parte de la celebraci\u00f3n de la Semana Global del Emprendimiento Ecuador 2019, este lunes, se realiz\u00f3 en Portoviejo el Foro de Pol\u00edticas P\u00fablicas de Productividad, Innovaci\u00f3n y Tecnolog\u00eda, bajo el auspicio del Gobierno Provincial de Manab\u00ed, Startup Ecuador, universidades y otros aliados. En la Universidad San Gregorio de Portoviejo, estudiantes e invitados escucharon las [&hellip;]","og_url":"https:\/\/www.manabi.gob.ec\/index.php\/se-realizo-foro-de-politicas-publicas-para-la-innovacion-en-portoviejo\/","og_site_name":"Prefectura de Manab\u00ed","article_published_time":"2019-11-22T19:50:32+00:00","author":"admin","twitter_card":"summary_large_image","twitter_misc":{"Escrito por":"admin","Tiempo de lectura":"1 minuto"},"schema":{"@context":"https:\/\/schema.org","@graph":[{"@type":"Article","@id":"https:\/\/www.manabi.gob.ec\/index.php\/se-realizo-foro-de-politicas-publicas-para-la-innovacion-en-portoviejo\/#article","isPartOf":{"@id":"https:\/\/www.manabi.gob.ec\/index.php\/se-realizo-foro-de-politicas-publicas-para-la-innovacion-en-portoviejo\/"},"author":{"name":"admin","@id":"https:\/\/www.manabi.gob.ec\/#\/schema\/person\/cfc71bd68fe2703b779edcc292a49722"},"headline":"Se realiz\u00f3 Foro de Pol\u00edticas P\u00fablicas para la Innovaci\u00f3n en Portoviejo","datePublished":"2019-11-22T19:50:32+00:00","mainEntityOfPage":{"@id":"https:\/\/www.manabi.gob.ec\/index.php\/se-realizo-foro-de-politicas-publicas-para-la-innovacion-en-portoviejo\/"},"wordCount":233,"commentCount":0,"image":{"@id":"https:\/\/www.manabi.gob.ec\/index.php\/se-realizo-foro-de-politicas-publicas-para-la-innovacion-en-portoviejo\/#primaryimage"},"thumbnailUrl":"","articleSection":["Noticias","Todas"],"inLanguage":"es","potentialAction":[{"@type":"CommentAction","name":"Comment","target":["https:\/\/www.manabi.gob.ec\/index.php\/se-realizo-foro-de-politicas-publicas-para-la-innovacion-en-portoviejo\/#respond"]}]},{"@type":"WebPage","@id":"https:\/\/www.manabi.gob.ec\/index.php\/se-realizo-foro-de-politicas-publicas-para-la-innovacion-en-portoviejo\/","url":"https:\/\/www.manabi.gob.ec\/index.php\/se-realizo-foro-de-politicas-publicas-para-la-innovacion-en-portoviejo\/","name":"Se realiz\u00f3 Foro de Pol\u00edticas P\u00fablicas para la Innovaci\u00f3n en Portoviejo - Prefectura de Manab\u00ed","isPartOf":{"@id":"https:\/\/www.manabi.gob.ec\/#website"},"primaryImageOfPage":{"@id":"https:\/\/www.manabi.gob.ec\/index.php\/se-realizo-foro-de-politicas-publicas-para-la-innovacion-en-portoviejo\/#primaryimage"},"image":{"@id":"https:\/\/www.manabi.gob.ec\/index.php\/se-realizo-foro-de-politicas-publicas-para-la-innovacion-en-portoviejo\/#primaryimage"},"thumbnailUrl":"","datePublished":"2019-11-22T19:50:32+00:00","author":{"@id":"https:\/\/www.manabi.gob.ec\/#\/schema\/person\/cfc71bd68fe2703b779edcc292a49722"},"breadcrumb":{"@id":"https:\/\/www.manabi.gob.ec\/index.php\/se-realizo-foro-de-politicas-publicas-para-la-innovacion-en-portoviejo\/#breadcrumb"},"inLanguage":"es","potentialAction":[{"@type":"ReadAction","target":["https:\/\/www.manabi.gob.ec\/index.php\/se-realizo-foro-de-politicas-publicas-para-la-innovacion-en-portoviejo\/"]}]},{"@type":"ImageObject","inLanguage":"es","@id":"https:\/\/www.manabi.gob.ec\/index.php\/se-realizo-foro-de-politicas-publicas-para-la-innovacion-en-portoviejo\/#primaryimage","url":"","contentUrl":""},{"@type":"BreadcrumbList","@id":"https:\/\/www.manabi.gob.ec\/index.php\/se-realizo-foro-de-politicas-publicas-para-la-innovacion-en-portoviejo\/#breadcrumb","itemListElement":[{"@type":"ListItem","position":1,"name":"Portada","item":"https:\/\/www.manabi.gob.ec\/"},{"@type":"ListItem","position":2,"name":"Se realiz\u00f3 Foro de Pol\u00edticas P\u00fablicas para la Innovaci\u00f3n en Portoviejo"}]},{"@type":"WebSite","@id":"https:\/\/www.manabi.gob.ec\/#website","url":"https:\/\/www.manabi.gob.ec\/","name":"Prefectura de Manab\u00ed","description":"P\u00e1gina web de la prefectura","potentialAction":[{"@type":"SearchAction","target":{"@type":"EntryPoint","urlTemplate":"https:\/\/www.manabi.gob.ec\/?s={search_term_string}"},"query-input":{"@type":"PropertyValueSpecification","valueRequired":true,"valueName":"search_term_string"}}],"inLanguage":"es"},{"@type":"Person","@id":"https:\/\/www.manabi.gob.ec\/#\/schema\/person\/cfc71bd68fe2703b779edcc292a49722","name":"admin","image":{"@type":"ImageObject","inLanguage":"es","@id":"https:\/\/secure.gravatar.com\/avatar\/23e9f919492b0a2f65aa168e0d8c5c867ea853b61deffbadf08c7031e15b8d78?s=96&d=mm&r=g","url":"https:\/\/secure.gravatar.com\/avatar\/23e9f919492b0a2f65aa168e0d8c5c867ea853b61deffbadf08c7031e15b8d78?s=96&d=mm&r=g","contentUrl":"https:\/\/secure.gravatar.com\/avatar\/23e9f919492b0a2f65aa168e0d8c5c867ea853b61deffbadf08c7031e15b8d78?s=96&d=mm&r=g","caption":"admin"},"sameAs":["http:\/\/www.manabi.gob.ec"],"url":"https:\/\/www.manabi.gob.ec\/index.php\/author\/admin\/"}]}},"jetpack_featured_media_url":"","_links":{"self":[{"href":"https:\/\/www.manabi.gob.ec\/index.php\/wp-json\/wp\/v2\/posts\/13595","targetHints":{"allow":["GET"]}}],"collection":[{"href":"https:\/\/www.manabi.gob.ec\/index.php\/wp-json\/wp\/v2\/posts"}],"about":[{"href":"https:\/\/www.manabi.gob.ec\/index.php\/wp-json\/wp\/v2\/types\/post"}],"author":[{"embeddable":true,"href":"https:\/\/www.manabi.gob.ec\/index.php\/wp-json\/wp\/v2\/users\/1"}],"replies":[{"embeddable":true,"href":"https:\/\/www.manabi.gob.ec\/index.php\/wp-json\/wp\/v2\/comments?post=13595"}],"version-history":[{"count":0,"href":"https:\/\/www.manabi.gob.ec\/index.php\/wp-json\/wp\/v2\/posts\/13595\/revisions"}],"wp:featuredmedia":[{"embeddable":true,"href":"https:\/\/www.manabi.gob.ec\/index.php\/wp-json\/"}],"wp:attachment":[{"href":"https:\/\/www.manabi.gob.ec\/index.php\/wp-json\/wp\/v2\/media?parent=13595"}],"wp:term":[{"taxonomy":"category","embeddable":true,"href":"https:\/\/www.manabi.gob.ec\/index.php\/wp-json\/wp\/v2\/categories?post=13595"},{"taxonomy":"post_tag","embeddable":true,"href":"https:\/\/www.manabi.gob.ec\/index.php\/wp-json\/wp\/v2\/tags?post=13595"}],"curies":[{"name":"wp","href":"https:\/\/api.w.org\/{rel}","templated":true}]}}