{"id":13606,"date":"2019-12-04T11:17:47","date_gmt":"2019-12-04T16:17:47","guid":{"rendered":"http:\/\/www.manabi.gob.ec\/?p=13606"},"modified":"2019-12-04T11:17:47","modified_gmt":"2019-12-04T16:17:47","slug":"se-posesiono-la-nina-prefecta-por-un-dia","status":"publish","type":"post","link":"https:\/\/www.manabi.gob.ec\/index.php\/se-posesiono-la-nina-prefecta-por-un-dia\/","title":{"rendered":"Se posesion\u00f3 la Ni\u00f1a  Prefecta por un d\u00eda"},"content":{"rendered":"<p style=\"text-align: justify;\">Un emotivo y simb\u00f3lico acto se vivi\u00f3 este jueves en el Gobierno de Manab\u00ed con a posesi\u00f3n de la ni\u00f1a prefecta Angie Lisbeth Vel\u00e1squez Carre\u00f1o.<\/p>\n<p style=\"text-align: justify;\">El prefecto Leonardo Orlando particip\u00f3 del evento junto a Plan Internacional, organizaciones sociales, representantes de Municipios y Gobiernos Parroquiales, que se unieron para empoderar las ni\u00f1as, ni\u00f1os y adolescentes en la gesti\u00f3n p\u00fablica y trabajar en contra de su discriminaci\u00f3n.<\/p>\n<p style=\"text-align: justify;\">Angie tiene 15 a\u00f1os y vive en la comunidad de Zapote de Mej\u00eda. Resalt\u00f3 ante todas las autoridades la necesidad enfrentar problemas como el embarazo adolescente, la violencia intrafamiliar, el acceso a la educaci\u00f3n y m\u00e1s.<\/p>\n<p style=\"text-align: justify;\">\u201cRatifico nuestro compromiso institucional y personal para contar con pol\u00edticas p\u00fablicas que garantice el desarrollo integral de nuestras ni\u00f1as, ni\u00f1os y adolescentes\u201d, resalt\u00f3 Orlando.<\/p>\n<p style=\"text-align: justify;\">El Prefecto adem\u00e1s asegur\u00f3 que todas las iniciativas que se desarrollen en la l\u00ednea de reducci\u00f3n y eliminaci\u00f3n de las desigualdades y violencia de g\u00e9nero ser\u00e1n apoyadas, se les brindar\u00e1 tiempo y tambi\u00e9n recursos por parte del Gobierno de Manab\u00ed.<\/p>\n<p style=\"text-align: justify;\">Luego de la posesi\u00f3n Angie lider\u00f3 una sesi\u00f3n de trabajo donde se debati\u00f3 sobre el proyecto de reforma a la ordenanza que promueve, regula y garantiza el funcionamiento del sistema de protecci\u00f3n integral a los grupos de atenci\u00f3n prioritaria en Manab\u00ed.<\/p>\n<p style=\"text-align: justify;\">Adem\u00e1s tuvo reuniones con directores y personal de distintas \u00e1reas del Gobierno de Manab\u00ed.<\/p>\n","protected":false},"excerpt":{"rendered":"<p>Un emotivo y simb\u00f3lico acto se vivi\u00f3 este jueves en el Gobierno de Manab\u00ed con a posesi\u00f3n de la ni\u00f1a prefecta Angie Lisbeth Vel\u00e1squez Carre\u00f1o. El prefecto Leonardo Orlando particip\u00f3 del evento junto a Plan Internacional, organizaciones sociales, representantes de Municipios y Gobiernos Parroquiales, que se unieron para empoderar las ni\u00f1as, ni\u00f1os y adolescentes en [&hellip;]<\/p>\n","protected":false},"author":1,"featured_media":13607,"comment_status":"open","ping_status":"open","sticky":false,"template":"","format":"standard","meta":{"_joinchat":[],"footnotes":""},"categories":[92,91],"tags":[],"class_list":["post-13606","post","type-post","status-publish","format-standard","has-post-thumbnail","hentry","category-noticias-manabi","category-todas"],"yoast_head":"<!-- This site is optimized with the Yoast SEO plugin v27.4 - https:\/\/yoast.com\/product\/yoast-seo-wordpress\/ -->\n<title>Se posesion\u00f3 la Ni\u00f1a Prefecta por un d\u00eda - Prefectura de Manab\u00ed<\/title>\n<meta name=\"robots\" content=\"index, follow, max-snippet:-1, max-image-preview:large, max-video-preview:-1\" \/>\n<link rel=\"canonical\" href=\"https:\/\/www.manabi.gob.ec\/index.php\/se-posesiono-la-nina-prefecta-por-un-dia\/\" \/>\n<meta property=\"og:locale\" content=\"es_ES\" \/>\n<meta property=\"og:type\" content=\"article\" \/>\n<meta property=\"og:title\" content=\"Se posesion\u00f3 la Ni\u00f1a Prefecta por un d\u00eda - Prefectura de Manab\u00ed\" \/>\n<meta property=\"og:description\" content=\"Un emotivo y simb\u00f3lico acto se vivi\u00f3 este jueves en el Gobierno de Manab\u00ed con a posesi\u00f3n de la ni\u00f1a prefecta Angie Lisbeth Vel\u00e1squez Carre\u00f1o. El prefecto Leonardo Orlando particip\u00f3 del evento junto a Plan Internacional, organizaciones sociales, representantes de Municipios y Gobiernos Parroquiales, que se unieron para empoderar las ni\u00f1as, ni\u00f1os y adolescentes en [&hellip;]\" \/>\n<meta property=\"og:url\" content=\"https:\/\/www.manabi.gob.ec\/index.php\/se-posesiono-la-nina-prefecta-por-un-dia\/\" \/>\n<meta property=\"og:site_name\" content=\"Prefectura de Manab\u00ed\" \/>\n<meta property=\"article:published_time\" content=\"2019-12-04T16:17:47+00:00\" \/>\n<meta property=\"og:image\" content=\"https:\/\/www.manabi.gob.ec\/wp-content\/uploads\/2019\/12\/NI\u00f1a-Prefecta-de-Manab\u00ed-7-1.jpeg\" \/>\n\t<meta property=\"og:image:width\" content=\"1280\" \/>\n\t<meta property=\"og:image:height\" content=\"853\" \/>\n\t<meta property=\"og:image:type\" content=\"image\/jpeg\" \/>\n<meta name=\"author\" content=\"admin\" \/>\n<meta name=\"twitter:card\" content=\"summary_large_image\" \/>\n<meta name=\"twitter:label1\" content=\"Escrito por\" \/>\n\t<meta name=\"twitter:data1\" content=\"admin\" \/>\n\t<meta name=\"twitter:label2\" content=\"Tiempo de lectura\" \/>\n\t<meta name=\"twitter:data2\" content=\"1 minuto\" \/>\n<script type=\"application\/ld+json\" class=\"yoast-schema-graph\">{\"@context\":\"https:\\\/\\\/schema.org\",\"@graph\":[{\"@type\":\"Article\",\"@id\":\"https:\\\/\\\/www.manabi.gob.ec\\\/index.php\\\/se-posesiono-la-nina-prefecta-por-un-dia\\\/#article\",\"isPartOf\":{\"@id\":\"https:\\\/\\\/www.manabi.gob.ec\\\/index.php\\\/se-posesiono-la-nina-prefecta-por-un-dia\\\/\"},\"author\":{\"name\":\"admin\",\"@id\":\"https:\\\/\\\/www.manabi.gob.ec\\\/#\\\/schema\\\/person\\\/cfc71bd68fe2703b779edcc292a49722\"},\"headline\":\"Se posesion\u00f3 la Ni\u00f1a Prefecta por un d\u00eda\",\"datePublished\":\"2019-12-04T16:17:47+00:00\",\"mainEntityOfPage\":{\"@id\":\"https:\\\/\\\/www.manabi.gob.ec\\\/index.php\\\/se-posesiono-la-nina-prefecta-por-un-dia\\\/\"},\"wordCount\":259,\"commentCount\":0,\"image\":{\"@id\":\"https:\\\/\\\/www.manabi.gob.ec\\\/index.php\\\/se-posesiono-la-nina-prefecta-por-un-dia\\\/#primaryimage\"},\"thumbnailUrl\":\"https:\\\/\\\/www.manabi.gob.ec\\\/wp-content\\\/uploads\\\/2019\\\/12\\\/NI\u00f1a-Prefecta-de-Manab\u00ed-7-1.jpeg\",\"articleSection\":[\"Noticias\",\"Todas\"],\"inLanguage\":\"es\",\"potentialAction\":[{\"@type\":\"CommentAction\",\"name\":\"Comment\",\"target\":[\"https:\\\/\\\/www.manabi.gob.ec\\\/index.php\\\/se-posesiono-la-nina-prefecta-por-un-dia\\\/#respond\"]}]},{\"@type\":\"WebPage\",\"@id\":\"https:\\\/\\\/www.manabi.gob.ec\\\/index.php\\\/se-posesiono-la-nina-prefecta-por-un-dia\\\/\",\"url\":\"https:\\\/\\\/www.manabi.gob.ec\\\/index.php\\\/se-posesiono-la-nina-prefecta-por-un-dia\\\/\",\"name\":\"Se posesion\u00f3 la Ni\u00f1a Prefecta por un d\u00eda - Prefectura de Manab\u00ed\",\"isPartOf\":{\"@id\":\"https:\\\/\\\/www.manabi.gob.ec\\\/#website\"},\"primaryImageOfPage\":{\"@id\":\"https:\\\/\\\/www.manabi.gob.ec\\\/index.php\\\/se-posesiono-la-nina-prefecta-por-un-dia\\\/#primaryimage\"},\"image\":{\"@id\":\"https:\\\/\\\/www.manabi.gob.ec\\\/index.php\\\/se-posesiono-la-nina-prefecta-por-un-dia\\\/#primaryimage\"},\"thumbnailUrl\":\"https:\\\/\\\/www.manabi.gob.ec\\\/wp-content\\\/uploads\\\/2019\\\/12\\\/NI\u00f1a-Prefecta-de-Manab\u00ed-7-1.jpeg\",\"datePublished\":\"2019-12-04T16:17:47+00:00\",\"author\":{\"@id\":\"https:\\\/\\\/www.manabi.gob.ec\\\/#\\\/schema\\\/person\\\/cfc71bd68fe2703b779edcc292a49722\"},\"breadcrumb\":{\"@id\":\"https:\\\/\\\/www.manabi.gob.ec\\\/index.php\\\/se-posesiono-la-nina-prefecta-por-un-dia\\\/#breadcrumb\"},\"inLanguage\":\"es\",\"potentialAction\":[{\"@type\":\"ReadAction\",\"target\":[\"https:\\\/\\\/www.manabi.gob.ec\\\/index.php\\\/se-posesiono-la-nina-prefecta-por-un-dia\\\/\"]}]},{\"@type\":\"ImageObject\",\"inLanguage\":\"es\",\"@id\":\"https:\\\/\\\/www.manabi.gob.ec\\\/index.php\\\/se-posesiono-la-nina-prefecta-por-un-dia\\\/#primaryimage\",\"url\":\"https:\\\/\\\/www.manabi.gob.ec\\\/wp-content\\\/uploads\\\/2019\\\/12\\\/NI\u00f1a-Prefecta-de-Manab\u00ed-7-1.jpeg\",\"contentUrl\":\"https:\\\/\\\/www.manabi.gob.ec\\\/wp-content\\\/uploads\\\/2019\\\/12\\\/NI\u00f1a-Prefecta-de-Manab\u00ed-7-1.jpeg\",\"width\":1280,\"height\":853},{\"@type\":\"BreadcrumbList\",\"@id\":\"https:\\\/\\\/www.manabi.gob.ec\\\/index.php\\\/se-posesiono-la-nina-prefecta-por-un-dia\\\/#breadcrumb\",\"itemListElement\":[{\"@type\":\"ListItem\",\"position\":1,\"name\":\"Portada\",\"item\":\"https:\\\/\\\/www.manabi.gob.ec\\\/\"},{\"@type\":\"ListItem\",\"position\":2,\"name\":\"Se posesion\u00f3 la Ni\u00f1a Prefecta por un d\u00eda\"}]},{\"@type\":\"WebSite\",\"@id\":\"https:\\\/\\\/www.manabi.gob.ec\\\/#website\",\"url\":\"https:\\\/\\\/www.manabi.gob.ec\\\/\",\"name\":\"Prefectura de Manab\u00ed\",\"description\":\"P\u00e1gina web de la prefectura\",\"potentialAction\":[{\"@type\":\"SearchAction\",\"target\":{\"@type\":\"EntryPoint\",\"urlTemplate\":\"https:\\\/\\\/www.manabi.gob.ec\\\/?s={search_term_string}\"},\"query-input\":{\"@type\":\"PropertyValueSpecification\",\"valueRequired\":true,\"valueName\":\"search_term_string\"}}],\"inLanguage\":\"es\"},{\"@type\":\"Person\",\"@id\":\"https:\\\/\\\/www.manabi.gob.ec\\\/#\\\/schema\\\/person\\\/cfc71bd68fe2703b779edcc292a49722\",\"name\":\"admin\",\"image\":{\"@type\":\"ImageObject\",\"inLanguage\":\"es\",\"@id\":\"https:\\\/\\\/secure.gravatar.com\\\/avatar\\\/23e9f919492b0a2f65aa168e0d8c5c867ea853b61deffbadf08c7031e15b8d78?s=96&d=mm&r=g\",\"url\":\"https:\\\/\\\/secure.gravatar.com\\\/avatar\\\/23e9f919492b0a2f65aa168e0d8c5c867ea853b61deffbadf08c7031e15b8d78?s=96&d=mm&r=g\",\"contentUrl\":\"https:\\\/\\\/secure.gravatar.com\\\/avatar\\\/23e9f919492b0a2f65aa168e0d8c5c867ea853b61deffbadf08c7031e15b8d78?s=96&d=mm&r=g\",\"caption\":\"admin\"},\"sameAs\":[\"http:\\\/\\\/www.manabi.gob.ec\"],\"url\":\"https:\\\/\\\/www.manabi.gob.ec\\\/index.php\\\/author\\\/admin\\\/\"}]}<\/script>\n<!-- \/ Yoast SEO plugin. -->","yoast_head_json":{"title":"Se posesion\u00f3 la Ni\u00f1a Prefecta por un d\u00eda - Prefectura de Manab\u00ed","robots":{"index":"index","follow":"follow","max-snippet":"max-snippet:-1","max-image-preview":"max-image-preview:large","max-video-preview":"max-video-preview:-1"},"canonical":"https:\/\/www.manabi.gob.ec\/index.php\/se-posesiono-la-nina-prefecta-por-un-dia\/","og_locale":"es_ES","og_type":"article","og_title":"Se posesion\u00f3 la Ni\u00f1a Prefecta por un d\u00eda - Prefectura de Manab\u00ed","og_description":"Un emotivo y simb\u00f3lico acto se vivi\u00f3 este jueves en el Gobierno de Manab\u00ed con a posesi\u00f3n de la ni\u00f1a prefecta Angie Lisbeth Vel\u00e1squez Carre\u00f1o. El prefecto Leonardo Orlando particip\u00f3 del evento junto a Plan Internacional, organizaciones sociales, representantes de Municipios y Gobiernos Parroquiales, que se unieron para empoderar las ni\u00f1as, ni\u00f1os y adolescentes en [&hellip;]","og_url":"https:\/\/www.manabi.gob.ec\/index.php\/se-posesiono-la-nina-prefecta-por-un-dia\/","og_site_name":"Prefectura de Manab\u00ed","article_published_time":"2019-12-04T16:17:47+00:00","og_image":[{"width":1280,"height":853,"url":"https:\/\/www.manabi.gob.ec\/wp-content\/uploads\/2019\/12\/NI\u00f1a-Prefecta-de-Manab\u00ed-7-1.jpeg","type":"image\/jpeg"}],"author":"admin","twitter_card":"summary_large_image","twitter_misc":{"Escrito por":"admin","Tiempo de lectura":"1 minuto"},"schema":{"@context":"https:\/\/schema.org","@graph":[{"@type":"Article","@id":"https:\/\/www.manabi.gob.ec\/index.php\/se-posesiono-la-nina-prefecta-por-un-dia\/#article","isPartOf":{"@id":"https:\/\/www.manabi.gob.ec\/index.php\/se-posesiono-la-nina-prefecta-por-un-dia\/"},"author":{"name":"admin","@id":"https:\/\/www.manabi.gob.ec\/#\/schema\/person\/cfc71bd68fe2703b779edcc292a49722"},"headline":"Se posesion\u00f3 la Ni\u00f1a Prefecta por un d\u00eda","datePublished":"2019-12-04T16:17:47+00:00","mainEntityOfPage":{"@id":"https:\/\/www.manabi.gob.ec\/index.php\/se-posesiono-la-nina-prefecta-por-un-dia\/"},"wordCount":259,"commentCount":0,"image":{"@id":"https:\/\/www.manabi.gob.ec\/index.php\/se-posesiono-la-nina-prefecta-por-un-dia\/#primaryimage"},"thumbnailUrl":"https:\/\/www.manabi.gob.ec\/wp-content\/uploads\/2019\/12\/NI\u00f1a-Prefecta-de-Manab\u00ed-7-1.jpeg","articleSection":["Noticias","Todas"],"inLanguage":"es","potentialAction":[{"@type":"CommentAction","name":"Comment","target":["https:\/\/www.manabi.gob.ec\/index.php\/se-posesiono-la-nina-prefecta-por-un-dia\/#respond"]}]},{"@type":"WebPage","@id":"https:\/\/www.manabi.gob.ec\/index.php\/se-posesiono-la-nina-prefecta-por-un-dia\/","url":"https:\/\/www.manabi.gob.ec\/index.php\/se-posesiono-la-nina-prefecta-por-un-dia\/","name":"Se posesion\u00f3 la Ni\u00f1a Prefecta por un d\u00eda - Prefectura de Manab\u00ed","isPartOf":{"@id":"https:\/\/www.manabi.gob.ec\/#website"},"primaryImageOfPage":{"@id":"https:\/\/www.manabi.gob.ec\/index.php\/se-posesiono-la-nina-prefecta-por-un-dia\/#primaryimage"},"image":{"@id":"https:\/\/www.manabi.gob.ec\/index.php\/se-posesiono-la-nina-prefecta-por-un-dia\/#primaryimage"},"thumbnailUrl":"https:\/\/www.manabi.gob.ec\/wp-content\/uploads\/2019\/12\/NI\u00f1a-Prefecta-de-Manab\u00ed-7-1.jpeg","datePublished":"2019-12-04T16:17:47+00:00","author":{"@id":"https:\/\/www.manabi.gob.ec\/#\/schema\/person\/cfc71bd68fe2703b779edcc292a49722"},"breadcrumb":{"@id":"https:\/\/www.manabi.gob.ec\/index.php\/se-posesiono-la-nina-prefecta-por-un-dia\/#breadcrumb"},"inLanguage":"es","potentialAction":[{"@type":"ReadAction","target":["https:\/\/www.manabi.gob.ec\/index.php\/se-posesiono-la-nina-prefecta-por-un-dia\/"]}]},{"@type":"ImageObject","inLanguage":"es","@id":"https:\/\/www.manabi.gob.ec\/index.php\/se-posesiono-la-nina-prefecta-por-un-dia\/#primaryimage","url":"https:\/\/www.manabi.gob.ec\/wp-content\/uploads\/2019\/12\/NI\u00f1a-Prefecta-de-Manab\u00ed-7-1.jpeg","contentUrl":"https:\/\/www.manabi.gob.ec\/wp-content\/uploads\/2019\/12\/NI\u00f1a-Prefecta-de-Manab\u00ed-7-1.jpeg","width":1280,"height":853},{"@type":"BreadcrumbList","@id":"https:\/\/www.manabi.gob.ec\/index.php\/se-posesiono-la-nina-prefecta-por-un-dia\/#breadcrumb","itemListElement":[{"@type":"ListItem","position":1,"name":"Portada","item":"https:\/\/www.manabi.gob.ec\/"},{"@type":"ListItem","position":2,"name":"Se posesion\u00f3 la Ni\u00f1a Prefecta por un d\u00eda"}]},{"@type":"WebSite","@id":"https:\/\/www.manabi.gob.ec\/#website","url":"https:\/\/www.manabi.gob.ec\/","name":"Prefectura de Manab\u00ed","description":"P\u00e1gina web de la prefectura","potentialAction":[{"@type":"SearchAction","target":{"@type":"EntryPoint","urlTemplate":"https:\/\/www.manabi.gob.ec\/?s={search_term_string}"},"query-input":{"@type":"PropertyValueSpecification","valueRequired":true,"valueName":"search_term_string"}}],"inLanguage":"es"},{"@type":"Person","@id":"https:\/\/www.manabi.gob.ec\/#\/schema\/person\/cfc71bd68fe2703b779edcc292a49722","name":"admin","image":{"@type":"ImageObject","inLanguage":"es","@id":"https:\/\/secure.gravatar.com\/avatar\/23e9f919492b0a2f65aa168e0d8c5c867ea853b61deffbadf08c7031e15b8d78?s=96&d=mm&r=g","url":"https:\/\/secure.gravatar.com\/avatar\/23e9f919492b0a2f65aa168e0d8c5c867ea853b61deffbadf08c7031e15b8d78?s=96&d=mm&r=g","contentUrl":"https:\/\/secure.gravatar.com\/avatar\/23e9f919492b0a2f65aa168e0d8c5c867ea853b61deffbadf08c7031e15b8d78?s=96&d=mm&r=g","caption":"admin"},"sameAs":["http:\/\/www.manabi.gob.ec"],"url":"https:\/\/www.manabi.gob.ec\/index.php\/author\/admin\/"}]}},"jetpack_featured_media_url":"https:\/\/www.manabi.gob.ec\/wp-content\/uploads\/2019\/12\/NI\u00f1a-Prefecta-de-Manab\u00ed-7-1.jpeg","_links":{"self":[{"href":"https:\/\/www.manabi.gob.ec\/index.php\/wp-json\/wp\/v2\/posts\/13606","targetHints":{"allow":["GET"]}}],"collection":[{"href":"https:\/\/www.manabi.gob.ec\/index.php\/wp-json\/wp\/v2\/posts"}],"about":[{"href":"https:\/\/www.manabi.gob.ec\/index.php\/wp-json\/wp\/v2\/types\/post"}],"author":[{"embeddable":true,"href":"https:\/\/www.manabi.gob.ec\/index.php\/wp-json\/wp\/v2\/users\/1"}],"replies":[{"embeddable":true,"href":"https:\/\/www.manabi.gob.ec\/index.php\/wp-json\/wp\/v2\/comments?post=13606"}],"version-history":[{"count":0,"href":"https:\/\/www.manabi.gob.ec\/index.php\/wp-json\/wp\/v2\/posts\/13606\/revisions"}],"wp:featuredmedia":[{"embeddable":true,"href":"https:\/\/www.manabi.gob.ec\/index.php\/wp-json\/wp\/v2\/media\/13607"}],"wp:attachment":[{"href":"https:\/\/www.manabi.gob.ec\/index.php\/wp-json\/wp\/v2\/media?parent=13606"}],"wp:term":[{"taxonomy":"category","embeddable":true,"href":"https:\/\/www.manabi.gob.ec\/index.php\/wp-json\/wp\/v2\/categories?post=13606"},{"taxonomy":"post_tag","embeddable":true,"href":"https:\/\/www.manabi.gob.ec\/index.php\/wp-json\/wp\/v2\/tags?post=13606"}],"curies":[{"name":"wp","href":"https:\/\/api.w.org\/{rel}","templated":true}]}}