{"id":13608,"date":"2019-12-04T11:21:48","date_gmt":"2019-12-04T16:21:48","guid":{"rendered":"http:\/\/www.manabi.gob.ec\/?p=13608"},"modified":"2019-12-04T11:21:48","modified_gmt":"2019-12-04T16:21:48","slug":"obras-y-formacion-deportiva-destacan-en-flavio-alfaro","status":"publish","type":"post","link":"https:\/\/www.manabi.gob.ec\/index.php\/obras-y-formacion-deportiva-destacan-en-flavio-alfaro\/","title":{"rendered":"Obras y formaci\u00f3n deportiva destacan en Flavio Alfaro"},"content":{"rendered":"<p>Obras para el desarrollo de comunidades rurales y proyectos de intervenci\u00f3n social fueron algunos de los puntos que destacaron en la intensa agenda que cumpli\u00f3 el prefecto Leonardo Orlando en Flavio Alfaro.<br \/>\nLa autoridad provincial mantuvo diversas reuniones con el alcalde Jaminton Intriago, presidentes de Gobiernos Parroquiales, dirigentes y ciudadan\u00eda en general.<br \/>\nSe visitaron las obras de rehabilitaci\u00f3n de la v\u00eda El Golpe &#8211; El Rosado- Barberan &#8211; Tripa de Pollo de 17, 2 km, que benefician decenas de productivas comunidades.<\/p>\n<p style=\"text-align: justify;\">En el sector de la La Codicia, durante una sesi\u00f3n de trabajo, Orlando realiz\u00f3 el anuncio de la construcci\u00f3n de puentes como: sobre el r\u00edo Mongolla en Novillo, sobre estero La Boya en la misma parroquia, sobre el r\u00edo Monse en la v\u00eda Chibunga-Barbudal.<\/p>\n<p style=\"text-align: justify;\">Tambi\u00e9n se har\u00e1n puentes sobre el r\u00edo Mongolla en el sitio Chontilla &#8211; Barbudal, en el sitio Las Pavas. Otra obra beneficiar\u00e1 a la v\u00eda El Charco &#8211; Las Vacas integrando Chibunga y Novillo. Y otro puente sobre el r\u00edo San Pablo.<\/p>\n<p style=\"text-align: justify;\">\n<p style=\"text-align: justify;\"><strong>VIALIDAD: <\/strong><\/p>\n<p style=\"text-align: justify;\">Adem\u00e1s Flavio Alfaro ser\u00e1 beneficiado con el Eje Vial Norte que integra a las parroquias Zapallo y Novillo con la costa y el interior de la provincia.<\/p>\n<p style=\"text-align: justify;\">Tramos incluidos son: Convento \u2013 El Tambo \u2013 Trinidad \u2013 La Morena \u2013 Las Cumbres 23 kil\u00f3metros (V\u00eda Nueva). Hojas Blanca \u2013 Chontillal \u2013 Palma de Coco \u2013 Novillo &#8211; 11.60km (V\u00eda Nueva). Marcos \u2013 El Golpe &#8211; Novillo &#8211; 16.80km\u00a0 (Mantenimiento).<\/p>\n<p style=\"text-align: justify;\">40 kil\u00f3metros de v\u00edas ser\u00e1n intervenidas con bacheo, mantenimiento y limpieza de cunetas entre ellas: Marcos &#8211; El Golpe &#8211; Novillo, Flavio Alfaro &#8211; Facundo, Flavio Alfaro &#8211; Ciriaco y Las Cumbres &#8211; La Codicia.<\/p>\n<p style=\"text-align: justify;\">En la visita a este cant\u00f3n se realiz\u00f3 tambi\u00e9n la entrega a la comunidad de la v\u00eda Entrada a Camarones &#8211; Estero Bajo (3,9 km). Fue una intervenci\u00f3n conjunta de la Prefectura y el Municipio de Flavio Alfaro. Se mejor\u00f3 la v\u00eda con la colocaci\u00f3n de m\u00e1s de 4.800 metros c\u00fabicos de material de mejoramiento donados por el ciudadano Jacinto Vera, habitante del sector.<\/p>\n<p style=\"text-align: justify;\">\n<p style=\"text-align: justify;\"><strong>ENTRENANDO VALORES FLAVIO ALFARO<\/strong><\/p>\n<p style=\"text-align: justify;\">Leonardo Orlando y el alcalde participaron de un encuentro con los beneficiarios del proyecto Entrenando Valores en Flavio Alfaro. En este cant\u00f3n 1.130 ni\u00f1os, ni\u00f1as y adolescentes forman parte de esta iniciativa donde no solo reciben entrenamiento deportivo sino formaci\u00f3n en valores para as\u00ed mantenerlos alejados de drogas y otras actividades perjudiciales para su vida. La cabecera cantonal, parroquias rurales y sitios como La Crespa forman parte.<\/p>\n<p style=\"text-align: justify;\">\n<p style=\"text-align: justify;\">Otra reuni\u00f3n de trabajo se mantuvo con representantes de comunidades para socializar la intervenci\u00f3n vial de la Prefectura y el Municipio. Participaron representantes de localidades como: El Piojito, Laguna de Cuchara, Bijahual, Alianza y Desarrollo, Toquilla, Roncadora, Tigrecito, R\u00edo de Oro, Balderramo, Tropez\u00f3n, Trinidad 3, y otras.<\/p>\n","protected":false},"excerpt":{"rendered":"<p>Obras para el desarrollo de comunidades rurales y proyectos de intervenci\u00f3n social fueron algunos de los puntos que destacaron en la intensa agenda que cumpli\u00f3 el prefecto Leonardo Orlando en Flavio Alfaro. La autoridad provincial mantuvo diversas reuniones con el alcalde Jaminton Intriago, presidentes de Gobiernos Parroquiales, dirigentes y ciudadan\u00eda en general. Se visitaron las [&hellip;]<\/p>\n","protected":false},"author":1,"featured_media":13609,"comment_status":"open","ping_status":"open","sticky":false,"template":"","format":"standard","meta":{"_joinchat":[],"footnotes":""},"categories":[92,91],"tags":[],"class_list":["post-13608","post","type-post","status-publish","format-standard","has-post-thumbnail","hentry","category-noticias-manabi","category-todas"],"yoast_head":"<!-- This site is optimized with the Yoast SEO plugin v27.4 - https:\/\/yoast.com\/product\/yoast-seo-wordpress\/ -->\n<title>Obras y formaci\u00f3n deportiva destacan en Flavio Alfaro - Prefectura de Manab\u00ed<\/title>\n<meta name=\"robots\" content=\"index, follow, max-snippet:-1, max-image-preview:large, max-video-preview:-1\" \/>\n<link rel=\"canonical\" href=\"https:\/\/www.manabi.gob.ec\/index.php\/obras-y-formacion-deportiva-destacan-en-flavio-alfaro\/\" \/>\n<meta property=\"og:locale\" content=\"es_ES\" \/>\n<meta property=\"og:type\" content=\"article\" \/>\n<meta property=\"og:title\" content=\"Obras y formaci\u00f3n deportiva destacan en Flavio Alfaro - Prefectura de Manab\u00ed\" \/>\n<meta property=\"og:description\" content=\"Obras para el desarrollo de comunidades rurales y proyectos de intervenci\u00f3n social fueron algunos de los puntos que destacaron en la intensa agenda que cumpli\u00f3 el prefecto Leonardo Orlando en Flavio Alfaro. La autoridad provincial mantuvo diversas reuniones con el alcalde Jaminton Intriago, presidentes de Gobiernos Parroquiales, dirigentes y ciudadan\u00eda en general. Se visitaron las [&hellip;]\" \/>\n<meta property=\"og:url\" content=\"https:\/\/www.manabi.gob.ec\/index.php\/obras-y-formacion-deportiva-destacan-en-flavio-alfaro\/\" \/>\n<meta property=\"og:site_name\" content=\"Prefectura de Manab\u00ed\" \/>\n<meta property=\"article:published_time\" content=\"2019-12-04T16:21:48+00:00\" \/>\n<meta property=\"og:image\" content=\"https:\/\/www.manabi.gob.ec\/wp-content\/uploads\/2019\/12\/Entrenando-Valores-Flavio-Alfaro-1.jpeg\" \/>\n\t<meta property=\"og:image:width\" content=\"1280\" \/>\n\t<meta property=\"og:image:height\" content=\"852\" \/>\n\t<meta property=\"og:image:type\" content=\"image\/jpeg\" \/>\n<meta name=\"author\" content=\"admin\" \/>\n<meta name=\"twitter:card\" content=\"summary_large_image\" \/>\n<meta name=\"twitter:label1\" content=\"Escrito por\" \/>\n\t<meta name=\"twitter:data1\" content=\"admin\" \/>\n\t<meta name=\"twitter:label2\" content=\"Tiempo de lectura\" \/>\n\t<meta name=\"twitter:data2\" content=\"2 minutos\" \/>\n<script type=\"application\/ld+json\" class=\"yoast-schema-graph\">{\"@context\":\"https:\\\/\\\/schema.org\",\"@graph\":[{\"@type\":\"Article\",\"@id\":\"https:\\\/\\\/www.manabi.gob.ec\\\/index.php\\\/obras-y-formacion-deportiva-destacan-en-flavio-alfaro\\\/#article\",\"isPartOf\":{\"@id\":\"https:\\\/\\\/www.manabi.gob.ec\\\/index.php\\\/obras-y-formacion-deportiva-destacan-en-flavio-alfaro\\\/\"},\"author\":{\"name\":\"admin\",\"@id\":\"https:\\\/\\\/www.manabi.gob.ec\\\/#\\\/schema\\\/person\\\/cfc71bd68fe2703b779edcc292a49722\"},\"headline\":\"Obras y formaci\u00f3n deportiva destacan en Flavio Alfaro\",\"datePublished\":\"2019-12-04T16:21:48+00:00\",\"mainEntityOfPage\":{\"@id\":\"https:\\\/\\\/www.manabi.gob.ec\\\/index.php\\\/obras-y-formacion-deportiva-destacan-en-flavio-alfaro\\\/\"},\"wordCount\":484,\"commentCount\":0,\"image\":{\"@id\":\"https:\\\/\\\/www.manabi.gob.ec\\\/index.php\\\/obras-y-formacion-deportiva-destacan-en-flavio-alfaro\\\/#primaryimage\"},\"thumbnailUrl\":\"https:\\\/\\\/www.manabi.gob.ec\\\/wp-content\\\/uploads\\\/2019\\\/12\\\/Entrenando-Valores-Flavio-Alfaro-1.jpeg\",\"articleSection\":[\"Noticias\",\"Todas\"],\"inLanguage\":\"es\",\"potentialAction\":[{\"@type\":\"CommentAction\",\"name\":\"Comment\",\"target\":[\"https:\\\/\\\/www.manabi.gob.ec\\\/index.php\\\/obras-y-formacion-deportiva-destacan-en-flavio-alfaro\\\/#respond\"]}]},{\"@type\":\"WebPage\",\"@id\":\"https:\\\/\\\/www.manabi.gob.ec\\\/index.php\\\/obras-y-formacion-deportiva-destacan-en-flavio-alfaro\\\/\",\"url\":\"https:\\\/\\\/www.manabi.gob.ec\\\/index.php\\\/obras-y-formacion-deportiva-destacan-en-flavio-alfaro\\\/\",\"name\":\"Obras y formaci\u00f3n deportiva destacan en Flavio Alfaro - Prefectura de Manab\u00ed\",\"isPartOf\":{\"@id\":\"https:\\\/\\\/www.manabi.gob.ec\\\/#website\"},\"primaryImageOfPage\":{\"@id\":\"https:\\\/\\\/www.manabi.gob.ec\\\/index.php\\\/obras-y-formacion-deportiva-destacan-en-flavio-alfaro\\\/#primaryimage\"},\"image\":{\"@id\":\"https:\\\/\\\/www.manabi.gob.ec\\\/index.php\\\/obras-y-formacion-deportiva-destacan-en-flavio-alfaro\\\/#primaryimage\"},\"thumbnailUrl\":\"https:\\\/\\\/www.manabi.gob.ec\\\/wp-content\\\/uploads\\\/2019\\\/12\\\/Entrenando-Valores-Flavio-Alfaro-1.jpeg\",\"datePublished\":\"2019-12-04T16:21:48+00:00\",\"author\":{\"@id\":\"https:\\\/\\\/www.manabi.gob.ec\\\/#\\\/schema\\\/person\\\/cfc71bd68fe2703b779edcc292a49722\"},\"breadcrumb\":{\"@id\":\"https:\\\/\\\/www.manabi.gob.ec\\\/index.php\\\/obras-y-formacion-deportiva-destacan-en-flavio-alfaro\\\/#breadcrumb\"},\"inLanguage\":\"es\",\"potentialAction\":[{\"@type\":\"ReadAction\",\"target\":[\"https:\\\/\\\/www.manabi.gob.ec\\\/index.php\\\/obras-y-formacion-deportiva-destacan-en-flavio-alfaro\\\/\"]}]},{\"@type\":\"ImageObject\",\"inLanguage\":\"es\",\"@id\":\"https:\\\/\\\/www.manabi.gob.ec\\\/index.php\\\/obras-y-formacion-deportiva-destacan-en-flavio-alfaro\\\/#primaryimage\",\"url\":\"https:\\\/\\\/www.manabi.gob.ec\\\/wp-content\\\/uploads\\\/2019\\\/12\\\/Entrenando-Valores-Flavio-Alfaro-1.jpeg\",\"contentUrl\":\"https:\\\/\\\/www.manabi.gob.ec\\\/wp-content\\\/uploads\\\/2019\\\/12\\\/Entrenando-Valores-Flavio-Alfaro-1.jpeg\",\"width\":1280,\"height\":852},{\"@type\":\"BreadcrumbList\",\"@id\":\"https:\\\/\\\/www.manabi.gob.ec\\\/index.php\\\/obras-y-formacion-deportiva-destacan-en-flavio-alfaro\\\/#breadcrumb\",\"itemListElement\":[{\"@type\":\"ListItem\",\"position\":1,\"name\":\"Portada\",\"item\":\"https:\\\/\\\/www.manabi.gob.ec\\\/\"},{\"@type\":\"ListItem\",\"position\":2,\"name\":\"Obras y formaci\u00f3n deportiva destacan en Flavio Alfaro\"}]},{\"@type\":\"WebSite\",\"@id\":\"https:\\\/\\\/www.manabi.gob.ec\\\/#website\",\"url\":\"https:\\\/\\\/www.manabi.gob.ec\\\/\",\"name\":\"Prefectura de Manab\u00ed\",\"description\":\"P\u00e1gina web de la prefectura\",\"potentialAction\":[{\"@type\":\"SearchAction\",\"target\":{\"@type\":\"EntryPoint\",\"urlTemplate\":\"https:\\\/\\\/www.manabi.gob.ec\\\/?s={search_term_string}\"},\"query-input\":{\"@type\":\"PropertyValueSpecification\",\"valueRequired\":true,\"valueName\":\"search_term_string\"}}],\"inLanguage\":\"es\"},{\"@type\":\"Person\",\"@id\":\"https:\\\/\\\/www.manabi.gob.ec\\\/#\\\/schema\\\/person\\\/cfc71bd68fe2703b779edcc292a49722\",\"name\":\"admin\",\"image\":{\"@type\":\"ImageObject\",\"inLanguage\":\"es\",\"@id\":\"https:\\\/\\\/secure.gravatar.com\\\/avatar\\\/23e9f919492b0a2f65aa168e0d8c5c867ea853b61deffbadf08c7031e15b8d78?s=96&d=mm&r=g\",\"url\":\"https:\\\/\\\/secure.gravatar.com\\\/avatar\\\/23e9f919492b0a2f65aa168e0d8c5c867ea853b61deffbadf08c7031e15b8d78?s=96&d=mm&r=g\",\"contentUrl\":\"https:\\\/\\\/secure.gravatar.com\\\/avatar\\\/23e9f919492b0a2f65aa168e0d8c5c867ea853b61deffbadf08c7031e15b8d78?s=96&d=mm&r=g\",\"caption\":\"admin\"},\"sameAs\":[\"http:\\\/\\\/www.manabi.gob.ec\"],\"url\":\"https:\\\/\\\/www.manabi.gob.ec\\\/index.php\\\/author\\\/admin\\\/\"}]}<\/script>\n<!-- \/ Yoast SEO plugin. -->","yoast_head_json":{"title":"Obras y formaci\u00f3n deportiva destacan en Flavio Alfaro - Prefectura de Manab\u00ed","robots":{"index":"index","follow":"follow","max-snippet":"max-snippet:-1","max-image-preview":"max-image-preview:large","max-video-preview":"max-video-preview:-1"},"canonical":"https:\/\/www.manabi.gob.ec\/index.php\/obras-y-formacion-deportiva-destacan-en-flavio-alfaro\/","og_locale":"es_ES","og_type":"article","og_title":"Obras y formaci\u00f3n deportiva destacan en Flavio Alfaro - Prefectura de Manab\u00ed","og_description":"Obras para el desarrollo de comunidades rurales y proyectos de intervenci\u00f3n social fueron algunos de los puntos que destacaron en la intensa agenda que cumpli\u00f3 el prefecto Leonardo Orlando en Flavio Alfaro. La autoridad provincial mantuvo diversas reuniones con el alcalde Jaminton Intriago, presidentes de Gobiernos Parroquiales, dirigentes y ciudadan\u00eda en general. Se visitaron las [&hellip;]","og_url":"https:\/\/www.manabi.gob.ec\/index.php\/obras-y-formacion-deportiva-destacan-en-flavio-alfaro\/","og_site_name":"Prefectura de Manab\u00ed","article_published_time":"2019-12-04T16:21:48+00:00","og_image":[{"width":1280,"height":852,"url":"https:\/\/www.manabi.gob.ec\/wp-content\/uploads\/2019\/12\/Entrenando-Valores-Flavio-Alfaro-1.jpeg","type":"image\/jpeg"}],"author":"admin","twitter_card":"summary_large_image","twitter_misc":{"Escrito por":"admin","Tiempo de lectura":"2 minutos"},"schema":{"@context":"https:\/\/schema.org","@graph":[{"@type":"Article","@id":"https:\/\/www.manabi.gob.ec\/index.php\/obras-y-formacion-deportiva-destacan-en-flavio-alfaro\/#article","isPartOf":{"@id":"https:\/\/www.manabi.gob.ec\/index.php\/obras-y-formacion-deportiva-destacan-en-flavio-alfaro\/"},"author":{"name":"admin","@id":"https:\/\/www.manabi.gob.ec\/#\/schema\/person\/cfc71bd68fe2703b779edcc292a49722"},"headline":"Obras y formaci\u00f3n deportiva destacan en Flavio Alfaro","datePublished":"2019-12-04T16:21:48+00:00","mainEntityOfPage":{"@id":"https:\/\/www.manabi.gob.ec\/index.php\/obras-y-formacion-deportiva-destacan-en-flavio-alfaro\/"},"wordCount":484,"commentCount":0,"image":{"@id":"https:\/\/www.manabi.gob.ec\/index.php\/obras-y-formacion-deportiva-destacan-en-flavio-alfaro\/#primaryimage"},"thumbnailUrl":"https:\/\/www.manabi.gob.ec\/wp-content\/uploads\/2019\/12\/Entrenando-Valores-Flavio-Alfaro-1.jpeg","articleSection":["Noticias","Todas"],"inLanguage":"es","potentialAction":[{"@type":"CommentAction","name":"Comment","target":["https:\/\/www.manabi.gob.ec\/index.php\/obras-y-formacion-deportiva-destacan-en-flavio-alfaro\/#respond"]}]},{"@type":"WebPage","@id":"https:\/\/www.manabi.gob.ec\/index.php\/obras-y-formacion-deportiva-destacan-en-flavio-alfaro\/","url":"https:\/\/www.manabi.gob.ec\/index.php\/obras-y-formacion-deportiva-destacan-en-flavio-alfaro\/","name":"Obras y formaci\u00f3n deportiva destacan en Flavio Alfaro - Prefectura de Manab\u00ed","isPartOf":{"@id":"https:\/\/www.manabi.gob.ec\/#website"},"primaryImageOfPage":{"@id":"https:\/\/www.manabi.gob.ec\/index.php\/obras-y-formacion-deportiva-destacan-en-flavio-alfaro\/#primaryimage"},"image":{"@id":"https:\/\/www.manabi.gob.ec\/index.php\/obras-y-formacion-deportiva-destacan-en-flavio-alfaro\/#primaryimage"},"thumbnailUrl":"https:\/\/www.manabi.gob.ec\/wp-content\/uploads\/2019\/12\/Entrenando-Valores-Flavio-Alfaro-1.jpeg","datePublished":"2019-12-04T16:21:48+00:00","author":{"@id":"https:\/\/www.manabi.gob.ec\/#\/schema\/person\/cfc71bd68fe2703b779edcc292a49722"},"breadcrumb":{"@id":"https:\/\/www.manabi.gob.ec\/index.php\/obras-y-formacion-deportiva-destacan-en-flavio-alfaro\/#breadcrumb"},"inLanguage":"es","potentialAction":[{"@type":"ReadAction","target":["https:\/\/www.manabi.gob.ec\/index.php\/obras-y-formacion-deportiva-destacan-en-flavio-alfaro\/"]}]},{"@type":"ImageObject","inLanguage":"es","@id":"https:\/\/www.manabi.gob.ec\/index.php\/obras-y-formacion-deportiva-destacan-en-flavio-alfaro\/#primaryimage","url":"https:\/\/www.manabi.gob.ec\/wp-content\/uploads\/2019\/12\/Entrenando-Valores-Flavio-Alfaro-1.jpeg","contentUrl":"https:\/\/www.manabi.gob.ec\/wp-content\/uploads\/2019\/12\/Entrenando-Valores-Flavio-Alfaro-1.jpeg","width":1280,"height":852},{"@type":"BreadcrumbList","@id":"https:\/\/www.manabi.gob.ec\/index.php\/obras-y-formacion-deportiva-destacan-en-flavio-alfaro\/#breadcrumb","itemListElement":[{"@type":"ListItem","position":1,"name":"Portada","item":"https:\/\/www.manabi.gob.ec\/"},{"@type":"ListItem","position":2,"name":"Obras y formaci\u00f3n deportiva destacan en Flavio Alfaro"}]},{"@type":"WebSite","@id":"https:\/\/www.manabi.gob.ec\/#website","url":"https:\/\/www.manabi.gob.ec\/","name":"Prefectura de Manab\u00ed","description":"P\u00e1gina web de la prefectura","potentialAction":[{"@type":"SearchAction","target":{"@type":"EntryPoint","urlTemplate":"https:\/\/www.manabi.gob.ec\/?s={search_term_string}"},"query-input":{"@type":"PropertyValueSpecification","valueRequired":true,"valueName":"search_term_string"}}],"inLanguage":"es"},{"@type":"Person","@id":"https:\/\/www.manabi.gob.ec\/#\/schema\/person\/cfc71bd68fe2703b779edcc292a49722","name":"admin","image":{"@type":"ImageObject","inLanguage":"es","@id":"https:\/\/secure.gravatar.com\/avatar\/23e9f919492b0a2f65aa168e0d8c5c867ea853b61deffbadf08c7031e15b8d78?s=96&d=mm&r=g","url":"https:\/\/secure.gravatar.com\/avatar\/23e9f919492b0a2f65aa168e0d8c5c867ea853b61deffbadf08c7031e15b8d78?s=96&d=mm&r=g","contentUrl":"https:\/\/secure.gravatar.com\/avatar\/23e9f919492b0a2f65aa168e0d8c5c867ea853b61deffbadf08c7031e15b8d78?s=96&d=mm&r=g","caption":"admin"},"sameAs":["http:\/\/www.manabi.gob.ec"],"url":"https:\/\/www.manabi.gob.ec\/index.php\/author\/admin\/"}]}},"jetpack_featured_media_url":"https:\/\/www.manabi.gob.ec\/wp-content\/uploads\/2019\/12\/Entrenando-Valores-Flavio-Alfaro-1.jpeg","_links":{"self":[{"href":"https:\/\/www.manabi.gob.ec\/index.php\/wp-json\/wp\/v2\/posts\/13608","targetHints":{"allow":["GET"]}}],"collection":[{"href":"https:\/\/www.manabi.gob.ec\/index.php\/wp-json\/wp\/v2\/posts"}],"about":[{"href":"https:\/\/www.manabi.gob.ec\/index.php\/wp-json\/wp\/v2\/types\/post"}],"author":[{"embeddable":true,"href":"https:\/\/www.manabi.gob.ec\/index.php\/wp-json\/wp\/v2\/users\/1"}],"replies":[{"embeddable":true,"href":"https:\/\/www.manabi.gob.ec\/index.php\/wp-json\/wp\/v2\/comments?post=13608"}],"version-history":[{"count":0,"href":"https:\/\/www.manabi.gob.ec\/index.php\/wp-json\/wp\/v2\/posts\/13608\/revisions"}],"wp:featuredmedia":[{"embeddable":true,"href":"https:\/\/www.manabi.gob.ec\/index.php\/wp-json\/wp\/v2\/media\/13609"}],"wp:attachment":[{"href":"https:\/\/www.manabi.gob.ec\/index.php\/wp-json\/wp\/v2\/media?parent=13608"}],"wp:term":[{"taxonomy":"category","embeddable":true,"href":"https:\/\/www.manabi.gob.ec\/index.php\/wp-json\/wp\/v2\/categories?post=13608"},{"taxonomy":"post_tag","embeddable":true,"href":"https:\/\/www.manabi.gob.ec\/index.php\/wp-json\/wp\/v2\/tags?post=13608"}],"curies":[{"name":"wp","href":"https:\/\/api.w.org\/{rel}","templated":true}]}}