{"id":13614,"date":"2019-12-07T14:03:03","date_gmt":"2019-12-07T19:03:03","guid":{"rendered":"http:\/\/www.manabi.gob.ec\/?p=13614"},"modified":"2019-12-07T14:03:03","modified_gmt":"2019-12-07T19:03:03","slug":"historico-encuentro-en-manabi-y-guayas","status":"publish","type":"post","link":"https:\/\/www.manabi.gob.ec\/index.php\/historico-encuentro-en-manabi-y-guayas\/","title":{"rendered":"Hist\u00f3rico encuentro en Manab\u00ed y Guayas"},"content":{"rendered":"<p style=\"text-align: justify;\">La Comunidad Santa Genara del cant\u00f3n Balzar a la altura del r\u00edo Puca fue el punto de encuentro entre los prefectos de Manab\u00ed y Guayas, Leonardo Orlando y Carlos Luis Morales, respectivamente.<\/p>\n<p style=\"text-align: justify;\">Luego, en la Plaza C\u00edvica de Olmedo, los prefectos firmaron un convenio que permitir\u00e1 la cooperaci\u00f3n en temas como vialidad, fomento productivo, turismo, ambiente, riego y drenaje, y proyectos para grupos de atenci\u00f3n prioritaria.<\/p>\n<p style=\"text-align: justify;\">\u00abEs un d\u00eda hist\u00f3rico para Guayas y Manab\u00ed: Entre estas dos provincias no pueden existir fronteras. El desarrollo nos une, los lazos afectivos, hist\u00f3ricos y milenarios\u00bb, resalt\u00f3 Orlando.<\/p>\n<p style=\"text-align: justify;\">\u00abEstamos optimistas de que estos caminos de unidad, de hermandad entre los fraternos pueblos de Guayas y Manab\u00ed, van a marcar un antes y un despu\u00e9s en el desarrollo\u00bb,\u00a0 agreg\u00f3.<\/p>\n<p style=\"text-align: justify;\">Durante el evento el prefecto manabita entreg\u00f3 camiseta oficial del programa deportivo \u00abEntrenando Valores\u00bb, a Morales y al alcalde de Olmedo, Fausto Avil\u00e9s. Esta iniciativa brinda atenci\u00f3n integral a m\u00e1s de 11 mil ni\u00f1os, ni\u00f1as y adolescentes en toda la provincia.<\/p>\n<p style=\"text-align: justify;\"><strong>\u00a0<\/strong><\/p>\n<p style=\"text-align: justify;\"><strong>OBRAS<\/strong><\/p>\n<p style=\"text-align: justify;\">En el trabajo conjunto entre las dos prefecturas se iniciar\u00e1 con la intervenci\u00f3n en v\u00edas como:<\/p>\n<ul>\n<li style=\"text-align: justify;\">San Juan de las Cucarachas &#8211; Boca de Agua Fr\u00eda, de la parroquia San Pablo de Pueblo Nuevo del cant\u00f3n Santa Ana (5,3 km).<\/li>\n<li>V\u00eda Y de Chimborazo Santa Genara de 5,7 km. Se une en r\u00edo Puca e integra a los cantones Balzar de Guayas y Olmedo de Manab\u00ed.<\/li>\n<\/ul>\n","protected":false},"excerpt":{"rendered":"<p>La Comunidad Santa Genara del cant\u00f3n Balzar a la altura del r\u00edo Puca fue el punto de encuentro entre los prefectos de Manab\u00ed y Guayas, Leonardo Orlando y Carlos Luis Morales, respectivamente. Luego, en la Plaza C\u00edvica de Olmedo, los prefectos firmaron un convenio que permitir\u00e1 la cooperaci\u00f3n en temas como vialidad, fomento productivo, turismo, [&hellip;]<\/p>\n","protected":false},"author":1,"featured_media":13615,"comment_status":"open","ping_status":"open","sticky":false,"template":"","format":"standard","meta":{"_joinchat":[],"footnotes":""},"categories":[92,91],"tags":[],"class_list":["post-13614","post","type-post","status-publish","format-standard","has-post-thumbnail","hentry","category-noticias-manabi","category-todas"],"yoast_head":"<!-- This site is optimized with the Yoast SEO plugin v27.4 - https:\/\/yoast.com\/product\/yoast-seo-wordpress\/ -->\n<title>Hist\u00f3rico encuentro en Manab\u00ed y Guayas - Prefectura de Manab\u00ed<\/title>\n<meta name=\"robots\" content=\"index, follow, max-snippet:-1, max-image-preview:large, max-video-preview:-1\" \/>\n<link rel=\"canonical\" href=\"https:\/\/www.manabi.gob.ec\/index.php\/historico-encuentro-en-manabi-y-guayas\/\" \/>\n<meta property=\"og:locale\" content=\"es_ES\" \/>\n<meta property=\"og:type\" content=\"article\" \/>\n<meta property=\"og:title\" content=\"Hist\u00f3rico encuentro en Manab\u00ed y Guayas - Prefectura de Manab\u00ed\" \/>\n<meta property=\"og:description\" content=\"La Comunidad Santa Genara del cant\u00f3n Balzar a la altura del r\u00edo Puca fue el punto de encuentro entre los prefectos de Manab\u00ed y Guayas, Leonardo Orlando y Carlos Luis Morales, respectivamente. Luego, en la Plaza C\u00edvica de Olmedo, los prefectos firmaron un convenio que permitir\u00e1 la cooperaci\u00f3n en temas como vialidad, fomento productivo, turismo, [&hellip;]\" \/>\n<meta property=\"og:url\" content=\"https:\/\/www.manabi.gob.ec\/index.php\/historico-encuentro-en-manabi-y-guayas\/\" \/>\n<meta property=\"og:site_name\" content=\"Prefectura de Manab\u00ed\" \/>\n<meta property=\"article:published_time\" content=\"2019-12-07T19:03:03+00:00\" \/>\n<meta property=\"og:image\" content=\"https:\/\/www.manabi.gob.ec\/wp-content\/uploads\/2019\/12\/Prefectos-Manab\u00ed-y-Guayas-7.jpeg\" \/>\n\t<meta property=\"og:image:width\" content=\"1280\" \/>\n\t<meta property=\"og:image:height\" content=\"853\" \/>\n\t<meta property=\"og:image:type\" content=\"image\/jpeg\" \/>\n<meta name=\"author\" content=\"admin\" \/>\n<meta name=\"twitter:card\" content=\"summary_large_image\" \/>\n<meta name=\"twitter:label1\" content=\"Escrito por\" \/>\n\t<meta name=\"twitter:data1\" content=\"admin\" \/>\n\t<meta name=\"twitter:label2\" content=\"Tiempo de lectura\" \/>\n\t<meta name=\"twitter:data2\" content=\"1 minuto\" \/>\n<script type=\"application\/ld+json\" class=\"yoast-schema-graph\">{\"@context\":\"https:\\\/\\\/schema.org\",\"@graph\":[{\"@type\":\"Article\",\"@id\":\"https:\\\/\\\/www.manabi.gob.ec\\\/index.php\\\/historico-encuentro-en-manabi-y-guayas\\\/#article\",\"isPartOf\":{\"@id\":\"https:\\\/\\\/www.manabi.gob.ec\\\/index.php\\\/historico-encuentro-en-manabi-y-guayas\\\/\"},\"author\":{\"name\":\"admin\",\"@id\":\"https:\\\/\\\/www.manabi.gob.ec\\\/#\\\/schema\\\/person\\\/cfc71bd68fe2703b779edcc292a49722\"},\"headline\":\"Hist\u00f3rico encuentro en Manab\u00ed y Guayas\",\"datePublished\":\"2019-12-07T19:03:03+00:00\",\"mainEntityOfPage\":{\"@id\":\"https:\\\/\\\/www.manabi.gob.ec\\\/index.php\\\/historico-encuentro-en-manabi-y-guayas\\\/\"},\"wordCount\":256,\"commentCount\":0,\"image\":{\"@id\":\"https:\\\/\\\/www.manabi.gob.ec\\\/index.php\\\/historico-encuentro-en-manabi-y-guayas\\\/#primaryimage\"},\"thumbnailUrl\":\"https:\\\/\\\/www.manabi.gob.ec\\\/wp-content\\\/uploads\\\/2019\\\/12\\\/Prefectos-Manab\u00ed-y-Guayas-7.jpeg\",\"articleSection\":[\"Noticias\",\"Todas\"],\"inLanguage\":\"es\",\"potentialAction\":[{\"@type\":\"CommentAction\",\"name\":\"Comment\",\"target\":[\"https:\\\/\\\/www.manabi.gob.ec\\\/index.php\\\/historico-encuentro-en-manabi-y-guayas\\\/#respond\"]}]},{\"@type\":\"WebPage\",\"@id\":\"https:\\\/\\\/www.manabi.gob.ec\\\/index.php\\\/historico-encuentro-en-manabi-y-guayas\\\/\",\"url\":\"https:\\\/\\\/www.manabi.gob.ec\\\/index.php\\\/historico-encuentro-en-manabi-y-guayas\\\/\",\"name\":\"Hist\u00f3rico encuentro en Manab\u00ed y Guayas - Prefectura de Manab\u00ed\",\"isPartOf\":{\"@id\":\"https:\\\/\\\/www.manabi.gob.ec\\\/#website\"},\"primaryImageOfPage\":{\"@id\":\"https:\\\/\\\/www.manabi.gob.ec\\\/index.php\\\/historico-encuentro-en-manabi-y-guayas\\\/#primaryimage\"},\"image\":{\"@id\":\"https:\\\/\\\/www.manabi.gob.ec\\\/index.php\\\/historico-encuentro-en-manabi-y-guayas\\\/#primaryimage\"},\"thumbnailUrl\":\"https:\\\/\\\/www.manabi.gob.ec\\\/wp-content\\\/uploads\\\/2019\\\/12\\\/Prefectos-Manab\u00ed-y-Guayas-7.jpeg\",\"datePublished\":\"2019-12-07T19:03:03+00:00\",\"author\":{\"@id\":\"https:\\\/\\\/www.manabi.gob.ec\\\/#\\\/schema\\\/person\\\/cfc71bd68fe2703b779edcc292a49722\"},\"breadcrumb\":{\"@id\":\"https:\\\/\\\/www.manabi.gob.ec\\\/index.php\\\/historico-encuentro-en-manabi-y-guayas\\\/#breadcrumb\"},\"inLanguage\":\"es\",\"potentialAction\":[{\"@type\":\"ReadAction\",\"target\":[\"https:\\\/\\\/www.manabi.gob.ec\\\/index.php\\\/historico-encuentro-en-manabi-y-guayas\\\/\"]}]},{\"@type\":\"ImageObject\",\"inLanguage\":\"es\",\"@id\":\"https:\\\/\\\/www.manabi.gob.ec\\\/index.php\\\/historico-encuentro-en-manabi-y-guayas\\\/#primaryimage\",\"url\":\"https:\\\/\\\/www.manabi.gob.ec\\\/wp-content\\\/uploads\\\/2019\\\/12\\\/Prefectos-Manab\u00ed-y-Guayas-7.jpeg\",\"contentUrl\":\"https:\\\/\\\/www.manabi.gob.ec\\\/wp-content\\\/uploads\\\/2019\\\/12\\\/Prefectos-Manab\u00ed-y-Guayas-7.jpeg\",\"width\":1280,\"height\":853},{\"@type\":\"BreadcrumbList\",\"@id\":\"https:\\\/\\\/www.manabi.gob.ec\\\/index.php\\\/historico-encuentro-en-manabi-y-guayas\\\/#breadcrumb\",\"itemListElement\":[{\"@type\":\"ListItem\",\"position\":1,\"name\":\"Portada\",\"item\":\"https:\\\/\\\/www.manabi.gob.ec\\\/\"},{\"@type\":\"ListItem\",\"position\":2,\"name\":\"Hist\u00f3rico encuentro en Manab\u00ed y Guayas\"}]},{\"@type\":\"WebSite\",\"@id\":\"https:\\\/\\\/www.manabi.gob.ec\\\/#website\",\"url\":\"https:\\\/\\\/www.manabi.gob.ec\\\/\",\"name\":\"Prefectura de Manab\u00ed\",\"description\":\"P\u00e1gina web de la prefectura\",\"potentialAction\":[{\"@type\":\"SearchAction\",\"target\":{\"@type\":\"EntryPoint\",\"urlTemplate\":\"https:\\\/\\\/www.manabi.gob.ec\\\/?s={search_term_string}\"},\"query-input\":{\"@type\":\"PropertyValueSpecification\",\"valueRequired\":true,\"valueName\":\"search_term_string\"}}],\"inLanguage\":\"es\"},{\"@type\":\"Person\",\"@id\":\"https:\\\/\\\/www.manabi.gob.ec\\\/#\\\/schema\\\/person\\\/cfc71bd68fe2703b779edcc292a49722\",\"name\":\"admin\",\"image\":{\"@type\":\"ImageObject\",\"inLanguage\":\"es\",\"@id\":\"https:\\\/\\\/secure.gravatar.com\\\/avatar\\\/23e9f919492b0a2f65aa168e0d8c5c867ea853b61deffbadf08c7031e15b8d78?s=96&d=mm&r=g\",\"url\":\"https:\\\/\\\/secure.gravatar.com\\\/avatar\\\/23e9f919492b0a2f65aa168e0d8c5c867ea853b61deffbadf08c7031e15b8d78?s=96&d=mm&r=g\",\"contentUrl\":\"https:\\\/\\\/secure.gravatar.com\\\/avatar\\\/23e9f919492b0a2f65aa168e0d8c5c867ea853b61deffbadf08c7031e15b8d78?s=96&d=mm&r=g\",\"caption\":\"admin\"},\"sameAs\":[\"http:\\\/\\\/www.manabi.gob.ec\"],\"url\":\"https:\\\/\\\/www.manabi.gob.ec\\\/index.php\\\/author\\\/admin\\\/\"}]}<\/script>\n<!-- \/ Yoast SEO plugin. -->","yoast_head_json":{"title":"Hist\u00f3rico encuentro en Manab\u00ed y Guayas - Prefectura de Manab\u00ed","robots":{"index":"index","follow":"follow","max-snippet":"max-snippet:-1","max-image-preview":"max-image-preview:large","max-video-preview":"max-video-preview:-1"},"canonical":"https:\/\/www.manabi.gob.ec\/index.php\/historico-encuentro-en-manabi-y-guayas\/","og_locale":"es_ES","og_type":"article","og_title":"Hist\u00f3rico encuentro en Manab\u00ed y Guayas - Prefectura de Manab\u00ed","og_description":"La Comunidad Santa Genara del cant\u00f3n Balzar a la altura del r\u00edo Puca fue el punto de encuentro entre los prefectos de Manab\u00ed y Guayas, Leonardo Orlando y Carlos Luis Morales, respectivamente. Luego, en la Plaza C\u00edvica de Olmedo, los prefectos firmaron un convenio que permitir\u00e1 la cooperaci\u00f3n en temas como vialidad, fomento productivo, turismo, [&hellip;]","og_url":"https:\/\/www.manabi.gob.ec\/index.php\/historico-encuentro-en-manabi-y-guayas\/","og_site_name":"Prefectura de Manab\u00ed","article_published_time":"2019-12-07T19:03:03+00:00","og_image":[{"width":1280,"height":853,"url":"https:\/\/www.manabi.gob.ec\/wp-content\/uploads\/2019\/12\/Prefectos-Manab\u00ed-y-Guayas-7.jpeg","type":"image\/jpeg"}],"author":"admin","twitter_card":"summary_large_image","twitter_misc":{"Escrito por":"admin","Tiempo de lectura":"1 minuto"},"schema":{"@context":"https:\/\/schema.org","@graph":[{"@type":"Article","@id":"https:\/\/www.manabi.gob.ec\/index.php\/historico-encuentro-en-manabi-y-guayas\/#article","isPartOf":{"@id":"https:\/\/www.manabi.gob.ec\/index.php\/historico-encuentro-en-manabi-y-guayas\/"},"author":{"name":"admin","@id":"https:\/\/www.manabi.gob.ec\/#\/schema\/person\/cfc71bd68fe2703b779edcc292a49722"},"headline":"Hist\u00f3rico encuentro en Manab\u00ed y Guayas","datePublished":"2019-12-07T19:03:03+00:00","mainEntityOfPage":{"@id":"https:\/\/www.manabi.gob.ec\/index.php\/historico-encuentro-en-manabi-y-guayas\/"},"wordCount":256,"commentCount":0,"image":{"@id":"https:\/\/www.manabi.gob.ec\/index.php\/historico-encuentro-en-manabi-y-guayas\/#primaryimage"},"thumbnailUrl":"https:\/\/www.manabi.gob.ec\/wp-content\/uploads\/2019\/12\/Prefectos-Manab\u00ed-y-Guayas-7.jpeg","articleSection":["Noticias","Todas"],"inLanguage":"es","potentialAction":[{"@type":"CommentAction","name":"Comment","target":["https:\/\/www.manabi.gob.ec\/index.php\/historico-encuentro-en-manabi-y-guayas\/#respond"]}]},{"@type":"WebPage","@id":"https:\/\/www.manabi.gob.ec\/index.php\/historico-encuentro-en-manabi-y-guayas\/","url":"https:\/\/www.manabi.gob.ec\/index.php\/historico-encuentro-en-manabi-y-guayas\/","name":"Hist\u00f3rico encuentro en Manab\u00ed y Guayas - Prefectura de Manab\u00ed","isPartOf":{"@id":"https:\/\/www.manabi.gob.ec\/#website"},"primaryImageOfPage":{"@id":"https:\/\/www.manabi.gob.ec\/index.php\/historico-encuentro-en-manabi-y-guayas\/#primaryimage"},"image":{"@id":"https:\/\/www.manabi.gob.ec\/index.php\/historico-encuentro-en-manabi-y-guayas\/#primaryimage"},"thumbnailUrl":"https:\/\/www.manabi.gob.ec\/wp-content\/uploads\/2019\/12\/Prefectos-Manab\u00ed-y-Guayas-7.jpeg","datePublished":"2019-12-07T19:03:03+00:00","author":{"@id":"https:\/\/www.manabi.gob.ec\/#\/schema\/person\/cfc71bd68fe2703b779edcc292a49722"},"breadcrumb":{"@id":"https:\/\/www.manabi.gob.ec\/index.php\/historico-encuentro-en-manabi-y-guayas\/#breadcrumb"},"inLanguage":"es","potentialAction":[{"@type":"ReadAction","target":["https:\/\/www.manabi.gob.ec\/index.php\/historico-encuentro-en-manabi-y-guayas\/"]}]},{"@type":"ImageObject","inLanguage":"es","@id":"https:\/\/www.manabi.gob.ec\/index.php\/historico-encuentro-en-manabi-y-guayas\/#primaryimage","url":"https:\/\/www.manabi.gob.ec\/wp-content\/uploads\/2019\/12\/Prefectos-Manab\u00ed-y-Guayas-7.jpeg","contentUrl":"https:\/\/www.manabi.gob.ec\/wp-content\/uploads\/2019\/12\/Prefectos-Manab\u00ed-y-Guayas-7.jpeg","width":1280,"height":853},{"@type":"BreadcrumbList","@id":"https:\/\/www.manabi.gob.ec\/index.php\/historico-encuentro-en-manabi-y-guayas\/#breadcrumb","itemListElement":[{"@type":"ListItem","position":1,"name":"Portada","item":"https:\/\/www.manabi.gob.ec\/"},{"@type":"ListItem","position":2,"name":"Hist\u00f3rico encuentro en Manab\u00ed y Guayas"}]},{"@type":"WebSite","@id":"https:\/\/www.manabi.gob.ec\/#website","url":"https:\/\/www.manabi.gob.ec\/","name":"Prefectura de Manab\u00ed","description":"P\u00e1gina web de la prefectura","potentialAction":[{"@type":"SearchAction","target":{"@type":"EntryPoint","urlTemplate":"https:\/\/www.manabi.gob.ec\/?s={search_term_string}"},"query-input":{"@type":"PropertyValueSpecification","valueRequired":true,"valueName":"search_term_string"}}],"inLanguage":"es"},{"@type":"Person","@id":"https:\/\/www.manabi.gob.ec\/#\/schema\/person\/cfc71bd68fe2703b779edcc292a49722","name":"admin","image":{"@type":"ImageObject","inLanguage":"es","@id":"https:\/\/secure.gravatar.com\/avatar\/23e9f919492b0a2f65aa168e0d8c5c867ea853b61deffbadf08c7031e15b8d78?s=96&d=mm&r=g","url":"https:\/\/secure.gravatar.com\/avatar\/23e9f919492b0a2f65aa168e0d8c5c867ea853b61deffbadf08c7031e15b8d78?s=96&d=mm&r=g","contentUrl":"https:\/\/secure.gravatar.com\/avatar\/23e9f919492b0a2f65aa168e0d8c5c867ea853b61deffbadf08c7031e15b8d78?s=96&d=mm&r=g","caption":"admin"},"sameAs":["http:\/\/www.manabi.gob.ec"],"url":"https:\/\/www.manabi.gob.ec\/index.php\/author\/admin\/"}]}},"jetpack_featured_media_url":"https:\/\/www.manabi.gob.ec\/wp-content\/uploads\/2019\/12\/Prefectos-Manab\u00ed-y-Guayas-7.jpeg","_links":{"self":[{"href":"https:\/\/www.manabi.gob.ec\/index.php\/wp-json\/wp\/v2\/posts\/13614","targetHints":{"allow":["GET"]}}],"collection":[{"href":"https:\/\/www.manabi.gob.ec\/index.php\/wp-json\/wp\/v2\/posts"}],"about":[{"href":"https:\/\/www.manabi.gob.ec\/index.php\/wp-json\/wp\/v2\/types\/post"}],"author":[{"embeddable":true,"href":"https:\/\/www.manabi.gob.ec\/index.php\/wp-json\/wp\/v2\/users\/1"}],"replies":[{"embeddable":true,"href":"https:\/\/www.manabi.gob.ec\/index.php\/wp-json\/wp\/v2\/comments?post=13614"}],"version-history":[{"count":0,"href":"https:\/\/www.manabi.gob.ec\/index.php\/wp-json\/wp\/v2\/posts\/13614\/revisions"}],"wp:featuredmedia":[{"embeddable":true,"href":"https:\/\/www.manabi.gob.ec\/index.php\/wp-json\/wp\/v2\/media\/13615"}],"wp:attachment":[{"href":"https:\/\/www.manabi.gob.ec\/index.php\/wp-json\/wp\/v2\/media?parent=13614"}],"wp:term":[{"taxonomy":"category","embeddable":true,"href":"https:\/\/www.manabi.gob.ec\/index.php\/wp-json\/wp\/v2\/categories?post=13614"},{"taxonomy":"post_tag","embeddable":true,"href":"https:\/\/www.manabi.gob.ec\/index.php\/wp-json\/wp\/v2\/tags?post=13614"}],"curies":[{"name":"wp","href":"https:\/\/api.w.org\/{rel}","templated":true}]}}