{"id":13618,"date":"2019-12-07T14:06:51","date_gmt":"2019-12-07T19:06:51","guid":{"rendered":"http:\/\/www.manabi.gob.ec\/?p=13618"},"modified":"2019-12-07T14:06:51","modified_gmt":"2019-12-07T19:06:51","slug":"se-garantiza-el-transporte-de-material-para-obras-hasta-2021","status":"publish","type":"post","link":"https:\/\/www.manabi.gob.ec\/index.php\/se-garantiza-el-transporte-de-material-para-obras-hasta-2021\/","title":{"rendered":"Se garantiza el transporte de material para obras hasta 2021"},"content":{"rendered":"<p style=\"text-align: justify;\">\u201cNi un solo cant\u00f3n, ni una sola parroquia se quedar\u00e1 fuera de nuestra visi\u00f3n de desarrollo y de las obras que vamos a realizar\u201d, con esas palabras el prefecto Leonardo Orlando cerr\u00f3 el evento en el que se entregaron las adjudicaciones que permitir\u00e1n invertir 13,6 millones de d\u00f3lares ($13\u2019 635.154.65) en la provincia.<\/p>\n<p style=\"text-align: justify;\">Este jueves la autoridad provincial formaliz\u00f3 la adjudicaci\u00f3n en el marco de los contratos que permitir\u00e1n el transporte de material p\u00e9treo para todo Manab\u00ed desde diciembre 2019 hasta inicios de 2021.<\/p>\n<p style=\"text-align: justify;\">27 compa\u00f1\u00edas y cooperativas de transporte son beneficiadas en todos los cantones y representan con sus unidades cerca del 65 por ciento de toda la oferta formal de volquetas en Manab\u00ed.<\/p>\n<p style=\"text-align: justify;\">\u201cUstedes son parte de un plan vial hist\u00f3rico en la provincia\u201d, enfatiz\u00f3 a los volqueteros el prefecto Orlando, quien destac\u00f3 que el sector del transporte y la construcci\u00f3n son dinamizadores de la econom\u00eda.<\/p>\n<p style=\"text-align: justify;\">Carlos Alc\u00edvar, presidente de la Uni\u00f3n de Volqueteros de Manab\u00ed, se\u00f1al\u00f3 que la transparencia y pulcritud del proceso, as\u00ed como la inclusi\u00f3n y equidad para la distribuci\u00f3n de los recursos no lo hab\u00edan visto as\u00ed en ninguna administraci\u00f3n. \u201cCuente con nuestro compromiso se\u00f1or Prefecto\u201d, resalt\u00f3 el dirigente.<\/p>\n<p style=\"text-align: justify;\">\n<p><strong>Detalle de las zonas, compa\u00f1\u00edas e inversi\u00f3n:<\/strong><br \/>\n<strong>Zona 1<\/strong><br \/>\nCantones: Pedernales, Jama, Sucre y San Vicente.<br \/>\nCompa\u00f1\u00edas:<\/p>\n<ol>\n<li>Transporte Ciudad de Pedernales Tranciped S.A<\/li>\n<li>Transbah\u00eda S.A<\/li>\n<\/ol>\n<p><strong>Inversi\u00f3n $2\u2019229.905,48<\/strong><br \/>\n&nbsp;<br \/>\n<strong>Zona 2<\/strong><br \/>\nCantones: El Carmen,\u00a0 Chone y Flavio Alfaro<br \/>\nCompa\u00f1\u00edas:<\/p>\n<ol>\n<li>Compa\u00f1\u00eda de Transporte Terratrans<\/li>\n<li>Consorcio CBA Compa\u00f1\u00eda de Transporte Bravochi &#8211; Compa\u00f1\u00eda de Transporte Abrilover<\/li>\n<li>Cooperativa de Transporte en Volquetes R\u00edo Chone<\/li>\n<li>Empresa de Volquetas EVOL<\/li>\n<li>FAPETRUC S.A<\/li>\n<li>Transporte y Servicios Citychonetrans S. A<\/li>\n<\/ol>\n<p><strong>Inversi\u00f3n\u00a0 $3\u2019572.098,09<\/strong><br \/>\n&nbsp;<br \/>\n<strong>Zona 3<\/strong><br \/>\nCantones: Tosagua, Bol\u00edvar, Pichincha, Portoviejo, Jun\u00edn, Santa Ana y Rocafuerte<br \/>\nCompa\u00f1\u00edas:<\/p>\n<ol>\n<li>Compa\u00f1\u00eda Vial de Transporte Pesado Convialpe CIA. LDTA<\/li>\n<li>Compa\u00f1\u00eda de Transporte Hermutrans CIA. LDTA<\/li>\n<li>Compa\u00f1\u00eda de Transporte y Carga Pesada Highpiedra S. A<\/li>\n<li>Compa\u00f1\u00eda de Transporte y Carga Pesada Manabitrans S. A<\/li>\n<li>Log\u00edstica de Transporte Pesado S. A Logitranspe<\/li>\n<li>Compa\u00f1\u00eda de Transporte de Carga Pesada Bol\u00edvar CIA. LDTA. &#8211; Transcarbol\u00edvar<\/li>\n<li>Compa\u00f1\u00eda de Carga Pesada S. A Truckv&amp;V<\/li>\n<li>Compa\u00f1\u00eda de Transporte del Pacifico S. A,<\/li>\n<li>Cooperativa de Transporte de Materiales Rio de Oro<\/li>\n<li>Compa\u00f1\u00eda de Transporte de Carga Pesada 7 de Abril S. A<\/li>\n<li>Transcarcosta<\/li>\n<li>Transporte de Carga Pesada Valle Manabita S. A Transvalmana.<\/li>\n<\/ol>\n<p><strong>Inversi\u00f3n\u00a0\u00a0 $3\u2019905.115,41<\/strong><br \/>\n&nbsp;<br \/>\n<strong>Zona 4<\/strong><br \/>\nCantones: Manta, Jaramij\u00f3, Montecristi, Jipijapa, Puerto L\u00f3pez, Paj\u00e1n, 24 de Mayo y Olmedo.<br \/>\nCompa\u00f1\u00edas:<\/p>\n<ol>\n<li>Compa\u00f1\u00eda de Transporte de Carga Pesada Gaservi S. A<\/li>\n<li>Compa\u00f1\u00eda de Transporte Gran Pa\u00eds Contransgranp S. A<\/li>\n<li>Cooperativa de Transporte de Carga en Volquetas Los Mantas<\/li>\n<li>Transmendoza S. A<\/li>\n<li>Transporte de Carga Pesada Transcalderero S. A<\/li>\n<li>Transporte Pesado y Log\u00edstica Mante\u00f1ita Transpelogmanta S. A<\/li>\n<li>Transporte y Log\u00edstica del Pac\u00edfico Translogpacific. S. A<\/li>\n<\/ol>\n<p><strong>Inversi\u00f3n $3\u2019928.035,67<\/strong><br \/>\n&nbsp;<br \/>\n<strong>Inversi\u00f3n total: $13\u2019 635.154.65<\/strong><br \/>\n&nbsp;<\/p>\n","protected":false},"excerpt":{"rendered":"<p>\u201cNi un solo cant\u00f3n, ni una sola parroquia se quedar\u00e1 fuera de nuestra visi\u00f3n de desarrollo y de las obras que vamos a realizar\u201d, con esas palabras el prefecto Leonardo Orlando cerr\u00f3 el evento en el que se entregaron las adjudicaciones que permitir\u00e1n invertir 13,6 millones de d\u00f3lares ($13\u2019 635.154.65) en la provincia. Este jueves [&hellip;]<\/p>\n","protected":false},"author":1,"featured_media":13619,"comment_status":"open","ping_status":"open","sticky":false,"template":"","format":"standard","meta":{"_joinchat":[],"footnotes":""},"categories":[92,91],"tags":[],"class_list":["post-13618","post","type-post","status-publish","format-standard","has-post-thumbnail","hentry","category-noticias-manabi","category-todas"],"yoast_head":"<!-- This site is optimized with the Yoast SEO plugin v27.4 - https:\/\/yoast.com\/product\/yoast-seo-wordpress\/ -->\n<title>Se garantiza el transporte de material para obras hasta 2021 - Prefectura de Manab\u00ed<\/title>\n<meta name=\"robots\" content=\"index, follow, max-snippet:-1, max-image-preview:large, max-video-preview:-1\" \/>\n<link rel=\"canonical\" href=\"https:\/\/www.manabi.gob.ec\/index.php\/se-garantiza-el-transporte-de-material-para-obras-hasta-2021\/\" \/>\n<meta property=\"og:locale\" content=\"es_ES\" \/>\n<meta property=\"og:type\" content=\"article\" \/>\n<meta property=\"og:title\" content=\"Se garantiza el transporte de material para obras hasta 2021 - Prefectura de Manab\u00ed\" \/>\n<meta property=\"og:description\" content=\"\u201cNi un solo cant\u00f3n, ni una sola parroquia se quedar\u00e1 fuera de nuestra visi\u00f3n de desarrollo y de las obras que vamos a realizar\u201d, con esas palabras el prefecto Leonardo Orlando cerr\u00f3 el evento en el que se entregaron las adjudicaciones que permitir\u00e1n invertir 13,6 millones de d\u00f3lares ($13\u2019 635.154.65) en la provincia. Este jueves [&hellip;]\" \/>\n<meta property=\"og:url\" content=\"https:\/\/www.manabi.gob.ec\/index.php\/se-garantiza-el-transporte-de-material-para-obras-hasta-2021\/\" \/>\n<meta property=\"og:site_name\" content=\"Prefectura de Manab\u00ed\" \/>\n<meta property=\"article:published_time\" content=\"2019-12-07T19:06:51+00:00\" \/>\n<meta property=\"og:image\" content=\"https:\/\/www.manabi.gob.ec\/wp-content\/uploads\/2019\/12\/Transporte-de-material-para-Manab\u00ed-4.jpeg\" \/>\n\t<meta property=\"og:image:width\" content=\"1280\" \/>\n\t<meta property=\"og:image:height\" content=\"853\" \/>\n\t<meta property=\"og:image:type\" content=\"image\/jpeg\" \/>\n<meta name=\"author\" content=\"admin\" \/>\n<meta name=\"twitter:card\" content=\"summary_large_image\" \/>\n<meta name=\"twitter:label1\" content=\"Escrito por\" \/>\n\t<meta name=\"twitter:data1\" content=\"admin\" \/>\n\t<meta name=\"twitter:label2\" content=\"Tiempo de lectura\" \/>\n\t<meta name=\"twitter:data2\" content=\"2 minutos\" \/>\n<script type=\"application\/ld+json\" class=\"yoast-schema-graph\">{\"@context\":\"https:\\\/\\\/schema.org\",\"@graph\":[{\"@type\":\"Article\",\"@id\":\"https:\\\/\\\/www.manabi.gob.ec\\\/index.php\\\/se-garantiza-el-transporte-de-material-para-obras-hasta-2021\\\/#article\",\"isPartOf\":{\"@id\":\"https:\\\/\\\/www.manabi.gob.ec\\\/index.php\\\/se-garantiza-el-transporte-de-material-para-obras-hasta-2021\\\/\"},\"author\":{\"name\":\"admin\",\"@id\":\"https:\\\/\\\/www.manabi.gob.ec\\\/#\\\/schema\\\/person\\\/cfc71bd68fe2703b779edcc292a49722\"},\"headline\":\"Se garantiza el transporte de material para obras hasta 2021\",\"datePublished\":\"2019-12-07T19:06:51+00:00\",\"mainEntityOfPage\":{\"@id\":\"https:\\\/\\\/www.manabi.gob.ec\\\/index.php\\\/se-garantiza-el-transporte-de-material-para-obras-hasta-2021\\\/\"},\"wordCount\":507,\"commentCount\":0,\"image\":{\"@id\":\"https:\\\/\\\/www.manabi.gob.ec\\\/index.php\\\/se-garantiza-el-transporte-de-material-para-obras-hasta-2021\\\/#primaryimage\"},\"thumbnailUrl\":\"https:\\\/\\\/www.manabi.gob.ec\\\/wp-content\\\/uploads\\\/2019\\\/12\\\/Transporte-de-material-para-Manab\u00ed-4.jpeg\",\"articleSection\":[\"Noticias\",\"Todas\"],\"inLanguage\":\"es\",\"potentialAction\":[{\"@type\":\"CommentAction\",\"name\":\"Comment\",\"target\":[\"https:\\\/\\\/www.manabi.gob.ec\\\/index.php\\\/se-garantiza-el-transporte-de-material-para-obras-hasta-2021\\\/#respond\"]}]},{\"@type\":\"WebPage\",\"@id\":\"https:\\\/\\\/www.manabi.gob.ec\\\/index.php\\\/se-garantiza-el-transporte-de-material-para-obras-hasta-2021\\\/\",\"url\":\"https:\\\/\\\/www.manabi.gob.ec\\\/index.php\\\/se-garantiza-el-transporte-de-material-para-obras-hasta-2021\\\/\",\"name\":\"Se garantiza el transporte de material para obras hasta 2021 - Prefectura de Manab\u00ed\",\"isPartOf\":{\"@id\":\"https:\\\/\\\/www.manabi.gob.ec\\\/#website\"},\"primaryImageOfPage\":{\"@id\":\"https:\\\/\\\/www.manabi.gob.ec\\\/index.php\\\/se-garantiza-el-transporte-de-material-para-obras-hasta-2021\\\/#primaryimage\"},\"image\":{\"@id\":\"https:\\\/\\\/www.manabi.gob.ec\\\/index.php\\\/se-garantiza-el-transporte-de-material-para-obras-hasta-2021\\\/#primaryimage\"},\"thumbnailUrl\":\"https:\\\/\\\/www.manabi.gob.ec\\\/wp-content\\\/uploads\\\/2019\\\/12\\\/Transporte-de-material-para-Manab\u00ed-4.jpeg\",\"datePublished\":\"2019-12-07T19:06:51+00:00\",\"author\":{\"@id\":\"https:\\\/\\\/www.manabi.gob.ec\\\/#\\\/schema\\\/person\\\/cfc71bd68fe2703b779edcc292a49722\"},\"breadcrumb\":{\"@id\":\"https:\\\/\\\/www.manabi.gob.ec\\\/index.php\\\/se-garantiza-el-transporte-de-material-para-obras-hasta-2021\\\/#breadcrumb\"},\"inLanguage\":\"es\",\"potentialAction\":[{\"@type\":\"ReadAction\",\"target\":[\"https:\\\/\\\/www.manabi.gob.ec\\\/index.php\\\/se-garantiza-el-transporte-de-material-para-obras-hasta-2021\\\/\"]}]},{\"@type\":\"ImageObject\",\"inLanguage\":\"es\",\"@id\":\"https:\\\/\\\/www.manabi.gob.ec\\\/index.php\\\/se-garantiza-el-transporte-de-material-para-obras-hasta-2021\\\/#primaryimage\",\"url\":\"https:\\\/\\\/www.manabi.gob.ec\\\/wp-content\\\/uploads\\\/2019\\\/12\\\/Transporte-de-material-para-Manab\u00ed-4.jpeg\",\"contentUrl\":\"https:\\\/\\\/www.manabi.gob.ec\\\/wp-content\\\/uploads\\\/2019\\\/12\\\/Transporte-de-material-para-Manab\u00ed-4.jpeg\",\"width\":1280,\"height\":853},{\"@type\":\"BreadcrumbList\",\"@id\":\"https:\\\/\\\/www.manabi.gob.ec\\\/index.php\\\/se-garantiza-el-transporte-de-material-para-obras-hasta-2021\\\/#breadcrumb\",\"itemListElement\":[{\"@type\":\"ListItem\",\"position\":1,\"name\":\"Portada\",\"item\":\"https:\\\/\\\/www.manabi.gob.ec\\\/\"},{\"@type\":\"ListItem\",\"position\":2,\"name\":\"Se garantiza el transporte de material para obras hasta 2021\"}]},{\"@type\":\"WebSite\",\"@id\":\"https:\\\/\\\/www.manabi.gob.ec\\\/#website\",\"url\":\"https:\\\/\\\/www.manabi.gob.ec\\\/\",\"name\":\"Prefectura de Manab\u00ed\",\"description\":\"P\u00e1gina web de la prefectura\",\"potentialAction\":[{\"@type\":\"SearchAction\",\"target\":{\"@type\":\"EntryPoint\",\"urlTemplate\":\"https:\\\/\\\/www.manabi.gob.ec\\\/?s={search_term_string}\"},\"query-input\":{\"@type\":\"PropertyValueSpecification\",\"valueRequired\":true,\"valueName\":\"search_term_string\"}}],\"inLanguage\":\"es\"},{\"@type\":\"Person\",\"@id\":\"https:\\\/\\\/www.manabi.gob.ec\\\/#\\\/schema\\\/person\\\/cfc71bd68fe2703b779edcc292a49722\",\"name\":\"admin\",\"image\":{\"@type\":\"ImageObject\",\"inLanguage\":\"es\",\"@id\":\"https:\\\/\\\/secure.gravatar.com\\\/avatar\\\/23e9f919492b0a2f65aa168e0d8c5c867ea853b61deffbadf08c7031e15b8d78?s=96&d=mm&r=g\",\"url\":\"https:\\\/\\\/secure.gravatar.com\\\/avatar\\\/23e9f919492b0a2f65aa168e0d8c5c867ea853b61deffbadf08c7031e15b8d78?s=96&d=mm&r=g\",\"contentUrl\":\"https:\\\/\\\/secure.gravatar.com\\\/avatar\\\/23e9f919492b0a2f65aa168e0d8c5c867ea853b61deffbadf08c7031e15b8d78?s=96&d=mm&r=g\",\"caption\":\"admin\"},\"sameAs\":[\"http:\\\/\\\/www.manabi.gob.ec\"],\"url\":\"https:\\\/\\\/www.manabi.gob.ec\\\/index.php\\\/author\\\/admin\\\/\"}]}<\/script>\n<!-- \/ Yoast SEO plugin. -->","yoast_head_json":{"title":"Se garantiza el transporte de material para obras hasta 2021 - Prefectura de Manab\u00ed","robots":{"index":"index","follow":"follow","max-snippet":"max-snippet:-1","max-image-preview":"max-image-preview:large","max-video-preview":"max-video-preview:-1"},"canonical":"https:\/\/www.manabi.gob.ec\/index.php\/se-garantiza-el-transporte-de-material-para-obras-hasta-2021\/","og_locale":"es_ES","og_type":"article","og_title":"Se garantiza el transporte de material para obras hasta 2021 - Prefectura de Manab\u00ed","og_description":"\u201cNi un solo cant\u00f3n, ni una sola parroquia se quedar\u00e1 fuera de nuestra visi\u00f3n de desarrollo y de las obras que vamos a realizar\u201d, con esas palabras el prefecto Leonardo Orlando cerr\u00f3 el evento en el que se entregaron las adjudicaciones que permitir\u00e1n invertir 13,6 millones de d\u00f3lares ($13\u2019 635.154.65) en la provincia. Este jueves [&hellip;]","og_url":"https:\/\/www.manabi.gob.ec\/index.php\/se-garantiza-el-transporte-de-material-para-obras-hasta-2021\/","og_site_name":"Prefectura de Manab\u00ed","article_published_time":"2019-12-07T19:06:51+00:00","og_image":[{"width":1280,"height":853,"url":"https:\/\/www.manabi.gob.ec\/wp-content\/uploads\/2019\/12\/Transporte-de-material-para-Manab\u00ed-4.jpeg","type":"image\/jpeg"}],"author":"admin","twitter_card":"summary_large_image","twitter_misc":{"Escrito por":"admin","Tiempo de lectura":"2 minutos"},"schema":{"@context":"https:\/\/schema.org","@graph":[{"@type":"Article","@id":"https:\/\/www.manabi.gob.ec\/index.php\/se-garantiza-el-transporte-de-material-para-obras-hasta-2021\/#article","isPartOf":{"@id":"https:\/\/www.manabi.gob.ec\/index.php\/se-garantiza-el-transporte-de-material-para-obras-hasta-2021\/"},"author":{"name":"admin","@id":"https:\/\/www.manabi.gob.ec\/#\/schema\/person\/cfc71bd68fe2703b779edcc292a49722"},"headline":"Se garantiza el transporte de material para obras hasta 2021","datePublished":"2019-12-07T19:06:51+00:00","mainEntityOfPage":{"@id":"https:\/\/www.manabi.gob.ec\/index.php\/se-garantiza-el-transporte-de-material-para-obras-hasta-2021\/"},"wordCount":507,"commentCount":0,"image":{"@id":"https:\/\/www.manabi.gob.ec\/index.php\/se-garantiza-el-transporte-de-material-para-obras-hasta-2021\/#primaryimage"},"thumbnailUrl":"https:\/\/www.manabi.gob.ec\/wp-content\/uploads\/2019\/12\/Transporte-de-material-para-Manab\u00ed-4.jpeg","articleSection":["Noticias","Todas"],"inLanguage":"es","potentialAction":[{"@type":"CommentAction","name":"Comment","target":["https:\/\/www.manabi.gob.ec\/index.php\/se-garantiza-el-transporte-de-material-para-obras-hasta-2021\/#respond"]}]},{"@type":"WebPage","@id":"https:\/\/www.manabi.gob.ec\/index.php\/se-garantiza-el-transporte-de-material-para-obras-hasta-2021\/","url":"https:\/\/www.manabi.gob.ec\/index.php\/se-garantiza-el-transporte-de-material-para-obras-hasta-2021\/","name":"Se garantiza el transporte de material para obras hasta 2021 - Prefectura de Manab\u00ed","isPartOf":{"@id":"https:\/\/www.manabi.gob.ec\/#website"},"primaryImageOfPage":{"@id":"https:\/\/www.manabi.gob.ec\/index.php\/se-garantiza-el-transporte-de-material-para-obras-hasta-2021\/#primaryimage"},"image":{"@id":"https:\/\/www.manabi.gob.ec\/index.php\/se-garantiza-el-transporte-de-material-para-obras-hasta-2021\/#primaryimage"},"thumbnailUrl":"https:\/\/www.manabi.gob.ec\/wp-content\/uploads\/2019\/12\/Transporte-de-material-para-Manab\u00ed-4.jpeg","datePublished":"2019-12-07T19:06:51+00:00","author":{"@id":"https:\/\/www.manabi.gob.ec\/#\/schema\/person\/cfc71bd68fe2703b779edcc292a49722"},"breadcrumb":{"@id":"https:\/\/www.manabi.gob.ec\/index.php\/se-garantiza-el-transporte-de-material-para-obras-hasta-2021\/#breadcrumb"},"inLanguage":"es","potentialAction":[{"@type":"ReadAction","target":["https:\/\/www.manabi.gob.ec\/index.php\/se-garantiza-el-transporte-de-material-para-obras-hasta-2021\/"]}]},{"@type":"ImageObject","inLanguage":"es","@id":"https:\/\/www.manabi.gob.ec\/index.php\/se-garantiza-el-transporte-de-material-para-obras-hasta-2021\/#primaryimage","url":"https:\/\/www.manabi.gob.ec\/wp-content\/uploads\/2019\/12\/Transporte-de-material-para-Manab\u00ed-4.jpeg","contentUrl":"https:\/\/www.manabi.gob.ec\/wp-content\/uploads\/2019\/12\/Transporte-de-material-para-Manab\u00ed-4.jpeg","width":1280,"height":853},{"@type":"BreadcrumbList","@id":"https:\/\/www.manabi.gob.ec\/index.php\/se-garantiza-el-transporte-de-material-para-obras-hasta-2021\/#breadcrumb","itemListElement":[{"@type":"ListItem","position":1,"name":"Portada","item":"https:\/\/www.manabi.gob.ec\/"},{"@type":"ListItem","position":2,"name":"Se garantiza el transporte de material para obras hasta 2021"}]},{"@type":"WebSite","@id":"https:\/\/www.manabi.gob.ec\/#website","url":"https:\/\/www.manabi.gob.ec\/","name":"Prefectura de Manab\u00ed","description":"P\u00e1gina web de la prefectura","potentialAction":[{"@type":"SearchAction","target":{"@type":"EntryPoint","urlTemplate":"https:\/\/www.manabi.gob.ec\/?s={search_term_string}"},"query-input":{"@type":"PropertyValueSpecification","valueRequired":true,"valueName":"search_term_string"}}],"inLanguage":"es"},{"@type":"Person","@id":"https:\/\/www.manabi.gob.ec\/#\/schema\/person\/cfc71bd68fe2703b779edcc292a49722","name":"admin","image":{"@type":"ImageObject","inLanguage":"es","@id":"https:\/\/secure.gravatar.com\/avatar\/23e9f919492b0a2f65aa168e0d8c5c867ea853b61deffbadf08c7031e15b8d78?s=96&d=mm&r=g","url":"https:\/\/secure.gravatar.com\/avatar\/23e9f919492b0a2f65aa168e0d8c5c867ea853b61deffbadf08c7031e15b8d78?s=96&d=mm&r=g","contentUrl":"https:\/\/secure.gravatar.com\/avatar\/23e9f919492b0a2f65aa168e0d8c5c867ea853b61deffbadf08c7031e15b8d78?s=96&d=mm&r=g","caption":"admin"},"sameAs":["http:\/\/www.manabi.gob.ec"],"url":"https:\/\/www.manabi.gob.ec\/index.php\/author\/admin\/"}]}},"jetpack_featured_media_url":"https:\/\/www.manabi.gob.ec\/wp-content\/uploads\/2019\/12\/Transporte-de-material-para-Manab\u00ed-4.jpeg","_links":{"self":[{"href":"https:\/\/www.manabi.gob.ec\/index.php\/wp-json\/wp\/v2\/posts\/13618","targetHints":{"allow":["GET"]}}],"collection":[{"href":"https:\/\/www.manabi.gob.ec\/index.php\/wp-json\/wp\/v2\/posts"}],"about":[{"href":"https:\/\/www.manabi.gob.ec\/index.php\/wp-json\/wp\/v2\/types\/post"}],"author":[{"embeddable":true,"href":"https:\/\/www.manabi.gob.ec\/index.php\/wp-json\/wp\/v2\/users\/1"}],"replies":[{"embeddable":true,"href":"https:\/\/www.manabi.gob.ec\/index.php\/wp-json\/wp\/v2\/comments?post=13618"}],"version-history":[{"count":0,"href":"https:\/\/www.manabi.gob.ec\/index.php\/wp-json\/wp\/v2\/posts\/13618\/revisions"}],"wp:featuredmedia":[{"embeddable":true,"href":"https:\/\/www.manabi.gob.ec\/index.php\/wp-json\/wp\/v2\/media\/13619"}],"wp:attachment":[{"href":"https:\/\/www.manabi.gob.ec\/index.php\/wp-json\/wp\/v2\/media?parent=13618"}],"wp:term":[{"taxonomy":"category","embeddable":true,"href":"https:\/\/www.manabi.gob.ec\/index.php\/wp-json\/wp\/v2\/categories?post=13618"},{"taxonomy":"post_tag","embeddable":true,"href":"https:\/\/www.manabi.gob.ec\/index.php\/wp-json\/wp\/v2\/tags?post=13618"}],"curies":[{"name":"wp","href":"https:\/\/api.w.org\/{rel}","templated":true}]}}