{"id":13635,"date":"2019-12-16T08:27:16","date_gmt":"2019-12-16T13:27:16","guid":{"rendered":"http:\/\/www.manabi.gob.ec\/?p=13635"},"modified":"2019-12-16T08:27:16","modified_gmt":"2019-12-16T13:27:16","slug":"autoridades-constatan-obras-en-la-via-manta-montecristi","status":"publish","type":"post","link":"https:\/\/www.manabi.gob.ec\/index.php\/autoridades-constatan-obras-en-la-via-manta-montecristi\/","title":{"rendered":"Autoridades constatan obras en la v\u00eda Manta &#8211; Montecristi"},"content":{"rendered":"<p style=\"text-align: justify;\">\u201cEsta es una arteria fundamental para el desarrollo industrial, econ\u00f3mico, productivo, y social de Montecristi y Manta\u201d, destac\u00f3 el prefecto Leonardo Orlando en el recorrido que realiz\u00f3 por los trabajos en la v\u00eda Manta &#8211; Montecristi.<\/p>\n<p style=\"text-align: justify;\">Lo hizo junto a los alcaldes de esos cantones, Agust\u00edn Intriago y Washington Arteaga, con cuyos municipios se ha entablado un convenio para la intervenci\u00f3n en el tramo desde la Y del ingreso a Manta hasta el redondel de La Tejedora en Colorado.<\/p>\n<p style=\"text-align: justify;\">\u00abEl trabajo conjunto da resultados. Hemos planteado los estudios de una rehabilitaci\u00f3n integral pero el se\u00f1or Prefecto no quiso esperar, conociendo la necesidad imperiosa que tenemos frente a la \u00e9poca lluviosa y el estado terrible de esta v\u00eda\u201d, resalt\u00f3 Agust\u00edn Intriago.<\/p>\n<p style=\"text-align: justify;\">\u201cEs una obra importante para la provincia por el intenso tr\u00e1fico que se registra a diario. Montecristi no tiene recursos para realizar este tipo de obras, gracias a la Prefectura se est\u00e1 haciendo realidad\u201d, destac\u00f3\u00a0 Washington Arteaga, alcalde de Montecristi.<\/p>\n<p style=\"text-align: justify;\">En la v\u00eda se realiza la intervenci\u00f3n mediante la empresa p\u00fablica Manab\u00ed Construye en un tramo de 3,6 kil\u00f3metros con la colocaci\u00f3n de aproximadamente 250 metros c\u00fabicos de mezcla asf\u00e1ltica en los puntos m\u00e1s cr\u00edticos.<\/p>\n<p style=\"text-align: justify;\">Importantes empresas y ciudadelas se encuentran a lo largo de esta v\u00eda que tambi\u00e9n sirve de acceso para el hospital del Instituto Ecuatoriano de Seguridad Social (IESS) de Manta.<\/p>\n","protected":false},"excerpt":{"rendered":"<p>\u201cEsta es una arteria fundamental para el desarrollo industrial, econ\u00f3mico, productivo, y social de Montecristi y Manta\u201d, destac\u00f3 el prefecto Leonardo Orlando en el recorrido que realiz\u00f3 por los trabajos en la v\u00eda Manta &#8211; Montecristi. Lo hizo junto a los alcaldes de esos cantones, Agust\u00edn Intriago y Washington Arteaga, con cuyos municipios se ha [&hellip;]<\/p>\n","protected":false},"author":1,"featured_media":13636,"comment_status":"open","ping_status":"open","sticky":false,"template":"","format":"standard","meta":{"_joinchat":[],"footnotes":""},"categories":[92,91],"tags":[],"class_list":["post-13635","post","type-post","status-publish","format-standard","has-post-thumbnail","hentry","category-noticias-manabi","category-todas"],"yoast_head":"<!-- This site is optimized with the Yoast SEO plugin v27.4 - https:\/\/yoast.com\/product\/yoast-seo-wordpress\/ -->\n<title>Autoridades constatan obras en la v\u00eda Manta - Montecristi - Prefectura de Manab\u00ed<\/title>\n<meta name=\"robots\" content=\"index, follow, max-snippet:-1, max-image-preview:large, max-video-preview:-1\" \/>\n<link rel=\"canonical\" href=\"https:\/\/www.manabi.gob.ec\/index.php\/autoridades-constatan-obras-en-la-via-manta-montecristi\/\" \/>\n<meta property=\"og:locale\" content=\"es_ES\" \/>\n<meta property=\"og:type\" content=\"article\" \/>\n<meta property=\"og:title\" content=\"Autoridades constatan obras en la v\u00eda Manta - Montecristi - Prefectura de Manab\u00ed\" \/>\n<meta property=\"og:description\" content=\"\u201cEsta es una arteria fundamental para el desarrollo industrial, econ\u00f3mico, productivo, y social de Montecristi y Manta\u201d, destac\u00f3 el prefecto Leonardo Orlando en el recorrido que realiz\u00f3 por los trabajos en la v\u00eda Manta &#8211; Montecristi. Lo hizo junto a los alcaldes de esos cantones, Agust\u00edn Intriago y Washington Arteaga, con cuyos municipios se ha [&hellip;]\" \/>\n<meta property=\"og:url\" content=\"https:\/\/www.manabi.gob.ec\/index.php\/autoridades-constatan-obras-en-la-via-manta-montecristi\/\" \/>\n<meta property=\"og:site_name\" content=\"Prefectura de Manab\u00ed\" \/>\n<meta property=\"article:published_time\" content=\"2019-12-16T13:27:16+00:00\" \/>\n<meta property=\"og:image\" content=\"https:\/\/www.manabi.gob.ec\/wp-content\/uploads\/2019\/12\/V\u00eda-Manta-Montecristi-obras-4.jpeg\" \/>\n\t<meta property=\"og:image:width\" content=\"1280\" \/>\n\t<meta property=\"og:image:height\" content=\"853\" \/>\n\t<meta property=\"og:image:type\" content=\"image\/jpeg\" \/>\n<meta name=\"author\" content=\"admin\" \/>\n<meta name=\"twitter:card\" content=\"summary_large_image\" \/>\n<meta name=\"twitter:label1\" content=\"Escrito por\" \/>\n\t<meta name=\"twitter:data1\" content=\"admin\" \/>\n\t<meta name=\"twitter:label2\" content=\"Tiempo de lectura\" \/>\n\t<meta name=\"twitter:data2\" content=\"1 minuto\" \/>\n<script type=\"application\/ld+json\" class=\"yoast-schema-graph\">{\"@context\":\"https:\\\/\\\/schema.org\",\"@graph\":[{\"@type\":\"Article\",\"@id\":\"https:\\\/\\\/www.manabi.gob.ec\\\/index.php\\\/autoridades-constatan-obras-en-la-via-manta-montecristi\\\/#article\",\"isPartOf\":{\"@id\":\"https:\\\/\\\/www.manabi.gob.ec\\\/index.php\\\/autoridades-constatan-obras-en-la-via-manta-montecristi\\\/\"},\"author\":{\"name\":\"admin\",\"@id\":\"https:\\\/\\\/www.manabi.gob.ec\\\/#\\\/schema\\\/person\\\/cfc71bd68fe2703b779edcc292a49722\"},\"headline\":\"Autoridades constatan obras en la v\u00eda Manta &#8211; Montecristi\",\"datePublished\":\"2019-12-16T13:27:16+00:00\",\"mainEntityOfPage\":{\"@id\":\"https:\\\/\\\/www.manabi.gob.ec\\\/index.php\\\/autoridades-constatan-obras-en-la-via-manta-montecristi\\\/\"},\"wordCount\":252,\"commentCount\":0,\"image\":{\"@id\":\"https:\\\/\\\/www.manabi.gob.ec\\\/index.php\\\/autoridades-constatan-obras-en-la-via-manta-montecristi\\\/#primaryimage\"},\"thumbnailUrl\":\"https:\\\/\\\/www.manabi.gob.ec\\\/wp-content\\\/uploads\\\/2019\\\/12\\\/V\u00eda-Manta-Montecristi-obras-4.jpeg\",\"articleSection\":[\"Noticias\",\"Todas\"],\"inLanguage\":\"es\",\"potentialAction\":[{\"@type\":\"CommentAction\",\"name\":\"Comment\",\"target\":[\"https:\\\/\\\/www.manabi.gob.ec\\\/index.php\\\/autoridades-constatan-obras-en-la-via-manta-montecristi\\\/#respond\"]}]},{\"@type\":\"WebPage\",\"@id\":\"https:\\\/\\\/www.manabi.gob.ec\\\/index.php\\\/autoridades-constatan-obras-en-la-via-manta-montecristi\\\/\",\"url\":\"https:\\\/\\\/www.manabi.gob.ec\\\/index.php\\\/autoridades-constatan-obras-en-la-via-manta-montecristi\\\/\",\"name\":\"Autoridades constatan obras en la v\u00eda Manta - Montecristi - Prefectura de Manab\u00ed\",\"isPartOf\":{\"@id\":\"https:\\\/\\\/www.manabi.gob.ec\\\/#website\"},\"primaryImageOfPage\":{\"@id\":\"https:\\\/\\\/www.manabi.gob.ec\\\/index.php\\\/autoridades-constatan-obras-en-la-via-manta-montecristi\\\/#primaryimage\"},\"image\":{\"@id\":\"https:\\\/\\\/www.manabi.gob.ec\\\/index.php\\\/autoridades-constatan-obras-en-la-via-manta-montecristi\\\/#primaryimage\"},\"thumbnailUrl\":\"https:\\\/\\\/www.manabi.gob.ec\\\/wp-content\\\/uploads\\\/2019\\\/12\\\/V\u00eda-Manta-Montecristi-obras-4.jpeg\",\"datePublished\":\"2019-12-16T13:27:16+00:00\",\"author\":{\"@id\":\"https:\\\/\\\/www.manabi.gob.ec\\\/#\\\/schema\\\/person\\\/cfc71bd68fe2703b779edcc292a49722\"},\"breadcrumb\":{\"@id\":\"https:\\\/\\\/www.manabi.gob.ec\\\/index.php\\\/autoridades-constatan-obras-en-la-via-manta-montecristi\\\/#breadcrumb\"},\"inLanguage\":\"es\",\"potentialAction\":[{\"@type\":\"ReadAction\",\"target\":[\"https:\\\/\\\/www.manabi.gob.ec\\\/index.php\\\/autoridades-constatan-obras-en-la-via-manta-montecristi\\\/\"]}]},{\"@type\":\"ImageObject\",\"inLanguage\":\"es\",\"@id\":\"https:\\\/\\\/www.manabi.gob.ec\\\/index.php\\\/autoridades-constatan-obras-en-la-via-manta-montecristi\\\/#primaryimage\",\"url\":\"https:\\\/\\\/www.manabi.gob.ec\\\/wp-content\\\/uploads\\\/2019\\\/12\\\/V\u00eda-Manta-Montecristi-obras-4.jpeg\",\"contentUrl\":\"https:\\\/\\\/www.manabi.gob.ec\\\/wp-content\\\/uploads\\\/2019\\\/12\\\/V\u00eda-Manta-Montecristi-obras-4.jpeg\",\"width\":1280,\"height\":853},{\"@type\":\"BreadcrumbList\",\"@id\":\"https:\\\/\\\/www.manabi.gob.ec\\\/index.php\\\/autoridades-constatan-obras-en-la-via-manta-montecristi\\\/#breadcrumb\",\"itemListElement\":[{\"@type\":\"ListItem\",\"position\":1,\"name\":\"Portada\",\"item\":\"https:\\\/\\\/www.manabi.gob.ec\\\/\"},{\"@type\":\"ListItem\",\"position\":2,\"name\":\"Autoridades constatan obras en la v\u00eda Manta &#8211; Montecristi\"}]},{\"@type\":\"WebSite\",\"@id\":\"https:\\\/\\\/www.manabi.gob.ec\\\/#website\",\"url\":\"https:\\\/\\\/www.manabi.gob.ec\\\/\",\"name\":\"Prefectura de Manab\u00ed\",\"description\":\"P\u00e1gina web de la prefectura\",\"potentialAction\":[{\"@type\":\"SearchAction\",\"target\":{\"@type\":\"EntryPoint\",\"urlTemplate\":\"https:\\\/\\\/www.manabi.gob.ec\\\/?s={search_term_string}\"},\"query-input\":{\"@type\":\"PropertyValueSpecification\",\"valueRequired\":true,\"valueName\":\"search_term_string\"}}],\"inLanguage\":\"es\"},{\"@type\":\"Person\",\"@id\":\"https:\\\/\\\/www.manabi.gob.ec\\\/#\\\/schema\\\/person\\\/cfc71bd68fe2703b779edcc292a49722\",\"name\":\"admin\",\"image\":{\"@type\":\"ImageObject\",\"inLanguage\":\"es\",\"@id\":\"https:\\\/\\\/secure.gravatar.com\\\/avatar\\\/23e9f919492b0a2f65aa168e0d8c5c867ea853b61deffbadf08c7031e15b8d78?s=96&d=mm&r=g\",\"url\":\"https:\\\/\\\/secure.gravatar.com\\\/avatar\\\/23e9f919492b0a2f65aa168e0d8c5c867ea853b61deffbadf08c7031e15b8d78?s=96&d=mm&r=g\",\"contentUrl\":\"https:\\\/\\\/secure.gravatar.com\\\/avatar\\\/23e9f919492b0a2f65aa168e0d8c5c867ea853b61deffbadf08c7031e15b8d78?s=96&d=mm&r=g\",\"caption\":\"admin\"},\"sameAs\":[\"http:\\\/\\\/www.manabi.gob.ec\"],\"url\":\"https:\\\/\\\/www.manabi.gob.ec\\\/index.php\\\/author\\\/admin\\\/\"}]}<\/script>\n<!-- \/ Yoast SEO plugin. -->","yoast_head_json":{"title":"Autoridades constatan obras en la v\u00eda Manta - Montecristi - Prefectura de Manab\u00ed","robots":{"index":"index","follow":"follow","max-snippet":"max-snippet:-1","max-image-preview":"max-image-preview:large","max-video-preview":"max-video-preview:-1"},"canonical":"https:\/\/www.manabi.gob.ec\/index.php\/autoridades-constatan-obras-en-la-via-manta-montecristi\/","og_locale":"es_ES","og_type":"article","og_title":"Autoridades constatan obras en la v\u00eda Manta - Montecristi - Prefectura de Manab\u00ed","og_description":"\u201cEsta es una arteria fundamental para el desarrollo industrial, econ\u00f3mico, productivo, y social de Montecristi y Manta\u201d, destac\u00f3 el prefecto Leonardo Orlando en el recorrido que realiz\u00f3 por los trabajos en la v\u00eda Manta &#8211; Montecristi. Lo hizo junto a los alcaldes de esos cantones, Agust\u00edn Intriago y Washington Arteaga, con cuyos municipios se ha [&hellip;]","og_url":"https:\/\/www.manabi.gob.ec\/index.php\/autoridades-constatan-obras-en-la-via-manta-montecristi\/","og_site_name":"Prefectura de Manab\u00ed","article_published_time":"2019-12-16T13:27:16+00:00","og_image":[{"width":1280,"height":853,"url":"https:\/\/www.manabi.gob.ec\/wp-content\/uploads\/2019\/12\/V\u00eda-Manta-Montecristi-obras-4.jpeg","type":"image\/jpeg"}],"author":"admin","twitter_card":"summary_large_image","twitter_misc":{"Escrito por":"admin","Tiempo de lectura":"1 minuto"},"schema":{"@context":"https:\/\/schema.org","@graph":[{"@type":"Article","@id":"https:\/\/www.manabi.gob.ec\/index.php\/autoridades-constatan-obras-en-la-via-manta-montecristi\/#article","isPartOf":{"@id":"https:\/\/www.manabi.gob.ec\/index.php\/autoridades-constatan-obras-en-la-via-manta-montecristi\/"},"author":{"name":"admin","@id":"https:\/\/www.manabi.gob.ec\/#\/schema\/person\/cfc71bd68fe2703b779edcc292a49722"},"headline":"Autoridades constatan obras en la v\u00eda Manta &#8211; Montecristi","datePublished":"2019-12-16T13:27:16+00:00","mainEntityOfPage":{"@id":"https:\/\/www.manabi.gob.ec\/index.php\/autoridades-constatan-obras-en-la-via-manta-montecristi\/"},"wordCount":252,"commentCount":0,"image":{"@id":"https:\/\/www.manabi.gob.ec\/index.php\/autoridades-constatan-obras-en-la-via-manta-montecristi\/#primaryimage"},"thumbnailUrl":"https:\/\/www.manabi.gob.ec\/wp-content\/uploads\/2019\/12\/V\u00eda-Manta-Montecristi-obras-4.jpeg","articleSection":["Noticias","Todas"],"inLanguage":"es","potentialAction":[{"@type":"CommentAction","name":"Comment","target":["https:\/\/www.manabi.gob.ec\/index.php\/autoridades-constatan-obras-en-la-via-manta-montecristi\/#respond"]}]},{"@type":"WebPage","@id":"https:\/\/www.manabi.gob.ec\/index.php\/autoridades-constatan-obras-en-la-via-manta-montecristi\/","url":"https:\/\/www.manabi.gob.ec\/index.php\/autoridades-constatan-obras-en-la-via-manta-montecristi\/","name":"Autoridades constatan obras en la v\u00eda Manta - Montecristi - Prefectura de Manab\u00ed","isPartOf":{"@id":"https:\/\/www.manabi.gob.ec\/#website"},"primaryImageOfPage":{"@id":"https:\/\/www.manabi.gob.ec\/index.php\/autoridades-constatan-obras-en-la-via-manta-montecristi\/#primaryimage"},"image":{"@id":"https:\/\/www.manabi.gob.ec\/index.php\/autoridades-constatan-obras-en-la-via-manta-montecristi\/#primaryimage"},"thumbnailUrl":"https:\/\/www.manabi.gob.ec\/wp-content\/uploads\/2019\/12\/V\u00eda-Manta-Montecristi-obras-4.jpeg","datePublished":"2019-12-16T13:27:16+00:00","author":{"@id":"https:\/\/www.manabi.gob.ec\/#\/schema\/person\/cfc71bd68fe2703b779edcc292a49722"},"breadcrumb":{"@id":"https:\/\/www.manabi.gob.ec\/index.php\/autoridades-constatan-obras-en-la-via-manta-montecristi\/#breadcrumb"},"inLanguage":"es","potentialAction":[{"@type":"ReadAction","target":["https:\/\/www.manabi.gob.ec\/index.php\/autoridades-constatan-obras-en-la-via-manta-montecristi\/"]}]},{"@type":"ImageObject","inLanguage":"es","@id":"https:\/\/www.manabi.gob.ec\/index.php\/autoridades-constatan-obras-en-la-via-manta-montecristi\/#primaryimage","url":"https:\/\/www.manabi.gob.ec\/wp-content\/uploads\/2019\/12\/V\u00eda-Manta-Montecristi-obras-4.jpeg","contentUrl":"https:\/\/www.manabi.gob.ec\/wp-content\/uploads\/2019\/12\/V\u00eda-Manta-Montecristi-obras-4.jpeg","width":1280,"height":853},{"@type":"BreadcrumbList","@id":"https:\/\/www.manabi.gob.ec\/index.php\/autoridades-constatan-obras-en-la-via-manta-montecristi\/#breadcrumb","itemListElement":[{"@type":"ListItem","position":1,"name":"Portada","item":"https:\/\/www.manabi.gob.ec\/"},{"@type":"ListItem","position":2,"name":"Autoridades constatan obras en la v\u00eda Manta &#8211; Montecristi"}]},{"@type":"WebSite","@id":"https:\/\/www.manabi.gob.ec\/#website","url":"https:\/\/www.manabi.gob.ec\/","name":"Prefectura de Manab\u00ed","description":"P\u00e1gina web de la prefectura","potentialAction":[{"@type":"SearchAction","target":{"@type":"EntryPoint","urlTemplate":"https:\/\/www.manabi.gob.ec\/?s={search_term_string}"},"query-input":{"@type":"PropertyValueSpecification","valueRequired":true,"valueName":"search_term_string"}}],"inLanguage":"es"},{"@type":"Person","@id":"https:\/\/www.manabi.gob.ec\/#\/schema\/person\/cfc71bd68fe2703b779edcc292a49722","name":"admin","image":{"@type":"ImageObject","inLanguage":"es","@id":"https:\/\/secure.gravatar.com\/avatar\/23e9f919492b0a2f65aa168e0d8c5c867ea853b61deffbadf08c7031e15b8d78?s=96&d=mm&r=g","url":"https:\/\/secure.gravatar.com\/avatar\/23e9f919492b0a2f65aa168e0d8c5c867ea853b61deffbadf08c7031e15b8d78?s=96&d=mm&r=g","contentUrl":"https:\/\/secure.gravatar.com\/avatar\/23e9f919492b0a2f65aa168e0d8c5c867ea853b61deffbadf08c7031e15b8d78?s=96&d=mm&r=g","caption":"admin"},"sameAs":["http:\/\/www.manabi.gob.ec"],"url":"https:\/\/www.manabi.gob.ec\/index.php\/author\/admin\/"}]}},"jetpack_featured_media_url":"https:\/\/www.manabi.gob.ec\/wp-content\/uploads\/2019\/12\/V\u00eda-Manta-Montecristi-obras-4.jpeg","_links":{"self":[{"href":"https:\/\/www.manabi.gob.ec\/index.php\/wp-json\/wp\/v2\/posts\/13635","targetHints":{"allow":["GET"]}}],"collection":[{"href":"https:\/\/www.manabi.gob.ec\/index.php\/wp-json\/wp\/v2\/posts"}],"about":[{"href":"https:\/\/www.manabi.gob.ec\/index.php\/wp-json\/wp\/v2\/types\/post"}],"author":[{"embeddable":true,"href":"https:\/\/www.manabi.gob.ec\/index.php\/wp-json\/wp\/v2\/users\/1"}],"replies":[{"embeddable":true,"href":"https:\/\/www.manabi.gob.ec\/index.php\/wp-json\/wp\/v2\/comments?post=13635"}],"version-history":[{"count":0,"href":"https:\/\/www.manabi.gob.ec\/index.php\/wp-json\/wp\/v2\/posts\/13635\/revisions"}],"wp:featuredmedia":[{"embeddable":true,"href":"https:\/\/www.manabi.gob.ec\/index.php\/wp-json\/wp\/v2\/media\/13636"}],"wp:attachment":[{"href":"https:\/\/www.manabi.gob.ec\/index.php\/wp-json\/wp\/v2\/media?parent=13635"}],"wp:term":[{"taxonomy":"category","embeddable":true,"href":"https:\/\/www.manabi.gob.ec\/index.php\/wp-json\/wp\/v2\/categories?post=13635"},{"taxonomy":"post_tag","embeddable":true,"href":"https:\/\/www.manabi.gob.ec\/index.php\/wp-json\/wp\/v2\/tags?post=13635"}],"curies":[{"name":"wp","href":"https:\/\/api.w.org\/{rel}","templated":true}]}}