{"id":13637,"date":"2019-12-16T08:31:53","date_gmt":"2019-12-16T13:31:53","guid":{"rendered":"http:\/\/www.manabi.gob.ec\/?p=13637"},"modified":"2019-12-16T08:31:53","modified_gmt":"2019-12-16T13:31:53","slug":"una-asociacion-pesquera-logra-su-vida-juridica-en-puerto-lopez","status":"publish","type":"post","link":"https:\/\/www.manabi.gob.ec\/index.php\/una-asociacion-pesquera-logra-su-vida-juridica-en-puerto-lopez\/","title":{"rendered":"Una asociaci\u00f3n pesquera logra su vida jur\u00eddica en Puerto L\u00f3pez"},"content":{"rendered":"<p style=\"text-align: justify;\">La Asociaci\u00f3n de Producci\u00f3n Pesquera \u201cFuente de Bendici\u00f3n\u201d ASOPROPESFUB, de Salango en Puerto L\u00f3pez, obtiene su vida jur\u00eddica y fortalece su labor productiva con el apoyo del Gobierno de Manab\u00ed.<\/p>\n<p style=\"text-align: justify;\">Esta organizaci\u00f3n de pesca artesanal, que tiene 22 socios, ha sido beneficiada con el asesoramiento y acompa\u00f1amiento de la entidad provincial quien fortalece la asociatividad productiva en la provincia.<\/p>\n<p style=\"text-align: justify;\">Desde la Prefectura se trabaja en el el apoyo a la creaci\u00f3n de nuevas organizaciones, fortalecimiento de su estructura, ingresos y salidas de socios, creaci\u00f3n y adecuaci\u00f3n de los reglamentos internos y reformas de estatutos, y m\u00e1s procesos.<\/p>\n<p style=\"text-align: justify;\">Al tener vida jur\u00eddica y procesos internos s\u00f3lidos, las organizaciones pueden acceder a programas y proyectos que ofrecen instituciones p\u00fablicas y privadas.<\/p>\n<p style=\"text-align: justify;\">Puerto L\u00f3pez cuenta con 11 organizaciones pesqueras legalmente constituidas y con la entrega formal de esta nueva organizaci\u00f3n pasar\u00edan a ser 12 en total.<\/p>\n<p style=\"text-align: justify;\">El acto se la entrega de la personer\u00eda jur\u00eddica a <strong>ASOPROPESFUB <\/strong>ser\u00e1 este <strong>jueves 12 de diciembre a las 11h00<\/strong> en el Coliseo Marcelino Soledispa, en la parroquia Salango, cant\u00f3n Puerto L\u00f3pez. El prefecto Leonardo Orlando y otras autoridades participar\u00e1n en el acto.<\/p>\n","protected":false},"excerpt":{"rendered":"<p>La Asociaci\u00f3n de Producci\u00f3n Pesquera \u201cFuente de Bendici\u00f3n\u201d ASOPROPESFUB, de Salango en Puerto L\u00f3pez, obtiene su vida jur\u00eddica y fortalece su labor productiva con el apoyo del Gobierno de Manab\u00ed. Esta organizaci\u00f3n de pesca artesanal, que tiene 22 socios, ha sido beneficiada con el asesoramiento y acompa\u00f1amiento de la entidad provincial quien fortalece la asociatividad [&hellip;]<\/p>\n","protected":false},"author":1,"featured_media":13638,"comment_status":"open","ping_status":"open","sticky":false,"template":"","format":"standard","meta":{"_joinchat":[],"footnotes":""},"categories":[92,91],"tags":[],"class_list":["post-13637","post","type-post","status-publish","format-standard","has-post-thumbnail","hentry","category-noticias-manabi","category-todas"],"yoast_head":"<!-- This site is optimized with the Yoast SEO plugin v27.4 - https:\/\/yoast.com\/product\/yoast-seo-wordpress\/ -->\n<title>Una asociaci\u00f3n pesquera logra su vida jur\u00eddica en Puerto L\u00f3pez - Prefectura de Manab\u00ed<\/title>\n<meta name=\"robots\" content=\"index, follow, max-snippet:-1, max-image-preview:large, max-video-preview:-1\" \/>\n<link rel=\"canonical\" href=\"https:\/\/www.manabi.gob.ec\/index.php\/una-asociacion-pesquera-logra-su-vida-juridica-en-puerto-lopez\/\" \/>\n<meta property=\"og:locale\" content=\"es_ES\" \/>\n<meta property=\"og:type\" content=\"article\" \/>\n<meta property=\"og:title\" content=\"Una asociaci\u00f3n pesquera logra su vida jur\u00eddica en Puerto L\u00f3pez - Prefectura de Manab\u00ed\" \/>\n<meta property=\"og:description\" content=\"La Asociaci\u00f3n de Producci\u00f3n Pesquera \u201cFuente de Bendici\u00f3n\u201d ASOPROPESFUB, de Salango en Puerto L\u00f3pez, obtiene su vida jur\u00eddica y fortalece su labor productiva con el apoyo del Gobierno de Manab\u00ed. Esta organizaci\u00f3n de pesca artesanal, que tiene 22 socios, ha sido beneficiada con el asesoramiento y acompa\u00f1amiento de la entidad provincial quien fortalece la asociatividad [&hellip;]\" \/>\n<meta property=\"og:url\" content=\"https:\/\/www.manabi.gob.ec\/index.php\/una-asociacion-pesquera-logra-su-vida-juridica-en-puerto-lopez\/\" \/>\n<meta property=\"og:site_name\" content=\"Prefectura de Manab\u00ed\" \/>\n<meta property=\"article:published_time\" content=\"2019-12-16T13:31:53+00:00\" \/>\n<meta property=\"og:image\" content=\"https:\/\/www.manabi.gob.ec\/wp-content\/uploads\/2019\/12\/a234a833-1e49-4480-8849-5846d2f3225e.jpg\" \/>\n\t<meta property=\"og:image:width\" content=\"1280\" \/>\n\t<meta property=\"og:image:height\" content=\"721\" \/>\n\t<meta property=\"og:image:type\" content=\"image\/jpeg\" \/>\n<meta name=\"author\" content=\"admin\" \/>\n<meta name=\"twitter:card\" content=\"summary_large_image\" \/>\n<meta name=\"twitter:label1\" content=\"Escrito por\" \/>\n\t<meta name=\"twitter:data1\" content=\"admin\" \/>\n\t<meta name=\"twitter:label2\" content=\"Tiempo de lectura\" \/>\n\t<meta name=\"twitter:data2\" content=\"1 minuto\" \/>\n<script type=\"application\/ld+json\" class=\"yoast-schema-graph\">{\"@context\":\"https:\\\/\\\/schema.org\",\"@graph\":[{\"@type\":\"Article\",\"@id\":\"https:\\\/\\\/www.manabi.gob.ec\\\/index.php\\\/una-asociacion-pesquera-logra-su-vida-juridica-en-puerto-lopez\\\/#article\",\"isPartOf\":{\"@id\":\"https:\\\/\\\/www.manabi.gob.ec\\\/index.php\\\/una-asociacion-pesquera-logra-su-vida-juridica-en-puerto-lopez\\\/\"},\"author\":{\"name\":\"admin\",\"@id\":\"https:\\\/\\\/www.manabi.gob.ec\\\/#\\\/schema\\\/person\\\/cfc71bd68fe2703b779edcc292a49722\"},\"headline\":\"Una asociaci\u00f3n pesquera logra su vida jur\u00eddica en Puerto L\u00f3pez\",\"datePublished\":\"2019-12-16T13:31:53+00:00\",\"mainEntityOfPage\":{\"@id\":\"https:\\\/\\\/www.manabi.gob.ec\\\/index.php\\\/una-asociacion-pesquera-logra-su-vida-juridica-en-puerto-lopez\\\/\"},\"wordCount\":217,\"commentCount\":0,\"image\":{\"@id\":\"https:\\\/\\\/www.manabi.gob.ec\\\/index.php\\\/una-asociacion-pesquera-logra-su-vida-juridica-en-puerto-lopez\\\/#primaryimage\"},\"thumbnailUrl\":\"https:\\\/\\\/www.manabi.gob.ec\\\/wp-content\\\/uploads\\\/2019\\\/12\\\/a234a833-1e49-4480-8849-5846d2f3225e.jpg\",\"articleSection\":[\"Noticias\",\"Todas\"],\"inLanguage\":\"es\",\"potentialAction\":[{\"@type\":\"CommentAction\",\"name\":\"Comment\",\"target\":[\"https:\\\/\\\/www.manabi.gob.ec\\\/index.php\\\/una-asociacion-pesquera-logra-su-vida-juridica-en-puerto-lopez\\\/#respond\"]}]},{\"@type\":\"WebPage\",\"@id\":\"https:\\\/\\\/www.manabi.gob.ec\\\/index.php\\\/una-asociacion-pesquera-logra-su-vida-juridica-en-puerto-lopez\\\/\",\"url\":\"https:\\\/\\\/www.manabi.gob.ec\\\/index.php\\\/una-asociacion-pesquera-logra-su-vida-juridica-en-puerto-lopez\\\/\",\"name\":\"Una asociaci\u00f3n pesquera logra su vida jur\u00eddica en Puerto L\u00f3pez - Prefectura de Manab\u00ed\",\"isPartOf\":{\"@id\":\"https:\\\/\\\/www.manabi.gob.ec\\\/#website\"},\"primaryImageOfPage\":{\"@id\":\"https:\\\/\\\/www.manabi.gob.ec\\\/index.php\\\/una-asociacion-pesquera-logra-su-vida-juridica-en-puerto-lopez\\\/#primaryimage\"},\"image\":{\"@id\":\"https:\\\/\\\/www.manabi.gob.ec\\\/index.php\\\/una-asociacion-pesquera-logra-su-vida-juridica-en-puerto-lopez\\\/#primaryimage\"},\"thumbnailUrl\":\"https:\\\/\\\/www.manabi.gob.ec\\\/wp-content\\\/uploads\\\/2019\\\/12\\\/a234a833-1e49-4480-8849-5846d2f3225e.jpg\",\"datePublished\":\"2019-12-16T13:31:53+00:00\",\"author\":{\"@id\":\"https:\\\/\\\/www.manabi.gob.ec\\\/#\\\/schema\\\/person\\\/cfc71bd68fe2703b779edcc292a49722\"},\"breadcrumb\":{\"@id\":\"https:\\\/\\\/www.manabi.gob.ec\\\/index.php\\\/una-asociacion-pesquera-logra-su-vida-juridica-en-puerto-lopez\\\/#breadcrumb\"},\"inLanguage\":\"es\",\"potentialAction\":[{\"@type\":\"ReadAction\",\"target\":[\"https:\\\/\\\/www.manabi.gob.ec\\\/index.php\\\/una-asociacion-pesquera-logra-su-vida-juridica-en-puerto-lopez\\\/\"]}]},{\"@type\":\"ImageObject\",\"inLanguage\":\"es\",\"@id\":\"https:\\\/\\\/www.manabi.gob.ec\\\/index.php\\\/una-asociacion-pesquera-logra-su-vida-juridica-en-puerto-lopez\\\/#primaryimage\",\"url\":\"https:\\\/\\\/www.manabi.gob.ec\\\/wp-content\\\/uploads\\\/2019\\\/12\\\/a234a833-1e49-4480-8849-5846d2f3225e.jpg\",\"contentUrl\":\"https:\\\/\\\/www.manabi.gob.ec\\\/wp-content\\\/uploads\\\/2019\\\/12\\\/a234a833-1e49-4480-8849-5846d2f3225e.jpg\",\"width\":1280,\"height\":721},{\"@type\":\"BreadcrumbList\",\"@id\":\"https:\\\/\\\/www.manabi.gob.ec\\\/index.php\\\/una-asociacion-pesquera-logra-su-vida-juridica-en-puerto-lopez\\\/#breadcrumb\",\"itemListElement\":[{\"@type\":\"ListItem\",\"position\":1,\"name\":\"Portada\",\"item\":\"https:\\\/\\\/www.manabi.gob.ec\\\/\"},{\"@type\":\"ListItem\",\"position\":2,\"name\":\"Una asociaci\u00f3n pesquera logra su vida jur\u00eddica en Puerto L\u00f3pez\"}]},{\"@type\":\"WebSite\",\"@id\":\"https:\\\/\\\/www.manabi.gob.ec\\\/#website\",\"url\":\"https:\\\/\\\/www.manabi.gob.ec\\\/\",\"name\":\"Prefectura de Manab\u00ed\",\"description\":\"P\u00e1gina web de la prefectura\",\"potentialAction\":[{\"@type\":\"SearchAction\",\"target\":{\"@type\":\"EntryPoint\",\"urlTemplate\":\"https:\\\/\\\/www.manabi.gob.ec\\\/?s={search_term_string}\"},\"query-input\":{\"@type\":\"PropertyValueSpecification\",\"valueRequired\":true,\"valueName\":\"search_term_string\"}}],\"inLanguage\":\"es\"},{\"@type\":\"Person\",\"@id\":\"https:\\\/\\\/www.manabi.gob.ec\\\/#\\\/schema\\\/person\\\/cfc71bd68fe2703b779edcc292a49722\",\"name\":\"admin\",\"image\":{\"@type\":\"ImageObject\",\"inLanguage\":\"es\",\"@id\":\"https:\\\/\\\/secure.gravatar.com\\\/avatar\\\/23e9f919492b0a2f65aa168e0d8c5c867ea853b61deffbadf08c7031e15b8d78?s=96&d=mm&r=g\",\"url\":\"https:\\\/\\\/secure.gravatar.com\\\/avatar\\\/23e9f919492b0a2f65aa168e0d8c5c867ea853b61deffbadf08c7031e15b8d78?s=96&d=mm&r=g\",\"contentUrl\":\"https:\\\/\\\/secure.gravatar.com\\\/avatar\\\/23e9f919492b0a2f65aa168e0d8c5c867ea853b61deffbadf08c7031e15b8d78?s=96&d=mm&r=g\",\"caption\":\"admin\"},\"sameAs\":[\"http:\\\/\\\/www.manabi.gob.ec\"],\"url\":\"https:\\\/\\\/www.manabi.gob.ec\\\/index.php\\\/author\\\/admin\\\/\"}]}<\/script>\n<!-- \/ Yoast SEO plugin. -->","yoast_head_json":{"title":"Una asociaci\u00f3n pesquera logra su vida jur\u00eddica en Puerto L\u00f3pez - Prefectura de Manab\u00ed","robots":{"index":"index","follow":"follow","max-snippet":"max-snippet:-1","max-image-preview":"max-image-preview:large","max-video-preview":"max-video-preview:-1"},"canonical":"https:\/\/www.manabi.gob.ec\/index.php\/una-asociacion-pesquera-logra-su-vida-juridica-en-puerto-lopez\/","og_locale":"es_ES","og_type":"article","og_title":"Una asociaci\u00f3n pesquera logra su vida jur\u00eddica en Puerto L\u00f3pez - Prefectura de Manab\u00ed","og_description":"La Asociaci\u00f3n de Producci\u00f3n Pesquera \u201cFuente de Bendici\u00f3n\u201d ASOPROPESFUB, de Salango en Puerto L\u00f3pez, obtiene su vida jur\u00eddica y fortalece su labor productiva con el apoyo del Gobierno de Manab\u00ed. Esta organizaci\u00f3n de pesca artesanal, que tiene 22 socios, ha sido beneficiada con el asesoramiento y acompa\u00f1amiento de la entidad provincial quien fortalece la asociatividad [&hellip;]","og_url":"https:\/\/www.manabi.gob.ec\/index.php\/una-asociacion-pesquera-logra-su-vida-juridica-en-puerto-lopez\/","og_site_name":"Prefectura de Manab\u00ed","article_published_time":"2019-12-16T13:31:53+00:00","og_image":[{"width":1280,"height":721,"url":"https:\/\/www.manabi.gob.ec\/wp-content\/uploads\/2019\/12\/a234a833-1e49-4480-8849-5846d2f3225e.jpg","type":"image\/jpeg"}],"author":"admin","twitter_card":"summary_large_image","twitter_misc":{"Escrito por":"admin","Tiempo de lectura":"1 minuto"},"schema":{"@context":"https:\/\/schema.org","@graph":[{"@type":"Article","@id":"https:\/\/www.manabi.gob.ec\/index.php\/una-asociacion-pesquera-logra-su-vida-juridica-en-puerto-lopez\/#article","isPartOf":{"@id":"https:\/\/www.manabi.gob.ec\/index.php\/una-asociacion-pesquera-logra-su-vida-juridica-en-puerto-lopez\/"},"author":{"name":"admin","@id":"https:\/\/www.manabi.gob.ec\/#\/schema\/person\/cfc71bd68fe2703b779edcc292a49722"},"headline":"Una asociaci\u00f3n pesquera logra su vida jur\u00eddica en Puerto L\u00f3pez","datePublished":"2019-12-16T13:31:53+00:00","mainEntityOfPage":{"@id":"https:\/\/www.manabi.gob.ec\/index.php\/una-asociacion-pesquera-logra-su-vida-juridica-en-puerto-lopez\/"},"wordCount":217,"commentCount":0,"image":{"@id":"https:\/\/www.manabi.gob.ec\/index.php\/una-asociacion-pesquera-logra-su-vida-juridica-en-puerto-lopez\/#primaryimage"},"thumbnailUrl":"https:\/\/www.manabi.gob.ec\/wp-content\/uploads\/2019\/12\/a234a833-1e49-4480-8849-5846d2f3225e.jpg","articleSection":["Noticias","Todas"],"inLanguage":"es","potentialAction":[{"@type":"CommentAction","name":"Comment","target":["https:\/\/www.manabi.gob.ec\/index.php\/una-asociacion-pesquera-logra-su-vida-juridica-en-puerto-lopez\/#respond"]}]},{"@type":"WebPage","@id":"https:\/\/www.manabi.gob.ec\/index.php\/una-asociacion-pesquera-logra-su-vida-juridica-en-puerto-lopez\/","url":"https:\/\/www.manabi.gob.ec\/index.php\/una-asociacion-pesquera-logra-su-vida-juridica-en-puerto-lopez\/","name":"Una asociaci\u00f3n pesquera logra su vida jur\u00eddica en Puerto L\u00f3pez - Prefectura de Manab\u00ed","isPartOf":{"@id":"https:\/\/www.manabi.gob.ec\/#website"},"primaryImageOfPage":{"@id":"https:\/\/www.manabi.gob.ec\/index.php\/una-asociacion-pesquera-logra-su-vida-juridica-en-puerto-lopez\/#primaryimage"},"image":{"@id":"https:\/\/www.manabi.gob.ec\/index.php\/una-asociacion-pesquera-logra-su-vida-juridica-en-puerto-lopez\/#primaryimage"},"thumbnailUrl":"https:\/\/www.manabi.gob.ec\/wp-content\/uploads\/2019\/12\/a234a833-1e49-4480-8849-5846d2f3225e.jpg","datePublished":"2019-12-16T13:31:53+00:00","author":{"@id":"https:\/\/www.manabi.gob.ec\/#\/schema\/person\/cfc71bd68fe2703b779edcc292a49722"},"breadcrumb":{"@id":"https:\/\/www.manabi.gob.ec\/index.php\/una-asociacion-pesquera-logra-su-vida-juridica-en-puerto-lopez\/#breadcrumb"},"inLanguage":"es","potentialAction":[{"@type":"ReadAction","target":["https:\/\/www.manabi.gob.ec\/index.php\/una-asociacion-pesquera-logra-su-vida-juridica-en-puerto-lopez\/"]}]},{"@type":"ImageObject","inLanguage":"es","@id":"https:\/\/www.manabi.gob.ec\/index.php\/una-asociacion-pesquera-logra-su-vida-juridica-en-puerto-lopez\/#primaryimage","url":"https:\/\/www.manabi.gob.ec\/wp-content\/uploads\/2019\/12\/a234a833-1e49-4480-8849-5846d2f3225e.jpg","contentUrl":"https:\/\/www.manabi.gob.ec\/wp-content\/uploads\/2019\/12\/a234a833-1e49-4480-8849-5846d2f3225e.jpg","width":1280,"height":721},{"@type":"BreadcrumbList","@id":"https:\/\/www.manabi.gob.ec\/index.php\/una-asociacion-pesquera-logra-su-vida-juridica-en-puerto-lopez\/#breadcrumb","itemListElement":[{"@type":"ListItem","position":1,"name":"Portada","item":"https:\/\/www.manabi.gob.ec\/"},{"@type":"ListItem","position":2,"name":"Una asociaci\u00f3n pesquera logra su vida jur\u00eddica en Puerto L\u00f3pez"}]},{"@type":"WebSite","@id":"https:\/\/www.manabi.gob.ec\/#website","url":"https:\/\/www.manabi.gob.ec\/","name":"Prefectura de Manab\u00ed","description":"P\u00e1gina web de la prefectura","potentialAction":[{"@type":"SearchAction","target":{"@type":"EntryPoint","urlTemplate":"https:\/\/www.manabi.gob.ec\/?s={search_term_string}"},"query-input":{"@type":"PropertyValueSpecification","valueRequired":true,"valueName":"search_term_string"}}],"inLanguage":"es"},{"@type":"Person","@id":"https:\/\/www.manabi.gob.ec\/#\/schema\/person\/cfc71bd68fe2703b779edcc292a49722","name":"admin","image":{"@type":"ImageObject","inLanguage":"es","@id":"https:\/\/secure.gravatar.com\/avatar\/23e9f919492b0a2f65aa168e0d8c5c867ea853b61deffbadf08c7031e15b8d78?s=96&d=mm&r=g","url":"https:\/\/secure.gravatar.com\/avatar\/23e9f919492b0a2f65aa168e0d8c5c867ea853b61deffbadf08c7031e15b8d78?s=96&d=mm&r=g","contentUrl":"https:\/\/secure.gravatar.com\/avatar\/23e9f919492b0a2f65aa168e0d8c5c867ea853b61deffbadf08c7031e15b8d78?s=96&d=mm&r=g","caption":"admin"},"sameAs":["http:\/\/www.manabi.gob.ec"],"url":"https:\/\/www.manabi.gob.ec\/index.php\/author\/admin\/"}]}},"jetpack_featured_media_url":"https:\/\/www.manabi.gob.ec\/wp-content\/uploads\/2019\/12\/a234a833-1e49-4480-8849-5846d2f3225e.jpg","_links":{"self":[{"href":"https:\/\/www.manabi.gob.ec\/index.php\/wp-json\/wp\/v2\/posts\/13637","targetHints":{"allow":["GET"]}}],"collection":[{"href":"https:\/\/www.manabi.gob.ec\/index.php\/wp-json\/wp\/v2\/posts"}],"about":[{"href":"https:\/\/www.manabi.gob.ec\/index.php\/wp-json\/wp\/v2\/types\/post"}],"author":[{"embeddable":true,"href":"https:\/\/www.manabi.gob.ec\/index.php\/wp-json\/wp\/v2\/users\/1"}],"replies":[{"embeddable":true,"href":"https:\/\/www.manabi.gob.ec\/index.php\/wp-json\/wp\/v2\/comments?post=13637"}],"version-history":[{"count":0,"href":"https:\/\/www.manabi.gob.ec\/index.php\/wp-json\/wp\/v2\/posts\/13637\/revisions"}],"wp:featuredmedia":[{"embeddable":true,"href":"https:\/\/www.manabi.gob.ec\/index.php\/wp-json\/wp\/v2\/media\/13638"}],"wp:attachment":[{"href":"https:\/\/www.manabi.gob.ec\/index.php\/wp-json\/wp\/v2\/media?parent=13637"}],"wp:term":[{"taxonomy":"category","embeddable":true,"href":"https:\/\/www.manabi.gob.ec\/index.php\/wp-json\/wp\/v2\/categories?post=13637"},{"taxonomy":"post_tag","embeddable":true,"href":"https:\/\/www.manabi.gob.ec\/index.php\/wp-json\/wp\/v2\/tags?post=13637"}],"curies":[{"name":"wp","href":"https:\/\/api.w.org\/{rel}","templated":true}]}}