{"id":13662,"date":"2020-01-06T12:32:24","date_gmt":"2020-01-06T17:32:24","guid":{"rendered":"http:\/\/www.manabi.gob.ec\/?p=13662"},"modified":"2020-01-06T12:32:24","modified_gmt":"2020-01-06T17:32:24","slug":"1-268-familias-recibiran-kits-para-sembrar-maiz","status":"publish","type":"post","link":"https:\/\/www.manabi.gob.ec\/index.php\/1-268-familias-recibiran-kits-para-sembrar-maiz\/","title":{"rendered":"1.268 familias recibir\u00e1n kits para sembrar ma\u00edz"},"content":{"rendered":"<p style=\"text-align: justify;\">La empresa p\u00fablica Manab\u00ed Produce del Gobierno de Manab\u00ed realiza la entrega de 1.268 kits de semillas de ma\u00edz amarillo para familias pertenecientes a asociaciones productivas.<\/p>\n<p style=\"text-align: justify;\">Con esta iniciativa se sembrar\u00e1n 76 millones 80 mil semillas en aproximadamente 2.857 hect\u00e1reas distribuidas en 10 cantones: Portoviejo, Jama, Sucre, Tosagua, Rocafuerte, Pichincha, Paj\u00e1n, Jipijapa, Santa Ana, y Montecristi.<\/p>\n<p style=\"text-align: justify;\">El evento simb\u00f3lico de la entrega se realizar\u00e1 este viernes 3 de enero a las 10h00, en El Flor\u00f3n 5 de Portoviejo, all\u00ed recibir\u00e1n los insumos la Asociaci\u00f3n de Producci\u00f3n Agropecuaria del Flor\u00f3n, el Club Social Cultural \u201c9 de Octubre\u201d del Naranjo de Col\u00f3n, la comunidad Maconta de Calder\u00f3n, y la Asociaci\u00f3n Ruta del Choclo. Todos ellos recibir\u00e1n 26 millones 100 mil semillas, beneficiando a 163 familias de Portoviejo.<\/p>\n<p style=\"text-align: justify;\">Desde la semana pasada se han entregado estas ayudas a las parroquias \u00c1ngel Pedro Giler (La Estancilla) de Tosagua, Barraganete (Pichincha), Cascol y Campozano de (Paj\u00e1n), San Isidro (Sucre), y La Pila (Montecristi).<\/p>\n<p style=\"text-align: justify;\">Tambi\u00e9n se realiz\u00f3 la entrega a las asociaciones productivas de las comunidades: Bigua, Mocora y Rambuche del cant\u00f3n Jama; Danzar\u00edn, Ojo de Agua y Tierra Bonita de Rocafuerte; El Junco y Buena Esperanza de Tosagua.<\/p>\n<p>&nbsp;<\/p>\n","protected":false},"excerpt":{"rendered":"<p>La empresa p\u00fablica Manab\u00ed Produce del Gobierno de Manab\u00ed realiza la entrega de 1.268 kits de semillas de ma\u00edz amarillo para familias pertenecientes a asociaciones productivas. Con esta iniciativa se sembrar\u00e1n 76 millones 80 mil semillas en aproximadamente 2.857 hect\u00e1reas distribuidas en 10 cantones: Portoviejo, Jama, Sucre, Tosagua, Rocafuerte, Pichincha, Paj\u00e1n, Jipijapa, Santa Ana, y [&hellip;]<\/p>\n","protected":false},"author":1,"featured_media":13663,"comment_status":"open","ping_status":"open","sticky":false,"template":"","format":"standard","meta":{"_joinchat":[],"footnotes":""},"categories":[92,91],"tags":[],"class_list":["post-13662","post","type-post","status-publish","format-standard","has-post-thumbnail","hentry","category-noticias-manabi","category-todas"],"yoast_head":"<!-- This site is optimized with the Yoast SEO plugin v27.4 - https:\/\/yoast.com\/product\/yoast-seo-wordpress\/ -->\n<title>1.268 familias recibir\u00e1n kits para sembrar ma\u00edz - Prefectura de Manab\u00ed<\/title>\n<meta name=\"robots\" content=\"index, follow, max-snippet:-1, max-image-preview:large, max-video-preview:-1\" \/>\n<link rel=\"canonical\" href=\"https:\/\/www.manabi.gob.ec\/index.php\/1-268-familias-recibiran-kits-para-sembrar-maiz\/\" \/>\n<meta property=\"og:locale\" content=\"es_ES\" \/>\n<meta property=\"og:type\" content=\"article\" \/>\n<meta property=\"og:title\" content=\"1.268 familias recibir\u00e1n kits para sembrar ma\u00edz - Prefectura de Manab\u00ed\" \/>\n<meta property=\"og:description\" content=\"La empresa p\u00fablica Manab\u00ed Produce del Gobierno de Manab\u00ed realiza la entrega de 1.268 kits de semillas de ma\u00edz amarillo para familias pertenecientes a asociaciones productivas. Con esta iniciativa se sembrar\u00e1n 76 millones 80 mil semillas en aproximadamente 2.857 hect\u00e1reas distribuidas en 10 cantones: Portoviejo, Jama, Sucre, Tosagua, Rocafuerte, Pichincha, Paj\u00e1n, Jipijapa, Santa Ana, y [&hellip;]\" \/>\n<meta property=\"og:url\" content=\"https:\/\/www.manabi.gob.ec\/index.php\/1-268-familias-recibiran-kits-para-sembrar-maiz\/\" \/>\n<meta property=\"og:site_name\" content=\"Prefectura de Manab\u00ed\" \/>\n<meta property=\"article:published_time\" content=\"2020-01-06T17:32:24+00:00\" \/>\n<meta name=\"author\" content=\"admin\" \/>\n<meta name=\"twitter:card\" content=\"summary_large_image\" \/>\n<meta name=\"twitter:label1\" content=\"Escrito por\" \/>\n\t<meta name=\"twitter:data1\" content=\"admin\" \/>\n\t<meta name=\"twitter:label2\" content=\"Tiempo de lectura\" \/>\n\t<meta name=\"twitter:data2\" content=\"1 minuto\" \/>\n<script type=\"application\/ld+json\" class=\"yoast-schema-graph\">{\"@context\":\"https:\\\/\\\/schema.org\",\"@graph\":[{\"@type\":\"Article\",\"@id\":\"https:\\\/\\\/www.manabi.gob.ec\\\/index.php\\\/1-268-familias-recibiran-kits-para-sembrar-maiz\\\/#article\",\"isPartOf\":{\"@id\":\"https:\\\/\\\/www.manabi.gob.ec\\\/index.php\\\/1-268-familias-recibiran-kits-para-sembrar-maiz\\\/\"},\"author\":{\"name\":\"admin\",\"@id\":\"https:\\\/\\\/www.manabi.gob.ec\\\/#\\\/schema\\\/person\\\/cfc71bd68fe2703b779edcc292a49722\"},\"headline\":\"1.268 familias recibir\u00e1n kits para sembrar ma\u00edz\",\"datePublished\":\"2020-01-06T17:32:24+00:00\",\"mainEntityOfPage\":{\"@id\":\"https:\\\/\\\/www.manabi.gob.ec\\\/index.php\\\/1-268-familias-recibiran-kits-para-sembrar-maiz\\\/\"},\"wordCount\":210,\"commentCount\":0,\"image\":{\"@id\":\"https:\\\/\\\/www.manabi.gob.ec\\\/index.php\\\/1-268-familias-recibiran-kits-para-sembrar-maiz\\\/#primaryimage\"},\"thumbnailUrl\":\"\",\"articleSection\":[\"Noticias\",\"Todas\"],\"inLanguage\":\"es\",\"potentialAction\":[{\"@type\":\"CommentAction\",\"name\":\"Comment\",\"target\":[\"https:\\\/\\\/www.manabi.gob.ec\\\/index.php\\\/1-268-familias-recibiran-kits-para-sembrar-maiz\\\/#respond\"]}]},{\"@type\":\"WebPage\",\"@id\":\"https:\\\/\\\/www.manabi.gob.ec\\\/index.php\\\/1-268-familias-recibiran-kits-para-sembrar-maiz\\\/\",\"url\":\"https:\\\/\\\/www.manabi.gob.ec\\\/index.php\\\/1-268-familias-recibiran-kits-para-sembrar-maiz\\\/\",\"name\":\"1.268 familias recibir\u00e1n kits para sembrar ma\u00edz - Prefectura de Manab\u00ed\",\"isPartOf\":{\"@id\":\"https:\\\/\\\/www.manabi.gob.ec\\\/#website\"},\"primaryImageOfPage\":{\"@id\":\"https:\\\/\\\/www.manabi.gob.ec\\\/index.php\\\/1-268-familias-recibiran-kits-para-sembrar-maiz\\\/#primaryimage\"},\"image\":{\"@id\":\"https:\\\/\\\/www.manabi.gob.ec\\\/index.php\\\/1-268-familias-recibiran-kits-para-sembrar-maiz\\\/#primaryimage\"},\"thumbnailUrl\":\"\",\"datePublished\":\"2020-01-06T17:32:24+00:00\",\"author\":{\"@id\":\"https:\\\/\\\/www.manabi.gob.ec\\\/#\\\/schema\\\/person\\\/cfc71bd68fe2703b779edcc292a49722\"},\"breadcrumb\":{\"@id\":\"https:\\\/\\\/www.manabi.gob.ec\\\/index.php\\\/1-268-familias-recibiran-kits-para-sembrar-maiz\\\/#breadcrumb\"},\"inLanguage\":\"es\",\"potentialAction\":[{\"@type\":\"ReadAction\",\"target\":[\"https:\\\/\\\/www.manabi.gob.ec\\\/index.php\\\/1-268-familias-recibiran-kits-para-sembrar-maiz\\\/\"]}]},{\"@type\":\"ImageObject\",\"inLanguage\":\"es\",\"@id\":\"https:\\\/\\\/www.manabi.gob.ec\\\/index.php\\\/1-268-familias-recibiran-kits-para-sembrar-maiz\\\/#primaryimage\",\"url\":\"\",\"contentUrl\":\"\"},{\"@type\":\"BreadcrumbList\",\"@id\":\"https:\\\/\\\/www.manabi.gob.ec\\\/index.php\\\/1-268-familias-recibiran-kits-para-sembrar-maiz\\\/#breadcrumb\",\"itemListElement\":[{\"@type\":\"ListItem\",\"position\":1,\"name\":\"Portada\",\"item\":\"https:\\\/\\\/www.manabi.gob.ec\\\/\"},{\"@type\":\"ListItem\",\"position\":2,\"name\":\"1.268 familias recibir\u00e1n kits para sembrar ma\u00edz\"}]},{\"@type\":\"WebSite\",\"@id\":\"https:\\\/\\\/www.manabi.gob.ec\\\/#website\",\"url\":\"https:\\\/\\\/www.manabi.gob.ec\\\/\",\"name\":\"Prefectura de Manab\u00ed\",\"description\":\"P\u00e1gina web de la prefectura\",\"potentialAction\":[{\"@type\":\"SearchAction\",\"target\":{\"@type\":\"EntryPoint\",\"urlTemplate\":\"https:\\\/\\\/www.manabi.gob.ec\\\/?s={search_term_string}\"},\"query-input\":{\"@type\":\"PropertyValueSpecification\",\"valueRequired\":true,\"valueName\":\"search_term_string\"}}],\"inLanguage\":\"es\"},{\"@type\":\"Person\",\"@id\":\"https:\\\/\\\/www.manabi.gob.ec\\\/#\\\/schema\\\/person\\\/cfc71bd68fe2703b779edcc292a49722\",\"name\":\"admin\",\"image\":{\"@type\":\"ImageObject\",\"inLanguage\":\"es\",\"@id\":\"https:\\\/\\\/secure.gravatar.com\\\/avatar\\\/23e9f919492b0a2f65aa168e0d8c5c867ea853b61deffbadf08c7031e15b8d78?s=96&d=mm&r=g\",\"url\":\"https:\\\/\\\/secure.gravatar.com\\\/avatar\\\/23e9f919492b0a2f65aa168e0d8c5c867ea853b61deffbadf08c7031e15b8d78?s=96&d=mm&r=g\",\"contentUrl\":\"https:\\\/\\\/secure.gravatar.com\\\/avatar\\\/23e9f919492b0a2f65aa168e0d8c5c867ea853b61deffbadf08c7031e15b8d78?s=96&d=mm&r=g\",\"caption\":\"admin\"},\"sameAs\":[\"http:\\\/\\\/www.manabi.gob.ec\"],\"url\":\"https:\\\/\\\/www.manabi.gob.ec\\\/index.php\\\/author\\\/admin\\\/\"}]}<\/script>\n<!-- \/ Yoast SEO plugin. -->","yoast_head_json":{"title":"1.268 familias recibir\u00e1n kits para sembrar ma\u00edz - Prefectura de Manab\u00ed","robots":{"index":"index","follow":"follow","max-snippet":"max-snippet:-1","max-image-preview":"max-image-preview:large","max-video-preview":"max-video-preview:-1"},"canonical":"https:\/\/www.manabi.gob.ec\/index.php\/1-268-familias-recibiran-kits-para-sembrar-maiz\/","og_locale":"es_ES","og_type":"article","og_title":"1.268 familias recibir\u00e1n kits para sembrar ma\u00edz - Prefectura de Manab\u00ed","og_description":"La empresa p\u00fablica Manab\u00ed Produce del Gobierno de Manab\u00ed realiza la entrega de 1.268 kits de semillas de ma\u00edz amarillo para familias pertenecientes a asociaciones productivas. Con esta iniciativa se sembrar\u00e1n 76 millones 80 mil semillas en aproximadamente 2.857 hect\u00e1reas distribuidas en 10 cantones: Portoviejo, Jama, Sucre, Tosagua, Rocafuerte, Pichincha, Paj\u00e1n, Jipijapa, Santa Ana, y [&hellip;]","og_url":"https:\/\/www.manabi.gob.ec\/index.php\/1-268-familias-recibiran-kits-para-sembrar-maiz\/","og_site_name":"Prefectura de Manab\u00ed","article_published_time":"2020-01-06T17:32:24+00:00","author":"admin","twitter_card":"summary_large_image","twitter_misc":{"Escrito por":"admin","Tiempo de lectura":"1 minuto"},"schema":{"@context":"https:\/\/schema.org","@graph":[{"@type":"Article","@id":"https:\/\/www.manabi.gob.ec\/index.php\/1-268-familias-recibiran-kits-para-sembrar-maiz\/#article","isPartOf":{"@id":"https:\/\/www.manabi.gob.ec\/index.php\/1-268-familias-recibiran-kits-para-sembrar-maiz\/"},"author":{"name":"admin","@id":"https:\/\/www.manabi.gob.ec\/#\/schema\/person\/cfc71bd68fe2703b779edcc292a49722"},"headline":"1.268 familias recibir\u00e1n kits para sembrar ma\u00edz","datePublished":"2020-01-06T17:32:24+00:00","mainEntityOfPage":{"@id":"https:\/\/www.manabi.gob.ec\/index.php\/1-268-familias-recibiran-kits-para-sembrar-maiz\/"},"wordCount":210,"commentCount":0,"image":{"@id":"https:\/\/www.manabi.gob.ec\/index.php\/1-268-familias-recibiran-kits-para-sembrar-maiz\/#primaryimage"},"thumbnailUrl":"","articleSection":["Noticias","Todas"],"inLanguage":"es","potentialAction":[{"@type":"CommentAction","name":"Comment","target":["https:\/\/www.manabi.gob.ec\/index.php\/1-268-familias-recibiran-kits-para-sembrar-maiz\/#respond"]}]},{"@type":"WebPage","@id":"https:\/\/www.manabi.gob.ec\/index.php\/1-268-familias-recibiran-kits-para-sembrar-maiz\/","url":"https:\/\/www.manabi.gob.ec\/index.php\/1-268-familias-recibiran-kits-para-sembrar-maiz\/","name":"1.268 familias recibir\u00e1n kits para sembrar ma\u00edz - Prefectura de Manab\u00ed","isPartOf":{"@id":"https:\/\/www.manabi.gob.ec\/#website"},"primaryImageOfPage":{"@id":"https:\/\/www.manabi.gob.ec\/index.php\/1-268-familias-recibiran-kits-para-sembrar-maiz\/#primaryimage"},"image":{"@id":"https:\/\/www.manabi.gob.ec\/index.php\/1-268-familias-recibiran-kits-para-sembrar-maiz\/#primaryimage"},"thumbnailUrl":"","datePublished":"2020-01-06T17:32:24+00:00","author":{"@id":"https:\/\/www.manabi.gob.ec\/#\/schema\/person\/cfc71bd68fe2703b779edcc292a49722"},"breadcrumb":{"@id":"https:\/\/www.manabi.gob.ec\/index.php\/1-268-familias-recibiran-kits-para-sembrar-maiz\/#breadcrumb"},"inLanguage":"es","potentialAction":[{"@type":"ReadAction","target":["https:\/\/www.manabi.gob.ec\/index.php\/1-268-familias-recibiran-kits-para-sembrar-maiz\/"]}]},{"@type":"ImageObject","inLanguage":"es","@id":"https:\/\/www.manabi.gob.ec\/index.php\/1-268-familias-recibiran-kits-para-sembrar-maiz\/#primaryimage","url":"","contentUrl":""},{"@type":"BreadcrumbList","@id":"https:\/\/www.manabi.gob.ec\/index.php\/1-268-familias-recibiran-kits-para-sembrar-maiz\/#breadcrumb","itemListElement":[{"@type":"ListItem","position":1,"name":"Portada","item":"https:\/\/www.manabi.gob.ec\/"},{"@type":"ListItem","position":2,"name":"1.268 familias recibir\u00e1n kits para sembrar ma\u00edz"}]},{"@type":"WebSite","@id":"https:\/\/www.manabi.gob.ec\/#website","url":"https:\/\/www.manabi.gob.ec\/","name":"Prefectura de Manab\u00ed","description":"P\u00e1gina web de la prefectura","potentialAction":[{"@type":"SearchAction","target":{"@type":"EntryPoint","urlTemplate":"https:\/\/www.manabi.gob.ec\/?s={search_term_string}"},"query-input":{"@type":"PropertyValueSpecification","valueRequired":true,"valueName":"search_term_string"}}],"inLanguage":"es"},{"@type":"Person","@id":"https:\/\/www.manabi.gob.ec\/#\/schema\/person\/cfc71bd68fe2703b779edcc292a49722","name":"admin","image":{"@type":"ImageObject","inLanguage":"es","@id":"https:\/\/secure.gravatar.com\/avatar\/23e9f919492b0a2f65aa168e0d8c5c867ea853b61deffbadf08c7031e15b8d78?s=96&d=mm&r=g","url":"https:\/\/secure.gravatar.com\/avatar\/23e9f919492b0a2f65aa168e0d8c5c867ea853b61deffbadf08c7031e15b8d78?s=96&d=mm&r=g","contentUrl":"https:\/\/secure.gravatar.com\/avatar\/23e9f919492b0a2f65aa168e0d8c5c867ea853b61deffbadf08c7031e15b8d78?s=96&d=mm&r=g","caption":"admin"},"sameAs":["http:\/\/www.manabi.gob.ec"],"url":"https:\/\/www.manabi.gob.ec\/index.php\/author\/admin\/"}]}},"jetpack_featured_media_url":"","_links":{"self":[{"href":"https:\/\/www.manabi.gob.ec\/index.php\/wp-json\/wp\/v2\/posts\/13662","targetHints":{"allow":["GET"]}}],"collection":[{"href":"https:\/\/www.manabi.gob.ec\/index.php\/wp-json\/wp\/v2\/posts"}],"about":[{"href":"https:\/\/www.manabi.gob.ec\/index.php\/wp-json\/wp\/v2\/types\/post"}],"author":[{"embeddable":true,"href":"https:\/\/www.manabi.gob.ec\/index.php\/wp-json\/wp\/v2\/users\/1"}],"replies":[{"embeddable":true,"href":"https:\/\/www.manabi.gob.ec\/index.php\/wp-json\/wp\/v2\/comments?post=13662"}],"version-history":[{"count":0,"href":"https:\/\/www.manabi.gob.ec\/index.php\/wp-json\/wp\/v2\/posts\/13662\/revisions"}],"wp:featuredmedia":[{"embeddable":true,"href":"https:\/\/www.manabi.gob.ec\/index.php\/wp-json\/"}],"wp:attachment":[{"href":"https:\/\/www.manabi.gob.ec\/index.php\/wp-json\/wp\/v2\/media?parent=13662"}],"wp:term":[{"taxonomy":"category","embeddable":true,"href":"https:\/\/www.manabi.gob.ec\/index.php\/wp-json\/wp\/v2\/categories?post=13662"},{"taxonomy":"post_tag","embeddable":true,"href":"https:\/\/www.manabi.gob.ec\/index.php\/wp-json\/wp\/v2\/tags?post=13662"}],"curies":[{"name":"wp","href":"https:\/\/api.w.org\/{rel}","templated":true}]}}